{"id":14303,"date":"2025-09-29T21:14:33","date_gmt":"2025-09-29T19:14:33","guid":{"rendered":"https:\/\/veritasinfo.org\/?p=14303"},"modified":"2025-09-29T21:15:36","modified_gmt":"2025-09-29T19:15:36","slug":"14303","status":"publish","type":"post","link":"https:\/\/veritasinfo.org\/?p=14303&lang=sr","title":{"rendered":"Albanske politi\u010dke partije u Klokotu ujedinjuju se za kandidata Arbera Eminija"},"content":{"rendered":"<p>Klokot, 29. septembar 2025.<\/p>\n<p>Arber Emini, kandidat sa Nezavisne liste u op\u0161tini Klokot za predsednika ove op\u0161tine, nastavlja da dobija podr\u0161ku ne samo od gra\u0111ana, ve\u0107 i od politi\u010dkih partija koje u\u010destvuju na lokalnim izborima 12. oktobra.<\/p>\n<p>U poslednje vreme, sve albanske politi\u010dke partije \u2014 LDK, PDK, LVV, AAK, Albanska Inicijativa i Gra\u0111anska Inicijativa u Klokotu \u2014 ujedinile su se prevazilaze\u0107i partijske interese, i jednoglasno odlu\u010dile da podr\u017ee Eminija u trci za predsednika op\u0161tine Klokot.<\/p>\n<p>Zajedni\u010dka izjava politi\u010dkih predstavnika u Klokotu, pro\u0161le nedelje:<\/p>\n<p>\u201eMi, predstavnici albanskih politi\u010dkih subjekata u op\u0161tini Klokot, ujedinjeni kao nikada do sada, svesni smo da su izbori 12. oktobra od istorijskog zna\u010daja za budu\u0107nost albanskih gra\u0111ana u Klokotu.<br \/>\nDanas, stavljaju\u0107i interese gra\u0111ana iznad svih partijskih interesa, odlu\u010dno objavljujemo na\u0161u punu podr\u0161ku za Arb\u00ebra Eminija, broj 150 \u2013 albanskog kandidata za predsednika op\u0161tine Klokot.<br \/>\nOva obaveza je dokaz na\u0161eg jedinstva i garancija da \u0107e glas Albanaca biti sna\u017ean, nepokolebljiv i dostojno predstavljen u op\u0161tinskim institucijama.<br \/>\nPotpisujemo ovu zajedni\u010dku izjavu kao znak poverenja i odgovornosti pred gra\u0111anima:\u201c<\/p>\n<p>Perparim Red\u017eepi \u2013 predsednik LDK u Klokotu<\/p>\n<p>Naser \u0160abani \u2013 predsednik PDK u Klokotu<\/p>\n<p>Admirim Etemi \u2013 predsednik LVV u Klokotu<\/p>\n<p>Ermal Red\u017eepi \u2013 predsednik AAK u Klokotu<\/p>\n<p>Nijazi Fejza \u2013 predsednik Albanske Inicijative Mogila-Klokot<\/p>\n<p>\u0160qiprim Red\u017eepi \u2013 predsednik Gra\u0111anske Inicijative za Mogilu<\/p>\n<p>Ovo ujedinjenje je na\u0161a snaga!<br \/>\nDana 12. oktobra, pobeda Arb\u00ebra Eminija \u2013 broj 150 \u2013 bi\u0107e pobeda svih Albanaca u Klokotu \u2013 pobeda jednakosti, dostojanstva i na\u0161e zajedni\u010dke budu\u0107nosti.<\/p>\n<p>Arber Emini je danas najavio da \u0107e u narednim danima objaviti listu imena, kako je rekao, Albanaca koji podr\u017eavaju Srpsku listu.<br \/>\nTako\u0111e danas, Emini je optu\u017eio dvojicu kandidata iz srpske zajednice \u2013 Stre\u010dka Spasi\u0107a i Bo\u017eidara Dejanovi\u0107a \u2013 iza kojih, kako je izjavio, stoji glavni terorista Milan Radoi\u010di\u0107.<\/p>\n","protected":false},"excerpt":{"rendered":"<p>Klokot, 29. septembar 2025. Arber Emini, kandidat sa Nezavisne liste u op\u0161tini Klokot za predsednika ove op\u0161tine, nastavlja da dobija podr\u0161ku ne samo od gra\u0111ana,<\/p>\n","protected":false},"author":7,"featured_media":14301,"comment_status":"open","ping_status":"open","sticky":false,"template":"","format":"standard","meta":{"footnotes":""},"categories":[42],"tags":[],"class_list":["post-14303","post","type-post","status-publish","format-standard","has-post-thumbnail","hentry","category-blog-sr"],"yoast_head":"<!-- This site is optimized with the Yoast SEO plugin v25.3.1 - https:\/\/yoast.com\/wordpress\/plugins\/seo\/ -->\n<title>Albanske politi\u010dke partije u Klokotu ujedinjuju se za kandidata Arbera Eminija -<\/title>\n<meta name=\"robots\" content=\"index, follow, max-snippet:-1, max-image-preview:large, max-video-preview:-1\" \/>\n<link rel=\"canonical\" href=\"https:\/\/veritasinfo.org\/?p=14303&lang=sr\" \/>\n<meta property=\"og:locale\" content=\"en_US\" \/>\n<meta property=\"og:type\" content=\"article\" \/>\n<meta property=\"og:title\" content=\"Albanske politi\u010dke partije u Klokotu ujedinjuju se za kandidata Arbera Eminija -\" \/>\n<meta property=\"og:description\" content=\"Klokot, 29. septembar 2025. Arber Emini, kandidat sa Nezavisne liste u op\u0161tini Klokot za predsednika ove op\u0161tine, nastavlja da dobija podr\u0161ku ne samo od gra\u0111ana,\" \/>\n<meta property=\"og:url\" content=\"https:\/\/veritasinfo.org\/?p=14303&amp;lang=sr\" \/>\n<meta property=\"article:published_time\" content=\"2025-09-29T19:14:33+00:00\" \/>\n<meta property=\"article:modified_time\" content=\"2025-09-29T19:15:36+00:00\" \/>\n<meta property=\"og:image\" content=\"https:\/\/veritasinfo.org\/wp-content\/uploads\/2025\/09\/550516373_122171732276466364_7330903574346739417_n.jpg\" \/>\n\t<meta property=\"og:image:width\" content=\"1280\" \/>\n\t<meta property=\"og:image:height\" content=\"960\" \/>\n\t<meta property=\"og:image:type\" content=\"image\/jpeg\" \/>\n<meta name=\"author\" content=\"US6\" \/>\n<meta name=\"twitter:card\" content=\"summary_large_image\" \/>\n<meta name=\"twitter:label1\" content=\"Written by\" \/>\n\t<meta name=\"twitter:data1\" content=\"US6\" \/>\n\t<meta name=\"twitter:label2\" content=\"Est. reading time\" \/>\n\t<meta name=\"twitter:data2\" content=\"2 minutes\" \/>\n<script type=\"application\/ld+json\" class=\"yoast-schema-graph\">{\"@context\":\"https:\/\/schema.org\",\"@graph\":[{\"@type\":\"WebPage\",\"@id\":\"https:\/\/veritasinfo.org\/?p=14303&lang=sr\",\"url\":\"https:\/\/veritasinfo.org\/?p=14303&lang=sr\",\"name\":\"Albanske politi\u010dke partije u Klokotu ujedinjuju se za kandidata Arbera Eminija -\",\"isPartOf\":{\"@id\":\"https:\/\/veritasinfo.org\/#website\"},\"primaryImageOfPage\":{\"@id\":\"https:\/\/veritasinfo.org\/?p=14303&lang=sr#primaryimage\"},\"image\":{\"@id\":\"https:\/\/veritasinfo.org\/?p=14303&lang=sr#primaryimage\"},\"thumbnailUrl\":\"https:\/\/veritasinfo.org\/wp-content\/uploads\/2025\/09\/550516373_122171732276466364_7330903574346739417_n.jpg\",\"datePublished\":\"2025-09-29T19:14:33+00:00\",\"dateModified\":\"2025-09-29T19:15:36+00:00\",\"author\":{\"@id\":\"https:\/\/veritasinfo.org\/#\/schema\/person\/fe199eede04c3937362892b7444747cc\"},\"breadcrumb\":{\"@id\":\"https:\/\/veritasinfo.org\/?p=14303&lang=sr#breadcrumb\"},\"inLanguage\":\"en-US\",\"potentialAction\":[{\"@type\":\"ReadAction\",\"target\":[\"https:\/\/veritasinfo.org\/?p=14303&lang=sr\"]}]},{\"@type\":\"ImageObject\",\"inLanguage\":\"en-US\",\"@id\":\"https:\/\/veritasinfo.org\/?p=14303&lang=sr#primaryimage\",\"url\":\"https:\/\/veritasinfo.org\/wp-content\/uploads\/2025\/09\/550516373_122171732276466364_7330903574346739417_n.jpg\",\"contentUrl\":\"https:\/\/veritasinfo.org\/wp-content\/uploads\/2025\/09\/550516373_122171732276466364_7330903574346739417_n.jpg\",\"width\":1280,\"height\":960},{\"@type\":\"BreadcrumbList\",\"@id\":\"https:\/\/veritasinfo.org\/?p=14303&lang=sr#breadcrumb\",\"itemListElement\":[{\"@type\":\"ListItem\",\"position\":1,\"name\":\"Home\",\"item\":\"https:\/\/veritasinfo.org\/\"},{\"@type\":\"ListItem\",\"position\":2,\"name\":\"Albanske politi\u010dke partije u Klokotu ujedinjuju se za kandidata Arbera Eminija\"}]},{\"@type\":\"WebSite\",\"@id\":\"https:\/\/veritasinfo.org\/#website\",\"url\":\"https:\/\/veritasinfo.org\/\",\"name\":\"\",\"description\":\"\",\"potentialAction\":[{\"@type\":\"SearchAction\",\"target\":{\"@type\":\"EntryPoint\",\"urlTemplate\":\"https:\/\/veritasinfo.org\/?s={search_term_string}\"},\"query-input\":{\"@type\":\"PropertyValueSpecification\",\"valueRequired\":true,\"valueName\":\"search_term_string\"}}],\"inLanguage\":\"en-US\"},{\"@type\":\"Person\",\"@id\":\"https:\/\/veritasinfo.org\/#\/schema\/person\/fe199eede04c3937362892b7444747cc\",\"name\":\"US6\",\"image\":{\"@type\":\"ImageObject\",\"inLanguage\":\"en-US\",\"@id\":\"https:\/\/veritasinfo.org\/#\/schema\/person\/image\/\",\"url\":\"https:\/\/secure.gravatar.com\/avatar\/cb16c3c31c9d23b9b8c705964598220b3014e42ff51eb540ff23cefa3ae8c15f?s=96&d=mm&r=g\",\"contentUrl\":\"https:\/\/secure.gravatar.com\/avatar\/cb16c3c31c9d23b9b8c705964598220b3014e42ff51eb540ff23cefa3ae8c15f?s=96&d=mm&r=g\",\"caption\":\"US6\"},\"url\":\"https:\/\/veritasinfo.org\/?author=7\"}]}<\/script>\n<!-- \/ Yoast SEO plugin. -->","yoast_head_json":{"title":"Albanske politi\u010dke partije u Klokotu ujedinjuju se za kandidata Arbera Eminija -","robots":{"index":"index","follow":"follow","max-snippet":"max-snippet:-1","max-image-preview":"max-image-preview:large","max-video-preview":"max-video-preview:-1"},"canonical":"https:\/\/veritasinfo.org\/?p=14303&lang=sr","og_locale":"en_US","og_type":"article","og_title":"Albanske politi\u010dke partije u Klokotu ujedinjuju se za kandidata Arbera Eminija -","og_description":"Klokot, 29. septembar 2025. Arber Emini, kandidat sa Nezavisne liste u op\u0161tini Klokot za predsednika ove op\u0161tine, nastavlja da dobija podr\u0161ku ne samo od gra\u0111ana,","og_url":"https:\/\/veritasinfo.org\/?p=14303&lang=sr","article_published_time":"2025-09-29T19:14:33+00:00","article_modified_time":"2025-09-29T19:15:36+00:00","og_image":[{"width":1280,"height":960,"url":"https:\/\/veritasinfo.org\/wp-content\/uploads\/2025\/09\/550516373_122171732276466364_7330903574346739417_n.jpg","type":"image\/jpeg"}],"author":"US6","twitter_card":"summary_large_image","twitter_misc":{"Written by":"US6","Est. reading time":"2 minutes"},"schema":{"@context":"https:\/\/schema.org","@graph":[{"@type":"WebPage","@id":"https:\/\/veritasinfo.org\/?p=14303&lang=sr","url":"https:\/\/veritasinfo.org\/?p=14303&lang=sr","name":"Albanske politi\u010dke partije u Klokotu ujedinjuju se za kandidata Arbera Eminija -","isPartOf":{"@id":"https:\/\/veritasinfo.org\/#website"},"primaryImageOfPage":{"@id":"https:\/\/veritasinfo.org\/?p=14303&lang=sr#primaryimage"},"image":{"@id":"https:\/\/veritasinfo.org\/?p=14303&lang=sr#primaryimage"},"thumbnailUrl":"https:\/\/veritasinfo.org\/wp-content\/uploads\/2025\/09\/550516373_122171732276466364_7330903574346739417_n.jpg","datePublished":"2025-09-29T19:14:33+00:00","dateModified":"2025-09-29T19:15:36+00:00","author":{"@id":"https:\/\/veritasinfo.org\/#\/schema\/person\/fe199eede04c3937362892b7444747cc"},"breadcrumb":{"@id":"https:\/\/veritasinfo.org\/?p=14303&lang=sr#breadcrumb"},"inLanguage":"en-US","potentialAction":[{"@type":"ReadAction","target":["https:\/\/veritasinfo.org\/?p=14303&lang=sr"]}]},{"@type":"ImageObject","inLanguage":"en-US","@id":"https:\/\/veritasinfo.org\/?p=14303&lang=sr#primaryimage","url":"https:\/\/veritasinfo.org\/wp-content\/uploads\/2025\/09\/550516373_122171732276466364_7330903574346739417_n.jpg","contentUrl":"https:\/\/veritasinfo.org\/wp-content\/uploads\/2025\/09\/550516373_122171732276466364_7330903574346739417_n.jpg","width":1280,"height":960},{"@type":"BreadcrumbList","@id":"https:\/\/veritasinfo.org\/?p=14303&lang=sr#breadcrumb","itemListElement":[{"@type":"ListItem","position":1,"name":"Home","item":"https:\/\/veritasinfo.org\/"},{"@type":"ListItem","position":2,"name":"Albanske politi\u010dke partije u Klokotu ujedinjuju se za kandidata Arbera Eminija"}]},{"@type":"WebSite","@id":"https:\/\/veritasinfo.org\/#website","url":"https:\/\/veritasinfo.org\/","name":"","description":"","potentialAction":[{"@type":"SearchAction","target":{"@type":"EntryPoint","urlTemplate":"https:\/\/veritasinfo.org\/?s={search_term_string}"},"query-input":{"@type":"PropertyValueSpecification","valueRequired":true,"valueName":"search_term_string"}}],"inLanguage":"en-US"},{"@type":"Person","@id":"https:\/\/veritasinfo.org\/#\/schema\/person\/fe199eede04c3937362892b7444747cc","name":"US6","image":{"@type":"ImageObject","inLanguage":"en-US","@id":"https:\/\/veritasinfo.org\/#\/schema\/person\/image\/","url":"https:\/\/secure.gravatar.com\/avatar\/cb16c3c31c9d23b9b8c705964598220b3014e42ff51eb540ff23cefa3ae8c15f?s=96&d=mm&r=g","contentUrl":"https:\/\/secure.gravatar.com\/avatar\/cb16c3c31c9d23b9b8c705964598220b3014e42ff51eb540ff23cefa3ae8c15f?s=96&d=mm&r=g","caption":"US6"},"url":"https:\/\/veritasinfo.org\/?author=7"}]}},"featured_image_urls":{"full":["https:\/\/veritasinfo.org\/wp-content\/uploads\/2025\/09\/550516373_122171732276466364_7330903574346739417_n.jpg",1280,960,false],"thumbnail":["https:\/\/veritasinfo.org\/wp-content\/uploads\/2025\/09\/550516373_122171732276466364_7330903574346739417_n-150x150.jpg",150,150,true],"medium":["https:\/\/veritasinfo.org\/wp-content\/uploads\/2025\/09\/550516373_122171732276466364_7330903574346739417_n-300x225.jpg",300,225,true],"medium_large":["https:\/\/veritasinfo.org\/wp-content\/uploads\/2025\/09\/550516373_122171732276466364_7330903574346739417_n-768x576.jpg",640,480,true],"large":["https:\/\/veritasinfo.org\/wp-content\/uploads\/2025\/09\/550516373_122171732276466364_7330903574346739417_n-1024x768.jpg",640,480,true],"1536x1536":["https:\/\/veritasinfo.org\/wp-content\/uploads\/2025\/09\/550516373_122171732276466364_7330903574346739417_n.jpg",1280,960,false],"2048x2048":["https:\/\/veritasinfo.org\/wp-content\/uploads\/2025\/09\/550516373_122171732276466364_7330903574346739417_n.jpg",1280,960,false],"kreeti-slider-full":["https:\/\/veritasinfo.org\/wp-content\/uploads\/2025\/09\/550516373_122171732276466364_7330903574346739417_n.jpg",960,720,false],"kreeti-featured":["https:\/\/veritasinfo.org\/wp-content\/uploads\/2025\/09\/550516373_122171732276466364_7330903574346739417_n.jpg",1024,768,false],"kreeti-medium":["https:\/\/veritasinfo.org\/wp-content\/uploads\/2025\/09\/550516373_122171732276466364_7330903574346739417_n.jpg",707,530,false],"kreeti-medium-square":["https:\/\/veritasinfo.org\/wp-content\/uploads\/2025\/09\/550516373_122171732276466364_7330903574346739417_n.jpg",350,263,false]},"author_info":{"info":["US6"]},"category_info":"<a href=\"https:\/\/veritasinfo.org\/?cat=42&#038;lang=sr\" rel=\"category\">Parlamentarni izbori\u00a02025<\/a>","tag_info":"Parlamentarni izbori\u00a02025","comment_count":"0","_links":{"self":[{"href":"https:\/\/veritasinfo.org\/index.php?rest_route=\/wp\/v2\/posts\/14303","targetHints":{"allow":["GET"]}}],"collection":[{"href":"https:\/\/veritasinfo.org\/index.php?rest_route=\/wp\/v2\/posts"}],"about":[{"href":"https:\/\/veritasinfo.org\/index.php?rest_route=\/wp\/v2\/types\/post"}],"author":[{"embeddable":true,"href":"https:\/\/veritasinfo.org\/index.php?rest_route=\/wp\/v2\/users\/7"}],"replies":[{"embeddable":true,"href":"https:\/\/veritasinfo.org\/index.php?rest_route=%2Fwp%2Fv2%2Fcomments&post=14303"}],"version-history":[{"count":3,"href":"https:\/\/veritasinfo.org\/index.php?rest_route=\/wp\/v2\/posts\/14303\/revisions"}],"predecessor-version":[{"id":14306,"href":"https:\/\/veritasinfo.org\/index.php?rest_route=\/wp\/v2\/posts\/14303\/revisions\/14306"}],"wp:featuredmedia":[{"embeddable":true,"href":"https:\/\/veritasinfo.org\/index.php?rest_route=\/wp\/v2\/media\/14301"}],"wp:attachment":[{"href":"https:\/\/veritasinfo.org\/index.php?rest_route=%2Fwp%2Fv2%2Fmedia&parent=14303"}],"wp:term":[{"taxonomy":"category","embeddable":true,"href":"https:\/\/veritasinfo.org\/index.php?rest_route=%2Fwp%2Fv2%2Fcategories&post=14303"},{"taxonomy":"post_tag","embeddable":true,"href":"https:\/\/veritasinfo.org\/index.php?rest_route=%2Fwp%2Fv2%2Ftags&post=14303"}],"curies":[{"name":"wp","href":"https:\/\/api.w.org\/{rel}","templated":true}]}}