{"id":14288,"date":"2025-09-29T20:37:18","date_gmt":"2025-09-29T18:37:18","guid":{"rendered":"https:\/\/veritasinfo.org\/?p=14288"},"modified":"2025-09-29T20:39:55","modified_gmt":"2025-09-29T18:39:55","slug":"samarxhiq-kosova-ka-percaktim-me-evropian-se-serbia-e-mali-i-zi","status":"publish","type":"post","link":"https:\/\/veritasinfo.org\/?p=14288","title":{"rendered":"Samarxhiq: Kosova ka p\u00ebrcaktim m\u00eb evropian se Serbia e Mali i Zi"},"content":{"rendered":"<p>Prishtin\u00eb 29 Shtator 2025<\/p>\n<p style=\"font-weight: 400;\">Kosova \u00ebsht\u00eb m\u00eb e p\u00ebrkushtuar ndaj integrimit evropian sesa Serbia dhe Mali i Zi, ka th\u00ebn\u00eb historiani serb Nikola Samarxhiq, profesor n\u00eb Fakultetin e Filozofis\u00eb n\u00eb Beograd, n\u00eb nj\u00eb intervist\u00eb p\u00ebr portalin p\u00ebr mediat.\u00a0Ai thekson se shtetet me shumic\u00eb myslimane si Kosova, Shqip\u00ebria dhe Bosnja dhe Hercegovina duhet t\u00eb integrohen n\u00eb Bashkimin Evropian, si pjes\u00eb e nj\u00eb shoq\u00ebrie me kultur\u00eb dhe tradit\u00eb kryesisht t\u00eb krishter\u00eb.<\/p>\n<p style=\"font-weight: 400;\">\u201cImagjinoni n\u00ebse Mali i Zi hyn n\u00eb BE! E gjith\u00eb Serbia do t\u00eb ngrihet, do t\u00eb thot\u00eb se \u00ebsht\u00eb me origjin\u00eb malazeze dhe do t\u00eb k\u00ebrkoj\u00eb pasaporta malazeze. Ashtu si\u00e7 ndodhi me Kroacin\u00eb,\u201d ka deklaruar ai.<\/p>\n<p style=\"font-weight: 400;\">Samarxhiq, njoh\u00ebs i zhvillimeve politike n\u00eb rajon, vler\u00ebson se Serbia \u00ebsht\u00eb b\u00ebr\u00eb penges\u00eb p\u00ebr integrimin e Ballkanit Per\u00ebndimor, p\u00ebr shkak t\u00eb ndikimit t\u00eb saj n\u00eb Bosnj\u00eb dhe Hercegovin\u00eb dhe Mal t\u00eb Zi. Ai thekson se, ndryshe nga Serbia, Kosova \u00ebsht\u00eb m\u00eb e orientuar drejt Per\u00ebndimit dhe integrimeve euroatlantike.<\/p>\n<p style=\"font-weight: 400;\">Nd\u00ebrkoh\u00eb, sipas tij, Bosnja dhe Hercegovina gjendet n\u00eb nj\u00eb moment kritik dhe duhet medoemos t\u00eb ruaj\u00eb integritetin e saj territorial dhe t\u00eb b\u00ebhet pjes\u00eb e BE-s\u00eb. \u201cP\u00ebrndryshe do t\u00eb zhduket,\u201d paralajm\u00ebron ai.<\/p>\n<p style=\"font-weight: 400;\">Historiani serb e sheh me shqet\u00ebsim rolin e vazhduesh\u00ebm t\u00eb Milorad Dodikut, p\u00ebr t\u00eb cilin thot\u00eb se mbetet nj\u00eb instrument i Beogradit dhe Mosk\u00ebs p\u00ebr destabilizim. Por, sipas tij, r\u00ebnia e ndikimit t\u00eb Dodikut mund t\u00eb krijoj\u00eb potencial t\u00eb ri p\u00ebr energji politike pro-evropiane n\u00eb Bosnj\u00eb dhe Hercegovin\u00eb. Ai tutje ka shtuar se p\u00ebr Beogradin, Dodiku sh\u00ebrben si nj\u00eb gogol, dhe \u00ebsht\u00eb b\u00ebr\u00eb edhe simbol dhe \u00a0faktor i vazhdim\u00ebsis\u00eb s\u00eb politik\u00ebs s\u00eb cop\u00ebtimit t\u00eb dhunsh\u00ebm t\u00eb Jugosllavis\u00eb dhe i ndarjes s\u00eb Bosnj\u00ebs dhe Hercegovin\u00ebs, e cila ishte parashikuar me marr\u00ebveshjen e Beogradit dhe Zagrebit t\u00eb vitit 1992.<\/p>\n<p style=\"font-weight: 400;\">N\u00eb k\u00ebt\u00eb kuad\u00ebr, Samarxhiq p\u00ebrmend edhe rolin e Kroacis\u00eb si faktor me interes t\u00eb fort\u00eb p\u00ebr integrimin e Bosnj\u00ebs n\u00eb BE, sidomos p\u00ebrmes p\u00ebrfshirjes s\u00eb komunitetit kroat n\u00eb strukturat evropiane.<\/p>\n<p style=\"font-weight: 400;\">Ai paralajm\u00ebron se ndon\u00ebse Serbia ka ekonomin\u00eb m\u00eb t\u00eb madhe n\u00eb rajon, politikat e saj aktuale po e l\u00ebn\u00eb at\u00eb t\u00eb izoluar. \u201cMotori disi funksionon, por marsha shkon vet\u00ebm prapa,\u201d vler\u00ebson ai.<\/p>\n<p>Sipas tij, vet\u00ebm p\u00ebrmes nj\u00eb angazhimi t\u00eb vendosur t\u00eb Bashkimit Evropian dhe p\u00ebrkrahjes s\u00eb forcave politike t\u00eb reja pro-evropiane, rajoni mund t\u00eb dal\u00eb nga ndikimi rus dhe t\u00eb integrohet n\u00eb strukturat euroatlantike. Samarxhiq thot\u00eb se historia po p\u00ebrs\u00ebritet, por k\u00ebt\u00eb her\u00eb mund t\u00eb p\u00ebrfundoj\u00eb ndryshe \u2013 n\u00ebse BE-ja vendos t\u00eb veproj\u00eb m\u00eb fuqish\u00ebm n\u00eb Ballkan.<\/p>\n","protected":false},"excerpt":{"rendered":"<p>Prishtin\u00eb 29 Shtator 2025 Kosova \u00ebsht\u00eb m\u00eb e p\u00ebrkushtuar ndaj integrimit evropian sesa Serbia dhe Mali i Zi, ka th\u00ebn\u00eb historiani serb Nikola Samarxhiq, profesor<\/p>\n","protected":false},"author":6,"featured_media":14289,"comment_status":"open","ping_status":"open","sticky":false,"template":"","format":"standard","meta":{"footnotes":""},"categories":[60],"tags":[],"class_list":["post-14288","post","type-post","status-publish","format-standard","has-post-thumbnail","hentry","category-shoqerore-sq"],"yoast_head":"<!-- This site is optimized with the Yoast SEO plugin v25.3.1 - https:\/\/yoast.com\/wordpress\/plugins\/seo\/ -->\n<title>Samarxhiq: Kosova ka p\u00ebrcaktim m\u00eb evropian se Serbia e Mali i Zi -<\/title>\n<meta name=\"robots\" content=\"index, follow, max-snippet:-1, max-image-preview:large, max-video-preview:-1\" \/>\n<link rel=\"canonical\" href=\"https:\/\/veritasinfo.org\/?p=14288\" \/>\n<meta property=\"og:locale\" content=\"en_US\" \/>\n<meta property=\"og:type\" content=\"article\" \/>\n<meta property=\"og:title\" content=\"Samarxhiq: Kosova ka p\u00ebrcaktim m\u00eb evropian se Serbia e Mali i Zi -\" \/>\n<meta property=\"og:description\" content=\"Prishtin\u00eb 29 Shtator 2025 Kosova \u00ebsht\u00eb m\u00eb e p\u00ebrkushtuar ndaj integrimit evropian sesa Serbia dhe Mali i Zi, ka th\u00ebn\u00eb historiani serb Nikola Samarxhiq, profesor\" \/>\n<meta property=\"og:url\" content=\"https:\/\/veritasinfo.org\/?p=14288\" \/>\n<meta property=\"article:published_time\" content=\"2025-09-29T18:37:18+00:00\" \/>\n<meta property=\"article:modified_time\" content=\"2025-09-29T18:39:55+00:00\" \/>\n<meta property=\"og:image\" content=\"https:\/\/veritasinfo.org\/wp-content\/uploads\/2025\/09\/95894b78-6ed1-4132-be31-1204d47a720d.webp\" \/>\n\t<meta property=\"og:image:width\" content=\"604\" \/>\n\t<meta property=\"og:image:height\" content=\"453\" \/>\n\t<meta property=\"og:image:type\" content=\"image\/webp\" \/>\n<meta name=\"author\" content=\"US5\" \/>\n<meta name=\"twitter:card\" content=\"summary_large_image\" \/>\n<meta name=\"twitter:label1\" content=\"Written by\" \/>\n\t<meta name=\"twitter:data1\" content=\"US5\" \/>\n\t<meta name=\"twitter:label2\" content=\"Est. reading time\" \/>\n\t<meta name=\"twitter:data2\" content=\"2 minutes\" \/>\n<script type=\"application\/ld+json\" class=\"yoast-schema-graph\">{\"@context\":\"https:\/\/schema.org\",\"@graph\":[{\"@type\":\"WebPage\",\"@id\":\"https:\/\/veritasinfo.org\/?p=14288\",\"url\":\"https:\/\/veritasinfo.org\/?p=14288\",\"name\":\"Samarxhiq: Kosova ka p\u00ebrcaktim m\u00eb evropian se Serbia e Mali i Zi -\",\"isPartOf\":{\"@id\":\"https:\/\/veritasinfo.org\/#website\"},\"primaryImageOfPage\":{\"@id\":\"https:\/\/veritasinfo.org\/?p=14288#primaryimage\"},\"image\":{\"@id\":\"https:\/\/veritasinfo.org\/?p=14288#primaryimage\"},\"thumbnailUrl\":\"https:\/\/veritasinfo.org\/wp-content\/uploads\/2025\/09\/95894b78-6ed1-4132-be31-1204d47a720d.webp\",\"datePublished\":\"2025-09-29T18:37:18+00:00\",\"dateModified\":\"2025-09-29T18:39:55+00:00\",\"author\":{\"@id\":\"https:\/\/veritasinfo.org\/#\/schema\/person\/bc442336e35414d04494ab8fb45db4c6\"},\"breadcrumb\":{\"@id\":\"https:\/\/veritasinfo.org\/?p=14288#breadcrumb\"},\"inLanguage\":\"en-US\",\"potentialAction\":[{\"@type\":\"ReadAction\",\"target\":[\"https:\/\/veritasinfo.org\/?p=14288\"]}]},{\"@type\":\"ImageObject\",\"inLanguage\":\"en-US\",\"@id\":\"https:\/\/veritasinfo.org\/?p=14288#primaryimage\",\"url\":\"https:\/\/veritasinfo.org\/wp-content\/uploads\/2025\/09\/95894b78-6ed1-4132-be31-1204d47a720d.webp\",\"contentUrl\":\"https:\/\/veritasinfo.org\/wp-content\/uploads\/2025\/09\/95894b78-6ed1-4132-be31-1204d47a720d.webp\",\"width\":604,\"height\":453},{\"@type\":\"BreadcrumbList\",\"@id\":\"https:\/\/veritasinfo.org\/?p=14288#breadcrumb\",\"itemListElement\":[{\"@type\":\"ListItem\",\"position\":1,\"name\":\"Home\",\"item\":\"https:\/\/veritasinfo.org\/\"},{\"@type\":\"ListItem\",\"position\":2,\"name\":\"Samarxhiq: Kosova ka p\u00ebrcaktim m\u00eb evropian se Serbia e Mali i Zi\"}]},{\"@type\":\"WebSite\",\"@id\":\"https:\/\/veritasinfo.org\/#website\",\"url\":\"https:\/\/veritasinfo.org\/\",\"name\":\"\",\"description\":\"\",\"potentialAction\":[{\"@type\":\"SearchAction\",\"target\":{\"@type\":\"EntryPoint\",\"urlTemplate\":\"https:\/\/veritasinfo.org\/?s={search_term_string}\"},\"query-input\":{\"@type\":\"PropertyValueSpecification\",\"valueRequired\":true,\"valueName\":\"search_term_string\"}}],\"inLanguage\":\"en-US\"},{\"@type\":\"Person\",\"@id\":\"https:\/\/veritasinfo.org\/#\/schema\/person\/bc442336e35414d04494ab8fb45db4c6\",\"name\":\"US5\",\"image\":{\"@type\":\"ImageObject\",\"inLanguage\":\"en-US\",\"@id\":\"https:\/\/veritasinfo.org\/#\/schema\/person\/image\/\",\"url\":\"https:\/\/secure.gravatar.com\/avatar\/16a61e7272a0c5d001121ebb9e60e925d5816e4ac1e443ed3e640d9a6ae55d0c?s=96&d=mm&r=g\",\"contentUrl\":\"https:\/\/secure.gravatar.com\/avatar\/16a61e7272a0c5d001121ebb9e60e925d5816e4ac1e443ed3e640d9a6ae55d0c?s=96&d=mm&r=g\",\"caption\":\"US5\"},\"url\":\"https:\/\/veritasinfo.org\/?author=6\"}]}<\/script>\n<!-- \/ Yoast SEO plugin. -->","yoast_head_json":{"title":"Samarxhiq: Kosova ka p\u00ebrcaktim m\u00eb evropian se Serbia e Mali i Zi -","robots":{"index":"index","follow":"follow","max-snippet":"max-snippet:-1","max-image-preview":"max-image-preview:large","max-video-preview":"max-video-preview:-1"},"canonical":"https:\/\/veritasinfo.org\/?p=14288","og_locale":"en_US","og_type":"article","og_title":"Samarxhiq: Kosova ka p\u00ebrcaktim m\u00eb evropian se Serbia e Mali i Zi -","og_description":"Prishtin\u00eb 29 Shtator 2025 Kosova \u00ebsht\u00eb m\u00eb e p\u00ebrkushtuar ndaj integrimit evropian sesa Serbia dhe Mali i Zi, ka th\u00ebn\u00eb historiani serb Nikola Samarxhiq, profesor","og_url":"https:\/\/veritasinfo.org\/?p=14288","article_published_time":"2025-09-29T18:37:18+00:00","article_modified_time":"2025-09-29T18:39:55+00:00","og_image":[{"width":604,"height":453,"url":"https:\/\/veritasinfo.org\/wp-content\/uploads\/2025\/09\/95894b78-6ed1-4132-be31-1204d47a720d.webp","type":"image\/webp"}],"author":"US5","twitter_card":"summary_large_image","twitter_misc":{"Written by":"US5","Est. reading time":"2 minutes"},"schema":{"@context":"https:\/\/schema.org","@graph":[{"@type":"WebPage","@id":"https:\/\/veritasinfo.org\/?p=14288","url":"https:\/\/veritasinfo.org\/?p=14288","name":"Samarxhiq: Kosova ka p\u00ebrcaktim m\u00eb evropian se Serbia e Mali i Zi -","isPartOf":{"@id":"https:\/\/veritasinfo.org\/#website"},"primaryImageOfPage":{"@id":"https:\/\/veritasinfo.org\/?p=14288#primaryimage"},"image":{"@id":"https:\/\/veritasinfo.org\/?p=14288#primaryimage"},"thumbnailUrl":"https:\/\/veritasinfo.org\/wp-content\/uploads\/2025\/09\/95894b78-6ed1-4132-be31-1204d47a720d.webp","datePublished":"2025-09-29T18:37:18+00:00","dateModified":"2025-09-29T18:39:55+00:00","author":{"@id":"https:\/\/veritasinfo.org\/#\/schema\/person\/bc442336e35414d04494ab8fb45db4c6"},"breadcrumb":{"@id":"https:\/\/veritasinfo.org\/?p=14288#breadcrumb"},"inLanguage":"en-US","potentialAction":[{"@type":"ReadAction","target":["https:\/\/veritasinfo.org\/?p=14288"]}]},{"@type":"ImageObject","inLanguage":"en-US","@id":"https:\/\/veritasinfo.org\/?p=14288#primaryimage","url":"https:\/\/veritasinfo.org\/wp-content\/uploads\/2025\/09\/95894b78-6ed1-4132-be31-1204d47a720d.webp","contentUrl":"https:\/\/veritasinfo.org\/wp-content\/uploads\/2025\/09\/95894b78-6ed1-4132-be31-1204d47a720d.webp","width":604,"height":453},{"@type":"BreadcrumbList","@id":"https:\/\/veritasinfo.org\/?p=14288#breadcrumb","itemListElement":[{"@type":"ListItem","position":1,"name":"Home","item":"https:\/\/veritasinfo.org\/"},{"@type":"ListItem","position":2,"name":"Samarxhiq: Kosova ka p\u00ebrcaktim m\u00eb evropian se Serbia e Mali i Zi"}]},{"@type":"WebSite","@id":"https:\/\/veritasinfo.org\/#website","url":"https:\/\/veritasinfo.org\/","name":"","description":"","potentialAction":[{"@type":"SearchAction","target":{"@type":"EntryPoint","urlTemplate":"https:\/\/veritasinfo.org\/?s={search_term_string}"},"query-input":{"@type":"PropertyValueSpecification","valueRequired":true,"valueName":"search_term_string"}}],"inLanguage":"en-US"},{"@type":"Person","@id":"https:\/\/veritasinfo.org\/#\/schema\/person\/bc442336e35414d04494ab8fb45db4c6","name":"US5","image":{"@type":"ImageObject","inLanguage":"en-US","@id":"https:\/\/veritasinfo.org\/#\/schema\/person\/image\/","url":"https:\/\/secure.gravatar.com\/avatar\/16a61e7272a0c5d001121ebb9e60e925d5816e4ac1e443ed3e640d9a6ae55d0c?s=96&d=mm&r=g","contentUrl":"https:\/\/secure.gravatar.com\/avatar\/16a61e7272a0c5d001121ebb9e60e925d5816e4ac1e443ed3e640d9a6ae55d0c?s=96&d=mm&r=g","caption":"US5"},"url":"https:\/\/veritasinfo.org\/?author=6"}]}},"featured_image_urls":{"full":["https:\/\/veritasinfo.org\/wp-content\/uploads\/2025\/09\/95894b78-6ed1-4132-be31-1204d47a720d.webp",604,453,false],"thumbnail":["https:\/\/veritasinfo.org\/wp-content\/uploads\/2025\/09\/95894b78-6ed1-4132-be31-1204d47a720d-150x150.webp",150,150,true],"medium":["https:\/\/veritasinfo.org\/wp-content\/uploads\/2025\/09\/95894b78-6ed1-4132-be31-1204d47a720d-300x225.webp",300,225,true],"medium_large":["https:\/\/veritasinfo.org\/wp-content\/uploads\/2025\/09\/95894b78-6ed1-4132-be31-1204d47a720d.webp",604,453,false],"large":["https:\/\/veritasinfo.org\/wp-content\/uploads\/2025\/09\/95894b78-6ed1-4132-be31-1204d47a720d.webp",604,453,false],"1536x1536":["https:\/\/veritasinfo.org\/wp-content\/uploads\/2025\/09\/95894b78-6ed1-4132-be31-1204d47a720d.webp",604,453,false],"2048x2048":["https:\/\/veritasinfo.org\/wp-content\/uploads\/2025\/09\/95894b78-6ed1-4132-be31-1204d47a720d.webp",604,453,false],"kreeti-slider-full":["https:\/\/veritasinfo.org\/wp-content\/uploads\/2025\/09\/95894b78-6ed1-4132-be31-1204d47a720d.webp",604,453,false],"kreeti-featured":["https:\/\/veritasinfo.org\/wp-content\/uploads\/2025\/09\/95894b78-6ed1-4132-be31-1204d47a720d.webp",604,453,false],"kreeti-medium":["https:\/\/veritasinfo.org\/wp-content\/uploads\/2025\/09\/95894b78-6ed1-4132-be31-1204d47a720d.webp",604,453,false],"kreeti-medium-square":["https:\/\/veritasinfo.org\/wp-content\/uploads\/2025\/09\/95894b78-6ed1-4132-be31-1204d47a720d.webp",350,263,false]},"author_info":{"info":["US5"]},"category_info":"<a href=\"https:\/\/veritasinfo.org\/?cat=60\" rel=\"category\">Shoq\u00ebrore<\/a>","tag_info":"Shoq\u00ebrore","comment_count":"0","_links":{"self":[{"href":"https:\/\/veritasinfo.org\/index.php?rest_route=\/wp\/v2\/posts\/14288","targetHints":{"allow":["GET"]}}],"collection":[{"href":"https:\/\/veritasinfo.org\/index.php?rest_route=\/wp\/v2\/posts"}],"about":[{"href":"https:\/\/veritasinfo.org\/index.php?rest_route=\/wp\/v2\/types\/post"}],"author":[{"embeddable":true,"href":"https:\/\/veritasinfo.org\/index.php?rest_route=\/wp\/v2\/users\/6"}],"replies":[{"embeddable":true,"href":"https:\/\/veritasinfo.org\/index.php?rest_route=%2Fwp%2Fv2%2Fcomments&post=14288"}],"version-history":[{"count":2,"href":"https:\/\/veritasinfo.org\/index.php?rest_route=\/wp\/v2\/posts\/14288\/revisions"}],"predecessor-version":[{"id":14293,"href":"https:\/\/veritasinfo.org\/index.php?rest_route=\/wp\/v2\/posts\/14288\/revisions\/14293"}],"wp:featuredmedia":[{"embeddable":true,"href":"https:\/\/veritasinfo.org\/index.php?rest_route=\/wp\/v2\/media\/14289"}],"wp:attachment":[{"href":"https:\/\/veritasinfo.org\/index.php?rest_route=%2Fwp%2Fv2%2Fmedia&parent=14288"}],"wp:term":[{"taxonomy":"category","embeddable":true,"href":"https:\/\/veritasinfo.org\/index.php?rest_route=%2Fwp%2Fv2%2Fcategories&post=14288"},{"taxonomy":"post_tag","embeddable":true,"href":"https:\/\/veritasinfo.org\/index.php?rest_route=%2Fwp%2Fv2%2Ftags&post=14288"}],"curies":[{"name":"wp","href":"https:\/\/api.w.org\/{rel}","templated":true}]}}