{"id":14272,"date":"2025-09-29T18:51:07","date_gmt":"2025-09-29T16:51:07","guid":{"rendered":"https:\/\/veritasinfo.org\/?p=14272"},"modified":"2025-09-29T18:51:07","modified_gmt":"2025-09-29T16:51:07","slug":"filharmonia-e-kosoves-kulmon-ne-vendlindjen-e-nene-terezes-me-vepren-mjeshterore-per-humanisten","status":"publish","type":"post","link":"https:\/\/veritasinfo.org\/?p=14272","title":{"rendered":"Filharmonia e Kosov\u00ebs kulmon n\u00eb vendlindjen e N\u00ebn\u00eb Terez\u00ebs me vepr\u00ebn mjesht\u00ebrore p\u00ebr humanisten"},"content":{"rendered":"<p>Prishtin\u00eb 29 Shtator 2025<\/p>\n<p>Kori e Orkestra e Filharmonis\u00eb s\u00eb Kosov\u00ebs bashk\u00eb me solist\u00eb, sopranon Adelina Paloja, mexosopranon polake Ewa Menaszek, basin polak Grzegorz Szostak dhe tenorin polak Piotr Kalina, i kan\u00eb dh\u00ebn\u00eb jehon\u00eb vepr\u00ebs para publikut n\u00eb kryeqytetin maqedonas, n\u00ebn udh\u00ebheqjen e dirigjentit polak Wojciech Czepiel. \u201cHomagium: Matri Teresiae\u201d e kompozitorit t\u00eb shquar Mendi Mengjiqi \u00ebsht\u00eb luajtur n\u00eb vendlindjen e N\u00ebn\u00ebs Terez\u00eb duke b\u00ebr\u00eb q\u00eb homazhit p\u00ebr t\u00eb t\u2019i jepet jehon\u00eb n\u00eb sall\u00ebn koncertale t\u00eb Filharmonis\u00eb s\u00eb Maqedonis\u00eb s\u00eb Veriut<\/p>\n<p>Nj\u00eb dit\u00eb pas premier\u00ebs n\u00eb Prishtin\u00eb t\u00eb oratoriumit \u201cHomagium: Matri Teresiae\u201d e kompozitorit t\u00eb shquar Mendi Mengjiqi, tinguj e vargje t\u00eb vepr\u00ebs jan\u00eb zb\u00ebrthyer edhe n\u00eb Shkup. N\u00eb vendlindjen e N\u00ebn\u00ebs Terez\u00eb homazhit p\u00ebr t\u00eb i \u00ebsht\u00eb dh\u00ebn\u00eb jehon\u00eb n\u00eb sall\u00ebn koncertale t\u00eb Filharmonis\u00eb s\u00eb Maqedonis\u00eb s\u00eb Veriut me t\u00eb nj\u00ebjtin kast, t\u00eb shtun\u00ebn mbr\u00ebma.<\/p>\n<p>Kori e Orkestra e Filharmonis\u00eb s\u00eb Kosov\u00ebs bashk\u00eb me solist\u00eb, sopranon Adelina Paloja, \u00a0mexosopranon polake Ewa Menaszek, basin polak Grzegorz Szostak dhe tenorin polak Piotr Kalina i kan\u00eb dh\u00ebn\u00eb jehon\u00eb vepr\u00ebs para publikut n\u00eb kryeqytetin maqedonas, n\u00ebn udh\u00ebheqjen e dirigjentit polak Wojciech Czepiel.<\/p>\n<p>N\u00eb program ka qen\u00eb gjithashtu vepra \u201cSymphonic Pain\u201d e mjeshtrit Mengjiqi, autor i Himnit t\u00eb Kosov\u00ebs. E pranishme n\u00eb koncert ka qen\u00eb violinistja e shquar Sihana Badivuku, e cila e ka vler\u00ebsuar t\u00eb jasht\u00ebzakonshme performanc\u00ebn e s\u00eb shtun\u00ebs mbr\u00ebma.<\/p>\n<p>\u201cPerformanc\u00eb e jasht\u00ebzakonshme e Filharmonis\u00eb dhe Korit t\u00eb Kosov\u00ebs me solist\u00ebt e p\u00ebrkryer me dirigjentin polak Wojciech Czepiel, i cili me aq mjesht\u00ebri, profesionaliz\u00ebm, dinamik\u00eb e karakter, i realizoi dy veprat e kompozitorit ton\u00eb Mendi Mengjiqi: \u2018Symphonic Pain\u2019 dhe kryevepr\u00ebn e k\u00ebsaj mbr\u00ebmjeje, oratoriumin \u2018Homagium: Matri Teresiae\u2019 n\u00eb sall\u00ebn koncertale t\u00eb Filharmonis\u00eb s\u00eb Shkupit&#8221;, \u00ebsht\u00eb shprehur ajo n\u00eb nj\u00eb p\u00ebrgjigje p\u00ebr KOH\u00cbN.<\/p>\n<p>Ka vler\u00ebsuar n\u00eb ve\u00e7anti interpretimin e sopranos Paloja.<\/p>\n<p>\u201cDo ta kisha ve\u00e7uar sopranon ton\u00eb Adelina Paloja, e cila n\u00eb partin e saj t\u00eb oratoriumit ishte epiqendra dhe shtylla e k\u00ebtij oratoriumi&#8221;, \u00ebsht\u00eb shprehur Badivuku.<\/p>\n<p>N\u00eb vitin kur po sh\u00ebnohet \u00e7erekshekulli i Filharmonis\u00eb s\u00eb Kosov\u00ebs, institucioni ka nderuar figura t\u00eb shquara e kontribuuese n\u00eb institucionin shtet\u00ebror muzikor. T\u00eb shtun\u00ebn violinistes Badivuku i \u00ebsht\u00eb ndar\u00eb mir\u00ebnjohje sikurse mir\u00ebnjohje post mortem ka marr\u00eb edhe babai i saj, violinisti Hysen Badivuku.<\/p>\n<p>\u201cMe krenari jam e p\u00ebrmbushur emocionalisht dhe shpirt\u00ebrisht si pedagoge e violinist\u00ebve t\u00eb institucionit ton\u00eb, Filharmonis\u00eb s\u00eb Kosov\u00ebs q\u00eb n\u00eb k\u00ebt\u00eb p\u00ebrvjetor jubilar, pra 25 vjet, po i p\u00ebrjetojm\u00eb frytet e v\u00ebrteta t\u00eb rritjes s\u00eb k\u00ebtij institucioni. Po ashtu fal\u00ebnderim t\u00eb ve\u00e7ant\u00eb drejtorit Dardan Selimaj q\u00eb p\u00ebr familjen ton\u00eb, Badivuku, na ndau dy mir\u00ebnjohje, babait tim violinist, ish-an\u00ebtar i k\u00ebtij institucioni nga viti 2000 dhe p\u00ebr mua si koncert-mjeshtre nga themelimi, nga viti 2000 deri m\u00eb 2012 dhe ish-an\u00ebtare&#8221;, \u00ebsht\u00eb shprehur ajo duke fal\u00ebnderuar edhe udh\u00ebheq\u00ebsit e institucionit nd\u00ebr vite.<\/p>\n<p>N\u00eb k\u00ebt\u00eb moment krenarie ajo ka kujtuar edhe profesorin e ndjer\u00eb, nj\u00ebrin prej themeluesve t\u00eb Filharmonis\u00eb, Bahei \u00c7ela.<\/p>\n<p>\u201cPo t\u00eb ishte profesori Bahri \u00c7ela n\u00eb mesin ton\u00eb do t\u00eb mburrej me s\u00eb shumti me arritjet e k\u00ebtij institucioni si \u00a0ideator \u00a0i par\u00eb, dirigjent themelues \u00a0i Filharmonis\u00eb s\u00eb Kosov\u00ebs nga viti 2000\u201d, \u00ebsht\u00eb shprehur violinistja Sihana Badivuku.<\/p>\n<p>E Filharmonia e Kosov\u00ebs, n\u00eb rrjete sociale ka shkruar se dy veprat e Mengjiqit \u201cu prit\u00ebn shum\u00eb mir\u00eb nga publiku\u201d.<\/p>\n<p>Ishin vitet \u201990 kur nj\u00eb nga figurat qendrore t\u00eb tanishme t\u00eb muzik\u00ebs klasike n\u00eb vend, profesori Mendi Mengjiqi do t\u00eb ndiqte studimet e doktorat\u00ebs n\u00eb Akademin\u00eb e Muzik\u00ebs n\u00eb Krakow t\u00eb Polonis\u00eb. N\u00eb klas\u00ebn e mjeshtrit polak, Krzysztof Penderecki, do t\u00eb diplomonte e bileta p\u00ebr k\u00ebt\u00eb sukses do t\u00eb ishte vepra \u201cHomagium: Matri Teresiae\u201d \u2013 i pari dhe i vetmi oratorium nga nj\u00eb kompozitor shqiptar.<\/p>\n<p>Premier\u00ebn bot\u00ebrore do ta kishte n\u00eb vitin 1999, n\u00ebn dirigjimin e polakut Wojciech Czepiel i cili ka drejtuar edhe premier\u00ebn ballkanike n\u00eb Prishtin\u00eb e edhe interpretimin e vepr\u00ebs n\u00eb Shkup.<\/p>\n<p>Sipas shpjegimit t\u00eb vepr\u00ebs, &#8220;Homagium&#8230;&#8221; sjell dimensionet shpirt\u00ebrore, etike dhe humanitare t\u00eb jet\u00ebs dhe misionit t\u00eb N\u00ebn\u00ebs Terez\u00eb.<\/p>\n<p>Oratoriumi \u201cHomagium: Matri Teresiae\u201d ka qen\u00eb moment historik e kapitull i ve\u00e7ant\u00eb p\u00ebr sken\u00ebn e muzik\u00ebs klasike n\u00eb vend. P\u00ebr her\u00eb t\u00eb par\u00eb n\u00eb Kosov\u00eb t\u00eb premten ka jehuar nj\u00eb oratorium i nj\u00eb kompozitori shqiptar. \u00cbsht\u00eb i vetmi kompozim i k\u00ebsaj forme muzikore. Sipas shpjegimit t\u00eb vepr\u00ebs, sjell dimensionet shpirt\u00ebrore, etike dhe humanitare t\u00eb jet\u00ebs dhe misionit t\u00eb N\u00ebn\u00ebs Terez\u00eb. Mengjiqi ka qen\u00eb n\u00eb koncert. Nuk ka pranuar t\u00eb flas\u00eb.<\/p>\n<p>P\u00ebr dirigjentin Wojciech Czepiel, interpretimi i k\u00ebsaj vepre \u00ebsht\u00eb moment i ve\u00e7ant\u00eb i karrier\u00ebs s\u00eb tij duke e kthyer at\u00eb n\u00eb vendin e tij, 26 vjet pas nga premiera bot\u00ebrore t\u00eb cil\u00ebn e kishte punuar vet\u00eb.<\/p>\n<p>\u201cRasti i vizit\u00ebs s\u00eb par\u00eb k\u00ebtu \u00ebsht\u00eb shum\u00eb i ve\u00e7ant\u00eb. Kemi interpretuar dy vepra ekstremisht t\u00eb bukura nga Mendi Mengjiqi, kompozitori m\u00eb i r\u00ebnd\u00ebsish\u00ebm n\u00eb Kosov\u00eb. E kam takuar Mengjiqin rreth 20 vjet m\u00eb par\u00eb. Ai ka studiuar n\u00eb Krakow dhe kur b\u00ebri doktorat\u00ebn e kompozoi k\u00ebt\u00eb oratorium. Un\u00eb e b\u00ebra premier\u00ebn bot\u00ebrore t\u00eb saj. M\u00eb pas u takuam shum\u00eb her\u00eb p\u00ebr t\u00eb biseduar p\u00ebr muzik\u00eb, p\u00ebr kompozim, pa e ditur se pas 22 vjet\u00ebsh do t\u00eb ndodhte ky koncert. Isha shum\u00eb i lumtur kur kuptova se Filharmonia e Kosov\u00ebs do q\u00eb un\u00eb ta b\u00ebj s\u00ebrish k\u00ebt\u00eb muzik\u00eb\u201d, kishte th\u00ebn\u00eb dirigjenti i shquar polak.<\/p>\n<p>Hapja dramatike e vepr\u00ebs me pjes\u00ebn \u201cGaudium et spes\u201d ndalet te pjesa korale, e cila stabilizohet me p\u00ebrfshirjen e solist\u00ebve q\u00eb theksojn\u00eb vibrimet e vokalit. Pjesa \u201cPax\u201d hapet me pjes\u00eb muzikore solo nga flauti e ksilofoni n\u00ebn p\u00ebrcjellje t\u00eb leht\u00eb nga harkor\u00ebt. I pari vokal q\u00eb d\u00ebgjohet n\u00eb k\u00ebt\u00eb pjes\u00eb \u00ebsht\u00eb ai i sopranos Adelina Paloja.<\/p>\n<p>Pjesa \u201cGloria Del\u201d ka hapje dramatike t\u00eb orkestr\u00ebs e pasuar nga k\u00ebnga paralele si duet nga sopranoja Adelina Paloja e mexosopranoja polake Ewa Menaszek.<\/p>\n<p>Sa i p\u00ebrket vepr\u00ebs Symphonic Pain\u201d, ajo vjen qen\u00eb si kolazh i tingujve p\u00ebr dhimbje t\u00eb thell\u00eb e shoq\u00ebruar nga dinamizmi kur kulmon, nd\u00ebrsa nga melankolia si rrjedhoj\u00eb e mbivendosjes s\u00eb tingujve t\u00eb ksilofonit n\u00eb ritmet e Orkestr\u00ebs. Dhimbja n\u00eb vepr\u00ebn e Mengjiqit shpesh shtohet e transformohet.<\/p>\n<p>&nbsp;<\/p>\n<p>&nbsp;<\/p>\n","protected":false},"excerpt":{"rendered":"<p>Prishtin\u00eb 29 Shtator 2025 Kori e Orkestra e Filharmonis\u00eb s\u00eb Kosov\u00ebs bashk\u00eb me solist\u00eb, sopranon Adelina Paloja, mexosopranon polake Ewa Menaszek, basin polak Grzegorz Szostak<\/p>\n","protected":false},"author":6,"featured_media":14273,"comment_status":"open","ping_status":"open","sticky":false,"template":"","format":"standard","meta":{"footnotes":""},"categories":[54],"tags":[],"class_list":["post-14272","post","type-post","status-publish","format-standard","has-post-thumbnail","hentry","category-kulture-sq"],"yoast_head":"<!-- This site is optimized with the Yoast SEO plugin v25.3.1 - https:\/\/yoast.com\/wordpress\/plugins\/seo\/ -->\n<title>Filharmonia e Kosov\u00ebs kulmon n\u00eb vendlindjen e N\u00ebn\u00eb Terez\u00ebs me vepr\u00ebn mjesht\u00ebrore p\u00ebr humanisten -<\/title>\n<meta name=\"robots\" content=\"index, follow, max-snippet:-1, max-image-preview:large, max-video-preview:-1\" \/>\n<link rel=\"canonical\" href=\"https:\/\/veritasinfo.org\/?p=14272\" \/>\n<meta property=\"og:locale\" content=\"en_US\" \/>\n<meta property=\"og:type\" content=\"article\" \/>\n<meta property=\"og:title\" content=\"Filharmonia e Kosov\u00ebs kulmon n\u00eb vendlindjen e N\u00ebn\u00eb Terez\u00ebs me vepr\u00ebn mjesht\u00ebrore p\u00ebr humanisten -\" \/>\n<meta property=\"og:description\" content=\"Prishtin\u00eb 29 Shtator 2025 Kori e Orkestra e Filharmonis\u00eb s\u00eb Kosov\u00ebs bashk\u00eb me solist\u00eb, sopranon Adelina Paloja, mexosopranon polake Ewa Menaszek, basin polak Grzegorz Szostak\" \/>\n<meta property=\"og:url\" content=\"https:\/\/veritasinfo.org\/?p=14272\" \/>\n<meta property=\"article:published_time\" content=\"2025-09-29T16:51:07+00:00\" \/>\n<meta property=\"og:image\" content=\"https:\/\/veritasinfo.org\/wp-content\/uploads\/2025\/09\/01a413bd-c218-463f-8be0-19484f50ba1b.webp\" \/>\n\t<meta property=\"og:image:width\" content=\"1360\" \/>\n\t<meta property=\"og:image:height\" content=\"870\" \/>\n\t<meta property=\"og:image:type\" content=\"image\/webp\" \/>\n<meta name=\"author\" content=\"US5\" \/>\n<meta name=\"twitter:card\" content=\"summary_large_image\" \/>\n<meta name=\"twitter:label1\" content=\"Written by\" \/>\n\t<meta name=\"twitter:data1\" content=\"US5\" \/>\n\t<meta name=\"twitter:label2\" content=\"Est. reading time\" \/>\n\t<meta name=\"twitter:data2\" content=\"5 minutes\" \/>\n<script type=\"application\/ld+json\" class=\"yoast-schema-graph\">{\"@context\":\"https:\/\/schema.org\",\"@graph\":[{\"@type\":\"WebPage\",\"@id\":\"https:\/\/veritasinfo.org\/?p=14272\",\"url\":\"https:\/\/veritasinfo.org\/?p=14272\",\"name\":\"Filharmonia e Kosov\u00ebs kulmon n\u00eb vendlindjen e N\u00ebn\u00eb Terez\u00ebs me vepr\u00ebn mjesht\u00ebrore p\u00ebr humanisten -\",\"isPartOf\":{\"@id\":\"https:\/\/veritasinfo.org\/#website\"},\"primaryImageOfPage\":{\"@id\":\"https:\/\/veritasinfo.org\/?p=14272#primaryimage\"},\"image\":{\"@id\":\"https:\/\/veritasinfo.org\/?p=14272#primaryimage\"},\"thumbnailUrl\":\"https:\/\/veritasinfo.org\/wp-content\/uploads\/2025\/09\/01a413bd-c218-463f-8be0-19484f50ba1b.webp\",\"datePublished\":\"2025-09-29T16:51:07+00:00\",\"author\":{\"@id\":\"https:\/\/veritasinfo.org\/#\/schema\/person\/bc442336e35414d04494ab8fb45db4c6\"},\"breadcrumb\":{\"@id\":\"https:\/\/veritasinfo.org\/?p=14272#breadcrumb\"},\"inLanguage\":\"en-US\",\"potentialAction\":[{\"@type\":\"ReadAction\",\"target\":[\"https:\/\/veritasinfo.org\/?p=14272\"]}]},{\"@type\":\"ImageObject\",\"inLanguage\":\"en-US\",\"@id\":\"https:\/\/veritasinfo.org\/?p=14272#primaryimage\",\"url\":\"https:\/\/veritasinfo.org\/wp-content\/uploads\/2025\/09\/01a413bd-c218-463f-8be0-19484f50ba1b.webp\",\"contentUrl\":\"https:\/\/veritasinfo.org\/wp-content\/uploads\/2025\/09\/01a413bd-c218-463f-8be0-19484f50ba1b.webp\",\"width\":1360,\"height\":870},{\"@type\":\"BreadcrumbList\",\"@id\":\"https:\/\/veritasinfo.org\/?p=14272#breadcrumb\",\"itemListElement\":[{\"@type\":\"ListItem\",\"position\":1,\"name\":\"Home\",\"item\":\"https:\/\/veritasinfo.org\/\"},{\"@type\":\"ListItem\",\"position\":2,\"name\":\"Filharmonia e Kosov\u00ebs kulmon n\u00eb vendlindjen e N\u00ebn\u00eb Terez\u00ebs me vepr\u00ebn mjesht\u00ebrore p\u00ebr humanisten\"}]},{\"@type\":\"WebSite\",\"@id\":\"https:\/\/veritasinfo.org\/#website\",\"url\":\"https:\/\/veritasinfo.org\/\",\"name\":\"\",\"description\":\"\",\"potentialAction\":[{\"@type\":\"SearchAction\",\"target\":{\"@type\":\"EntryPoint\",\"urlTemplate\":\"https:\/\/veritasinfo.org\/?s={search_term_string}\"},\"query-input\":{\"@type\":\"PropertyValueSpecification\",\"valueRequired\":true,\"valueName\":\"search_term_string\"}}],\"inLanguage\":\"en-US\"},{\"@type\":\"Person\",\"@id\":\"https:\/\/veritasinfo.org\/#\/schema\/person\/bc442336e35414d04494ab8fb45db4c6\",\"name\":\"US5\",\"image\":{\"@type\":\"ImageObject\",\"inLanguage\":\"en-US\",\"@id\":\"https:\/\/veritasinfo.org\/#\/schema\/person\/image\/\",\"url\":\"https:\/\/secure.gravatar.com\/avatar\/16a61e7272a0c5d001121ebb9e60e925d5816e4ac1e443ed3e640d9a6ae55d0c?s=96&d=mm&r=g\",\"contentUrl\":\"https:\/\/secure.gravatar.com\/avatar\/16a61e7272a0c5d001121ebb9e60e925d5816e4ac1e443ed3e640d9a6ae55d0c?s=96&d=mm&r=g\",\"caption\":\"US5\"},\"url\":\"https:\/\/veritasinfo.org\/?author=6\"}]}<\/script>\n<!-- \/ Yoast SEO plugin. -->","yoast_head_json":{"title":"Filharmonia e Kosov\u00ebs kulmon n\u00eb vendlindjen e N\u00ebn\u00eb Terez\u00ebs me vepr\u00ebn mjesht\u00ebrore p\u00ebr humanisten -","robots":{"index":"index","follow":"follow","max-snippet":"max-snippet:-1","max-image-preview":"max-image-preview:large","max-video-preview":"max-video-preview:-1"},"canonical":"https:\/\/veritasinfo.org\/?p=14272","og_locale":"en_US","og_type":"article","og_title":"Filharmonia e Kosov\u00ebs kulmon n\u00eb vendlindjen e N\u00ebn\u00eb Terez\u00ebs me vepr\u00ebn mjesht\u00ebrore p\u00ebr humanisten -","og_description":"Prishtin\u00eb 29 Shtator 2025 Kori e Orkestra e Filharmonis\u00eb s\u00eb Kosov\u00ebs bashk\u00eb me solist\u00eb, sopranon Adelina Paloja, mexosopranon polake Ewa Menaszek, basin polak Grzegorz Szostak","og_url":"https:\/\/veritasinfo.org\/?p=14272","article_published_time":"2025-09-29T16:51:07+00:00","og_image":[{"width":1360,"height":870,"url":"https:\/\/veritasinfo.org\/wp-content\/uploads\/2025\/09\/01a413bd-c218-463f-8be0-19484f50ba1b.webp","type":"image\/webp"}],"author":"US5","twitter_card":"summary_large_image","twitter_misc":{"Written by":"US5","Est. reading time":"5 minutes"},"schema":{"@context":"https:\/\/schema.org","@graph":[{"@type":"WebPage","@id":"https:\/\/veritasinfo.org\/?p=14272","url":"https:\/\/veritasinfo.org\/?p=14272","name":"Filharmonia e Kosov\u00ebs kulmon n\u00eb vendlindjen e N\u00ebn\u00eb Terez\u00ebs me vepr\u00ebn mjesht\u00ebrore p\u00ebr humanisten -","isPartOf":{"@id":"https:\/\/veritasinfo.org\/#website"},"primaryImageOfPage":{"@id":"https:\/\/veritasinfo.org\/?p=14272#primaryimage"},"image":{"@id":"https:\/\/veritasinfo.org\/?p=14272#primaryimage"},"thumbnailUrl":"https:\/\/veritasinfo.org\/wp-content\/uploads\/2025\/09\/01a413bd-c218-463f-8be0-19484f50ba1b.webp","datePublished":"2025-09-29T16:51:07+00:00","author":{"@id":"https:\/\/veritasinfo.org\/#\/schema\/person\/bc442336e35414d04494ab8fb45db4c6"},"breadcrumb":{"@id":"https:\/\/veritasinfo.org\/?p=14272#breadcrumb"},"inLanguage":"en-US","potentialAction":[{"@type":"ReadAction","target":["https:\/\/veritasinfo.org\/?p=14272"]}]},{"@type":"ImageObject","inLanguage":"en-US","@id":"https:\/\/veritasinfo.org\/?p=14272#primaryimage","url":"https:\/\/veritasinfo.org\/wp-content\/uploads\/2025\/09\/01a413bd-c218-463f-8be0-19484f50ba1b.webp","contentUrl":"https:\/\/veritasinfo.org\/wp-content\/uploads\/2025\/09\/01a413bd-c218-463f-8be0-19484f50ba1b.webp","width":1360,"height":870},{"@type":"BreadcrumbList","@id":"https:\/\/veritasinfo.org\/?p=14272#breadcrumb","itemListElement":[{"@type":"ListItem","position":1,"name":"Home","item":"https:\/\/veritasinfo.org\/"},{"@type":"ListItem","position":2,"name":"Filharmonia e Kosov\u00ebs kulmon n\u00eb vendlindjen e N\u00ebn\u00eb Terez\u00ebs me vepr\u00ebn mjesht\u00ebrore p\u00ebr humanisten"}]},{"@type":"WebSite","@id":"https:\/\/veritasinfo.org\/#website","url":"https:\/\/veritasinfo.org\/","name":"","description":"","potentialAction":[{"@type":"SearchAction","target":{"@type":"EntryPoint","urlTemplate":"https:\/\/veritasinfo.org\/?s={search_term_string}"},"query-input":{"@type":"PropertyValueSpecification","valueRequired":true,"valueName":"search_term_string"}}],"inLanguage":"en-US"},{"@type":"Person","@id":"https:\/\/veritasinfo.org\/#\/schema\/person\/bc442336e35414d04494ab8fb45db4c6","name":"US5","image":{"@type":"ImageObject","inLanguage":"en-US","@id":"https:\/\/veritasinfo.org\/#\/schema\/person\/image\/","url":"https:\/\/secure.gravatar.com\/avatar\/16a61e7272a0c5d001121ebb9e60e925d5816e4ac1e443ed3e640d9a6ae55d0c?s=96&d=mm&r=g","contentUrl":"https:\/\/secure.gravatar.com\/avatar\/16a61e7272a0c5d001121ebb9e60e925d5816e4ac1e443ed3e640d9a6ae55d0c?s=96&d=mm&r=g","caption":"US5"},"url":"https:\/\/veritasinfo.org\/?author=6"}]}},"featured_image_urls":{"full":["https:\/\/veritasinfo.org\/wp-content\/uploads\/2025\/09\/01a413bd-c218-463f-8be0-19484f50ba1b.webp",1360,870,false],"thumbnail":["https:\/\/veritasinfo.org\/wp-content\/uploads\/2025\/09\/01a413bd-c218-463f-8be0-19484f50ba1b-150x150.webp",150,150,true],"medium":["https:\/\/veritasinfo.org\/wp-content\/uploads\/2025\/09\/01a413bd-c218-463f-8be0-19484f50ba1b-300x192.webp",300,192,true],"medium_large":["https:\/\/veritasinfo.org\/wp-content\/uploads\/2025\/09\/01a413bd-c218-463f-8be0-19484f50ba1b-768x491.webp",640,409,true],"large":["https:\/\/veritasinfo.org\/wp-content\/uploads\/2025\/09\/01a413bd-c218-463f-8be0-19484f50ba1b-1024x655.webp",640,409,true],"1536x1536":["https:\/\/veritasinfo.org\/wp-content\/uploads\/2025\/09\/01a413bd-c218-463f-8be0-19484f50ba1b.webp",1360,870,false],"2048x2048":["https:\/\/veritasinfo.org\/wp-content\/uploads\/2025\/09\/01a413bd-c218-463f-8be0-19484f50ba1b.webp",1360,870,false],"kreeti-slider-full":["https:\/\/veritasinfo.org\/wp-content\/uploads\/2025\/09\/01a413bd-c218-463f-8be0-19484f50ba1b.webp",1126,720,false],"kreeti-featured":["https:\/\/veritasinfo.org\/wp-content\/uploads\/2025\/09\/01a413bd-c218-463f-8be0-19484f50ba1b.webp",1024,655,false],"kreeti-medium":["https:\/\/veritasinfo.org\/wp-content\/uploads\/2025\/09\/01a413bd-c218-463f-8be0-19484f50ba1b.webp",720,461,false],"kreeti-medium-square":["https:\/\/veritasinfo.org\/wp-content\/uploads\/2025\/09\/01a413bd-c218-463f-8be0-19484f50ba1b.webp",350,224,false]},"author_info":{"info":["US5"]},"category_info":"<a href=\"https:\/\/veritasinfo.org\/?cat=54\" rel=\"category\">Kultur\u00eb<\/a>","tag_info":"Kultur\u00eb","comment_count":"0","_links":{"self":[{"href":"https:\/\/veritasinfo.org\/index.php?rest_route=\/wp\/v2\/posts\/14272","targetHints":{"allow":["GET"]}}],"collection":[{"href":"https:\/\/veritasinfo.org\/index.php?rest_route=\/wp\/v2\/posts"}],"about":[{"href":"https:\/\/veritasinfo.org\/index.php?rest_route=\/wp\/v2\/types\/post"}],"author":[{"embeddable":true,"href":"https:\/\/veritasinfo.org\/index.php?rest_route=\/wp\/v2\/users\/6"}],"replies":[{"embeddable":true,"href":"https:\/\/veritasinfo.org\/index.php?rest_route=%2Fwp%2Fv2%2Fcomments&post=14272"}],"version-history":[{"count":1,"href":"https:\/\/veritasinfo.org\/index.php?rest_route=\/wp\/v2\/posts\/14272\/revisions"}],"predecessor-version":[{"id":14274,"href":"https:\/\/veritasinfo.org\/index.php?rest_route=\/wp\/v2\/posts\/14272\/revisions\/14274"}],"wp:featuredmedia":[{"embeddable":true,"href":"https:\/\/veritasinfo.org\/index.php?rest_route=\/wp\/v2\/media\/14273"}],"wp:attachment":[{"href":"https:\/\/veritasinfo.org\/index.php?rest_route=%2Fwp%2Fv2%2Fmedia&parent=14272"}],"wp:term":[{"taxonomy":"category","embeddable":true,"href":"https:\/\/veritasinfo.org\/index.php?rest_route=%2Fwp%2Fv2%2Fcategories&post=14272"},{"taxonomy":"post_tag","embeddable":true,"href":"https:\/\/veritasinfo.org\/index.php?rest_route=%2Fwp%2Fv2%2Ftags&post=14272"}],"curies":[{"name":"wp","href":"https:\/\/api.w.org\/{rel}","templated":true}]}}