{"id":1425,"date":"2025-06-24T07:58:34","date_gmt":"2025-06-24T05:58:34","guid":{"rendered":"https:\/\/veritasinfo.org\/?p=1425"},"modified":"2025-06-24T07:59:41","modified_gmt":"2025-06-24T05:59:41","slug":"un-tenzije-izmedju-pristine-i-beograda-i-dalje-visoke","status":"publish","type":"post","link":"https:\/\/veritasinfo.org\/?p=1425&lang=sr","title":{"rendered":"UN: Tenzije izme\u0111u Pri\u0161tine i Beograda i dalje visoke"},"content":{"rendered":"<p>&nbsp;<\/p>\n<p>Pri\u0161tina, 24.06.2025.<\/p>\n<p>Nere\u0161ene politi\u010dke tenzije sa Srbijom i nestabilna situacija na severu zemlje i dalje negativno uti\u010du na stabilnost Kosova i na njegovu sposobnost da u potpunosti iskoristi inicijative Evropske unije, navodi se u izve\u0161taju Tima Ujedinjenih nacija na Kosovu.<\/p>\n<p>Iako dokument pru\u017ea \u0161irok pregled dostignu\u0107a i klju\u010dnih izazova sa kojima se dr\u017eava suo\u010dava, konstatuje se da je Kosovo ostvarilo zna\u010dajan napredak tokom poslednje decenije u pravcu demokratskog i ekonomskog razvoja.<\/p>\n<p>&nbsp;<\/p>\n<p>Tenzije izme\u0111u Kosova i Srbije ostaju visoke, uprkos vi\u0161egodi\u0161njim naporima Evropske unije da normalizuje odnose izme\u0111u dve strane.<\/p>\n<p>&nbsp;<\/p>\n<p>U izve\u0161taju se isti\u010de da je nedostatak napretka u dijalogu doveo do krize na severu, koji je prete\u017eno naseljen Srbima.<\/p>\n<p>&nbsp;<\/p>\n<p>\u201eDvadeset pet godina nakon okon\u010danja sukoba 1999. godine, ostvaren je mali napredak u pomirenju izme\u0111u Beograda i Pri\u0161tine, kao i me\u0111u zajednicama unutar Kosova,\u201c pi\u0161e u dokumentu, uz napomenu da kriza na severu Kosova sputava strane investicije, odr\u017eivi razvoj, regionalnu saradnju i integraciju.<\/p>\n<p>&nbsp;<\/p>\n<p>Tako\u0111e se navodi da su politi\u010dke blokade u vezi sa formiranjem Zajednice op\u0161tina sa srpskom ve\u0107inom, me\u0111usobno priznanje Beograda i Pri\u0161tine, i nedostatak potpisa na Briselskom i Ohridskom sporazumu iz 2023. godine doprinele ja\u010danju polarizacije umesto normalizaciji odnosa.<\/p>\n<p>&nbsp;<\/p>\n<p>EU smatra Kosovo odgovornim za eskalaciju tenzija na severu i u junu 2023. godine uvela je mere, uklju\u010duju\u0107i suspenziju razvojne pomo\u0107i, \u0161to je usporilo napore ka ispunjenju ciljeva Agende 2030.<\/p>\n<p>&nbsp;<\/p>\n<p>I pored napretka u oblasti demokratije, uklju\u010duju\u0107i slobodne izbore i mirne politi\u010dke tranzicije, Kosovo se i dalje suo\u010dava sa ekonomskom, socijalnom i ekolo\u0161kom ranjivo\u0161\u0107u.<\/p>\n<p>&nbsp;<\/p>\n<p>Napredak ka ispunjenju Ciljeva odr\u017eivog razvoja (SDG) je spor i neujedna\u010den. Me\u0111u izazovima se navode: siroma\u0161tvo, zdravstvena za\u0161tita, obrazovanje, rodna ravnopravnost, klimatske promene, zaga\u0111enje, nezaposlenost mladih i stabilne institucije.<\/p>\n<p>&nbsp;<\/p>\n<p>Problem predstavlja i nedostatak pouzdanih podataka za mnoge pokazatelje SDG-a, \u0161to ote\u017eava kvantitativne procene.<\/p>\n<p>&nbsp;<\/p>\n<p>Prema popisu stanovni\u0161tva iz 2024. godine, broj stanovnika Kosova se smanjio za 8,8% u odnosu na 2011. godinu \u2013 sa 1.739.825 na 1.602.515 stanovnika \u2013 uglavnom zbog emigracije mladih. Prose\u010dna starost porasla je sa 30 na 35 godina, a udeo stanovni\u0161tva starijeg od 65 godina sa 6,7% na 10,9%, \u0161to ukazuje na starenje populacije.<\/p>\n<p>&nbsp;<\/p>\n<p>Kosovo i dalje ima jednu od najmla\u0111ih populacija u Evropi, ali u\u010de\u0161\u0107e radno sposobnog stanovni\u0161tva u tr\u017ei\u0161tu rada je samo 40,7%. U\u010de\u0161\u0107e \u017eena je najni\u017ee u Evropi \u2013 24,2%, dok je kod mu\u0161karaca 57,8%. Nezaposlenost mladih iznosi 17,3% \u2013 14,4% kod mu\u0161karaca i 22,8% kod \u017eena.<\/p>\n<p>&nbsp;<\/p>\n<p>Mnogi poslovi, posebno u neformalnoj ekonomiji, ne pru\u017eaju socijalnu za\u0161titu, ostavljaju\u0107i radnike izlo\u017eenim lo\u0161im uslovima i nesigurnim prihodima.<\/p>\n<p>&nbsp;<\/p>\n<p>Iako je siroma\u0161tvo na Kosovu opalo, taj proces je usporen poslednjih godina. Pove\u0107anje plata nije nu\u017eno pobolj\u0161alo \u017eivotni standard najsiroma\u0161nijih porodica.<\/p>\n<p>&nbsp;<\/p>\n<p>Sektor energetike se i dalje oslanja na lignit, \u0161to izaziva ozbiljno zaga\u0111enje, naro\u010dito u urbanim sredinama. Kosovo je zapo\u010delo tranziciju ka obnovljivim izvorima energije, ali su potrebna ve\u0107a ulaganja.<\/p>\n<p>&nbsp;<\/p>\n<p>Klimatske promene \u2013 poput porasta temperatura, poplava i su\u0161a \u2013 dodatno ugro\u017eavaju socioekonomsku stabilnost, naro\u010dito na selu gde se ljudi oslanjaju na poljoprivredu.<\/p>\n<p>&nbsp;<\/p>\n<p>U pogledu politike, navodi se da je politi\u010dka stabilnost oja\u010dana time \u0161to je Pokret Samoopredeljenje (Vet\u00ebvendosje) zavr\u0161io pun mandat (2022\u20132025). Ipak, nedovoljni administrativni kapaciteti ometaju sprovo\u0111enje ambicioznih reformi. Iako su poja\u010dane mere protiv korupcije i pove\u0107ana transparentnost, korupcija i dalje ko\u010di razvoj.<\/p>\n<p>&nbsp;<\/p>\n<p>Po\u0161tovanje ljudskih prava, vladavina prava i odgovornost u upravljanju su neophodni za dugoro\u010dnu stabilnost. Postoje\u0107i pravni okvir, posebno Zakon o zabrani diskriminacije, mora se dosledno primenjivati.<\/p>\n<p>&nbsp;<\/p>\n<p>Kosovo ima strate\u0161ki polo\u017eaj i blizinu tr\u017ei\u0161tima EU, \u0161to pru\u017ea \u0161anse za rast, ali je potrebno razvijati konkurentnu, inovacijama zasnovanu ekonomiju \u2013 naro\u010dito u zelenim sektorima. Digitalna transformacija mo\u017ee unaprediti javne usluge, ali prepreke uklju\u010duju digitalni jaz, manjak ve\u0161tina i zastarele regulative.<\/p>\n<p>&nbsp;<\/p>\n<p>Uop\u0161teno, UN ocenjuju da je Kosovo ostvarilo napredak tokom poslednje decenije. Od 2018. ima status zemlje sa vi\u0161im srednjim prihodima, uz pobolj\u0161anja u socijalnim, ekonomskim i upravlja\u010dkim pokazateljima.<\/p>\n<p>&nbsp;<\/p>\n<p>Od 2010. do 2019. godine, prose\u010dan godi\u0161nji rast BDP-a bio je 4,6%, \u0161to je doprinelo pove\u0107anju \u017eivotnog standarda i smanjenju siroma\u0161tva za 35%. Ekonomija je vo\u0111ena uslu\u017enim sektorom, industrijom i poljoprivredom, podr\u017eana doznakama i investicijama dijaspore. Mali i srednji biznisi doprinose zapo\u0161ljavanju i ekonomskom razvoju.<\/p>\n<p>&nbsp;<\/p>\n<p>&nbsp;<\/p>\n","protected":false},"excerpt":{"rendered":"<p>&nbsp; Pri\u0161tina, 24.06.2025. Nere\u0161ene politi\u010dke tenzije sa Srbijom i nestabilna situacija na severu zemlje i dalje negativno uti\u010du na stabilnost Kosova i na njegovu sposobnost<\/p>\n","protected":false},"author":1,"featured_media":1423,"comment_status":"open","ping_status":"open","sticky":false,"template":"","format":"standard","meta":{"footnotes":""},"categories":[30],"tags":[],"class_list":["post-1425","post","type-post","status-publish","format-standard","has-post-thumbnail","hentry","category-drustvo"],"yoast_head":"<!-- This site is optimized with the Yoast SEO plugin v25.3.1 - https:\/\/yoast.com\/wordpress\/plugins\/seo\/ -->\n<title>UN: Tenzije izme\u0111u Pri\u0161tine i Beograda i dalje visoke -<\/title>\n<meta name=\"robots\" content=\"index, follow, max-snippet:-1, max-image-preview:large, max-video-preview:-1\" \/>\n<link rel=\"canonical\" href=\"https:\/\/veritasinfo.org\/?p=1425&lang=sr\" \/>\n<meta property=\"og:locale\" content=\"en_US\" \/>\n<meta property=\"og:type\" content=\"article\" \/>\n<meta property=\"og:title\" content=\"UN: Tenzije izme\u0111u Pri\u0161tine i Beograda i dalje visoke -\" \/>\n<meta property=\"og:description\" content=\"&nbsp; Pri\u0161tina, 24.06.2025. Nere\u0161ene politi\u010dke tenzije sa Srbijom i nestabilna situacija na severu zemlje i dalje negativno uti\u010du na stabilnost Kosova i na njegovu sposobnost\" \/>\n<meta property=\"og:url\" content=\"https:\/\/veritasinfo.org\/?p=1425&amp;lang=sr\" \/>\n<meta property=\"article:published_time\" content=\"2025-06-24T05:58:34+00:00\" \/>\n<meta property=\"article:modified_time\" content=\"2025-06-24T05:59:41+00:00\" \/>\n<meta property=\"og:image\" content=\"https:\/\/veritasinfo.org\/wp-content\/uploads\/2025\/06\/IMG_1542.webp\" \/>\n\t<meta property=\"og:image:width\" content=\"780\" \/>\n\t<meta property=\"og:image:height\" content=\"439\" \/>\n\t<meta property=\"og:image:type\" content=\"image\/webp\" \/>\n<meta name=\"author\" content=\"admin\" \/>\n<meta name=\"twitter:card\" content=\"summary_large_image\" \/>\n<meta name=\"twitter:label1\" content=\"Written by\" \/>\n\t<meta name=\"twitter:data1\" content=\"admin\" \/>\n\t<meta name=\"twitter:label2\" content=\"Est. reading time\" \/>\n\t<meta name=\"twitter:data2\" content=\"4 minutes\" \/>\n<script type=\"application\/ld+json\" class=\"yoast-schema-graph\">{\"@context\":\"https:\/\/schema.org\",\"@graph\":[{\"@type\":\"WebPage\",\"@id\":\"https:\/\/veritasinfo.org\/?p=1425&lang=sr\",\"url\":\"https:\/\/veritasinfo.org\/?p=1425&lang=sr\",\"name\":\"UN: Tenzije izme\u0111u Pri\u0161tine i Beograda i dalje visoke -\",\"isPartOf\":{\"@id\":\"https:\/\/veritasinfo.org\/#website\"},\"primaryImageOfPage\":{\"@id\":\"https:\/\/veritasinfo.org\/?p=1425&lang=sr#primaryimage\"},\"image\":{\"@id\":\"https:\/\/veritasinfo.org\/?p=1425&lang=sr#primaryimage\"},\"thumbnailUrl\":\"https:\/\/veritasinfo.org\/wp-content\/uploads\/2025\/06\/IMG_1542.webp\",\"datePublished\":\"2025-06-24T05:58:34+00:00\",\"dateModified\":\"2025-06-24T05:59:41+00:00\",\"author\":{\"@id\":\"https:\/\/veritasinfo.org\/#\/schema\/person\/7701f8c088bece422266b100a712374f\"},\"breadcrumb\":{\"@id\":\"https:\/\/veritasinfo.org\/?p=1425&lang=sr#breadcrumb\"},\"inLanguage\":\"en-US\",\"potentialAction\":[{\"@type\":\"ReadAction\",\"target\":[\"https:\/\/veritasinfo.org\/?p=1425&lang=sr\"]}]},{\"@type\":\"ImageObject\",\"inLanguage\":\"en-US\",\"@id\":\"https:\/\/veritasinfo.org\/?p=1425&lang=sr#primaryimage\",\"url\":\"https:\/\/veritasinfo.org\/wp-content\/uploads\/2025\/06\/IMG_1542.webp\",\"contentUrl\":\"https:\/\/veritasinfo.org\/wp-content\/uploads\/2025\/06\/IMG_1542.webp\",\"width\":780,\"height\":439},{\"@type\":\"BreadcrumbList\",\"@id\":\"https:\/\/veritasinfo.org\/?p=1425&lang=sr#breadcrumb\",\"itemListElement\":[{\"@type\":\"ListItem\",\"position\":1,\"name\":\"Home\",\"item\":\"https:\/\/veritasinfo.org\/\"},{\"@type\":\"ListItem\",\"position\":2,\"name\":\"UN: Tenzije izme\u0111u Pri\u0161tine i Beograda i dalje visoke\"}]},{\"@type\":\"WebSite\",\"@id\":\"https:\/\/veritasinfo.org\/#website\",\"url\":\"https:\/\/veritasinfo.org\/\",\"name\":\"\",\"description\":\"\",\"potentialAction\":[{\"@type\":\"SearchAction\",\"target\":{\"@type\":\"EntryPoint\",\"urlTemplate\":\"https:\/\/veritasinfo.org\/?s={search_term_string}\"},\"query-input\":{\"@type\":\"PropertyValueSpecification\",\"valueRequired\":true,\"valueName\":\"search_term_string\"}}],\"inLanguage\":\"en-US\"},{\"@type\":\"Person\",\"@id\":\"https:\/\/veritasinfo.org\/#\/schema\/person\/7701f8c088bece422266b100a712374f\",\"name\":\"admin\",\"image\":{\"@type\":\"ImageObject\",\"inLanguage\":\"en-US\",\"@id\":\"https:\/\/veritasinfo.org\/#\/schema\/person\/image\/\",\"url\":\"https:\/\/secure.gravatar.com\/avatar\/ea53aa3bf6c9a12d5fde8ce4deff43fef3885ae33cf60184161a50d6987cfd2f?s=96&d=mm&r=g\",\"contentUrl\":\"https:\/\/secure.gravatar.com\/avatar\/ea53aa3bf6c9a12d5fde8ce4deff43fef3885ae33cf60184161a50d6987cfd2f?s=96&d=mm&r=g\",\"caption\":\"admin\"},\"sameAs\":[\"https:\/\/veritasinfo.org\"],\"url\":\"https:\/\/veritasinfo.org\/?author=1\"}]}<\/script>\n<!-- \/ Yoast SEO plugin. -->","yoast_head_json":{"title":"UN: Tenzije izme\u0111u Pri\u0161tine i Beograda i dalje visoke -","robots":{"index":"index","follow":"follow","max-snippet":"max-snippet:-1","max-image-preview":"max-image-preview:large","max-video-preview":"max-video-preview:-1"},"canonical":"https:\/\/veritasinfo.org\/?p=1425&lang=sr","og_locale":"en_US","og_type":"article","og_title":"UN: Tenzije izme\u0111u Pri\u0161tine i Beograda i dalje visoke -","og_description":"&nbsp; Pri\u0161tina, 24.06.2025. Nere\u0161ene politi\u010dke tenzije sa Srbijom i nestabilna situacija na severu zemlje i dalje negativno uti\u010du na stabilnost Kosova i na njegovu sposobnost","og_url":"https:\/\/veritasinfo.org\/?p=1425&lang=sr","article_published_time":"2025-06-24T05:58:34+00:00","article_modified_time":"2025-06-24T05:59:41+00:00","og_image":[{"width":780,"height":439,"url":"https:\/\/veritasinfo.org\/wp-content\/uploads\/2025\/06\/IMG_1542.webp","type":"image\/webp"}],"author":"admin","twitter_card":"summary_large_image","twitter_misc":{"Written by":"admin","Est. reading time":"4 minutes"},"schema":{"@context":"https:\/\/schema.org","@graph":[{"@type":"WebPage","@id":"https:\/\/veritasinfo.org\/?p=1425&lang=sr","url":"https:\/\/veritasinfo.org\/?p=1425&lang=sr","name":"UN: Tenzije izme\u0111u Pri\u0161tine i Beograda i dalje visoke -","isPartOf":{"@id":"https:\/\/veritasinfo.org\/#website"},"primaryImageOfPage":{"@id":"https:\/\/veritasinfo.org\/?p=1425&lang=sr#primaryimage"},"image":{"@id":"https:\/\/veritasinfo.org\/?p=1425&lang=sr#primaryimage"},"thumbnailUrl":"https:\/\/veritasinfo.org\/wp-content\/uploads\/2025\/06\/IMG_1542.webp","datePublished":"2025-06-24T05:58:34+00:00","dateModified":"2025-06-24T05:59:41+00:00","author":{"@id":"https:\/\/veritasinfo.org\/#\/schema\/person\/7701f8c088bece422266b100a712374f"},"breadcrumb":{"@id":"https:\/\/veritasinfo.org\/?p=1425&lang=sr#breadcrumb"},"inLanguage":"en-US","potentialAction":[{"@type":"ReadAction","target":["https:\/\/veritasinfo.org\/?p=1425&lang=sr"]}]},{"@type":"ImageObject","inLanguage":"en-US","@id":"https:\/\/veritasinfo.org\/?p=1425&lang=sr#primaryimage","url":"https:\/\/veritasinfo.org\/wp-content\/uploads\/2025\/06\/IMG_1542.webp","contentUrl":"https:\/\/veritasinfo.org\/wp-content\/uploads\/2025\/06\/IMG_1542.webp","width":780,"height":439},{"@type":"BreadcrumbList","@id":"https:\/\/veritasinfo.org\/?p=1425&lang=sr#breadcrumb","itemListElement":[{"@type":"ListItem","position":1,"name":"Home","item":"https:\/\/veritasinfo.org\/"},{"@type":"ListItem","position":2,"name":"UN: Tenzije izme\u0111u Pri\u0161tine i Beograda i dalje visoke"}]},{"@type":"WebSite","@id":"https:\/\/veritasinfo.org\/#website","url":"https:\/\/veritasinfo.org\/","name":"","description":"","potentialAction":[{"@type":"SearchAction","target":{"@type":"EntryPoint","urlTemplate":"https:\/\/veritasinfo.org\/?s={search_term_string}"},"query-input":{"@type":"PropertyValueSpecification","valueRequired":true,"valueName":"search_term_string"}}],"inLanguage":"en-US"},{"@type":"Person","@id":"https:\/\/veritasinfo.org\/#\/schema\/person\/7701f8c088bece422266b100a712374f","name":"admin","image":{"@type":"ImageObject","inLanguage":"en-US","@id":"https:\/\/veritasinfo.org\/#\/schema\/person\/image\/","url":"https:\/\/secure.gravatar.com\/avatar\/ea53aa3bf6c9a12d5fde8ce4deff43fef3885ae33cf60184161a50d6987cfd2f?s=96&d=mm&r=g","contentUrl":"https:\/\/secure.gravatar.com\/avatar\/ea53aa3bf6c9a12d5fde8ce4deff43fef3885ae33cf60184161a50d6987cfd2f?s=96&d=mm&r=g","caption":"admin"},"sameAs":["https:\/\/veritasinfo.org"],"url":"https:\/\/veritasinfo.org\/?author=1"}]}},"featured_image_urls":{"full":["https:\/\/veritasinfo.org\/wp-content\/uploads\/2025\/06\/IMG_1542.webp",780,439,false],"thumbnail":["https:\/\/veritasinfo.org\/wp-content\/uploads\/2025\/06\/IMG_1542-150x150.webp",150,150,true],"medium":["https:\/\/veritasinfo.org\/wp-content\/uploads\/2025\/06\/IMG_1542-300x169.webp",300,169,true],"medium_large":["https:\/\/veritasinfo.org\/wp-content\/uploads\/2025\/06\/IMG_1542-768x432.webp",640,360,true],"large":["https:\/\/veritasinfo.org\/wp-content\/uploads\/2025\/06\/IMG_1542.webp",640,360,false],"1536x1536":["https:\/\/veritasinfo.org\/wp-content\/uploads\/2025\/06\/IMG_1542.webp",780,439,false],"2048x2048":["https:\/\/veritasinfo.org\/wp-content\/uploads\/2025\/06\/IMG_1542.webp",780,439,false],"kreeti-slider-full":["https:\/\/veritasinfo.org\/wp-content\/uploads\/2025\/06\/IMG_1542.webp",780,439,false],"kreeti-featured":["https:\/\/veritasinfo.org\/wp-content\/uploads\/2025\/06\/IMG_1542.webp",780,439,false],"kreeti-medium":["https:\/\/veritasinfo.org\/wp-content\/uploads\/2025\/06\/IMG_1542.webp",720,405,false],"kreeti-medium-square":["https:\/\/veritasinfo.org\/wp-content\/uploads\/2025\/06\/IMG_1542.webp",350,197,false]},"author_info":{"info":["admin"]},"category_info":"<a href=\"https:\/\/veritasinfo.org\/?cat=30&#038;lang=sr\" rel=\"category\">Dru\u0161tvo<\/a>","tag_info":"Dru\u0161tvo","comment_count":"0","_links":{"self":[{"href":"https:\/\/veritasinfo.org\/index.php?rest_route=\/wp\/v2\/posts\/1425","targetHints":{"allow":["GET"]}}],"collection":[{"href":"https:\/\/veritasinfo.org\/index.php?rest_route=\/wp\/v2\/posts"}],"about":[{"href":"https:\/\/veritasinfo.org\/index.php?rest_route=\/wp\/v2\/types\/post"}],"author":[{"embeddable":true,"href":"https:\/\/veritasinfo.org\/index.php?rest_route=\/wp\/v2\/users\/1"}],"replies":[{"embeddable":true,"href":"https:\/\/veritasinfo.org\/index.php?rest_route=%2Fwp%2Fv2%2Fcomments&post=1425"}],"version-history":[{"count":1,"href":"https:\/\/veritasinfo.org\/index.php?rest_route=\/wp\/v2\/posts\/1425\/revisions"}],"predecessor-version":[{"id":1426,"href":"https:\/\/veritasinfo.org\/index.php?rest_route=\/wp\/v2\/posts\/1425\/revisions\/1426"}],"wp:featuredmedia":[{"embeddable":true,"href":"https:\/\/veritasinfo.org\/index.php?rest_route=\/wp\/v2\/media\/1423"}],"wp:attachment":[{"href":"https:\/\/veritasinfo.org\/index.php?rest_route=%2Fwp%2Fv2%2Fmedia&parent=1425"}],"wp:term":[{"taxonomy":"category","embeddable":true,"href":"https:\/\/veritasinfo.org\/index.php?rest_route=%2Fwp%2Fv2%2Fcategories&post=1425"},{"taxonomy":"post_tag","embeddable":true,"href":"https:\/\/veritasinfo.org\/index.php?rest_route=%2Fwp%2Fv2%2Ftags&post=1425"}],"curies":[{"name":"wp","href":"https:\/\/api.w.org\/{rel}","templated":true}]}}