{"id":14242,"date":"2025-09-29T14:25:18","date_gmt":"2025-09-29T12:25:18","guid":{"rendered":"https:\/\/veritasinfo.org\/?p=14242"},"modified":"2025-09-29T15:02:34","modified_gmt":"2025-09-29T13:02:34","slug":"leutrim-ajeti-je-potreban-gracanici","status":"publish","type":"post","link":"https:\/\/veritasinfo.org\/?p=14242&lang=sr","title":{"rendered":"Ljeutrim Ajeti je potreban Gra\u010danici"},"content":{"rendered":"<p data-start=\"39\" data-end=\"463\">Gra\u010danica, 29. septembar 2025<\/p>\n<p data-start=\"39\" data-end=\"463\">Upravo je napunio 36 godina. Dobro obrazovan i iskusan u oblasti upravljanja lokalnom vla\u0161\u0107u, zahvaljuju\u0107i vi\u0161egodi\u0161njem iskustvu u Op\u0161tini Gra\u010danica, gde i danas radi.<br data-start=\"240\" data-end=\"243\" \/>Trenutno je zamenik predsednika za zajednice u ovoj op\u0161tini i suo\u010dava se sa izazovom koji je prihvatio dobrovoljno, sa glavnim ciljem da slu\u017ei svim gra\u0111anima op\u0161tine, bez obzira na etni\u010dku pripadnost, veru ili kulturu.<\/p>\n<p data-start=\"465\" data-end=\"711\">To je Ljeutrim Ajeti \u2013 kandidat za predsednika Op\u0161tine Gra\u010danica, koji je uspeo da okupi oko svoje kandidature mnoge ljude u ovoj op\u0161tini, ne samo Albance, ve\u0107 i Srbe, Rome, A\u0161kalije i pripadnike drugih manjina koji \u017eive i deluju u ovoj op\u0161tini.<\/p>\n<p data-start=\"713\" data-end=\"1277\">\u201eAlijansa za Albance za Gra\u010danicu je inicijativa koja je zapo\u010deta pre mnogo godina. Kada sam preuzeo poziciju zamenika, tada je po\u010delo okupljanje albanskih snaga za Gra\u010danicu, jer sam uvek bio otvoren za sve. Moja kancelarija je bila otvorena za Albance, Rome, Srbe, A\u0161kalije itd. Albanci su imali adresu i zahvaljuju\u0107i tome vi\u0161e nisu morali da prate razli\u010dite partije. To nas je ujedinilo. Alijansa pokazuje da oni koji poku\u0161avaju da vr\u0161e pritisak ne\u0107e uspeti, jer \u0107emo raditi zajedno sa svim zajednicama\u201c, \u2013 ka\u017ee Ajeti u intervjuu tokom televizijskog programa.<\/p>\n<p data-start=\"1279\" data-end=\"1445\">Dodaje da tokom obavljanja funkcije zamenika nije primao zahteve samo od Albanaca, ve\u0107 i od Srba, za realizaciju projekata i re\u0161avanje pitanja od njihovog interesa.<\/p>\n<p data-start=\"1447\" data-end=\"1937\">\u201eImali smo zahteve i od srpske zajednice za pitanja od njihovog interesa, dakle nisu to bili samo Albanci. Bilo je slu\u010dajeva kada smo asfaltirali put do crkve u \u0160u\u0161ici, zatim put do romskog naselja. Ovo je postignuto zahvaljuju\u0107i mom anga\u017emanu i sredstvima koja sam obezbedio za ove projekte\u201c, \u2013 isti\u010de kandidat za predsednika Op\u0161tine Gra\u010danica, Ljeutrim Ajeti, uveren da nije pravio etni\u010dke razlike i da je sav rad i anga\u017eman vo\u0111en po\u0161teno, kako bi se re\u0161avali zahtevi i problemi gra\u0111ana.<\/p>\n<p data-start=\"1939\" data-end=\"2070\">Na pitanje o o\u010dekivanjima posle 12. oktobra, kada se odr\u017eavaju lokalni izbori na Kosovu, on sa uverenjem odgovara da \u0107e pobediti.<\/p>\n<p data-start=\"2072\" data-end=\"2413\" data-is-last-node=\"\" data-is-only-node=\"\">\u201eSna\u017eno verujem da \u0107emo 12. oktobra biti nepobitni pobednici, jer, kao \u0161to sam ve\u0107 pomenuo, Albanci su se ujedinili. Stanovnici Gra\u010danice i njenog okru\u017eenja \u0107e se ovaj put ujediniti da glasaju za Alijansu za Albance, koja ostaje jedina adresa za razvoj op\u0161tine i pobolj\u0161anje blagostanja gra\u0111ana koji \u017eive u ovoj op\u0161tini\u201c, \u2013 zaklju\u010duje Ajeti.<\/p>\n","protected":false},"excerpt":{"rendered":"<p>Gra\u010danica, 29. septembar 2025 Upravo je napunio 36 godina. Dobro obrazovan i iskusan u oblasti upravljanja lokalnom vla\u0161\u0107u, zahvaljuju\u0107i vi\u0161egodi\u0161njem iskustvu u Op\u0161tini Gra\u010danica, gde<\/p>\n","protected":false},"author":7,"featured_media":14235,"comment_status":"open","ping_status":"open","sticky":false,"template":"","format":"standard","meta":{"footnotes":""},"categories":[42],"tags":[],"class_list":["post-14242","post","type-post","status-publish","format-standard","has-post-thumbnail","hentry","category-blog-sr"],"yoast_head":"<!-- This site is optimized with the Yoast SEO plugin v25.3.1 - https:\/\/yoast.com\/wordpress\/plugins\/seo\/ -->\n<title>Ljeutrim Ajeti je potreban Gra\u010danici -<\/title>\n<meta name=\"robots\" content=\"index, follow, max-snippet:-1, max-image-preview:large, max-video-preview:-1\" \/>\n<link rel=\"canonical\" href=\"https:\/\/veritasinfo.org\/?p=14242&lang=sr\" \/>\n<meta property=\"og:locale\" content=\"en_US\" \/>\n<meta property=\"og:type\" content=\"article\" \/>\n<meta property=\"og:title\" content=\"Ljeutrim Ajeti je potreban Gra\u010danici -\" \/>\n<meta property=\"og:description\" content=\"Gra\u010danica, 29. septembar 2025 Upravo je napunio 36 godina. Dobro obrazovan i iskusan u oblasti upravljanja lokalnom vla\u0161\u0107u, zahvaljuju\u0107i vi\u0161egodi\u0161njem iskustvu u Op\u0161tini Gra\u010danica, gde\" \/>\n<meta property=\"og:url\" content=\"https:\/\/veritasinfo.org\/?p=14242&amp;lang=sr\" \/>\n<meta property=\"article:published_time\" content=\"2025-09-29T12:25:18+00:00\" \/>\n<meta property=\"article:modified_time\" content=\"2025-09-29T13:02:34+00:00\" \/>\n<meta property=\"og:image\" content=\"https:\/\/veritasinfo.org\/wp-content\/uploads\/2025\/09\/556111281_10233473632079016_947702322604473465_n.jpg\" \/>\n\t<meta property=\"og:image:width\" content=\"1022\" \/>\n\t<meta property=\"og:image:height\" content=\"1022\" \/>\n\t<meta property=\"og:image:type\" content=\"image\/jpeg\" \/>\n<meta name=\"author\" content=\"US6\" \/>\n<meta name=\"twitter:card\" content=\"summary_large_image\" \/>\n<meta name=\"twitter:label1\" content=\"Written by\" \/>\n\t<meta name=\"twitter:data1\" content=\"US6\" \/>\n\t<meta name=\"twitter:label2\" content=\"Est. reading time\" \/>\n\t<meta name=\"twitter:data2\" content=\"2 minutes\" \/>\n<script type=\"application\/ld+json\" class=\"yoast-schema-graph\">{\"@context\":\"https:\/\/schema.org\",\"@graph\":[{\"@type\":\"WebPage\",\"@id\":\"https:\/\/veritasinfo.org\/?p=14242&lang=sr\",\"url\":\"https:\/\/veritasinfo.org\/?p=14242&lang=sr\",\"name\":\"Ljeutrim Ajeti je potreban Gra\u010danici -\",\"isPartOf\":{\"@id\":\"https:\/\/veritasinfo.org\/#website\"},\"primaryImageOfPage\":{\"@id\":\"https:\/\/veritasinfo.org\/?p=14242&lang=sr#primaryimage\"},\"image\":{\"@id\":\"https:\/\/veritasinfo.org\/?p=14242&lang=sr#primaryimage\"},\"thumbnailUrl\":\"https:\/\/veritasinfo.org\/wp-content\/uploads\/2025\/09\/556111281_10233473632079016_947702322604473465_n.jpg\",\"datePublished\":\"2025-09-29T12:25:18+00:00\",\"dateModified\":\"2025-09-29T13:02:34+00:00\",\"author\":{\"@id\":\"https:\/\/veritasinfo.org\/#\/schema\/person\/fe199eede04c3937362892b7444747cc\"},\"breadcrumb\":{\"@id\":\"https:\/\/veritasinfo.org\/?p=14242&lang=sr#breadcrumb\"},\"inLanguage\":\"en-US\",\"potentialAction\":[{\"@type\":\"ReadAction\",\"target\":[\"https:\/\/veritasinfo.org\/?p=14242&lang=sr\"]}]},{\"@type\":\"ImageObject\",\"inLanguage\":\"en-US\",\"@id\":\"https:\/\/veritasinfo.org\/?p=14242&lang=sr#primaryimage\",\"url\":\"https:\/\/veritasinfo.org\/wp-content\/uploads\/2025\/09\/556111281_10233473632079016_947702322604473465_n.jpg\",\"contentUrl\":\"https:\/\/veritasinfo.org\/wp-content\/uploads\/2025\/09\/556111281_10233473632079016_947702322604473465_n.jpg\",\"width\":1022,\"height\":1022},{\"@type\":\"BreadcrumbList\",\"@id\":\"https:\/\/veritasinfo.org\/?p=14242&lang=sr#breadcrumb\",\"itemListElement\":[{\"@type\":\"ListItem\",\"position\":1,\"name\":\"Home\",\"item\":\"https:\/\/veritasinfo.org\/\"},{\"@type\":\"ListItem\",\"position\":2,\"name\":\"Ljeutrim Ajeti je potreban Gra\u010danici\"}]},{\"@type\":\"WebSite\",\"@id\":\"https:\/\/veritasinfo.org\/#website\",\"url\":\"https:\/\/veritasinfo.org\/\",\"name\":\"\",\"description\":\"\",\"potentialAction\":[{\"@type\":\"SearchAction\",\"target\":{\"@type\":\"EntryPoint\",\"urlTemplate\":\"https:\/\/veritasinfo.org\/?s={search_term_string}\"},\"query-input\":{\"@type\":\"PropertyValueSpecification\",\"valueRequired\":true,\"valueName\":\"search_term_string\"}}],\"inLanguage\":\"en-US\"},{\"@type\":\"Person\",\"@id\":\"https:\/\/veritasinfo.org\/#\/schema\/person\/fe199eede04c3937362892b7444747cc\",\"name\":\"US6\",\"image\":{\"@type\":\"ImageObject\",\"inLanguage\":\"en-US\",\"@id\":\"https:\/\/veritasinfo.org\/#\/schema\/person\/image\/\",\"url\":\"https:\/\/secure.gravatar.com\/avatar\/cb16c3c31c9d23b9b8c705964598220b3014e42ff51eb540ff23cefa3ae8c15f?s=96&d=mm&r=g\",\"contentUrl\":\"https:\/\/secure.gravatar.com\/avatar\/cb16c3c31c9d23b9b8c705964598220b3014e42ff51eb540ff23cefa3ae8c15f?s=96&d=mm&r=g\",\"caption\":\"US6\"},\"url\":\"https:\/\/veritasinfo.org\/?author=7\"}]}<\/script>\n<!-- \/ Yoast SEO plugin. -->","yoast_head_json":{"title":"Ljeutrim Ajeti je potreban Gra\u010danici -","robots":{"index":"index","follow":"follow","max-snippet":"max-snippet:-1","max-image-preview":"max-image-preview:large","max-video-preview":"max-video-preview:-1"},"canonical":"https:\/\/veritasinfo.org\/?p=14242&lang=sr","og_locale":"en_US","og_type":"article","og_title":"Ljeutrim Ajeti je potreban Gra\u010danici -","og_description":"Gra\u010danica, 29. septembar 2025 Upravo je napunio 36 godina. Dobro obrazovan i iskusan u oblasti upravljanja lokalnom vla\u0161\u0107u, zahvaljuju\u0107i vi\u0161egodi\u0161njem iskustvu u Op\u0161tini Gra\u010danica, gde","og_url":"https:\/\/veritasinfo.org\/?p=14242&lang=sr","article_published_time":"2025-09-29T12:25:18+00:00","article_modified_time":"2025-09-29T13:02:34+00:00","og_image":[{"width":1022,"height":1022,"url":"https:\/\/veritasinfo.org\/wp-content\/uploads\/2025\/09\/556111281_10233473632079016_947702322604473465_n.jpg","type":"image\/jpeg"}],"author":"US6","twitter_card":"summary_large_image","twitter_misc":{"Written by":"US6","Est. reading time":"2 minutes"},"schema":{"@context":"https:\/\/schema.org","@graph":[{"@type":"WebPage","@id":"https:\/\/veritasinfo.org\/?p=14242&lang=sr","url":"https:\/\/veritasinfo.org\/?p=14242&lang=sr","name":"Ljeutrim Ajeti je potreban Gra\u010danici -","isPartOf":{"@id":"https:\/\/veritasinfo.org\/#website"},"primaryImageOfPage":{"@id":"https:\/\/veritasinfo.org\/?p=14242&lang=sr#primaryimage"},"image":{"@id":"https:\/\/veritasinfo.org\/?p=14242&lang=sr#primaryimage"},"thumbnailUrl":"https:\/\/veritasinfo.org\/wp-content\/uploads\/2025\/09\/556111281_10233473632079016_947702322604473465_n.jpg","datePublished":"2025-09-29T12:25:18+00:00","dateModified":"2025-09-29T13:02:34+00:00","author":{"@id":"https:\/\/veritasinfo.org\/#\/schema\/person\/fe199eede04c3937362892b7444747cc"},"breadcrumb":{"@id":"https:\/\/veritasinfo.org\/?p=14242&lang=sr#breadcrumb"},"inLanguage":"en-US","potentialAction":[{"@type":"ReadAction","target":["https:\/\/veritasinfo.org\/?p=14242&lang=sr"]}]},{"@type":"ImageObject","inLanguage":"en-US","@id":"https:\/\/veritasinfo.org\/?p=14242&lang=sr#primaryimage","url":"https:\/\/veritasinfo.org\/wp-content\/uploads\/2025\/09\/556111281_10233473632079016_947702322604473465_n.jpg","contentUrl":"https:\/\/veritasinfo.org\/wp-content\/uploads\/2025\/09\/556111281_10233473632079016_947702322604473465_n.jpg","width":1022,"height":1022},{"@type":"BreadcrumbList","@id":"https:\/\/veritasinfo.org\/?p=14242&lang=sr#breadcrumb","itemListElement":[{"@type":"ListItem","position":1,"name":"Home","item":"https:\/\/veritasinfo.org\/"},{"@type":"ListItem","position":2,"name":"Ljeutrim Ajeti je potreban Gra\u010danici"}]},{"@type":"WebSite","@id":"https:\/\/veritasinfo.org\/#website","url":"https:\/\/veritasinfo.org\/","name":"","description":"","potentialAction":[{"@type":"SearchAction","target":{"@type":"EntryPoint","urlTemplate":"https:\/\/veritasinfo.org\/?s={search_term_string}"},"query-input":{"@type":"PropertyValueSpecification","valueRequired":true,"valueName":"search_term_string"}}],"inLanguage":"en-US"},{"@type":"Person","@id":"https:\/\/veritasinfo.org\/#\/schema\/person\/fe199eede04c3937362892b7444747cc","name":"US6","image":{"@type":"ImageObject","inLanguage":"en-US","@id":"https:\/\/veritasinfo.org\/#\/schema\/person\/image\/","url":"https:\/\/secure.gravatar.com\/avatar\/cb16c3c31c9d23b9b8c705964598220b3014e42ff51eb540ff23cefa3ae8c15f?s=96&d=mm&r=g","contentUrl":"https:\/\/secure.gravatar.com\/avatar\/cb16c3c31c9d23b9b8c705964598220b3014e42ff51eb540ff23cefa3ae8c15f?s=96&d=mm&r=g","caption":"US6"},"url":"https:\/\/veritasinfo.org\/?author=7"}]}},"featured_image_urls":{"full":["https:\/\/veritasinfo.org\/wp-content\/uploads\/2025\/09\/556111281_10233473632079016_947702322604473465_n.jpg",1022,1022,false],"thumbnail":["https:\/\/veritasinfo.org\/wp-content\/uploads\/2025\/09\/556111281_10233473632079016_947702322604473465_n-150x150.jpg",150,150,true],"medium":["https:\/\/veritasinfo.org\/wp-content\/uploads\/2025\/09\/556111281_10233473632079016_947702322604473465_n-300x300.jpg",300,300,true],"medium_large":["https:\/\/veritasinfo.org\/wp-content\/uploads\/2025\/09\/556111281_10233473632079016_947702322604473465_n-768x768.jpg",640,640,true],"large":["https:\/\/veritasinfo.org\/wp-content\/uploads\/2025\/09\/556111281_10233473632079016_947702322604473465_n.jpg",640,640,false],"1536x1536":["https:\/\/veritasinfo.org\/wp-content\/uploads\/2025\/09\/556111281_10233473632079016_947702322604473465_n.jpg",1022,1022,false],"2048x2048":["https:\/\/veritasinfo.org\/wp-content\/uploads\/2025\/09\/556111281_10233473632079016_947702322604473465_n.jpg",1022,1022,false],"kreeti-slider-full":["https:\/\/veritasinfo.org\/wp-content\/uploads\/2025\/09\/556111281_10233473632079016_947702322604473465_n.jpg",720,720,false],"kreeti-featured":["https:\/\/veritasinfo.org\/wp-content\/uploads\/2025\/09\/556111281_10233473632079016_947702322604473465_n.jpg",1022,1022,false],"kreeti-medium":["https:\/\/veritasinfo.org\/wp-content\/uploads\/2025\/09\/556111281_10233473632079016_947702322604473465_n.jpg",530,530,false],"kreeti-medium-square":["https:\/\/veritasinfo.org\/wp-content\/uploads\/2025\/09\/556111281_10233473632079016_947702322604473465_n.jpg",350,350,false]},"author_info":{"info":["US6"]},"category_info":"<a href=\"https:\/\/veritasinfo.org\/?cat=42&#038;lang=sr\" rel=\"category\">Parlamentarni izbori\u00a02025<\/a>","tag_info":"Parlamentarni izbori\u00a02025","comment_count":"0","_links":{"self":[{"href":"https:\/\/veritasinfo.org\/index.php?rest_route=\/wp\/v2\/posts\/14242","targetHints":{"allow":["GET"]}}],"collection":[{"href":"https:\/\/veritasinfo.org\/index.php?rest_route=\/wp\/v2\/posts"}],"about":[{"href":"https:\/\/veritasinfo.org\/index.php?rest_route=\/wp\/v2\/types\/post"}],"author":[{"embeddable":true,"href":"https:\/\/veritasinfo.org\/index.php?rest_route=\/wp\/v2\/users\/7"}],"replies":[{"embeddable":true,"href":"https:\/\/veritasinfo.org\/index.php?rest_route=%2Fwp%2Fv2%2Fcomments&post=14242"}],"version-history":[{"count":5,"href":"https:\/\/veritasinfo.org\/index.php?rest_route=\/wp\/v2\/posts\/14242\/revisions"}],"predecessor-version":[{"id":14248,"href":"https:\/\/veritasinfo.org\/index.php?rest_route=\/wp\/v2\/posts\/14242\/revisions\/14248"}],"wp:featuredmedia":[{"embeddable":true,"href":"https:\/\/veritasinfo.org\/index.php?rest_route=\/wp\/v2\/media\/14235"}],"wp:attachment":[{"href":"https:\/\/veritasinfo.org\/index.php?rest_route=%2Fwp%2Fv2%2Fmedia&parent=14242"}],"wp:term":[{"taxonomy":"category","embeddable":true,"href":"https:\/\/veritasinfo.org\/index.php?rest_route=%2Fwp%2Fv2%2Fcategories&post=14242"},{"taxonomy":"post_tag","embeddable":true,"href":"https:\/\/veritasinfo.org\/index.php?rest_route=%2Fwp%2Fv2%2Ftags&post=14242"}],"curies":[{"name":"wp","href":"https:\/\/api.w.org\/{rel}","templated":true}]}}