{"id":14218,"date":"2025-09-29T11:14:49","date_gmt":"2025-09-29T09:14:49","guid":{"rendered":"https:\/\/veritasinfo.org\/?p=14218"},"modified":"2025-09-29T11:14:49","modified_gmt":"2025-09-29T09:14:49","slug":"kurti-takohet-me-kongresistin-republikan-mike-lawer-bisedojne-per-rreziqet-nga-ndikimi-rus-ne-ballkan","status":"publish","type":"post","link":"https:\/\/veritasinfo.org\/?p=14218","title":{"rendered":"Kurti takohet me kongresistin republikan Mike Lawer, bisedojn\u00eb p\u00ebr rreziqet nga ndikimi rus n\u00eb Ballkan"},"content":{"rendered":"<p>Nju Jork 29 Shtator 2025<\/p>\n<p>Kryeministri n\u00eb detyr\u00eb, Albin Kurti gjat\u00eb q\u00ebndrimit n\u00eb New York t\u00eb Shteteve t\u00eb Bashkuara t\u00eb Amerik\u00ebs, ka takuar kongresistin amerikan nga radh\u00ebt e Partis\u00eb Republikane, Mike Lawler, me t\u00eb cilin ka diskutuar p\u00ebr m\u00ebnyrat se si t\u00eb thellohet partneriteti mes dy shteteve dhe p\u00ebr rreziqet e ndikimit rus.<\/p>\n<p>Lawer \u00ebsht\u00eb nj\u00ebher\u00ebsh an\u00ebtar i Komitetit p\u00ebr Pun\u00eb t\u00eb Jashtme n\u00eb Dhom\u00ebn e P\u00ebrfaq\u00ebsuesve t\u00eb Shteteve t\u00eb Bashkuara t\u00eb Amerik\u00ebs.<\/p>\n<p>Zyra e Kryeministrit ka b\u00ebr\u00eb t\u00eb ditur se gjat\u00eb takimit u diskutua p\u00ebr m\u00ebnyrat se si t\u00eb thellohet partneriteti nd\u00ebrmjet Kosov\u00ebs dhe Shteteve t\u00eb Bashkuara t\u00eb Amerik\u00ebs, me theks t\u00eb ve\u00e7ant\u00eb te bashk\u00ebpunimi ekonomik, investimet e huaja direkte dhe shk\u00ebmbimet tregtare, si dhe p\u00ebr rolin e r\u00ebnd\u00ebsish\u00ebm t\u00eb diaspor\u00ebs son\u00eb n\u00eb k\u00ebt\u00eb drejtim.<\/p>\n<p>\u201cKryeministri Kurti e njoftoi kongresistin p\u00ebr zhvillimet e fundit n\u00eb vend dhe progresin e arritur vitet e fundit n\u00eb ekonomi, demokraci, siguri dhe sundimin e ligjit\u201d- njofton ZKM.<\/p>\n<p>Kryeministria b\u00ebri me dije se gjat\u00eb takimit u diskutuan edhe p\u00ebr rreziqet dhe sfidat e ndikimit rus n\u00eb Europ\u00eb dhe n\u00eb Ballkanin Per\u00ebndimor.<\/p>\n<p>\u201cKongresmeni La\u00ebler, n\u00eb k\u00ebt\u00eb takim, e informoi kryeministrin Kurti p\u00ebr vendimin e tij p\u00ebr t\u2019iu bashkuar Kaukusit t\u00eb \u00c7\u00ebshtjeve Shqiptare n\u00eb Kongresin Amerikan\u201d- njoftoi Qeveria.<\/p>\n<p><a href=\"https:\/\/lawler.house.gov\/about\/\">Kongresisti Mike Lawler<\/a>\u00a0p\u00ebrfaq\u00ebson Distriktin e 17-t\u00eb Kongresor t\u00eb Nju Jorkut, pak n\u00eb veri t\u00eb Qytetit t\u00eb Nju Jorkut, i cili p\u00ebrfshin t\u00eb gjitha ose pjes\u00eb t\u00eb Qarqeve Rockland, Putnam, Dutchess dhe \u00ebestchester.<\/p>\n<p>N\u00eb mandatin e tij t\u00eb dyt\u00eb si an\u00ebtar i Dhom\u00ebs s\u00eb P\u00ebrfaq\u00ebsuesve t\u00eb SHBA-s\u00eb, kongresmeni Lawler sh\u00ebrben n\u00eb Komitetin e Sh\u00ebrbimeve Financiare t\u00eb Dhom\u00ebs s\u00eb P\u00ebrfaq\u00ebsuesve, ku \u00ebsht\u00eb Z\u00ebvend\u00ebskryetar i Komunikimit, dhe n\u00eb Komitetin e Pun\u00ebve t\u00eb Jashtme t\u00eb Dhom\u00ebs s\u00eb P\u00ebrfaq\u00ebsuesve, ku kryeson N\u00ebnkomisionin p\u00ebr Lindjen e Mesme dhe Afrik\u00ebn e Veriut (MENA).<\/p>\n<p>Nd\u00ebrkoh\u00eb,\u00a0Kurti, gjat\u00eb q\u00ebndrimit n\u00eb Shtetet e Bashkuara t\u00eb Amerik\u00ebs p<a href=\"https:\/\/www.google.com\/search?q=albin+kurti+ne+shba+kallxo.com&amp;sca_esv=5313b28d1cddbe97&amp;rlz=1C1GCEA_en__1131__1131&amp;sxsrf=AE3TifOQ494zzZQiMoQCMS_fgNaPGsegoA%3A1759133142705&amp;ei=1j3aaOjlKo-79u8PgcmFwQY&amp;ved=0ahUKEwjoqNXQwf2PAxWPnf0HHYFkIWgQ4dUDCBA&amp;uact=5&amp;oq=albin+kurti+ne+shba+kallxo.com&amp;gs_lp=Egxnd3Mtd2l6LXNlcnAiHmFsYmluIGt1cnRpIG5lIHNoYmEga2FsbHhvLmNvbUj3K1CkAlj_KXALeACQAQCYAdoBoAH0E6oBBjAuMTEuM7gBA8gBAPgBAZgCDKAC9AXCAggQABiwAxjvBcICBRAAGO8FwgIIEAAYgAQYogSYAwCIBgGQBgGSBwU4LjMuMaAHpSKyBwUwLjMuMbgH0wXCBwUwLjcuNcgHIg&amp;sclient=gws-wiz-serp\">ohoi se arsyeja se pse Uashingtoni ka pezulluar Dialogun e planifikuar Strategjik me Kosov\u00ebn<\/a>\u00a0lidhet me mbylljen e strukturave serbe n\u00eb veri t\u00eb Kosov\u00ebs.<\/p>\n<p>Mir\u00ebpo, ai ka deklaruar se \u201cnuk ndihet fajtor\u201d p\u00ebr veprimet e nd\u00ebrmarra n\u00eb k\u00ebt\u00eb pjes\u00eb t\u00eb shtetit, meq\u00eb konsideron se i \u201ctakon brezit t\u00eb tij t\u2019i merr k\u00ebto vendime\u201d.<\/p>\n<p>\u201cArsyeja e pezullimit t\u00eb Dialogut t\u00eb planifikuar Strategjik \u00ebsht\u00eb p\u00ebr shkak t\u00eb sundimit t\u00eb ligjit n\u00eb veri t\u00eb Kosov\u00ebs, i cili rezultoi t\u00eb ishte kund\u00ebr strukturave ilegale serbe dhe k\u00ebtu nuk mund t\u00eb b\u00ebj kompromise. Nuk mund t\u2019ia l\u00eb k\u00ebt\u00eb problem brezit tuaj. Mendoj q\u00eb brezi im \u00ebsht\u00eb ai q\u00eb duhet ta p\u00ebrfundoj\u00eb k\u00ebt\u00eb\u201d- potencoi Kurti gjat\u00eb nj\u00eb bashk\u00ebbisedimi n\u00eb ShBA, t\u00eb cilin e kan\u00eb shp\u00ebrndar\u00eb an\u00ebtar\u00eb t\u00eb LVV-s\u00eb.<\/p>\n<p>Kurti theksoi se raporti Kosov\u00eb-SHBA \u00ebsht\u00eb tridimensional: mbrojtje, zhvillim dhe diplomaci.<\/p>\n<p>M\u00eb 12.09.2025, Shtetet e Bashkuara t\u00eb Amerik\u00ebs kan\u00eb\u00a0<a href=\"https:\/\/kallxo.com\/lajm\/shba-pezullon-dialogun-e-planifikuar-strategjik-me-kosoven-shkaku-i-veprimeve-te-kurtit\/\">pezulluar<\/a>\u00a0p\u00ebr nj\u00eb koh\u00eb t\u00eb pacaktuar Dialogun Strategjik t\u00eb planifikuar me Kosov\u00ebn.<\/p>\n<p>Ky\u00a0<a href=\"https:\/\/kallxo.com\/gjate\/pezullimi-i-dialogut-strategjik-jo-befasi-por-le-kosoven-ne-pasiguri-serioze\/\">zhvillim<\/a>\u00a0solli reagime dhe diskutime mbi ndikimin e mundsh\u00ebm q\u00eb nj\u00eb vendim i till\u00eb mund t\u00eb ket\u00eb n\u00eb marr\u00ebdh\u00ebniet mes Kosov\u00ebs dhe partnerit t\u00eb saj kryesor nd\u00ebrkomb\u00ebtar.<\/p>\n<p><a href=\"https:\/\/kallxo.com\/lajm\/kurti-udheton-per-ne-shba-2\/\">Kurti, ka udh\u00ebtuar p\u00ebr n\u00eb New York t\u00eb Shteteve t\u00eb Bashkuara t\u00eb Amerik\u00ebs<\/a>\u00a0m\u00eb 25.09.2025.<\/p>\n<p>Kurti\u00a0 po zhvillon takime bilaterale me lider\u00eb n\u00eb kuad\u00ebr t\u00eb Jav\u00ebs s\u00eb Nivelit t\u00eb Lart\u00eb t\u00eb Sesionit t\u00eb 80-t\u00eb t\u00eb Asambles\u00eb s\u00eb P\u00ebrgjithshme t\u00eb Kombeve t\u00eb Bashkuara.<\/p>\n","protected":false},"excerpt":{"rendered":"<p>Nju Jork 29 Shtator 2025 Kryeministri n\u00eb detyr\u00eb, Albin Kurti gjat\u00eb q\u00ebndrimit n\u00eb New York t\u00eb Shteteve t\u00eb Bashkuara t\u00eb Amerik\u00ebs, ka takuar kongresistin amerikan<\/p>\n","protected":false},"author":6,"featured_media":14219,"comment_status":"open","ping_status":"open","sticky":false,"template":"","format":"standard","meta":{"footnotes":""},"categories":[60],"tags":[],"class_list":["post-14218","post","type-post","status-publish","format-standard","has-post-thumbnail","hentry","category-shoqerore-sq"],"yoast_head":"<!-- This site is optimized with the Yoast SEO plugin v25.3.1 - https:\/\/yoast.com\/wordpress\/plugins\/seo\/ -->\n<title>Kurti takohet me kongresistin republikan Mike Lawer, bisedojn\u00eb p\u00ebr rreziqet nga ndikimi rus n\u00eb Ballkan -<\/title>\n<meta name=\"robots\" content=\"index, follow, max-snippet:-1, max-image-preview:large, max-video-preview:-1\" \/>\n<link rel=\"canonical\" href=\"https:\/\/veritasinfo.org\/?p=14218\" \/>\n<meta property=\"og:locale\" content=\"en_US\" \/>\n<meta property=\"og:type\" content=\"article\" \/>\n<meta property=\"og:title\" content=\"Kurti takohet me kongresistin republikan Mike Lawer, bisedojn\u00eb p\u00ebr rreziqet nga ndikimi rus n\u00eb Ballkan -\" \/>\n<meta property=\"og:description\" content=\"Nju Jork 29 Shtator 2025 Kryeministri n\u00eb detyr\u00eb, Albin Kurti gjat\u00eb q\u00ebndrimit n\u00eb New York t\u00eb Shteteve t\u00eb Bashkuara t\u00eb Amerik\u00ebs, ka takuar kongresistin amerikan\" \/>\n<meta property=\"og:url\" content=\"https:\/\/veritasinfo.org\/?p=14218\" \/>\n<meta property=\"article:published_time\" content=\"2025-09-29T09:14:49+00:00\" \/>\n<meta property=\"og:image\" content=\"https:\/\/veritasinfo.org\/wp-content\/uploads\/2025\/09\/28.9.2025-ZKM-2-1536x1023-1.jpeg\" \/>\n\t<meta property=\"og:image:width\" content=\"1536\" \/>\n\t<meta property=\"og:image:height\" content=\"1023\" \/>\n\t<meta property=\"og:image:type\" content=\"image\/jpeg\" \/>\n<meta name=\"author\" content=\"US5\" \/>\n<meta name=\"twitter:card\" content=\"summary_large_image\" \/>\n<meta name=\"twitter:label1\" content=\"Written by\" \/>\n\t<meta name=\"twitter:data1\" content=\"US5\" \/>\n\t<meta name=\"twitter:label2\" content=\"Est. reading time\" \/>\n\t<meta name=\"twitter:data2\" content=\"3 minutes\" \/>\n<script type=\"application\/ld+json\" class=\"yoast-schema-graph\">{\"@context\":\"https:\/\/schema.org\",\"@graph\":[{\"@type\":\"WebPage\",\"@id\":\"https:\/\/veritasinfo.org\/?p=14218\",\"url\":\"https:\/\/veritasinfo.org\/?p=14218\",\"name\":\"Kurti takohet me kongresistin republikan Mike Lawer, bisedojn\u00eb p\u00ebr rreziqet nga ndikimi rus n\u00eb Ballkan -\",\"isPartOf\":{\"@id\":\"https:\/\/veritasinfo.org\/#website\"},\"primaryImageOfPage\":{\"@id\":\"https:\/\/veritasinfo.org\/?p=14218#primaryimage\"},\"image\":{\"@id\":\"https:\/\/veritasinfo.org\/?p=14218#primaryimage\"},\"thumbnailUrl\":\"https:\/\/veritasinfo.org\/wp-content\/uploads\/2025\/09\/28.9.2025-ZKM-2-1536x1023-1.jpeg\",\"datePublished\":\"2025-09-29T09:14:49+00:00\",\"author\":{\"@id\":\"https:\/\/veritasinfo.org\/#\/schema\/person\/bc442336e35414d04494ab8fb45db4c6\"},\"breadcrumb\":{\"@id\":\"https:\/\/veritasinfo.org\/?p=14218#breadcrumb\"},\"inLanguage\":\"en-US\",\"potentialAction\":[{\"@type\":\"ReadAction\",\"target\":[\"https:\/\/veritasinfo.org\/?p=14218\"]}]},{\"@type\":\"ImageObject\",\"inLanguage\":\"en-US\",\"@id\":\"https:\/\/veritasinfo.org\/?p=14218#primaryimage\",\"url\":\"https:\/\/veritasinfo.org\/wp-content\/uploads\/2025\/09\/28.9.2025-ZKM-2-1536x1023-1.jpeg\",\"contentUrl\":\"https:\/\/veritasinfo.org\/wp-content\/uploads\/2025\/09\/28.9.2025-ZKM-2-1536x1023-1.jpeg\",\"width\":1536,\"height\":1023},{\"@type\":\"BreadcrumbList\",\"@id\":\"https:\/\/veritasinfo.org\/?p=14218#breadcrumb\",\"itemListElement\":[{\"@type\":\"ListItem\",\"position\":1,\"name\":\"Home\",\"item\":\"https:\/\/veritasinfo.org\/\"},{\"@type\":\"ListItem\",\"position\":2,\"name\":\"Kurti takohet me kongresistin republikan Mike Lawer, bisedojn\u00eb p\u00ebr rreziqet nga ndikimi rus n\u00eb Ballkan\"}]},{\"@type\":\"WebSite\",\"@id\":\"https:\/\/veritasinfo.org\/#website\",\"url\":\"https:\/\/veritasinfo.org\/\",\"name\":\"\",\"description\":\"\",\"potentialAction\":[{\"@type\":\"SearchAction\",\"target\":{\"@type\":\"EntryPoint\",\"urlTemplate\":\"https:\/\/veritasinfo.org\/?s={search_term_string}\"},\"query-input\":{\"@type\":\"PropertyValueSpecification\",\"valueRequired\":true,\"valueName\":\"search_term_string\"}}],\"inLanguage\":\"en-US\"},{\"@type\":\"Person\",\"@id\":\"https:\/\/veritasinfo.org\/#\/schema\/person\/bc442336e35414d04494ab8fb45db4c6\",\"name\":\"US5\",\"image\":{\"@type\":\"ImageObject\",\"inLanguage\":\"en-US\",\"@id\":\"https:\/\/veritasinfo.org\/#\/schema\/person\/image\/\",\"url\":\"https:\/\/secure.gravatar.com\/avatar\/16a61e7272a0c5d001121ebb9e60e925d5816e4ac1e443ed3e640d9a6ae55d0c?s=96&d=mm&r=g\",\"contentUrl\":\"https:\/\/secure.gravatar.com\/avatar\/16a61e7272a0c5d001121ebb9e60e925d5816e4ac1e443ed3e640d9a6ae55d0c?s=96&d=mm&r=g\",\"caption\":\"US5\"},\"url\":\"https:\/\/veritasinfo.org\/?author=6\"}]}<\/script>\n<!-- \/ Yoast SEO plugin. -->","yoast_head_json":{"title":"Kurti takohet me kongresistin republikan Mike Lawer, bisedojn\u00eb p\u00ebr rreziqet nga ndikimi rus n\u00eb Ballkan -","robots":{"index":"index","follow":"follow","max-snippet":"max-snippet:-1","max-image-preview":"max-image-preview:large","max-video-preview":"max-video-preview:-1"},"canonical":"https:\/\/veritasinfo.org\/?p=14218","og_locale":"en_US","og_type":"article","og_title":"Kurti takohet me kongresistin republikan Mike Lawer, bisedojn\u00eb p\u00ebr rreziqet nga ndikimi rus n\u00eb Ballkan -","og_description":"Nju Jork 29 Shtator 2025 Kryeministri n\u00eb detyr\u00eb, Albin Kurti gjat\u00eb q\u00ebndrimit n\u00eb New York t\u00eb Shteteve t\u00eb Bashkuara t\u00eb Amerik\u00ebs, ka takuar kongresistin amerikan","og_url":"https:\/\/veritasinfo.org\/?p=14218","article_published_time":"2025-09-29T09:14:49+00:00","og_image":[{"width":1536,"height":1023,"url":"https:\/\/veritasinfo.org\/wp-content\/uploads\/2025\/09\/28.9.2025-ZKM-2-1536x1023-1.jpeg","type":"image\/jpeg"}],"author":"US5","twitter_card":"summary_large_image","twitter_misc":{"Written by":"US5","Est. reading time":"3 minutes"},"schema":{"@context":"https:\/\/schema.org","@graph":[{"@type":"WebPage","@id":"https:\/\/veritasinfo.org\/?p=14218","url":"https:\/\/veritasinfo.org\/?p=14218","name":"Kurti takohet me kongresistin republikan Mike Lawer, bisedojn\u00eb p\u00ebr rreziqet nga ndikimi rus n\u00eb Ballkan -","isPartOf":{"@id":"https:\/\/veritasinfo.org\/#website"},"primaryImageOfPage":{"@id":"https:\/\/veritasinfo.org\/?p=14218#primaryimage"},"image":{"@id":"https:\/\/veritasinfo.org\/?p=14218#primaryimage"},"thumbnailUrl":"https:\/\/veritasinfo.org\/wp-content\/uploads\/2025\/09\/28.9.2025-ZKM-2-1536x1023-1.jpeg","datePublished":"2025-09-29T09:14:49+00:00","author":{"@id":"https:\/\/veritasinfo.org\/#\/schema\/person\/bc442336e35414d04494ab8fb45db4c6"},"breadcrumb":{"@id":"https:\/\/veritasinfo.org\/?p=14218#breadcrumb"},"inLanguage":"en-US","potentialAction":[{"@type":"ReadAction","target":["https:\/\/veritasinfo.org\/?p=14218"]}]},{"@type":"ImageObject","inLanguage":"en-US","@id":"https:\/\/veritasinfo.org\/?p=14218#primaryimage","url":"https:\/\/veritasinfo.org\/wp-content\/uploads\/2025\/09\/28.9.2025-ZKM-2-1536x1023-1.jpeg","contentUrl":"https:\/\/veritasinfo.org\/wp-content\/uploads\/2025\/09\/28.9.2025-ZKM-2-1536x1023-1.jpeg","width":1536,"height":1023},{"@type":"BreadcrumbList","@id":"https:\/\/veritasinfo.org\/?p=14218#breadcrumb","itemListElement":[{"@type":"ListItem","position":1,"name":"Home","item":"https:\/\/veritasinfo.org\/"},{"@type":"ListItem","position":2,"name":"Kurti takohet me kongresistin republikan Mike Lawer, bisedojn\u00eb p\u00ebr rreziqet nga ndikimi rus n\u00eb Ballkan"}]},{"@type":"WebSite","@id":"https:\/\/veritasinfo.org\/#website","url":"https:\/\/veritasinfo.org\/","name":"","description":"","potentialAction":[{"@type":"SearchAction","target":{"@type":"EntryPoint","urlTemplate":"https:\/\/veritasinfo.org\/?s={search_term_string}"},"query-input":{"@type":"PropertyValueSpecification","valueRequired":true,"valueName":"search_term_string"}}],"inLanguage":"en-US"},{"@type":"Person","@id":"https:\/\/veritasinfo.org\/#\/schema\/person\/bc442336e35414d04494ab8fb45db4c6","name":"US5","image":{"@type":"ImageObject","inLanguage":"en-US","@id":"https:\/\/veritasinfo.org\/#\/schema\/person\/image\/","url":"https:\/\/secure.gravatar.com\/avatar\/16a61e7272a0c5d001121ebb9e60e925d5816e4ac1e443ed3e640d9a6ae55d0c?s=96&d=mm&r=g","contentUrl":"https:\/\/secure.gravatar.com\/avatar\/16a61e7272a0c5d001121ebb9e60e925d5816e4ac1e443ed3e640d9a6ae55d0c?s=96&d=mm&r=g","caption":"US5"},"url":"https:\/\/veritasinfo.org\/?author=6"}]}},"featured_image_urls":{"full":["https:\/\/veritasinfo.org\/wp-content\/uploads\/2025\/09\/28.9.2025-ZKM-2-1536x1023-1.jpeg",1536,1023,false],"thumbnail":["https:\/\/veritasinfo.org\/wp-content\/uploads\/2025\/09\/28.9.2025-ZKM-2-1536x1023-1-150x150.jpeg",150,150,true],"medium":["https:\/\/veritasinfo.org\/wp-content\/uploads\/2025\/09\/28.9.2025-ZKM-2-1536x1023-1-300x200.jpeg",300,200,true],"medium_large":["https:\/\/veritasinfo.org\/wp-content\/uploads\/2025\/09\/28.9.2025-ZKM-2-1536x1023-1-768x512.jpeg",640,427,true],"large":["https:\/\/veritasinfo.org\/wp-content\/uploads\/2025\/09\/28.9.2025-ZKM-2-1536x1023-1-1024x682.jpeg",640,426,true],"1536x1536":["https:\/\/veritasinfo.org\/wp-content\/uploads\/2025\/09\/28.9.2025-ZKM-2-1536x1023-1.jpeg",1536,1023,false],"2048x2048":["https:\/\/veritasinfo.org\/wp-content\/uploads\/2025\/09\/28.9.2025-ZKM-2-1536x1023-1.jpeg",1536,1023,false],"kreeti-slider-full":["https:\/\/veritasinfo.org\/wp-content\/uploads\/2025\/09\/28.9.2025-ZKM-2-1536x1023-1.jpeg",1081,720,false],"kreeti-featured":["https:\/\/veritasinfo.org\/wp-content\/uploads\/2025\/09\/28.9.2025-ZKM-2-1536x1023-1.jpeg",1024,682,false],"kreeti-medium":["https:\/\/veritasinfo.org\/wp-content\/uploads\/2025\/09\/28.9.2025-ZKM-2-1536x1023-1.jpeg",720,480,false],"kreeti-medium-square":["https:\/\/veritasinfo.org\/wp-content\/uploads\/2025\/09\/28.9.2025-ZKM-2-1536x1023-1.jpeg",350,233,false]},"author_info":{"info":["US5"]},"category_info":"<a href=\"https:\/\/veritasinfo.org\/?cat=60\" rel=\"category\">Shoq\u00ebrore<\/a>","tag_info":"Shoq\u00ebrore","comment_count":"0","_links":{"self":[{"href":"https:\/\/veritasinfo.org\/index.php?rest_route=\/wp\/v2\/posts\/14218","targetHints":{"allow":["GET"]}}],"collection":[{"href":"https:\/\/veritasinfo.org\/index.php?rest_route=\/wp\/v2\/posts"}],"about":[{"href":"https:\/\/veritasinfo.org\/index.php?rest_route=\/wp\/v2\/types\/post"}],"author":[{"embeddable":true,"href":"https:\/\/veritasinfo.org\/index.php?rest_route=\/wp\/v2\/users\/6"}],"replies":[{"embeddable":true,"href":"https:\/\/veritasinfo.org\/index.php?rest_route=%2Fwp%2Fv2%2Fcomments&post=14218"}],"version-history":[{"count":1,"href":"https:\/\/veritasinfo.org\/index.php?rest_route=\/wp\/v2\/posts\/14218\/revisions"}],"predecessor-version":[{"id":14220,"href":"https:\/\/veritasinfo.org\/index.php?rest_route=\/wp\/v2\/posts\/14218\/revisions\/14220"}],"wp:featuredmedia":[{"embeddable":true,"href":"https:\/\/veritasinfo.org\/index.php?rest_route=\/wp\/v2\/media\/14219"}],"wp:attachment":[{"href":"https:\/\/veritasinfo.org\/index.php?rest_route=%2Fwp%2Fv2%2Fmedia&parent=14218"}],"wp:term":[{"taxonomy":"category","embeddable":true,"href":"https:\/\/veritasinfo.org\/index.php?rest_route=%2Fwp%2Fv2%2Fcategories&post=14218"},{"taxonomy":"post_tag","embeddable":true,"href":"https:\/\/veritasinfo.org\/index.php?rest_route=%2Fwp%2Fv2%2Ftags&post=14218"}],"curies":[{"name":"wp","href":"https:\/\/api.w.org\/{rel}","templated":true}]}}