{"id":14216,"date":"2025-09-29T10:21:17","date_gmt":"2025-09-29T08:21:17","guid":{"rendered":"https:\/\/veritasinfo.org\/?p=14216"},"modified":"2025-09-29T10:21:17","modified_gmt":"2025-09-29T08:21:17","slug":"nesreca-sa-smrtnim-ishodom-u-suvoj-reci-jedna-osoba-poginula-cetvoro-povredjenih","status":"publish","type":"post","link":"https:\/\/veritasinfo.org\/?p=14216&lang=sr","title":{"rendered":"Nesre\u0107a sa smrtnim ishodom u Suvoj Reci: jedna osoba poginula, \u010detvoro povre\u0111enih"},"content":{"rendered":"<p>Suva Reka\u00a0 29 Septembar 2025<\/p>\n<article class=\"text-token-text-primary w-full focus:outline-none scroll-mt-[calc(var(--header-height)+min(200px,max(70px,20svh)))]\" dir=\"auto\" tabindex=\"-1\" data-turn-id=\"d6ce7f55-397d-494d-945a-00cee544e9e7\" data-testid=\"conversation-turn-26\" data-scroll-anchor=\"true\" data-turn=\"assistant\">\n<div class=\"text-base my-auto mx-auto pb-10 [--thread-content-margin:--spacing(4)] thread-sm:[--thread-content-margin:--spacing(6)] thread-lg:[--thread-content-margin:--spacing(16)] px-(--thread-content-margin)\">\n<div class=\"[--thread-content-max-width:40rem] thread-lg:[--thread-content-max-width:48rem] mx-auto max-w-(--thread-content-max-width) flex-1 group\/turn-messages focus-visible:outline-hidden relative flex w-full min-w-0 flex-col agent-turn\" tabindex=\"-1\">\n<div class=\"flex max-w-full flex-col grow\">\n<div class=\"min-h-8 text-message relative flex w-full flex-col items-end gap-2 text-start break-words whitespace-normal [.text-message+&amp;]:mt-5\" dir=\"auto\" data-message-author-role=\"assistant\" data-message-id=\"0d4f2b44-d73a-4b2d-8b33-31bbb8061b1e\" data-message-model-slug=\"gpt-5-mini\">\n<div class=\"flex w-full flex-col gap-1 empty:hidden first:pt-[3px]\">\n<div class=\"markdown prose dark:prose-invert w-full break-words light markdown-new-styling\">\n<p data-start=\"33\" data-end=\"252\">Tragi\u010dna saobra\u0107ajna nesre\u0107a dogodila se u nedelju uve\u010de oko 19:50 na putu Suva Reka \u2013<em>\u0160timlje<\/em>, izme\u0111u sela Dulje<br \/>\nCrnoljevo, u kojoj je jedna osoba izgubila \u017eivot, a \u010detiri su povre\u0111ene, uklju\u010duju\u0107i i voza\u010da automobila.<\/p>\n<p data-start=\"254\" data-end=\"495\">Vesti je potvrdila Policija Kosova u svom 24-\u010dasovnom izve\u0161taju, navode\u0107i da je nesre\u0107a nastala zbog gubitka kontrole od strane voza\u010da, koji je pre\u0161ao u suprotnu traku i frontalno se sudario sa autobusom koji je dolazio iz suprotnog smera.<\/p>\n<p data-start=\"497\" data-end=\"678\">\u201eUsled sudara, jedan mu\u0161karac iz Kosova je preminuo na licu mesta, dok su \u010detiri osobe zadobile telesne povrede, uklju\u010duju\u0107i voza\u010da automobila\u201c, navodi se u policijskom izve\u0161taju.<\/p>\n<p data-start=\"680\" data-end=\"888\">Tri povre\u0111ene osobe preba\u010dene su na le\u010denje u bolnicu u Prizrenu, dok je voza\u010d \u2013 koji je zadobio te\u017ee povrede \u2013 prevezen na specijalizovano le\u010denje u Univerzitetski klini\u010dki centar Kosova (<strong data-start=\"120\" data-end=\"128\">UKCK<\/strong>) u Pri\u0161tini.<\/p>\n<p data-start=\"890\" data-end=\"1018\">Na mestu nesre\u0107e intervenisale su policijske jedinice za upravljanje saobra\u0107ajem, kao i jedinica za istrage i zamenik tu\u017eioca.<\/p>\n<p data-start=\"1020\" data-end=\"1122\">\u201ePo odluci tu\u017eioca nare\u0111eno je zadr\u017eavanje osumnji\u010denog \u2013 voza\u010da automobila\u201c, navodi se u izve\u0161taju.<\/p>\n<p data-start=\"1124\" data-end=\"1255\" data-is-last-node=\"\" data-is-only-node=\"\">Istovremeno, telo preminule osobe prevezeno je u Institut za sudsku medicinu\u00a0 (ISM) radi obdukcije, u okviru istrage koja je u toku.<\/p>\n<\/div>\n<\/div>\n<\/div>\n<\/div>\n<div class=\"z-0 flex min-h-[46px] justify-start\"><\/div>\n<div class=\"mt-3 w-full empty:hidden\">\n<div class=\"text-center\"><\/div>\n<\/div>\n<\/div>\n<\/div>\n<\/article>\n<div class=\"pointer-events-none h-px w-px\" aria-hidden=\"true\" data-edge=\"true\"><\/div>\n","protected":false},"excerpt":{"rendered":"<p>Suva Reka\u00a0 29 Septembar 2025 Tragi\u010dna saobra\u0107ajna nesre\u0107a dogodila se u nedelju uve\u010de oko 19:50 na putu Suva Reka \u2013\u0160timlje, izme\u0111u sela Dulje Crnoljevo, u<\/p>\n","protected":false},"author":6,"featured_media":14214,"comment_status":"open","ping_status":"open","sticky":false,"template":"","format":"standard","meta":{"footnotes":""},"categories":[103],"tags":[],"class_list":["post-14216","post","type-post","status-publish","format-standard","has-post-thumbnail","hentry","category-hronika"],"yoast_head":"<!-- This site is optimized with the Yoast SEO plugin v25.3.1 - https:\/\/yoast.com\/wordpress\/plugins\/seo\/ -->\n<title>Nesre\u0107a sa smrtnim ishodom u Suvoj Reci: jedna osoba poginula, \u010detvoro povre\u0111enih -<\/title>\n<meta name=\"robots\" content=\"index, follow, max-snippet:-1, max-image-preview:large, max-video-preview:-1\" \/>\n<link rel=\"canonical\" href=\"https:\/\/veritasinfo.org\/?p=14216&lang=sr\" \/>\n<meta property=\"og:locale\" content=\"en_US\" \/>\n<meta property=\"og:type\" content=\"article\" \/>\n<meta property=\"og:title\" content=\"Nesre\u0107a sa smrtnim ishodom u Suvoj Reci: jedna osoba poginula, \u010detvoro povre\u0111enih -\" \/>\n<meta property=\"og:description\" content=\"Suva Reka\u00a0 29 Septembar 2025 Tragi\u010dna saobra\u0107ajna nesre\u0107a dogodila se u nedelju uve\u010de oko 19:50 na putu Suva Reka \u2013\u0160timlje, izme\u0111u sela Dulje Crnoljevo, u\" \/>\n<meta property=\"og:url\" content=\"https:\/\/veritasinfo.org\/?p=14216&amp;lang=sr\" \/>\n<meta property=\"article:published_time\" content=\"2025-09-29T08:21:17+00:00\" \/>\n<meta property=\"og:image\" content=\"https:\/\/veritasinfo.org\/wp-content\/uploads\/2025\/09\/Imazh-i-WhatsApp-2025-09-29-ne-10.06.35_8c30f8f0.jpg\" \/>\n\t<meta property=\"og:image:width\" content=\"1160\" \/>\n\t<meta property=\"og:image:height\" content=\"824\" \/>\n\t<meta property=\"og:image:type\" content=\"image\/jpeg\" \/>\n<meta name=\"author\" content=\"US5\" \/>\n<meta name=\"twitter:card\" content=\"summary_large_image\" \/>\n<meta name=\"twitter:label1\" content=\"Written by\" \/>\n\t<meta name=\"twitter:data1\" content=\"US5\" \/>\n\t<meta name=\"twitter:label2\" content=\"Est. reading time\" \/>\n\t<meta name=\"twitter:data2\" content=\"2 minutes\" \/>\n<script type=\"application\/ld+json\" class=\"yoast-schema-graph\">{\"@context\":\"https:\/\/schema.org\",\"@graph\":[{\"@type\":\"WebPage\",\"@id\":\"https:\/\/veritasinfo.org\/?p=14216&lang=sr\",\"url\":\"https:\/\/veritasinfo.org\/?p=14216&lang=sr\",\"name\":\"Nesre\u0107a sa smrtnim ishodom u Suvoj Reci: jedna osoba poginula, \u010detvoro povre\u0111enih -\",\"isPartOf\":{\"@id\":\"https:\/\/veritasinfo.org\/#website\"},\"primaryImageOfPage\":{\"@id\":\"https:\/\/veritasinfo.org\/?p=14216&lang=sr#primaryimage\"},\"image\":{\"@id\":\"https:\/\/veritasinfo.org\/?p=14216&lang=sr#primaryimage\"},\"thumbnailUrl\":\"https:\/\/veritasinfo.org\/wp-content\/uploads\/2025\/09\/Imazh-i-WhatsApp-2025-09-29-ne-10.06.35_8c30f8f0.jpg\",\"datePublished\":\"2025-09-29T08:21:17+00:00\",\"author\":{\"@id\":\"https:\/\/veritasinfo.org\/#\/schema\/person\/bc442336e35414d04494ab8fb45db4c6\"},\"breadcrumb\":{\"@id\":\"https:\/\/veritasinfo.org\/?p=14216&lang=sr#breadcrumb\"},\"inLanguage\":\"en-US\",\"potentialAction\":[{\"@type\":\"ReadAction\",\"target\":[\"https:\/\/veritasinfo.org\/?p=14216&lang=sr\"]}]},{\"@type\":\"ImageObject\",\"inLanguage\":\"en-US\",\"@id\":\"https:\/\/veritasinfo.org\/?p=14216&lang=sr#primaryimage\",\"url\":\"https:\/\/veritasinfo.org\/wp-content\/uploads\/2025\/09\/Imazh-i-WhatsApp-2025-09-29-ne-10.06.35_8c30f8f0.jpg\",\"contentUrl\":\"https:\/\/veritasinfo.org\/wp-content\/uploads\/2025\/09\/Imazh-i-WhatsApp-2025-09-29-ne-10.06.35_8c30f8f0.jpg\",\"width\":1160,\"height\":824},{\"@type\":\"BreadcrumbList\",\"@id\":\"https:\/\/veritasinfo.org\/?p=14216&lang=sr#breadcrumb\",\"itemListElement\":[{\"@type\":\"ListItem\",\"position\":1,\"name\":\"Home\",\"item\":\"https:\/\/veritasinfo.org\/\"},{\"@type\":\"ListItem\",\"position\":2,\"name\":\"Nesre\u0107a sa smrtnim ishodom u Suvoj Reci: jedna osoba poginula, \u010detvoro povre\u0111enih\"}]},{\"@type\":\"WebSite\",\"@id\":\"https:\/\/veritasinfo.org\/#website\",\"url\":\"https:\/\/veritasinfo.org\/\",\"name\":\"\",\"description\":\"\",\"potentialAction\":[{\"@type\":\"SearchAction\",\"target\":{\"@type\":\"EntryPoint\",\"urlTemplate\":\"https:\/\/veritasinfo.org\/?s={search_term_string}\"},\"query-input\":{\"@type\":\"PropertyValueSpecification\",\"valueRequired\":true,\"valueName\":\"search_term_string\"}}],\"inLanguage\":\"en-US\"},{\"@type\":\"Person\",\"@id\":\"https:\/\/veritasinfo.org\/#\/schema\/person\/bc442336e35414d04494ab8fb45db4c6\",\"name\":\"US5\",\"image\":{\"@type\":\"ImageObject\",\"inLanguage\":\"en-US\",\"@id\":\"https:\/\/veritasinfo.org\/#\/schema\/person\/image\/\",\"url\":\"https:\/\/secure.gravatar.com\/avatar\/16a61e7272a0c5d001121ebb9e60e925d5816e4ac1e443ed3e640d9a6ae55d0c?s=96&d=mm&r=g\",\"contentUrl\":\"https:\/\/secure.gravatar.com\/avatar\/16a61e7272a0c5d001121ebb9e60e925d5816e4ac1e443ed3e640d9a6ae55d0c?s=96&d=mm&r=g\",\"caption\":\"US5\"},\"url\":\"https:\/\/veritasinfo.org\/?author=6\"}]}<\/script>\n<!-- \/ Yoast SEO plugin. -->","yoast_head_json":{"title":"Nesre\u0107a sa smrtnim ishodom u Suvoj Reci: jedna osoba poginula, \u010detvoro povre\u0111enih -","robots":{"index":"index","follow":"follow","max-snippet":"max-snippet:-1","max-image-preview":"max-image-preview:large","max-video-preview":"max-video-preview:-1"},"canonical":"https:\/\/veritasinfo.org\/?p=14216&lang=sr","og_locale":"en_US","og_type":"article","og_title":"Nesre\u0107a sa smrtnim ishodom u Suvoj Reci: jedna osoba poginula, \u010detvoro povre\u0111enih -","og_description":"Suva Reka\u00a0 29 Septembar 2025 Tragi\u010dna saobra\u0107ajna nesre\u0107a dogodila se u nedelju uve\u010de oko 19:50 na putu Suva Reka \u2013\u0160timlje, izme\u0111u sela Dulje Crnoljevo, u","og_url":"https:\/\/veritasinfo.org\/?p=14216&lang=sr","article_published_time":"2025-09-29T08:21:17+00:00","og_image":[{"width":1160,"height":824,"url":"https:\/\/veritasinfo.org\/wp-content\/uploads\/2025\/09\/Imazh-i-WhatsApp-2025-09-29-ne-10.06.35_8c30f8f0.jpg","type":"image\/jpeg"}],"author":"US5","twitter_card":"summary_large_image","twitter_misc":{"Written by":"US5","Est. reading time":"2 minutes"},"schema":{"@context":"https:\/\/schema.org","@graph":[{"@type":"WebPage","@id":"https:\/\/veritasinfo.org\/?p=14216&lang=sr","url":"https:\/\/veritasinfo.org\/?p=14216&lang=sr","name":"Nesre\u0107a sa smrtnim ishodom u Suvoj Reci: jedna osoba poginula, \u010detvoro povre\u0111enih -","isPartOf":{"@id":"https:\/\/veritasinfo.org\/#website"},"primaryImageOfPage":{"@id":"https:\/\/veritasinfo.org\/?p=14216&lang=sr#primaryimage"},"image":{"@id":"https:\/\/veritasinfo.org\/?p=14216&lang=sr#primaryimage"},"thumbnailUrl":"https:\/\/veritasinfo.org\/wp-content\/uploads\/2025\/09\/Imazh-i-WhatsApp-2025-09-29-ne-10.06.35_8c30f8f0.jpg","datePublished":"2025-09-29T08:21:17+00:00","author":{"@id":"https:\/\/veritasinfo.org\/#\/schema\/person\/bc442336e35414d04494ab8fb45db4c6"},"breadcrumb":{"@id":"https:\/\/veritasinfo.org\/?p=14216&lang=sr#breadcrumb"},"inLanguage":"en-US","potentialAction":[{"@type":"ReadAction","target":["https:\/\/veritasinfo.org\/?p=14216&lang=sr"]}]},{"@type":"ImageObject","inLanguage":"en-US","@id":"https:\/\/veritasinfo.org\/?p=14216&lang=sr#primaryimage","url":"https:\/\/veritasinfo.org\/wp-content\/uploads\/2025\/09\/Imazh-i-WhatsApp-2025-09-29-ne-10.06.35_8c30f8f0.jpg","contentUrl":"https:\/\/veritasinfo.org\/wp-content\/uploads\/2025\/09\/Imazh-i-WhatsApp-2025-09-29-ne-10.06.35_8c30f8f0.jpg","width":1160,"height":824},{"@type":"BreadcrumbList","@id":"https:\/\/veritasinfo.org\/?p=14216&lang=sr#breadcrumb","itemListElement":[{"@type":"ListItem","position":1,"name":"Home","item":"https:\/\/veritasinfo.org\/"},{"@type":"ListItem","position":2,"name":"Nesre\u0107a sa smrtnim ishodom u Suvoj Reci: jedna osoba poginula, \u010detvoro povre\u0111enih"}]},{"@type":"WebSite","@id":"https:\/\/veritasinfo.org\/#website","url":"https:\/\/veritasinfo.org\/","name":"","description":"","potentialAction":[{"@type":"SearchAction","target":{"@type":"EntryPoint","urlTemplate":"https:\/\/veritasinfo.org\/?s={search_term_string}"},"query-input":{"@type":"PropertyValueSpecification","valueRequired":true,"valueName":"search_term_string"}}],"inLanguage":"en-US"},{"@type":"Person","@id":"https:\/\/veritasinfo.org\/#\/schema\/person\/bc442336e35414d04494ab8fb45db4c6","name":"US5","image":{"@type":"ImageObject","inLanguage":"en-US","@id":"https:\/\/veritasinfo.org\/#\/schema\/person\/image\/","url":"https:\/\/secure.gravatar.com\/avatar\/16a61e7272a0c5d001121ebb9e60e925d5816e4ac1e443ed3e640d9a6ae55d0c?s=96&d=mm&r=g","contentUrl":"https:\/\/secure.gravatar.com\/avatar\/16a61e7272a0c5d001121ebb9e60e925d5816e4ac1e443ed3e640d9a6ae55d0c?s=96&d=mm&r=g","caption":"US5"},"url":"https:\/\/veritasinfo.org\/?author=6"}]}},"featured_image_urls":{"full":["https:\/\/veritasinfo.org\/wp-content\/uploads\/2025\/09\/Imazh-i-WhatsApp-2025-09-29-ne-10.06.35_8c30f8f0.jpg",1160,824,false],"thumbnail":["https:\/\/veritasinfo.org\/wp-content\/uploads\/2025\/09\/Imazh-i-WhatsApp-2025-09-29-ne-10.06.35_8c30f8f0-150x150.jpg",150,150,true],"medium":["https:\/\/veritasinfo.org\/wp-content\/uploads\/2025\/09\/Imazh-i-WhatsApp-2025-09-29-ne-10.06.35_8c30f8f0-300x213.jpg",300,213,true],"medium_large":["https:\/\/veritasinfo.org\/wp-content\/uploads\/2025\/09\/Imazh-i-WhatsApp-2025-09-29-ne-10.06.35_8c30f8f0-768x546.jpg",640,455,true],"large":["https:\/\/veritasinfo.org\/wp-content\/uploads\/2025\/09\/Imazh-i-WhatsApp-2025-09-29-ne-10.06.35_8c30f8f0-1024x727.jpg",640,454,true],"1536x1536":["https:\/\/veritasinfo.org\/wp-content\/uploads\/2025\/09\/Imazh-i-WhatsApp-2025-09-29-ne-10.06.35_8c30f8f0.jpg",1160,824,false],"2048x2048":["https:\/\/veritasinfo.org\/wp-content\/uploads\/2025\/09\/Imazh-i-WhatsApp-2025-09-29-ne-10.06.35_8c30f8f0.jpg",1160,824,false],"kreeti-slider-full":["https:\/\/veritasinfo.org\/wp-content\/uploads\/2025\/09\/Imazh-i-WhatsApp-2025-09-29-ne-10.06.35_8c30f8f0.jpg",1014,720,false],"kreeti-featured":["https:\/\/veritasinfo.org\/wp-content\/uploads\/2025\/09\/Imazh-i-WhatsApp-2025-09-29-ne-10.06.35_8c30f8f0.jpg",1024,727,false],"kreeti-medium":["https:\/\/veritasinfo.org\/wp-content\/uploads\/2025\/09\/Imazh-i-WhatsApp-2025-09-29-ne-10.06.35_8c30f8f0.jpg",720,511,false],"kreeti-medium-square":["https:\/\/veritasinfo.org\/wp-content\/uploads\/2025\/09\/Imazh-i-WhatsApp-2025-09-29-ne-10.06.35_8c30f8f0.jpg",350,249,false]},"author_info":{"info":["US5"]},"category_info":"<a href=\"https:\/\/veritasinfo.org\/?cat=103&#038;lang=sr\" rel=\"category\">Hronika<\/a>","tag_info":"Hronika","comment_count":"0","_links":{"self":[{"href":"https:\/\/veritasinfo.org\/index.php?rest_route=\/wp\/v2\/posts\/14216","targetHints":{"allow":["GET"]}}],"collection":[{"href":"https:\/\/veritasinfo.org\/index.php?rest_route=\/wp\/v2\/posts"}],"about":[{"href":"https:\/\/veritasinfo.org\/index.php?rest_route=\/wp\/v2\/types\/post"}],"author":[{"embeddable":true,"href":"https:\/\/veritasinfo.org\/index.php?rest_route=\/wp\/v2\/users\/6"}],"replies":[{"embeddable":true,"href":"https:\/\/veritasinfo.org\/index.php?rest_route=%2Fwp%2Fv2%2Fcomments&post=14216"}],"version-history":[{"count":1,"href":"https:\/\/veritasinfo.org\/index.php?rest_route=\/wp\/v2\/posts\/14216\/revisions"}],"predecessor-version":[{"id":14217,"href":"https:\/\/veritasinfo.org\/index.php?rest_route=\/wp\/v2\/posts\/14216\/revisions\/14217"}],"wp:featuredmedia":[{"embeddable":true,"href":"https:\/\/veritasinfo.org\/index.php?rest_route=\/wp\/v2\/media\/14214"}],"wp:attachment":[{"href":"https:\/\/veritasinfo.org\/index.php?rest_route=%2Fwp%2Fv2%2Fmedia&parent=14216"}],"wp:term":[{"taxonomy":"category","embeddable":true,"href":"https:\/\/veritasinfo.org\/index.php?rest_route=%2Fwp%2Fv2%2Fcategories&post=14216"},{"taxonomy":"post_tag","embeddable":true,"href":"https:\/\/veritasinfo.org\/index.php?rest_route=%2Fwp%2Fv2%2Ftags&post=14216"}],"curies":[{"name":"wp","href":"https:\/\/api.w.org\/{rel}","templated":true}]}}