{"id":14189,"date":"2025-09-29T08:21:23","date_gmt":"2025-09-29T06:21:23","guid":{"rendered":"https:\/\/veritasinfo.org\/?p=14189"},"modified":"2025-09-29T08:21:23","modified_gmt":"2025-09-29T06:21:23","slug":"ovl-uck-mban-konference-ne-tirane-thirrje-publike-liri-per-clirimtaret","status":"publish","type":"post","link":"https:\/\/veritasinfo.org\/?p=14189","title":{"rendered":"OVL-U\u00c7K mban konferenc\u00eb n\u00eb Tiran\u00eb, thirrje publike \u2018Liri p\u00ebr \u00e7lirimtar\u00ebt"},"content":{"rendered":"<p>Prishtin\u00eb, 29 shtator 2025<\/p>\n<p>Organizata e Veteran\u00ebve t\u00eb Luft\u00ebs s\u00eb Ushtris\u00eb \u00c7lirimtare t\u00eb Kosov\u00ebs (OVL-U\u00c7K) do t\u00eb mbaj\u00eb nj\u00eb konferenc\u00eb p\u00ebr media sot, n\u00eb or\u00ebn 12:00, n\u00eb ambientet e Hotel \u201cTirana\u201d, n\u00eb kryeqytetin e Shqip\u00ebris\u00eb.<\/p>\n<p>Detajet rreth tem\u00ebs q\u00eb do t\u00eb trajtohet n\u00eb k\u00ebt\u00eb konferenc\u00eb nuk jan\u00eb b\u00ebr\u00eb publike paraprakisht.<\/p>\n<p>Megjithat\u00eb, kjo ngjarje vjen n\u00eb nj\u00eb koh\u00eb kur rrug\u00ebt e Tiran\u00ebs jan\u00eb mbushur me billborde dhe pankarta mb\u00ebshtet\u00ebse p\u00ebr ish-krer\u00ebt e U\u00c7K-s\u00eb, q\u00eb po p\u00ebrballen me gjykimin n\u00eb Dhomat e Specializuara n\u00eb Hag\u00eb.<\/p>\n<p>N\u00ebp\u00ebr qytet, kan\u00eb dominuar thirrjet \u201cLiri p\u00ebr \u00e7lirimtar\u00ebt\u201d, t\u00eb shoq\u00ebruara me fotografit\u00eb e ish-krer\u00ebve t\u00eb\u00a0U\u00c7K-s\u00eb Hashim Tha\u00e7it, Kadri Veselit, Jakup Krasniqit dhe Rexhep Selimit.<\/p>\n<p>K\u00ebto veprime simbolike jan\u00eb par\u00eb si pjes\u00eb e nj\u00eb fushate\u00a0n\u00eb mb\u00ebshtetje t\u00eb ish-krer\u00ebve t\u00eb luft\u00ebs, t\u00eb cil\u00ebt p\u00ebrkrah\u00ebsit e tyre i konsiderojn\u00eb si \u00e7lirimtar\u00eb q\u00eb po mbahen padrejt\u00ebsisht n\u00eb paraburgim.<\/p>\n<p>&nbsp;<\/p>\n<p>&nbsp;<\/p>\n","protected":false},"excerpt":{"rendered":"<p>Prishtin\u00eb, 29 shtator 2025 Organizata e Veteran\u00ebve t\u00eb Luft\u00ebs s\u00eb Ushtris\u00eb \u00c7lirimtare t\u00eb Kosov\u00ebs (OVL-U\u00c7K) do t\u00eb mbaj\u00eb nj\u00eb konferenc\u00eb p\u00ebr media sot, n\u00eb or\u00ebn<\/p>\n","protected":false},"author":7,"featured_media":14191,"comment_status":"open","ping_status":"open","sticky":false,"template":"","format":"standard","meta":{"footnotes":""},"categories":[60],"tags":[],"class_list":["post-14189","post","type-post","status-publish","format-standard","has-post-thumbnail","hentry","category-shoqerore-sq"],"yoast_head":"<!-- This site is optimized with the Yoast SEO plugin v25.3.1 - https:\/\/yoast.com\/wordpress\/plugins\/seo\/ -->\n<title>OVL-U\u00c7K mban konferenc\u00eb n\u00eb Tiran\u00eb, thirrje publike \u2018Liri p\u00ebr \u00e7lirimtar\u00ebt -<\/title>\n<meta name=\"robots\" content=\"index, follow, max-snippet:-1, max-image-preview:large, max-video-preview:-1\" \/>\n<link rel=\"canonical\" href=\"https:\/\/veritasinfo.org\/?p=14189\" \/>\n<meta property=\"og:locale\" content=\"en_US\" \/>\n<meta property=\"og:type\" content=\"article\" \/>\n<meta property=\"og:title\" content=\"OVL-U\u00c7K mban konferenc\u00eb n\u00eb Tiran\u00eb, thirrje publike \u2018Liri p\u00ebr \u00e7lirimtar\u00ebt -\" \/>\n<meta property=\"og:description\" content=\"Prishtin\u00eb, 29 shtator 2025 Organizata e Veteran\u00ebve t\u00eb Luft\u00ebs s\u00eb Ushtris\u00eb \u00c7lirimtare t\u00eb Kosov\u00ebs (OVL-U\u00c7K) do t\u00eb mbaj\u00eb nj\u00eb konferenc\u00eb p\u00ebr media sot, n\u00eb or\u00ebn\" \/>\n<meta property=\"og:url\" content=\"https:\/\/veritasinfo.org\/?p=14189\" \/>\n<meta property=\"article:published_time\" content=\"2025-09-29T06:21:23+00:00\" \/>\n<meta property=\"og:image\" content=\"https:\/\/veritasinfo.org\/wp-content\/uploads\/2025\/09\/Capture.png\" \/>\n\t<meta property=\"og:image:width\" content=\"405\" \/>\n\t<meta property=\"og:image:height\" content=\"230\" \/>\n\t<meta property=\"og:image:type\" content=\"image\/png\" \/>\n<meta name=\"author\" content=\"US6\" \/>\n<meta name=\"twitter:card\" content=\"summary_large_image\" \/>\n<meta name=\"twitter:label1\" content=\"Written by\" \/>\n\t<meta name=\"twitter:data1\" content=\"US6\" \/>\n\t<meta name=\"twitter:label2\" content=\"Est. reading time\" \/>\n\t<meta name=\"twitter:data2\" content=\"1 minute\" \/>\n<script type=\"application\/ld+json\" class=\"yoast-schema-graph\">{\"@context\":\"https:\/\/schema.org\",\"@graph\":[{\"@type\":\"WebPage\",\"@id\":\"https:\/\/veritasinfo.org\/?p=14189\",\"url\":\"https:\/\/veritasinfo.org\/?p=14189\",\"name\":\"OVL-U\u00c7K mban konferenc\u00eb n\u00eb Tiran\u00eb, thirrje publike \u2018Liri p\u00ebr \u00e7lirimtar\u00ebt -\",\"isPartOf\":{\"@id\":\"https:\/\/veritasinfo.org\/#website\"},\"primaryImageOfPage\":{\"@id\":\"https:\/\/veritasinfo.org\/?p=14189#primaryimage\"},\"image\":{\"@id\":\"https:\/\/veritasinfo.org\/?p=14189#primaryimage\"},\"thumbnailUrl\":\"https:\/\/veritasinfo.org\/wp-content\/uploads\/2025\/09\/Capture.png\",\"datePublished\":\"2025-09-29T06:21:23+00:00\",\"author\":{\"@id\":\"https:\/\/veritasinfo.org\/#\/schema\/person\/fe199eede04c3937362892b7444747cc\"},\"breadcrumb\":{\"@id\":\"https:\/\/veritasinfo.org\/?p=14189#breadcrumb\"},\"inLanguage\":\"en-US\",\"potentialAction\":[{\"@type\":\"ReadAction\",\"target\":[\"https:\/\/veritasinfo.org\/?p=14189\"]}]},{\"@type\":\"ImageObject\",\"inLanguage\":\"en-US\",\"@id\":\"https:\/\/veritasinfo.org\/?p=14189#primaryimage\",\"url\":\"https:\/\/veritasinfo.org\/wp-content\/uploads\/2025\/09\/Capture.png\",\"contentUrl\":\"https:\/\/veritasinfo.org\/wp-content\/uploads\/2025\/09\/Capture.png\",\"width\":405,\"height\":230},{\"@type\":\"BreadcrumbList\",\"@id\":\"https:\/\/veritasinfo.org\/?p=14189#breadcrumb\",\"itemListElement\":[{\"@type\":\"ListItem\",\"position\":1,\"name\":\"Home\",\"item\":\"https:\/\/veritasinfo.org\/\"},{\"@type\":\"ListItem\",\"position\":2,\"name\":\"OVL-U\u00c7K mban konferenc\u00eb n\u00eb Tiran\u00eb, thirrje publike \u2018Liri p\u00ebr \u00e7lirimtar\u00ebt\"}]},{\"@type\":\"WebSite\",\"@id\":\"https:\/\/veritasinfo.org\/#website\",\"url\":\"https:\/\/veritasinfo.org\/\",\"name\":\"\",\"description\":\"\",\"potentialAction\":[{\"@type\":\"SearchAction\",\"target\":{\"@type\":\"EntryPoint\",\"urlTemplate\":\"https:\/\/veritasinfo.org\/?s={search_term_string}\"},\"query-input\":{\"@type\":\"PropertyValueSpecification\",\"valueRequired\":true,\"valueName\":\"search_term_string\"}}],\"inLanguage\":\"en-US\"},{\"@type\":\"Person\",\"@id\":\"https:\/\/veritasinfo.org\/#\/schema\/person\/fe199eede04c3937362892b7444747cc\",\"name\":\"US6\",\"image\":{\"@type\":\"ImageObject\",\"inLanguage\":\"en-US\",\"@id\":\"https:\/\/veritasinfo.org\/#\/schema\/person\/image\/\",\"url\":\"https:\/\/secure.gravatar.com\/avatar\/cb16c3c31c9d23b9b8c705964598220b3014e42ff51eb540ff23cefa3ae8c15f?s=96&d=mm&r=g\",\"contentUrl\":\"https:\/\/secure.gravatar.com\/avatar\/cb16c3c31c9d23b9b8c705964598220b3014e42ff51eb540ff23cefa3ae8c15f?s=96&d=mm&r=g\",\"caption\":\"US6\"},\"url\":\"https:\/\/veritasinfo.org\/?author=7\"}]}<\/script>\n<!-- \/ Yoast SEO plugin. -->","yoast_head_json":{"title":"OVL-U\u00c7K mban konferenc\u00eb n\u00eb Tiran\u00eb, thirrje publike \u2018Liri p\u00ebr \u00e7lirimtar\u00ebt -","robots":{"index":"index","follow":"follow","max-snippet":"max-snippet:-1","max-image-preview":"max-image-preview:large","max-video-preview":"max-video-preview:-1"},"canonical":"https:\/\/veritasinfo.org\/?p=14189","og_locale":"en_US","og_type":"article","og_title":"OVL-U\u00c7K mban konferenc\u00eb n\u00eb Tiran\u00eb, thirrje publike \u2018Liri p\u00ebr \u00e7lirimtar\u00ebt -","og_description":"Prishtin\u00eb, 29 shtator 2025 Organizata e Veteran\u00ebve t\u00eb Luft\u00ebs s\u00eb Ushtris\u00eb \u00c7lirimtare t\u00eb Kosov\u00ebs (OVL-U\u00c7K) do t\u00eb mbaj\u00eb nj\u00eb konferenc\u00eb p\u00ebr media sot, n\u00eb or\u00ebn","og_url":"https:\/\/veritasinfo.org\/?p=14189","article_published_time":"2025-09-29T06:21:23+00:00","og_image":[{"width":405,"height":230,"url":"https:\/\/veritasinfo.org\/wp-content\/uploads\/2025\/09\/Capture.png","type":"image\/png"}],"author":"US6","twitter_card":"summary_large_image","twitter_misc":{"Written by":"US6","Est. reading time":"1 minute"},"schema":{"@context":"https:\/\/schema.org","@graph":[{"@type":"WebPage","@id":"https:\/\/veritasinfo.org\/?p=14189","url":"https:\/\/veritasinfo.org\/?p=14189","name":"OVL-U\u00c7K mban konferenc\u00eb n\u00eb Tiran\u00eb, thirrje publike \u2018Liri p\u00ebr \u00e7lirimtar\u00ebt -","isPartOf":{"@id":"https:\/\/veritasinfo.org\/#website"},"primaryImageOfPage":{"@id":"https:\/\/veritasinfo.org\/?p=14189#primaryimage"},"image":{"@id":"https:\/\/veritasinfo.org\/?p=14189#primaryimage"},"thumbnailUrl":"https:\/\/veritasinfo.org\/wp-content\/uploads\/2025\/09\/Capture.png","datePublished":"2025-09-29T06:21:23+00:00","author":{"@id":"https:\/\/veritasinfo.org\/#\/schema\/person\/fe199eede04c3937362892b7444747cc"},"breadcrumb":{"@id":"https:\/\/veritasinfo.org\/?p=14189#breadcrumb"},"inLanguage":"en-US","potentialAction":[{"@type":"ReadAction","target":["https:\/\/veritasinfo.org\/?p=14189"]}]},{"@type":"ImageObject","inLanguage":"en-US","@id":"https:\/\/veritasinfo.org\/?p=14189#primaryimage","url":"https:\/\/veritasinfo.org\/wp-content\/uploads\/2025\/09\/Capture.png","contentUrl":"https:\/\/veritasinfo.org\/wp-content\/uploads\/2025\/09\/Capture.png","width":405,"height":230},{"@type":"BreadcrumbList","@id":"https:\/\/veritasinfo.org\/?p=14189#breadcrumb","itemListElement":[{"@type":"ListItem","position":1,"name":"Home","item":"https:\/\/veritasinfo.org\/"},{"@type":"ListItem","position":2,"name":"OVL-U\u00c7K mban konferenc\u00eb n\u00eb Tiran\u00eb, thirrje publike \u2018Liri p\u00ebr \u00e7lirimtar\u00ebt"}]},{"@type":"WebSite","@id":"https:\/\/veritasinfo.org\/#website","url":"https:\/\/veritasinfo.org\/","name":"","description":"","potentialAction":[{"@type":"SearchAction","target":{"@type":"EntryPoint","urlTemplate":"https:\/\/veritasinfo.org\/?s={search_term_string}"},"query-input":{"@type":"PropertyValueSpecification","valueRequired":true,"valueName":"search_term_string"}}],"inLanguage":"en-US"},{"@type":"Person","@id":"https:\/\/veritasinfo.org\/#\/schema\/person\/fe199eede04c3937362892b7444747cc","name":"US6","image":{"@type":"ImageObject","inLanguage":"en-US","@id":"https:\/\/veritasinfo.org\/#\/schema\/person\/image\/","url":"https:\/\/secure.gravatar.com\/avatar\/cb16c3c31c9d23b9b8c705964598220b3014e42ff51eb540ff23cefa3ae8c15f?s=96&d=mm&r=g","contentUrl":"https:\/\/secure.gravatar.com\/avatar\/cb16c3c31c9d23b9b8c705964598220b3014e42ff51eb540ff23cefa3ae8c15f?s=96&d=mm&r=g","caption":"US6"},"url":"https:\/\/veritasinfo.org\/?author=7"}]}},"featured_image_urls":{"full":["https:\/\/veritasinfo.org\/wp-content\/uploads\/2025\/09\/Capture.png",405,230,false],"thumbnail":["https:\/\/veritasinfo.org\/wp-content\/uploads\/2025\/09\/Capture-150x150.png",150,150,true],"medium":["https:\/\/veritasinfo.org\/wp-content\/uploads\/2025\/09\/Capture-300x170.png",300,170,true],"medium_large":["https:\/\/veritasinfo.org\/wp-content\/uploads\/2025\/09\/Capture.png",405,230,false],"large":["https:\/\/veritasinfo.org\/wp-content\/uploads\/2025\/09\/Capture.png",405,230,false],"1536x1536":["https:\/\/veritasinfo.org\/wp-content\/uploads\/2025\/09\/Capture.png",405,230,false],"2048x2048":["https:\/\/veritasinfo.org\/wp-content\/uploads\/2025\/09\/Capture.png",405,230,false],"kreeti-slider-full":["https:\/\/veritasinfo.org\/wp-content\/uploads\/2025\/09\/Capture.png",405,230,false],"kreeti-featured":["https:\/\/veritasinfo.org\/wp-content\/uploads\/2025\/09\/Capture.png",405,230,false],"kreeti-medium":["https:\/\/veritasinfo.org\/wp-content\/uploads\/2025\/09\/Capture.png",405,230,false],"kreeti-medium-square":["https:\/\/veritasinfo.org\/wp-content\/uploads\/2025\/09\/Capture.png",350,199,false]},"author_info":{"info":["US6"]},"category_info":"<a href=\"https:\/\/veritasinfo.org\/?cat=60\" rel=\"category\">Shoq\u00ebrore<\/a>","tag_info":"Shoq\u00ebrore","comment_count":"0","_links":{"self":[{"href":"https:\/\/veritasinfo.org\/index.php?rest_route=\/wp\/v2\/posts\/14189","targetHints":{"allow":["GET"]}}],"collection":[{"href":"https:\/\/veritasinfo.org\/index.php?rest_route=\/wp\/v2\/posts"}],"about":[{"href":"https:\/\/veritasinfo.org\/index.php?rest_route=\/wp\/v2\/types\/post"}],"author":[{"embeddable":true,"href":"https:\/\/veritasinfo.org\/index.php?rest_route=\/wp\/v2\/users\/7"}],"replies":[{"embeddable":true,"href":"https:\/\/veritasinfo.org\/index.php?rest_route=%2Fwp%2Fv2%2Fcomments&post=14189"}],"version-history":[{"count":1,"href":"https:\/\/veritasinfo.org\/index.php?rest_route=\/wp\/v2\/posts\/14189\/revisions"}],"predecessor-version":[{"id":14192,"href":"https:\/\/veritasinfo.org\/index.php?rest_route=\/wp\/v2\/posts\/14189\/revisions\/14192"}],"wp:featuredmedia":[{"embeddable":true,"href":"https:\/\/veritasinfo.org\/index.php?rest_route=\/wp\/v2\/media\/14191"}],"wp:attachment":[{"href":"https:\/\/veritasinfo.org\/index.php?rest_route=%2Fwp%2Fv2%2Fmedia&parent=14189"}],"wp:term":[{"taxonomy":"category","embeddable":true,"href":"https:\/\/veritasinfo.org\/index.php?rest_route=%2Fwp%2Fv2%2Fcategories&post=14189"},{"taxonomy":"post_tag","embeddable":true,"href":"https:\/\/veritasinfo.org\/index.php?rest_route=%2Fwp%2Fv2%2Ftags&post=14189"}],"curies":[{"name":"wp","href":"https:\/\/api.w.org\/{rel}","templated":true}]}}