{"id":14187,"date":"2025-09-29T08:23:04","date_gmt":"2025-09-29T06:23:04","guid":{"rendered":"https:\/\/veritasinfo.org\/?p=14187"},"modified":"2025-09-29T08:23:04","modified_gmt":"2025-09-29T06:23:04","slug":"severna-mitrovica-grad-bez-semafora-saobracaj-funkcionise-kroz-kruzne-tokove","status":"publish","type":"post","link":"https:\/\/veritasinfo.org\/?p=14187&lang=sr","title":{"rendered":"Severna Mitrovica \u2013 grad bez semafora: saobra\u0107aj funkcioni\u0161e kroz kru\u017ene tokove"},"content":{"rendered":"<p data-start=\"167\" data-end=\"207\">Severna Mitrovica, 29. Septembar 2025.<\/p>\n<p data-start=\"209\" data-end=\"456\">Severna Mitrovica je mo\u017eda jedini grad na Kosovu, pa i \u0161ire, koji nema nijedan semafor. Umesto crvenog, \u017eutog i zelenog svetla, voza\u010de i pe\u0161ake kroz svakodnevni saobra\u0107aj vode pet kru\u017enih tokova, raspore\u0111enih na najfrekventnijim mestima u gradu.<\/p>\n<p data-start=\"458\" data-end=\"769\">U jutarnjim satima, kada se grad budi, kolone automobila kre\u0107u se u ritmu kru\u017enih tokova. Nema nervoznog \u010dekanja na crveno; voza\u010di, jedan po jedan, propu\u0161taju i nastavljaju dalje. \u201eNavikli smo. Br\u017ee ide i manje se gubi vreme\u201c, ka\u017ee Goran Bi\u0161evac, voza\u010d taksija koji svakodnevno prolazi kroz sve kru\u017ene tokove.<\/p>\n<p data-start=\"771\" data-end=\"1095\">Ipak, nisu svi gra\u0111ani jednako zadovoljni ovim sistemom. Stariji sugra\u0111anin, Oliver Bo\u017eovi\u0107, isti\u010de:<br data-start=\"871\" data-end=\"874\" \/>\u201eZnate, ja sam ceo \u017eivot ovde. Posle rata nije bilo semafora, ali danas ima mnogo vi\u0161e automobila i pe\u0161aka. Mislim da bi bilo dobro da prorade, barem na glavnim raskrsnicama, kako bi deca mogla bezbedno da pre\u0111u ulicu.\u201c<\/p>\n<p data-start=\"1097\" data-end=\"1336\">Sli\u010dan stav imaju i mla\u0111i. Student Nikola Timotijevi\u0107 ka\u017ee:<br data-start=\"1156\" data-end=\"1159\" \/>\u201eMeni li\u010dno smetaju gu\u017eve ujutru kada idem na fakultet. Kada bi semafori radili, barem bi se malo uredilo ko kada prolazi, jer sada svi jure i trube. Podr\u017eavam da se uklju\u010de.\u201c<\/p>\n<p data-start=\"1338\" data-end=\"1593\">Roditelji posebno nagla\u0161avaju bezbednost dece. Mirela Mahmutovi\u0107 isti\u010de:<br data-start=\"1410\" data-end=\"1413\" \/>\u201eKao roditelj, najva\u017enija mi je sigurnost dece. Kada prelazim ulicu s njima, \u010desto se de\u0161ava da voza\u010di ne stanu. Semafori bi pomogli da se to reguli\u0161e i da se ose\u0107amo sigurnije.\u201c<\/p>\n<p data-start=\"1595\" data-end=\"1820\">Ipak, ima i onih koji smatraju da su kru\u017eni tokovi dobro re\u0161enje za grad veli\u010dine Severne Mitrovice. Oni omogu\u0107avaju neprekidan protok saobra\u0107aja i \u010desto smanjuju zastoje, naro\u010dito u gradovima sa manjom gustinom saobra\u0107aja.<\/p>\n<p data-start=\"1822\" data-end=\"2106\">Stru\u010dnjaci za urbanizam nagla\u0161avaju da ovakav sistem ima i prednosti i mane. Dok mnogi gradovi ula\u017eu u semafore i slo\u017eene sisteme regulacije, Severna Mitrovica pokazuje da i jednostavnija re\u0161enja mogu biti delotvorna \u2013 sve dok se po\u0161tuju pravila i dok voza\u010di i pe\u0161aci budu pa\u017eljivi.<\/p>\n","protected":false},"excerpt":{"rendered":"<p>Severna Mitrovica, 29. Septembar 2025. Severna Mitrovica je mo\u017eda jedini grad na Kosovu, pa i \u0161ire, koji nema nijedan semafor. Umesto crvenog, \u017eutog i zelenog<\/p>\n","protected":false},"author":6,"featured_media":14194,"comment_status":"open","ping_status":"open","sticky":false,"template":"","format":"standard","meta":{"footnotes":""},"categories":[32],"tags":[],"class_list":["post-14187","post","type-post","status-publish","format-standard","has-post-thumbnail","hentry","category-opstine"],"yoast_head":"<!-- This site is optimized with the Yoast SEO plugin v25.3.1 - https:\/\/yoast.com\/wordpress\/plugins\/seo\/ -->\n<title>Severna Mitrovica \u2013 grad bez semafora: saobra\u0107aj funkcioni\u0161e kroz kru\u017ene tokove -<\/title>\n<meta name=\"robots\" content=\"index, follow, max-snippet:-1, max-image-preview:large, max-video-preview:-1\" \/>\n<link rel=\"canonical\" href=\"https:\/\/veritasinfo.org\/?p=14187&lang=sr\" \/>\n<meta property=\"og:locale\" content=\"en_US\" \/>\n<meta property=\"og:type\" content=\"article\" \/>\n<meta property=\"og:title\" content=\"Severna Mitrovica \u2013 grad bez semafora: saobra\u0107aj funkcioni\u0161e kroz kru\u017ene tokove -\" \/>\n<meta property=\"og:description\" content=\"Severna Mitrovica, 29. Septembar 2025. Severna Mitrovica je mo\u017eda jedini grad na Kosovu, pa i \u0161ire, koji nema nijedan semafor. Umesto crvenog, \u017eutog i zelenog\" \/>\n<meta property=\"og:url\" content=\"https:\/\/veritasinfo.org\/?p=14187&amp;lang=sr\" \/>\n<meta property=\"article:published_time\" content=\"2025-09-29T06:23:04+00:00\" \/>\n<meta property=\"og:image\" content=\"https:\/\/veritasinfo.org\/wp-content\/uploads\/2025\/09\/Imazh-i-WhatsApp-2025-09-28-ne-14.39.40_02f26b90-1.jpg\" \/>\n\t<meta property=\"og:image:width\" content=\"894\" \/>\n\t<meta property=\"og:image:height\" content=\"613\" \/>\n\t<meta property=\"og:image:type\" content=\"image\/jpeg\" \/>\n<meta name=\"author\" content=\"US5\" \/>\n<meta name=\"twitter:card\" content=\"summary_large_image\" \/>\n<meta name=\"twitter:label1\" content=\"Written by\" \/>\n\t<meta name=\"twitter:data1\" content=\"US5\" \/>\n\t<meta name=\"twitter:label2\" content=\"Est. reading time\" \/>\n\t<meta name=\"twitter:data2\" content=\"2 minutes\" \/>\n<script type=\"application\/ld+json\" class=\"yoast-schema-graph\">{\"@context\":\"https:\/\/schema.org\",\"@graph\":[{\"@type\":\"WebPage\",\"@id\":\"https:\/\/veritasinfo.org\/?p=14187&lang=sr\",\"url\":\"https:\/\/veritasinfo.org\/?p=14187&lang=sr\",\"name\":\"Severna Mitrovica \u2013 grad bez semafora: saobra\u0107aj funkcioni\u0161e kroz kru\u017ene tokove -\",\"isPartOf\":{\"@id\":\"https:\/\/veritasinfo.org\/#website\"},\"primaryImageOfPage\":{\"@id\":\"https:\/\/veritasinfo.org\/?p=14187&lang=sr#primaryimage\"},\"image\":{\"@id\":\"https:\/\/veritasinfo.org\/?p=14187&lang=sr#primaryimage\"},\"thumbnailUrl\":\"https:\/\/veritasinfo.org\/wp-content\/uploads\/2025\/09\/Imazh-i-WhatsApp-2025-09-28-ne-14.39.40_02f26b90-1.jpg\",\"datePublished\":\"2025-09-29T06:23:04+00:00\",\"author\":{\"@id\":\"https:\/\/veritasinfo.org\/#\/schema\/person\/bc442336e35414d04494ab8fb45db4c6\"},\"breadcrumb\":{\"@id\":\"https:\/\/veritasinfo.org\/?p=14187&lang=sr#breadcrumb\"},\"inLanguage\":\"en-US\",\"potentialAction\":[{\"@type\":\"ReadAction\",\"target\":[\"https:\/\/veritasinfo.org\/?p=14187&lang=sr\"]}]},{\"@type\":\"ImageObject\",\"inLanguage\":\"en-US\",\"@id\":\"https:\/\/veritasinfo.org\/?p=14187&lang=sr#primaryimage\",\"url\":\"https:\/\/veritasinfo.org\/wp-content\/uploads\/2025\/09\/Imazh-i-WhatsApp-2025-09-28-ne-14.39.40_02f26b90-1.jpg\",\"contentUrl\":\"https:\/\/veritasinfo.org\/wp-content\/uploads\/2025\/09\/Imazh-i-WhatsApp-2025-09-28-ne-14.39.40_02f26b90-1.jpg\",\"width\":894,\"height\":613},{\"@type\":\"BreadcrumbList\",\"@id\":\"https:\/\/veritasinfo.org\/?p=14187&lang=sr#breadcrumb\",\"itemListElement\":[{\"@type\":\"ListItem\",\"position\":1,\"name\":\"Home\",\"item\":\"https:\/\/veritasinfo.org\/\"},{\"@type\":\"ListItem\",\"position\":2,\"name\":\"Severna Mitrovica \u2013 grad bez semafora: saobra\u0107aj funkcioni\u0161e kroz kru\u017ene tokove\"}]},{\"@type\":\"WebSite\",\"@id\":\"https:\/\/veritasinfo.org\/#website\",\"url\":\"https:\/\/veritasinfo.org\/\",\"name\":\"\",\"description\":\"\",\"potentialAction\":[{\"@type\":\"SearchAction\",\"target\":{\"@type\":\"EntryPoint\",\"urlTemplate\":\"https:\/\/veritasinfo.org\/?s={search_term_string}\"},\"query-input\":{\"@type\":\"PropertyValueSpecification\",\"valueRequired\":true,\"valueName\":\"search_term_string\"}}],\"inLanguage\":\"en-US\"},{\"@type\":\"Person\",\"@id\":\"https:\/\/veritasinfo.org\/#\/schema\/person\/bc442336e35414d04494ab8fb45db4c6\",\"name\":\"US5\",\"image\":{\"@type\":\"ImageObject\",\"inLanguage\":\"en-US\",\"@id\":\"https:\/\/veritasinfo.org\/#\/schema\/person\/image\/\",\"url\":\"https:\/\/secure.gravatar.com\/avatar\/16a61e7272a0c5d001121ebb9e60e925d5816e4ac1e443ed3e640d9a6ae55d0c?s=96&d=mm&r=g\",\"contentUrl\":\"https:\/\/secure.gravatar.com\/avatar\/16a61e7272a0c5d001121ebb9e60e925d5816e4ac1e443ed3e640d9a6ae55d0c?s=96&d=mm&r=g\",\"caption\":\"US5\"},\"url\":\"https:\/\/veritasinfo.org\/?author=6\"}]}<\/script>\n<!-- \/ Yoast SEO plugin. -->","yoast_head_json":{"title":"Severna Mitrovica \u2013 grad bez semafora: saobra\u0107aj funkcioni\u0161e kroz kru\u017ene tokove -","robots":{"index":"index","follow":"follow","max-snippet":"max-snippet:-1","max-image-preview":"max-image-preview:large","max-video-preview":"max-video-preview:-1"},"canonical":"https:\/\/veritasinfo.org\/?p=14187&lang=sr","og_locale":"en_US","og_type":"article","og_title":"Severna Mitrovica \u2013 grad bez semafora: saobra\u0107aj funkcioni\u0161e kroz kru\u017ene tokove -","og_description":"Severna Mitrovica, 29. Septembar 2025. Severna Mitrovica je mo\u017eda jedini grad na Kosovu, pa i \u0161ire, koji nema nijedan semafor. Umesto crvenog, \u017eutog i zelenog","og_url":"https:\/\/veritasinfo.org\/?p=14187&lang=sr","article_published_time":"2025-09-29T06:23:04+00:00","og_image":[{"width":894,"height":613,"url":"https:\/\/veritasinfo.org\/wp-content\/uploads\/2025\/09\/Imazh-i-WhatsApp-2025-09-28-ne-14.39.40_02f26b90-1.jpg","type":"image\/jpeg"}],"author":"US5","twitter_card":"summary_large_image","twitter_misc":{"Written by":"US5","Est. reading time":"2 minutes"},"schema":{"@context":"https:\/\/schema.org","@graph":[{"@type":"WebPage","@id":"https:\/\/veritasinfo.org\/?p=14187&lang=sr","url":"https:\/\/veritasinfo.org\/?p=14187&lang=sr","name":"Severna Mitrovica \u2013 grad bez semafora: saobra\u0107aj funkcioni\u0161e kroz kru\u017ene tokove -","isPartOf":{"@id":"https:\/\/veritasinfo.org\/#website"},"primaryImageOfPage":{"@id":"https:\/\/veritasinfo.org\/?p=14187&lang=sr#primaryimage"},"image":{"@id":"https:\/\/veritasinfo.org\/?p=14187&lang=sr#primaryimage"},"thumbnailUrl":"https:\/\/veritasinfo.org\/wp-content\/uploads\/2025\/09\/Imazh-i-WhatsApp-2025-09-28-ne-14.39.40_02f26b90-1.jpg","datePublished":"2025-09-29T06:23:04+00:00","author":{"@id":"https:\/\/veritasinfo.org\/#\/schema\/person\/bc442336e35414d04494ab8fb45db4c6"},"breadcrumb":{"@id":"https:\/\/veritasinfo.org\/?p=14187&lang=sr#breadcrumb"},"inLanguage":"en-US","potentialAction":[{"@type":"ReadAction","target":["https:\/\/veritasinfo.org\/?p=14187&lang=sr"]}]},{"@type":"ImageObject","inLanguage":"en-US","@id":"https:\/\/veritasinfo.org\/?p=14187&lang=sr#primaryimage","url":"https:\/\/veritasinfo.org\/wp-content\/uploads\/2025\/09\/Imazh-i-WhatsApp-2025-09-28-ne-14.39.40_02f26b90-1.jpg","contentUrl":"https:\/\/veritasinfo.org\/wp-content\/uploads\/2025\/09\/Imazh-i-WhatsApp-2025-09-28-ne-14.39.40_02f26b90-1.jpg","width":894,"height":613},{"@type":"BreadcrumbList","@id":"https:\/\/veritasinfo.org\/?p=14187&lang=sr#breadcrumb","itemListElement":[{"@type":"ListItem","position":1,"name":"Home","item":"https:\/\/veritasinfo.org\/"},{"@type":"ListItem","position":2,"name":"Severna Mitrovica \u2013 grad bez semafora: saobra\u0107aj funkcioni\u0161e kroz kru\u017ene tokove"}]},{"@type":"WebSite","@id":"https:\/\/veritasinfo.org\/#website","url":"https:\/\/veritasinfo.org\/","name":"","description":"","potentialAction":[{"@type":"SearchAction","target":{"@type":"EntryPoint","urlTemplate":"https:\/\/veritasinfo.org\/?s={search_term_string}"},"query-input":{"@type":"PropertyValueSpecification","valueRequired":true,"valueName":"search_term_string"}}],"inLanguage":"en-US"},{"@type":"Person","@id":"https:\/\/veritasinfo.org\/#\/schema\/person\/bc442336e35414d04494ab8fb45db4c6","name":"US5","image":{"@type":"ImageObject","inLanguage":"en-US","@id":"https:\/\/veritasinfo.org\/#\/schema\/person\/image\/","url":"https:\/\/secure.gravatar.com\/avatar\/16a61e7272a0c5d001121ebb9e60e925d5816e4ac1e443ed3e640d9a6ae55d0c?s=96&d=mm&r=g","contentUrl":"https:\/\/secure.gravatar.com\/avatar\/16a61e7272a0c5d001121ebb9e60e925d5816e4ac1e443ed3e640d9a6ae55d0c?s=96&d=mm&r=g","caption":"US5"},"url":"https:\/\/veritasinfo.org\/?author=6"}]}},"featured_image_urls":{"full":["https:\/\/veritasinfo.org\/wp-content\/uploads\/2025\/09\/Imazh-i-WhatsApp-2025-09-28-ne-14.39.40_02f26b90-1.jpg",894,613,false],"thumbnail":["https:\/\/veritasinfo.org\/wp-content\/uploads\/2025\/09\/Imazh-i-WhatsApp-2025-09-28-ne-14.39.40_02f26b90-1-150x150.jpg",150,150,true],"medium":["https:\/\/veritasinfo.org\/wp-content\/uploads\/2025\/09\/Imazh-i-WhatsApp-2025-09-28-ne-14.39.40_02f26b90-1-300x206.jpg",300,206,true],"medium_large":["https:\/\/veritasinfo.org\/wp-content\/uploads\/2025\/09\/Imazh-i-WhatsApp-2025-09-28-ne-14.39.40_02f26b90-1-768x527.jpg",640,439,true],"large":["https:\/\/veritasinfo.org\/wp-content\/uploads\/2025\/09\/Imazh-i-WhatsApp-2025-09-28-ne-14.39.40_02f26b90-1.jpg",640,439,false],"1536x1536":["https:\/\/veritasinfo.org\/wp-content\/uploads\/2025\/09\/Imazh-i-WhatsApp-2025-09-28-ne-14.39.40_02f26b90-1.jpg",894,613,false],"2048x2048":["https:\/\/veritasinfo.org\/wp-content\/uploads\/2025\/09\/Imazh-i-WhatsApp-2025-09-28-ne-14.39.40_02f26b90-1.jpg",894,613,false],"kreeti-slider-full":["https:\/\/veritasinfo.org\/wp-content\/uploads\/2025\/09\/Imazh-i-WhatsApp-2025-09-28-ne-14.39.40_02f26b90-1.jpg",894,613,false],"kreeti-featured":["https:\/\/veritasinfo.org\/wp-content\/uploads\/2025\/09\/Imazh-i-WhatsApp-2025-09-28-ne-14.39.40_02f26b90-1.jpg",894,613,false],"kreeti-medium":["https:\/\/veritasinfo.org\/wp-content\/uploads\/2025\/09\/Imazh-i-WhatsApp-2025-09-28-ne-14.39.40_02f26b90-1.jpg",720,494,false],"kreeti-medium-square":["https:\/\/veritasinfo.org\/wp-content\/uploads\/2025\/09\/Imazh-i-WhatsApp-2025-09-28-ne-14.39.40_02f26b90-1.jpg",350,240,false]},"author_info":{"info":["US5"]},"category_info":"<a href=\"https:\/\/veritasinfo.org\/?cat=32&#038;lang=sr\" rel=\"category\">Op\u0161tine<\/a>","tag_info":"Op\u0161tine","comment_count":"0","_links":{"self":[{"href":"https:\/\/veritasinfo.org\/index.php?rest_route=\/wp\/v2\/posts\/14187","targetHints":{"allow":["GET"]}}],"collection":[{"href":"https:\/\/veritasinfo.org\/index.php?rest_route=\/wp\/v2\/posts"}],"about":[{"href":"https:\/\/veritasinfo.org\/index.php?rest_route=\/wp\/v2\/types\/post"}],"author":[{"embeddable":true,"href":"https:\/\/veritasinfo.org\/index.php?rest_route=\/wp\/v2\/users\/6"}],"replies":[{"embeddable":true,"href":"https:\/\/veritasinfo.org\/index.php?rest_route=%2Fwp%2Fv2%2Fcomments&post=14187"}],"version-history":[{"count":1,"href":"https:\/\/veritasinfo.org\/index.php?rest_route=\/wp\/v2\/posts\/14187\/revisions"}],"predecessor-version":[{"id":14195,"href":"https:\/\/veritasinfo.org\/index.php?rest_route=\/wp\/v2\/posts\/14187\/revisions\/14195"}],"wp:featuredmedia":[{"embeddable":true,"href":"https:\/\/veritasinfo.org\/index.php?rest_route=\/wp\/v2\/media\/14194"}],"wp:attachment":[{"href":"https:\/\/veritasinfo.org\/index.php?rest_route=%2Fwp%2Fv2%2Fmedia&parent=14187"}],"wp:term":[{"taxonomy":"category","embeddable":true,"href":"https:\/\/veritasinfo.org\/index.php?rest_route=%2Fwp%2Fv2%2Fcategories&post=14187"},{"taxonomy":"post_tag","embeddable":true,"href":"https:\/\/veritasinfo.org\/index.php?rest_route=%2Fwp%2Fv2%2Ftags&post=14187"}],"curies":[{"name":"wp","href":"https:\/\/api.w.org\/{rel}","templated":true}]}}