{"id":14155,"date":"2025-09-28T19:13:45","date_gmt":"2025-09-28T17:13:45","guid":{"rendered":"https:\/\/veritasinfo.org\/?p=14155"},"modified":"2025-09-28T19:13:45","modified_gmt":"2025-09-28T17:13:45","slug":"basha-sakrifica-e-deshmoreve-testament-per-brezat-qe-vijne","status":"publish","type":"post","link":"https:\/\/veritasinfo.org\/?p=14155","title":{"rendered":"Basha: Sakrifica e d\u00ebshmor\u00ebve testament p\u00ebr brezat q\u00eb vijn\u00eb"},"content":{"rendered":"<p>Ferizaj, 28 shtator 2025<\/p>\n<p>Kryetari i Kuvendit t\u00eb Kosov\u00ebs, Dimal Basha, ka marr\u00eb pjes\u00eb sot n\u00eb sh\u00ebnimin e Dit\u00ebs s\u00eb D\u00ebshmor\u00ebve t\u00eb Kombit t\u00eb Komun\u00ebs s\u00eb Ferizajt dhe p\u00ebrvjetorit t\u00eb Epopes\u00eb s\u00eb Jezercit.<\/p>\n<p>N\u00eb fjal\u00ebn e tij, Basha tha se kjo dit\u00eb lidhet ngusht\u00eb me nj\u00eb nga kapitujt m\u00eb t\u00eb ndritur t\u00eb historis\u00eb s\u00eb luft\u00ebs \u00e7lirimtare t\u00eb U\u00c7K-s\u00eb, ku n\u00eb malet e Jezercit u zhvilluan luftime t\u00eb ashpra kund\u00ebr forcave serbe, gjat\u00eb t\u00eb cilave ran\u00eb heroikisht n\u00ebnt\u00eb d\u00ebshmor\u00eb.<\/p>\n<p>\u201cSakrifica e d\u00ebshmor\u00ebve \u00ebsht\u00eb udh\u00ebrr\u00ebfyes p\u00ebr ne sot dhe testament p\u00ebr brezat q\u00eb vijn\u00eb nes\u00ebr, se liria nuk \u00ebsht\u00eb dhurat\u00eb, por \u00e7mim i paguar me gjakun e bijve dhe bijave m\u00eb t\u00eb mir\u00eb t\u00eb k\u00ebsaj toke\u201d, u shpreh Basha.<\/p>\n<p>Ai shtoi se d\u00ebshmor\u00ebt e kombit do t\u00eb mbeten p\u00ebrgjithmon\u00eb n\u00eb altarin e liris\u00eb, duke theksuar nderimin dhe respektin p\u00ebr kontributin e tyre.<\/p>\n","protected":false},"excerpt":{"rendered":"<p>Ferizaj, 28 shtator 2025 Kryetari i Kuvendit t\u00eb Kosov\u00ebs, Dimal Basha, ka marr\u00eb pjes\u00eb sot n\u00eb sh\u00ebnimin e Dit\u00ebs s\u00eb D\u00ebshmor\u00ebve t\u00eb Kombit t\u00eb Komun\u00ebs<\/p>\n","protected":false},"author":7,"featured_media":14156,"comment_status":"open","ping_status":"open","sticky":false,"template":"","format":"standard","meta":{"footnotes":""},"categories":[60],"tags":[],"class_list":["post-14155","post","type-post","status-publish","format-standard","has-post-thumbnail","hentry","category-shoqerore-sq"],"yoast_head":"<!-- This site is optimized with the Yoast SEO plugin v25.3.1 - https:\/\/yoast.com\/wordpress\/plugins\/seo\/ -->\n<title>Basha: Sakrifica e d\u00ebshmor\u00ebve testament p\u00ebr brezat q\u00eb vijn\u00eb -<\/title>\n<meta name=\"robots\" content=\"index, follow, max-snippet:-1, max-image-preview:large, max-video-preview:-1\" \/>\n<link rel=\"canonical\" href=\"https:\/\/veritasinfo.org\/?p=14155\" \/>\n<meta property=\"og:locale\" content=\"en_US\" \/>\n<meta property=\"og:type\" content=\"article\" \/>\n<meta property=\"og:title\" content=\"Basha: Sakrifica e d\u00ebshmor\u00ebve testament p\u00ebr brezat q\u00eb vijn\u00eb -\" \/>\n<meta property=\"og:description\" content=\"Ferizaj, 28 shtator 2025 Kryetari i Kuvendit t\u00eb Kosov\u00ebs, Dimal Basha, ka marr\u00eb pjes\u00eb sot n\u00eb sh\u00ebnimin e Dit\u00ebs s\u00eb D\u00ebshmor\u00ebve t\u00eb Kombit t\u00eb Komun\u00ebs\" \/>\n<meta property=\"og:url\" content=\"https:\/\/veritasinfo.org\/?p=14155\" \/>\n<meta property=\"article:published_time\" content=\"2025-09-28T17:13:45+00:00\" \/>\n<meta property=\"og:image\" content=\"https:\/\/veritasinfo.org\/wp-content\/uploads\/2025\/09\/557590709_10163096658868744_3630919130548968548_n.jpg\" \/>\n\t<meta property=\"og:image:width\" content=\"2048\" \/>\n\t<meta property=\"og:image:height\" content=\"1442\" \/>\n\t<meta property=\"og:image:type\" content=\"image\/jpeg\" \/>\n<meta name=\"author\" content=\"US6\" \/>\n<meta name=\"twitter:card\" content=\"summary_large_image\" \/>\n<meta name=\"twitter:label1\" content=\"Written by\" \/>\n\t<meta name=\"twitter:data1\" content=\"US6\" \/>\n\t<meta name=\"twitter:label2\" content=\"Est. reading time\" \/>\n\t<meta name=\"twitter:data2\" content=\"1 minute\" \/>\n<script type=\"application\/ld+json\" class=\"yoast-schema-graph\">{\"@context\":\"https:\/\/schema.org\",\"@graph\":[{\"@type\":\"WebPage\",\"@id\":\"https:\/\/veritasinfo.org\/?p=14155\",\"url\":\"https:\/\/veritasinfo.org\/?p=14155\",\"name\":\"Basha: Sakrifica e d\u00ebshmor\u00ebve testament p\u00ebr brezat q\u00eb vijn\u00eb -\",\"isPartOf\":{\"@id\":\"https:\/\/veritasinfo.org\/#website\"},\"primaryImageOfPage\":{\"@id\":\"https:\/\/veritasinfo.org\/?p=14155#primaryimage\"},\"image\":{\"@id\":\"https:\/\/veritasinfo.org\/?p=14155#primaryimage\"},\"thumbnailUrl\":\"https:\/\/veritasinfo.org\/wp-content\/uploads\/2025\/09\/557590709_10163096658868744_3630919130548968548_n.jpg\",\"datePublished\":\"2025-09-28T17:13:45+00:00\",\"author\":{\"@id\":\"https:\/\/veritasinfo.org\/#\/schema\/person\/fe199eede04c3937362892b7444747cc\"},\"breadcrumb\":{\"@id\":\"https:\/\/veritasinfo.org\/?p=14155#breadcrumb\"},\"inLanguage\":\"en-US\",\"potentialAction\":[{\"@type\":\"ReadAction\",\"target\":[\"https:\/\/veritasinfo.org\/?p=14155\"]}]},{\"@type\":\"ImageObject\",\"inLanguage\":\"en-US\",\"@id\":\"https:\/\/veritasinfo.org\/?p=14155#primaryimage\",\"url\":\"https:\/\/veritasinfo.org\/wp-content\/uploads\/2025\/09\/557590709_10163096658868744_3630919130548968548_n.jpg\",\"contentUrl\":\"https:\/\/veritasinfo.org\/wp-content\/uploads\/2025\/09\/557590709_10163096658868744_3630919130548968548_n.jpg\",\"width\":2048,\"height\":1442},{\"@type\":\"BreadcrumbList\",\"@id\":\"https:\/\/veritasinfo.org\/?p=14155#breadcrumb\",\"itemListElement\":[{\"@type\":\"ListItem\",\"position\":1,\"name\":\"Home\",\"item\":\"https:\/\/veritasinfo.org\/\"},{\"@type\":\"ListItem\",\"position\":2,\"name\":\"Basha: Sakrifica e d\u00ebshmor\u00ebve testament p\u00ebr brezat q\u00eb vijn\u00eb\"}]},{\"@type\":\"WebSite\",\"@id\":\"https:\/\/veritasinfo.org\/#website\",\"url\":\"https:\/\/veritasinfo.org\/\",\"name\":\"\",\"description\":\"\",\"potentialAction\":[{\"@type\":\"SearchAction\",\"target\":{\"@type\":\"EntryPoint\",\"urlTemplate\":\"https:\/\/veritasinfo.org\/?s={search_term_string}\"},\"query-input\":{\"@type\":\"PropertyValueSpecification\",\"valueRequired\":true,\"valueName\":\"search_term_string\"}}],\"inLanguage\":\"en-US\"},{\"@type\":\"Person\",\"@id\":\"https:\/\/veritasinfo.org\/#\/schema\/person\/fe199eede04c3937362892b7444747cc\",\"name\":\"US6\",\"image\":{\"@type\":\"ImageObject\",\"inLanguage\":\"en-US\",\"@id\":\"https:\/\/veritasinfo.org\/#\/schema\/person\/image\/\",\"url\":\"https:\/\/secure.gravatar.com\/avatar\/cb16c3c31c9d23b9b8c705964598220b3014e42ff51eb540ff23cefa3ae8c15f?s=96&d=mm&r=g\",\"contentUrl\":\"https:\/\/secure.gravatar.com\/avatar\/cb16c3c31c9d23b9b8c705964598220b3014e42ff51eb540ff23cefa3ae8c15f?s=96&d=mm&r=g\",\"caption\":\"US6\"},\"url\":\"https:\/\/veritasinfo.org\/?author=7\"}]}<\/script>\n<!-- \/ Yoast SEO plugin. -->","yoast_head_json":{"title":"Basha: Sakrifica e d\u00ebshmor\u00ebve testament p\u00ebr brezat q\u00eb vijn\u00eb -","robots":{"index":"index","follow":"follow","max-snippet":"max-snippet:-1","max-image-preview":"max-image-preview:large","max-video-preview":"max-video-preview:-1"},"canonical":"https:\/\/veritasinfo.org\/?p=14155","og_locale":"en_US","og_type":"article","og_title":"Basha: Sakrifica e d\u00ebshmor\u00ebve testament p\u00ebr brezat q\u00eb vijn\u00eb -","og_description":"Ferizaj, 28 shtator 2025 Kryetari i Kuvendit t\u00eb Kosov\u00ebs, Dimal Basha, ka marr\u00eb pjes\u00eb sot n\u00eb sh\u00ebnimin e Dit\u00ebs s\u00eb D\u00ebshmor\u00ebve t\u00eb Kombit t\u00eb Komun\u00ebs","og_url":"https:\/\/veritasinfo.org\/?p=14155","article_published_time":"2025-09-28T17:13:45+00:00","og_image":[{"width":2048,"height":1442,"url":"https:\/\/veritasinfo.org\/wp-content\/uploads\/2025\/09\/557590709_10163096658868744_3630919130548968548_n.jpg","type":"image\/jpeg"}],"author":"US6","twitter_card":"summary_large_image","twitter_misc":{"Written by":"US6","Est. reading time":"1 minute"},"schema":{"@context":"https:\/\/schema.org","@graph":[{"@type":"WebPage","@id":"https:\/\/veritasinfo.org\/?p=14155","url":"https:\/\/veritasinfo.org\/?p=14155","name":"Basha: Sakrifica e d\u00ebshmor\u00ebve testament p\u00ebr brezat q\u00eb vijn\u00eb -","isPartOf":{"@id":"https:\/\/veritasinfo.org\/#website"},"primaryImageOfPage":{"@id":"https:\/\/veritasinfo.org\/?p=14155#primaryimage"},"image":{"@id":"https:\/\/veritasinfo.org\/?p=14155#primaryimage"},"thumbnailUrl":"https:\/\/veritasinfo.org\/wp-content\/uploads\/2025\/09\/557590709_10163096658868744_3630919130548968548_n.jpg","datePublished":"2025-09-28T17:13:45+00:00","author":{"@id":"https:\/\/veritasinfo.org\/#\/schema\/person\/fe199eede04c3937362892b7444747cc"},"breadcrumb":{"@id":"https:\/\/veritasinfo.org\/?p=14155#breadcrumb"},"inLanguage":"en-US","potentialAction":[{"@type":"ReadAction","target":["https:\/\/veritasinfo.org\/?p=14155"]}]},{"@type":"ImageObject","inLanguage":"en-US","@id":"https:\/\/veritasinfo.org\/?p=14155#primaryimage","url":"https:\/\/veritasinfo.org\/wp-content\/uploads\/2025\/09\/557590709_10163096658868744_3630919130548968548_n.jpg","contentUrl":"https:\/\/veritasinfo.org\/wp-content\/uploads\/2025\/09\/557590709_10163096658868744_3630919130548968548_n.jpg","width":2048,"height":1442},{"@type":"BreadcrumbList","@id":"https:\/\/veritasinfo.org\/?p=14155#breadcrumb","itemListElement":[{"@type":"ListItem","position":1,"name":"Home","item":"https:\/\/veritasinfo.org\/"},{"@type":"ListItem","position":2,"name":"Basha: Sakrifica e d\u00ebshmor\u00ebve testament p\u00ebr brezat q\u00eb vijn\u00eb"}]},{"@type":"WebSite","@id":"https:\/\/veritasinfo.org\/#website","url":"https:\/\/veritasinfo.org\/","name":"","description":"","potentialAction":[{"@type":"SearchAction","target":{"@type":"EntryPoint","urlTemplate":"https:\/\/veritasinfo.org\/?s={search_term_string}"},"query-input":{"@type":"PropertyValueSpecification","valueRequired":true,"valueName":"search_term_string"}}],"inLanguage":"en-US"},{"@type":"Person","@id":"https:\/\/veritasinfo.org\/#\/schema\/person\/fe199eede04c3937362892b7444747cc","name":"US6","image":{"@type":"ImageObject","inLanguage":"en-US","@id":"https:\/\/veritasinfo.org\/#\/schema\/person\/image\/","url":"https:\/\/secure.gravatar.com\/avatar\/cb16c3c31c9d23b9b8c705964598220b3014e42ff51eb540ff23cefa3ae8c15f?s=96&d=mm&r=g","contentUrl":"https:\/\/secure.gravatar.com\/avatar\/cb16c3c31c9d23b9b8c705964598220b3014e42ff51eb540ff23cefa3ae8c15f?s=96&d=mm&r=g","caption":"US6"},"url":"https:\/\/veritasinfo.org\/?author=7"}]}},"featured_image_urls":{"full":["https:\/\/veritasinfo.org\/wp-content\/uploads\/2025\/09\/557590709_10163096658868744_3630919130548968548_n.jpg",2048,1442,false],"thumbnail":["https:\/\/veritasinfo.org\/wp-content\/uploads\/2025\/09\/557590709_10163096658868744_3630919130548968548_n-150x150.jpg",150,150,true],"medium":["https:\/\/veritasinfo.org\/wp-content\/uploads\/2025\/09\/557590709_10163096658868744_3630919130548968548_n-300x211.jpg",300,211,true],"medium_large":["https:\/\/veritasinfo.org\/wp-content\/uploads\/2025\/09\/557590709_10163096658868744_3630919130548968548_n-768x541.jpg",640,451,true],"large":["https:\/\/veritasinfo.org\/wp-content\/uploads\/2025\/09\/557590709_10163096658868744_3630919130548968548_n-1024x721.jpg",640,451,true],"1536x1536":["https:\/\/veritasinfo.org\/wp-content\/uploads\/2025\/09\/557590709_10163096658868744_3630919130548968548_n-1536x1082.jpg",1536,1082,true],"2048x2048":["https:\/\/veritasinfo.org\/wp-content\/uploads\/2025\/09\/557590709_10163096658868744_3630919130548968548_n.jpg",2048,1442,false],"kreeti-slider-full":["https:\/\/veritasinfo.org\/wp-content\/uploads\/2025\/09\/557590709_10163096658868744_3630919130548968548_n.jpg",1023,720,false],"kreeti-featured":["https:\/\/veritasinfo.org\/wp-content\/uploads\/2025\/09\/557590709_10163096658868744_3630919130548968548_n.jpg",1024,721,false],"kreeti-medium":["https:\/\/veritasinfo.org\/wp-content\/uploads\/2025\/09\/557590709_10163096658868744_3630919130548968548_n.jpg",720,507,false],"kreeti-medium-square":["https:\/\/veritasinfo.org\/wp-content\/uploads\/2025\/09\/557590709_10163096658868744_3630919130548968548_n.jpg",350,246,false]},"author_info":{"info":["US6"]},"category_info":"<a href=\"https:\/\/veritasinfo.org\/?cat=60\" rel=\"category\">Shoq\u00ebrore<\/a>","tag_info":"Shoq\u00ebrore","comment_count":"0","_links":{"self":[{"href":"https:\/\/veritasinfo.org\/index.php?rest_route=\/wp\/v2\/posts\/14155","targetHints":{"allow":["GET"]}}],"collection":[{"href":"https:\/\/veritasinfo.org\/index.php?rest_route=\/wp\/v2\/posts"}],"about":[{"href":"https:\/\/veritasinfo.org\/index.php?rest_route=\/wp\/v2\/types\/post"}],"author":[{"embeddable":true,"href":"https:\/\/veritasinfo.org\/index.php?rest_route=\/wp\/v2\/users\/7"}],"replies":[{"embeddable":true,"href":"https:\/\/veritasinfo.org\/index.php?rest_route=%2Fwp%2Fv2%2Fcomments&post=14155"}],"version-history":[{"count":1,"href":"https:\/\/veritasinfo.org\/index.php?rest_route=\/wp\/v2\/posts\/14155\/revisions"}],"predecessor-version":[{"id":14157,"href":"https:\/\/veritasinfo.org\/index.php?rest_route=\/wp\/v2\/posts\/14155\/revisions\/14157"}],"wp:featuredmedia":[{"embeddable":true,"href":"https:\/\/veritasinfo.org\/index.php?rest_route=\/wp\/v2\/media\/14156"}],"wp:attachment":[{"href":"https:\/\/veritasinfo.org\/index.php?rest_route=%2Fwp%2Fv2%2Fmedia&parent=14155"}],"wp:term":[{"taxonomy":"category","embeddable":true,"href":"https:\/\/veritasinfo.org\/index.php?rest_route=%2Fwp%2Fv2%2Fcategories&post=14155"},{"taxonomy":"post_tag","embeddable":true,"href":"https:\/\/veritasinfo.org\/index.php?rest_route=%2Fwp%2Fv2%2Ftags&post=14155"}],"curies":[{"name":"wp","href":"https:\/\/api.w.org\/{rel}","templated":true}]}}