{"id":14140,"date":"2025-09-28T15:56:25","date_gmt":"2025-09-28T13:56:25","guid":{"rendered":"https:\/\/veritasinfo.org\/?p=14140"},"modified":"2025-09-28T15:56:25","modified_gmt":"2025-09-28T13:56:25","slug":"clinton-me-shihnin-te-cmendur-kur-intervenova-ne-kosove-u-thashe-kosovaret-sperkulen-dhe-serbeve-do-tu-behet-shtrenjte-nese-e-vazhdojne-luften","status":"publish","type":"post","link":"https:\/\/veritasinfo.org\/?p=14140","title":{"rendered":"Clinton: M\u00eb shihnin t\u00eb \u00e7mendur kur intervenova n\u00eb Kosov\u00eb, u thash\u00eb kosovar\u00ebt s\u2019p\u00ebrkulen dhe serb\u00ebve do t\u2019u b\u00ebhet shtrenjt\u00eb n\u00ebse e vazhdojn\u00eb luft\u00ebn"},"content":{"rendered":"<p>Prishtin\u00eb, 28 shtator 2025<\/p>\n<p>Bill Clinton, ish-presidenti i Shteteve t\u00eb Bashkuara t\u00eb Amerik\u00ebs, i cili ishte njeriu kryesor n\u00eb Sht\u00ebpin\u00eb e Bardh\u00eb kur n\u00eb Kosov\u00eb b\u00ebhej luft\u00eb, u ul n\u00eb nj\u00eb panel diskutimi n\u00eb New York bashk\u00eb me presidenten e Kosov\u00ebs, Vjosa Osmanin.<\/p>\n<p>Duke folur fillimisht p\u00ebr numrin e madh t\u00eb shqiptar\u00ebve dhe kosovar\u00ebve q\u00eb tha se jetonin n\u00eb New York, Clinton tha se dy familje kosovare i ka n\u00eb rrug\u00ebn ku jeton edhe ai.<\/p>\n<p>\u201cUn\u00eb nuk e dija k\u00ebt\u00eb, por numri m\u00eb i madh i shqiptar\u00ebve dhe kosovar\u00ebve n\u00eb bot\u00eb jasht\u00eb vendlindjes s\u00eb tyre \u00ebsht\u00eb n\u00eb New York. N\u00eb rrug\u00ebn time jetojn\u00eb dy familje Osmani, dhe jeta ime ka qen\u00eb disi e lidhur me t\u00eb tyret q\u00eb kur isha president, dhe jam shum\u00eb, shum\u00eb krenar p\u00ebr ju dhe popullin tuaj\u201d, i tha ai Osmanit.<\/p>\n<p>Clinton tha se shum\u00eb njer\u00ebz e shinin t\u00eb \u00e7emndur, kur ai vendosi t\u00eb niste fushat\u00ebn ajrore kund\u00ebr Serbis\u00eb, p\u00ebr ta ndalur luft\u00ebn n\u00eb Kosov\u00eb.<\/p>\n<p>\u201cShum\u00eb njer\u00ebz menduan se isha i \u00e7mendur kur u p\u00ebrfshiva n\u00eb Kosov\u00eb. Dhe un\u00eb u thash\u00eb atyre: prisni e shihni, kjo do t\u00eb jet\u00eb e vetmja her\u00eb n\u00eb bot\u00ebn moderne ku nj\u00eb luft\u00eb do t\u00eb fitohet vet\u00ebm p\u00ebrmes fuqis\u00eb ajrore, sepse kosovar\u00ebt nuk do t\u00eb p\u00ebrkulen kurr\u00eb, dhe p\u00ebrfundimisht do t\u2019u b\u00ebhet tep\u00ebr e shtrenjt\u00eb serb\u00ebve q\u00eb t\u00eb vazhdojn\u00eb t\u00eb luftojn\u00eb. Dhe ne do t\u00eb shp\u00ebtojm\u00eb m\u00eb shum\u00eb jet\u00eb duke e b\u00ebr\u00eb k\u00ebshtu\u201d, tha ai.<\/p>\n<p>Ish-presidenti amerikan tha se sa i p\u00ebrket Kosov\u00ebs, \u00ebsht\u00eb \u201cshum\u00eb i nj\u00ebansh\u00ebm\u201d.<\/p>\n<p>Ai tregoi se si aty ku jeton ai, ka nj\u00eb restorant me pronar shqiptar dhe nj\u00eb menaxhere serbe.<\/p>\n<p>\u201cE dini, un\u00eb jam shum\u00eb i nj\u00ebansh\u00ebm n\u00eb k\u00ebt\u00eb \u00e7\u00ebshtje p\u00ebr shkak t\u00eb angazhimit tim t\u00eb hersh\u00ebm me ta, por \u00ebsht\u00eb e v\u00ebrtet\u00eb q\u00eb n\u00eb rrug\u00ebn ku jetojm\u00eb un\u00eb dhe Hillary jetojn\u00eb dy familje nga Kosova, dhe qarku yn\u00eb, mendoj, ka p\u00ebrqindjen m\u00eb t\u00eb lart\u00eb t\u00eb shqiptar\u00ebve \u2013 nga Shqip\u00ebria vet\u00eb dhe nga Kosova \u2013 krahasuar me \u00e7do shtet tjet\u00ebr n\u00eb Amerik\u00eb. Prandaj gjithmon\u00eb jam duke marr\u00eb lajmet m\u00eb t\u00eb fundit. Por ajo q\u00eb dua q\u00eb t\u00eb gjith\u00eb ju ta dini \u00ebsht\u00eb se di\u00e7ka nuk shkon kur njer\u00ebzit duhet t\u00eb largohen nga atdheu i tyre p\u00ebr t\u00eb pasur jet\u00eb normale\u201d.<\/p>\n<p>\u201cN\u00eb qytetin ton\u00eb t\u00eb vog\u00ebl me 3,400 banor\u00eb, kat\u00ebr banor\u00ebt e fundit q\u00eb jan\u00eb shtuar kan\u00eb qen\u00eb shqiptar\u00eb. Dhe ne kemi nj\u00eb restorant me ushqim meksikan ku shumica e punonj\u00ebsve jan\u00eb meksikan\u00eb ose guatemalas, por pronari \u00ebsht\u00eb nj\u00eb shqiptar nga Kosova. Por ja pjesa interesante: menaxherja, gruaja q\u00eb m\u00eb sh\u00ebrben nj\u00eb birr\u00eb sa her\u00eb hyj atje, \u00ebsht\u00eb serbe. Dhe nj\u00eb dit\u00eb, kur isha aty, sapo kishin hapur dy restorantet m\u00eb t\u00eb reja n\u00eb zon\u00eb. Ajo m\u00eb pyeti n\u00ebse kisha qen\u00eb. I thash\u00eb: \u2018Po, kam qen\u00eb n\u00eb at\u00eb posht\u00eb rrug\u00ebs, por ende nuk kam shkuar tek ai lart n\u00eb kod\u00ebr.\u2019 Dhe ajo, nj\u00eb serbe ortodokse, m\u00eb tha: \u2018E di, ky restoranti lart n\u00eb kod\u00ebr \u00ebsht\u00eb i nj\u00eb myslimani, por ai \u00ebsht\u00eb nj\u00eb njeri i mrekulluesh\u00ebm dhe duhet t\u00eb shkosh&#8217;\u201d.<\/p>\n<p>\u201cTani, pse duhet t\u00eb largohemi nga sht\u00ebpia p\u00ebr t\u2019i m\u00ebsuar k\u00ebto m\u00ebsime? Dhe si mund ta b\u00ebjm\u00eb t\u00eb sigurt jet\u00ebn n\u00eb sht\u00ebpi?\u201d, tha Clinton.<\/p>\n<p>Ai tha se \u201cbota \u00ebsht\u00eb gjithmon\u00eb duke ndryshuar\u201d dhe se ajo tani \u201c\u00ebsht\u00eb b\u00ebr\u00eb krejt ndryshe pothuajse n\u00eb \u00e7do kontinent\u201d.<\/p>\n<p>&nbsp;<\/p>\n<p>&nbsp;<\/p>\n","protected":false},"excerpt":{"rendered":"<p>Prishtin\u00eb, 28 shtator 2025 Bill Clinton, ish-presidenti i Shteteve t\u00eb Bashkuara t\u00eb Amerik\u00ebs, i cili ishte njeriu kryesor n\u00eb Sht\u00ebpin\u00eb e Bardh\u00eb kur n\u00eb Kosov\u00eb<\/p>\n","protected":false},"author":7,"featured_media":14141,"comment_status":"open","ping_status":"open","sticky":false,"template":"","format":"standard","meta":{"footnotes":""},"categories":[60],"tags":[],"class_list":["post-14140","post","type-post","status-publish","format-standard","has-post-thumbnail","hentry","category-shoqerore-sq"],"yoast_head":"<!-- This site is optimized with the Yoast SEO plugin v25.3.1 - https:\/\/yoast.com\/wordpress\/plugins\/seo\/ -->\n<title>Clinton: M\u00eb shihnin t\u00eb \u00e7mendur kur intervenova n\u00eb Kosov\u00eb, u thash\u00eb kosovar\u00ebt s\u2019p\u00ebrkulen dhe serb\u00ebve do t\u2019u b\u00ebhet shtrenjt\u00eb n\u00ebse e vazhdojn\u00eb luft\u00ebn -<\/title>\n<meta name=\"robots\" content=\"index, follow, max-snippet:-1, max-image-preview:large, max-video-preview:-1\" \/>\n<link rel=\"canonical\" href=\"https:\/\/veritasinfo.org\/?p=14140\" \/>\n<meta property=\"og:locale\" content=\"en_US\" \/>\n<meta property=\"og:type\" content=\"article\" \/>\n<meta property=\"og:title\" content=\"Clinton: M\u00eb shihnin t\u00eb \u00e7mendur kur intervenova n\u00eb Kosov\u00eb, u thash\u00eb kosovar\u00ebt s\u2019p\u00ebrkulen dhe serb\u00ebve do t\u2019u b\u00ebhet shtrenjt\u00eb n\u00ebse e vazhdojn\u00eb luft\u00ebn -\" \/>\n<meta property=\"og:description\" content=\"Prishtin\u00eb, 28 shtator 2025 Bill Clinton, ish-presidenti i Shteteve t\u00eb Bashkuara t\u00eb Amerik\u00ebs, i cili ishte njeriu kryesor n\u00eb Sht\u00ebpin\u00eb e Bardh\u00eb kur n\u00eb Kosov\u00eb\" \/>\n<meta property=\"og:url\" content=\"https:\/\/veritasinfo.org\/?p=14140\" \/>\n<meta property=\"article:published_time\" content=\"2025-09-28T13:56:25+00:00\" \/>\n<meta property=\"og:image\" content=\"https:\/\/veritasinfo.org\/wp-content\/uploads\/2025\/09\/ap24297808046738.jpg\" \/>\n\t<meta property=\"og:image:width\" content=\"1280\" \/>\n\t<meta property=\"og:image:height\" content=\"720\" \/>\n\t<meta property=\"og:image:type\" content=\"image\/jpeg\" \/>\n<meta name=\"author\" content=\"US6\" \/>\n<meta name=\"twitter:card\" content=\"summary_large_image\" \/>\n<meta name=\"twitter:label1\" content=\"Written by\" \/>\n\t<meta name=\"twitter:data1\" content=\"US6\" \/>\n\t<meta name=\"twitter:label2\" content=\"Est. reading time\" \/>\n\t<meta name=\"twitter:data2\" content=\"3 minutes\" \/>\n<script type=\"application\/ld+json\" class=\"yoast-schema-graph\">{\"@context\":\"https:\/\/schema.org\",\"@graph\":[{\"@type\":\"WebPage\",\"@id\":\"https:\/\/veritasinfo.org\/?p=14140\",\"url\":\"https:\/\/veritasinfo.org\/?p=14140\",\"name\":\"Clinton: M\u00eb shihnin t\u00eb \u00e7mendur kur intervenova n\u00eb Kosov\u00eb, u thash\u00eb kosovar\u00ebt s\u2019p\u00ebrkulen dhe serb\u00ebve do t\u2019u b\u00ebhet shtrenjt\u00eb n\u00ebse e vazhdojn\u00eb luft\u00ebn -\",\"isPartOf\":{\"@id\":\"https:\/\/veritasinfo.org\/#website\"},\"primaryImageOfPage\":{\"@id\":\"https:\/\/veritasinfo.org\/?p=14140#primaryimage\"},\"image\":{\"@id\":\"https:\/\/veritasinfo.org\/?p=14140#primaryimage\"},\"thumbnailUrl\":\"https:\/\/veritasinfo.org\/wp-content\/uploads\/2025\/09\/ap24297808046738.jpg\",\"datePublished\":\"2025-09-28T13:56:25+00:00\",\"author\":{\"@id\":\"https:\/\/veritasinfo.org\/#\/schema\/person\/fe199eede04c3937362892b7444747cc\"},\"breadcrumb\":{\"@id\":\"https:\/\/veritasinfo.org\/?p=14140#breadcrumb\"},\"inLanguage\":\"en-US\",\"potentialAction\":[{\"@type\":\"ReadAction\",\"target\":[\"https:\/\/veritasinfo.org\/?p=14140\"]}]},{\"@type\":\"ImageObject\",\"inLanguage\":\"en-US\",\"@id\":\"https:\/\/veritasinfo.org\/?p=14140#primaryimage\",\"url\":\"https:\/\/veritasinfo.org\/wp-content\/uploads\/2025\/09\/ap24297808046738.jpg\",\"contentUrl\":\"https:\/\/veritasinfo.org\/wp-content\/uploads\/2025\/09\/ap24297808046738.jpg\",\"width\":1280,\"height\":720},{\"@type\":\"BreadcrumbList\",\"@id\":\"https:\/\/veritasinfo.org\/?p=14140#breadcrumb\",\"itemListElement\":[{\"@type\":\"ListItem\",\"position\":1,\"name\":\"Home\",\"item\":\"https:\/\/veritasinfo.org\/\"},{\"@type\":\"ListItem\",\"position\":2,\"name\":\"Clinton: M\u00eb shihnin t\u00eb \u00e7mendur kur intervenova n\u00eb Kosov\u00eb, u thash\u00eb kosovar\u00ebt s\u2019p\u00ebrkulen dhe serb\u00ebve do t\u2019u b\u00ebhet shtrenjt\u00eb n\u00ebse e vazhdojn\u00eb luft\u00ebn\"}]},{\"@type\":\"WebSite\",\"@id\":\"https:\/\/veritasinfo.org\/#website\",\"url\":\"https:\/\/veritasinfo.org\/\",\"name\":\"\",\"description\":\"\",\"potentialAction\":[{\"@type\":\"SearchAction\",\"target\":{\"@type\":\"EntryPoint\",\"urlTemplate\":\"https:\/\/veritasinfo.org\/?s={search_term_string}\"},\"query-input\":{\"@type\":\"PropertyValueSpecification\",\"valueRequired\":true,\"valueName\":\"search_term_string\"}}],\"inLanguage\":\"en-US\"},{\"@type\":\"Person\",\"@id\":\"https:\/\/veritasinfo.org\/#\/schema\/person\/fe199eede04c3937362892b7444747cc\",\"name\":\"US6\",\"image\":{\"@type\":\"ImageObject\",\"inLanguage\":\"en-US\",\"@id\":\"https:\/\/veritasinfo.org\/#\/schema\/person\/image\/\",\"url\":\"https:\/\/secure.gravatar.com\/avatar\/cb16c3c31c9d23b9b8c705964598220b3014e42ff51eb540ff23cefa3ae8c15f?s=96&d=mm&r=g\",\"contentUrl\":\"https:\/\/secure.gravatar.com\/avatar\/cb16c3c31c9d23b9b8c705964598220b3014e42ff51eb540ff23cefa3ae8c15f?s=96&d=mm&r=g\",\"caption\":\"US6\"},\"url\":\"https:\/\/veritasinfo.org\/?author=7\"}]}<\/script>\n<!-- \/ Yoast SEO plugin. -->","yoast_head_json":{"title":"Clinton: M\u00eb shihnin t\u00eb \u00e7mendur kur intervenova n\u00eb Kosov\u00eb, u thash\u00eb kosovar\u00ebt s\u2019p\u00ebrkulen dhe serb\u00ebve do t\u2019u b\u00ebhet shtrenjt\u00eb n\u00ebse e vazhdojn\u00eb luft\u00ebn -","robots":{"index":"index","follow":"follow","max-snippet":"max-snippet:-1","max-image-preview":"max-image-preview:large","max-video-preview":"max-video-preview:-1"},"canonical":"https:\/\/veritasinfo.org\/?p=14140","og_locale":"en_US","og_type":"article","og_title":"Clinton: M\u00eb shihnin t\u00eb \u00e7mendur kur intervenova n\u00eb Kosov\u00eb, u thash\u00eb kosovar\u00ebt s\u2019p\u00ebrkulen dhe serb\u00ebve do t\u2019u b\u00ebhet shtrenjt\u00eb n\u00ebse e vazhdojn\u00eb luft\u00ebn -","og_description":"Prishtin\u00eb, 28 shtator 2025 Bill Clinton, ish-presidenti i Shteteve t\u00eb Bashkuara t\u00eb Amerik\u00ebs, i cili ishte njeriu kryesor n\u00eb Sht\u00ebpin\u00eb e Bardh\u00eb kur n\u00eb Kosov\u00eb","og_url":"https:\/\/veritasinfo.org\/?p=14140","article_published_time":"2025-09-28T13:56:25+00:00","og_image":[{"width":1280,"height":720,"url":"https:\/\/veritasinfo.org\/wp-content\/uploads\/2025\/09\/ap24297808046738.jpg","type":"image\/jpeg"}],"author":"US6","twitter_card":"summary_large_image","twitter_misc":{"Written by":"US6","Est. reading time":"3 minutes"},"schema":{"@context":"https:\/\/schema.org","@graph":[{"@type":"WebPage","@id":"https:\/\/veritasinfo.org\/?p=14140","url":"https:\/\/veritasinfo.org\/?p=14140","name":"Clinton: M\u00eb shihnin t\u00eb \u00e7mendur kur intervenova n\u00eb Kosov\u00eb, u thash\u00eb kosovar\u00ebt s\u2019p\u00ebrkulen dhe serb\u00ebve do t\u2019u b\u00ebhet shtrenjt\u00eb n\u00ebse e vazhdojn\u00eb luft\u00ebn -","isPartOf":{"@id":"https:\/\/veritasinfo.org\/#website"},"primaryImageOfPage":{"@id":"https:\/\/veritasinfo.org\/?p=14140#primaryimage"},"image":{"@id":"https:\/\/veritasinfo.org\/?p=14140#primaryimage"},"thumbnailUrl":"https:\/\/veritasinfo.org\/wp-content\/uploads\/2025\/09\/ap24297808046738.jpg","datePublished":"2025-09-28T13:56:25+00:00","author":{"@id":"https:\/\/veritasinfo.org\/#\/schema\/person\/fe199eede04c3937362892b7444747cc"},"breadcrumb":{"@id":"https:\/\/veritasinfo.org\/?p=14140#breadcrumb"},"inLanguage":"en-US","potentialAction":[{"@type":"ReadAction","target":["https:\/\/veritasinfo.org\/?p=14140"]}]},{"@type":"ImageObject","inLanguage":"en-US","@id":"https:\/\/veritasinfo.org\/?p=14140#primaryimage","url":"https:\/\/veritasinfo.org\/wp-content\/uploads\/2025\/09\/ap24297808046738.jpg","contentUrl":"https:\/\/veritasinfo.org\/wp-content\/uploads\/2025\/09\/ap24297808046738.jpg","width":1280,"height":720},{"@type":"BreadcrumbList","@id":"https:\/\/veritasinfo.org\/?p=14140#breadcrumb","itemListElement":[{"@type":"ListItem","position":1,"name":"Home","item":"https:\/\/veritasinfo.org\/"},{"@type":"ListItem","position":2,"name":"Clinton: M\u00eb shihnin t\u00eb \u00e7mendur kur intervenova n\u00eb Kosov\u00eb, u thash\u00eb kosovar\u00ebt s\u2019p\u00ebrkulen dhe serb\u00ebve do t\u2019u b\u00ebhet shtrenjt\u00eb n\u00ebse e vazhdojn\u00eb luft\u00ebn"}]},{"@type":"WebSite","@id":"https:\/\/veritasinfo.org\/#website","url":"https:\/\/veritasinfo.org\/","name":"","description":"","potentialAction":[{"@type":"SearchAction","target":{"@type":"EntryPoint","urlTemplate":"https:\/\/veritasinfo.org\/?s={search_term_string}"},"query-input":{"@type":"PropertyValueSpecification","valueRequired":true,"valueName":"search_term_string"}}],"inLanguage":"en-US"},{"@type":"Person","@id":"https:\/\/veritasinfo.org\/#\/schema\/person\/fe199eede04c3937362892b7444747cc","name":"US6","image":{"@type":"ImageObject","inLanguage":"en-US","@id":"https:\/\/veritasinfo.org\/#\/schema\/person\/image\/","url":"https:\/\/secure.gravatar.com\/avatar\/cb16c3c31c9d23b9b8c705964598220b3014e42ff51eb540ff23cefa3ae8c15f?s=96&d=mm&r=g","contentUrl":"https:\/\/secure.gravatar.com\/avatar\/cb16c3c31c9d23b9b8c705964598220b3014e42ff51eb540ff23cefa3ae8c15f?s=96&d=mm&r=g","caption":"US6"},"url":"https:\/\/veritasinfo.org\/?author=7"}]}},"featured_image_urls":{"full":["https:\/\/veritasinfo.org\/wp-content\/uploads\/2025\/09\/ap24297808046738.jpg",1280,720,false],"thumbnail":["https:\/\/veritasinfo.org\/wp-content\/uploads\/2025\/09\/ap24297808046738-150x150.jpg",150,150,true],"medium":["https:\/\/veritasinfo.org\/wp-content\/uploads\/2025\/09\/ap24297808046738-300x169.jpg",300,169,true],"medium_large":["https:\/\/veritasinfo.org\/wp-content\/uploads\/2025\/09\/ap24297808046738-768x432.jpg",640,360,true],"large":["https:\/\/veritasinfo.org\/wp-content\/uploads\/2025\/09\/ap24297808046738-1024x576.jpg",640,360,true],"1536x1536":["https:\/\/veritasinfo.org\/wp-content\/uploads\/2025\/09\/ap24297808046738.jpg",1280,720,false],"2048x2048":["https:\/\/veritasinfo.org\/wp-content\/uploads\/2025\/09\/ap24297808046738.jpg",1280,720,false],"kreeti-slider-full":["https:\/\/veritasinfo.org\/wp-content\/uploads\/2025\/09\/ap24297808046738.jpg",1280,720,false],"kreeti-featured":["https:\/\/veritasinfo.org\/wp-content\/uploads\/2025\/09\/ap24297808046738.jpg",1024,576,false],"kreeti-medium":["https:\/\/veritasinfo.org\/wp-content\/uploads\/2025\/09\/ap24297808046738.jpg",720,405,false],"kreeti-medium-square":["https:\/\/veritasinfo.org\/wp-content\/uploads\/2025\/09\/ap24297808046738.jpg",350,197,false]},"author_info":{"info":["US6"]},"category_info":"<a href=\"https:\/\/veritasinfo.org\/?cat=60\" rel=\"category\">Shoq\u00ebrore<\/a>","tag_info":"Shoq\u00ebrore","comment_count":"0","_links":{"self":[{"href":"https:\/\/veritasinfo.org\/index.php?rest_route=\/wp\/v2\/posts\/14140","targetHints":{"allow":["GET"]}}],"collection":[{"href":"https:\/\/veritasinfo.org\/index.php?rest_route=\/wp\/v2\/posts"}],"about":[{"href":"https:\/\/veritasinfo.org\/index.php?rest_route=\/wp\/v2\/types\/post"}],"author":[{"embeddable":true,"href":"https:\/\/veritasinfo.org\/index.php?rest_route=\/wp\/v2\/users\/7"}],"replies":[{"embeddable":true,"href":"https:\/\/veritasinfo.org\/index.php?rest_route=%2Fwp%2Fv2%2Fcomments&post=14140"}],"version-history":[{"count":1,"href":"https:\/\/veritasinfo.org\/index.php?rest_route=\/wp\/v2\/posts\/14140\/revisions"}],"predecessor-version":[{"id":14142,"href":"https:\/\/veritasinfo.org\/index.php?rest_route=\/wp\/v2\/posts\/14140\/revisions\/14142"}],"wp:featuredmedia":[{"embeddable":true,"href":"https:\/\/veritasinfo.org\/index.php?rest_route=\/wp\/v2\/media\/14141"}],"wp:attachment":[{"href":"https:\/\/veritasinfo.org\/index.php?rest_route=%2Fwp%2Fv2%2Fmedia&parent=14140"}],"wp:term":[{"taxonomy":"category","embeddable":true,"href":"https:\/\/veritasinfo.org\/index.php?rest_route=%2Fwp%2Fv2%2Fcategories&post=14140"},{"taxonomy":"post_tag","embeddable":true,"href":"https:\/\/veritasinfo.org\/index.php?rest_route=%2Fwp%2Fv2%2Ftags&post=14140"}],"curies":[{"name":"wp","href":"https:\/\/api.w.org\/{rel}","templated":true}]}}