{"id":14091,"date":"2025-09-28T07:53:39","date_gmt":"2025-09-28T05:53:39","guid":{"rendered":"https:\/\/veritasinfo.org\/?p=14091"},"modified":"2025-09-28T07:53:39","modified_gmt":"2025-09-28T05:53:39","slug":"punimet-ne-uren-e-dyte-mbi-lumin-iber-pritet-te-perfundojne-me-1-janar","status":"publish","type":"post","link":"https:\/\/veritasinfo.org\/?p=14091","title":{"rendered":"Punimet n\u00eb ur\u00ebn e dyt\u00eb mbi lumin Ib\u00ebr pritet t\u00eb p\u00ebrfundojn\u00eb m\u00eb 1 janar"},"content":{"rendered":"<p>Mitrovic\u00eb, 28 shtator 2025<\/p>\n<p>Jan\u00eb duke vazhduar punimet n\u00eb ur\u00ebn e dyt\u00eb n\u00eb Mitrovic\u00eb. Sipas menaxherit t\u00eb kompanis\u00eb q\u00eb po merret me nd\u00ebrtimin e k\u00ebsaj ure, punimet jan\u00eb duke shkuar sipas planit, nd\u00ebrsa presin t\u00eb p\u00ebrfundojn\u00eb me nj\u00eb janar. P\u00ebr qytetar\u00ebt k\u00ebto ura po shihen shum\u00eb t\u00eb nevojshme dhe po leht\u00ebsojn\u00eb qarkullimin.<\/p>\n<p>Kan\u00eb ardhur p\u00ebr t\u00eb par\u00eb se si po ecin punimet.<\/p>\n<p>K\u00ebta jan\u00eb vet\u00ebm disa nga qytetar\u00ebt e Mitrovic\u00ebs q\u00eb po shikojn\u00eb punimet q\u00eb po b\u00ebhen n\u00eb ur\u00ebn e dyt\u00eb q\u00eb po nd\u00ebrtohet n\u00eb mbi lumin \u201cIb\u00ebr\u201d, e cila do t\u00eb lidh\u00eb qarkullimin mes Mitrovic\u00ebs s\u00eb veriut dhe asaj t\u00eb jugut.<\/p>\n<p>Jahir Delia Nimani, menaxher n\u00eb kompanin\u00eb q\u00eb po merret me nd\u00ebrtimin e k\u00ebsaj ure, thot\u00eb se punimet jan\u00eb duke shkuar sipas planit.<\/p>\n<p>\u201cKemi punuar me bazamentin, me themelet, shtyllat, pjes\u00ebn e rrumbullak\u00ebt ku vendoset pema. Jemi tash n\u00eb k\u00ebt\u00eb rrumbullakun e dig\u00ebs k\u00ebtu duke punuar, p\u00ebrgatitjen e themeleve\u00a0 me shtylla komplet menj\u00ebher\u00eb. Mas andej kemi me punuar pjes\u00ebn atje q\u00eb me dal uji sa \u00ebsht\u00eb koha e mir\u00eb tek ana pjesa veriore, ku edhe ajo \u00ebsht\u00eb nj\u00eb lloj kanali p\u00ebr uj\u00eb, si\u00e7 e kemi b\u00ebr\u00eb, si\u00e7 \u00ebsht\u00eb kjo k\u00ebtu\u201d, tha menaxheri.<\/p>\n<p>Sipas Nimanit, kjo ur\u00eb ka p\u00ebr t\u00eb qen\u00eb me sip\u00ebrfaqe shum\u00eb m\u00eb t\u00eb madhe se ura e par\u00eb, nd\u00ebrsa pritet t\u00eb p\u00ebrfundoj me nj\u00eb janar.<\/p>\n<p>\u201cKjo \u00ebsht\u00eb ur\u00eb m\u00eb e madhe dhe kam theksuar q\u00eb ka me qen\u00eb ura m\u00eb e bukur n\u00eb Ballkan p\u00ebr momentin. \u00cbsht\u00eb m\u00eb e madhe, ka rreth 2 mij\u00eb metra katror sip\u00ebrfaqe t\u00eb betonit q\u00eb b\u00ebhen. Kjo nuk krahasohet me ur\u00ebn tjet\u00ebr\u2026 Besoj q\u00eb shum\u00eb shpejt ka me marr form\u00ebn e ur\u00ebs. E\u00a0 kam\u00eb\u00a0 th\u00ebn\u00eb q\u00eb 1 janari ka me qen\u00eb data e fundit\u201d.<\/p>\n<p>Nga qytetar\u00ebt, nd\u00ebrtimi i k\u00ebtyre urave po shihet leht\u00ebsues p\u00ebr qarkullim, si bashkim mes dy an\u00ebve t\u00eb Mitrovic\u00ebs.<\/p>\n<p>\u201cNd\u00ebrtimi i urave \u00ebsht\u00eb di\u00e7ka p\u00ebr neve, \u00e7ka s\u2019ka pas m\u00eb mir\u00eb kurr\u00eb. Po na vin\u00eb f\u00ebmija prej shkollave m\u00eb leht\u00eb, m\u00eb af\u00ebr, p\u00ebr gjith\u00eb\u2026.. \u00cbsht\u00eb dasht\u00eb me ardhur atje posht\u00eb. P\u00ebr me shkuar n\u00eb shkoll\u00eb \u00ebsht\u00eb dasht\u00eb me shkuar deri posht\u00eb. Prej k\u00ebtu deri te ura e Ibrit e m\u00eb shkuar n\u00eb fakultet. Pak p\u00ebr rini, f\u00ebmij\u00ebt \u00ebsht\u00eb v\u00ebshtir\u00eb\u201d, tha qytetari Mustaf\u00eb Kelmendi.<\/p>\n<p>\u201cMu shum\u00eb m\u00eb p\u00eblqen se i bashkon edhe dy Mitrovicat q\u00eb jan\u00eb t\u00eb ndara. Edhe urat jan\u00eb bashkimi i njer\u00ebzve, i popujve edhe shum\u00eb me vend e kan\u00eb b\u00ebr\u00eb, se kjo ura q\u00eb \u00ebsht\u00eb n\u00eb qend\u00ebr \u00ebsht\u00eb e mbyllur. E k\u00ebto t\u00eb dyjat jan\u00eb p\u00ebr qarkullim\u00a0 t\u00eb veturave dhe qarkullimi I njer\u00ebzve. E mu m\u00eb doket q\u00eb \u00ebsht\u00eb shum\u00eb e dobishme dhe shum\u00eb di\u00e7ka e q\u00eblluar q\u00eb e kan\u00eb b\u00ebr\u00eb n\u00eb Mitrovic\u00eb\u201d, tha qytetari tjet\u00ebr Naser Hajzeri p\u00ebr T\u00ebV\u00eb1<\/p>\n<p>Punimet p\u00ebr nd\u00ebrtimin e k\u00ebtyre dy urave n\u00eb Mitrovic\u00eb kan\u00eb nisur m\u00eb 1 korrik.<\/p>\n<p>Nd\u00ebrkoh\u00eb q\u00eb ura e par\u00eb ka p\u00ebrfunduar n\u00eb fund t\u00eb gushti, kjo ur\u00eb pritet t\u00eb p\u00ebrfundoj me nj\u00eb janar.<\/p>\n<p>Vlera totale p\u00ebr nd\u00ebrtimin e tyre \u00ebsht\u00eb rreth 3 milion\u00eb euro.<\/p>\n","protected":false},"excerpt":{"rendered":"<p>Mitrovic\u00eb, 28 shtator 2025 Jan\u00eb duke vazhduar punimet n\u00eb ur\u00ebn e dyt\u00eb n\u00eb Mitrovic\u00eb. Sipas menaxherit t\u00eb kompanis\u00eb q\u00eb po merret me nd\u00ebrtimin e k\u00ebsaj<\/p>\n","protected":false},"author":7,"featured_media":14092,"comment_status":"open","ping_status":"open","sticky":false,"template":"","format":"standard","meta":{"footnotes":""},"categories":[52],"tags":[],"class_list":["post-14091","post","type-post","status-publish","format-standard","has-post-thumbnail","hentry","category-komunat-sq"],"yoast_head":"<!-- This site is optimized with the Yoast SEO plugin v25.3.1 - https:\/\/yoast.com\/wordpress\/plugins\/seo\/ -->\n<title>Punimet n\u00eb ur\u00ebn e dyt\u00eb mbi lumin Ib\u00ebr pritet t\u00eb p\u00ebrfundojn\u00eb m\u00eb 1 janar -<\/title>\n<meta name=\"robots\" content=\"index, follow, max-snippet:-1, max-image-preview:large, max-video-preview:-1\" \/>\n<link rel=\"canonical\" href=\"https:\/\/veritasinfo.org\/?p=14091\" \/>\n<meta property=\"og:locale\" content=\"en_US\" \/>\n<meta property=\"og:type\" content=\"article\" \/>\n<meta property=\"og:title\" content=\"Punimet n\u00eb ur\u00ebn e dyt\u00eb mbi lumin Ib\u00ebr pritet t\u00eb p\u00ebrfundojn\u00eb m\u00eb 1 janar -\" \/>\n<meta property=\"og:description\" content=\"Mitrovic\u00eb, 28 shtator 2025 Jan\u00eb duke vazhduar punimet n\u00eb ur\u00ebn e dyt\u00eb n\u00eb Mitrovic\u00eb. Sipas menaxherit t\u00eb kompanis\u00eb q\u00eb po merret me nd\u00ebrtimin e k\u00ebsaj\" \/>\n<meta property=\"og:url\" content=\"https:\/\/veritasinfo.org\/?p=14091\" \/>\n<meta property=\"article:published_time\" content=\"2025-09-28T05:53:39+00:00\" \/>\n<meta property=\"og:image\" content=\"https:\/\/veritasinfo.org\/wp-content\/uploads\/2025\/09\/1-44.jpg\" \/>\n\t<meta property=\"og:image:width\" content=\"1649\" \/>\n\t<meta property=\"og:image:height\" content=\"860\" \/>\n\t<meta property=\"og:image:type\" content=\"image\/jpeg\" \/>\n<meta name=\"author\" content=\"US6\" \/>\n<meta name=\"twitter:card\" content=\"summary_large_image\" \/>\n<meta name=\"twitter:label1\" content=\"Written by\" \/>\n\t<meta name=\"twitter:data1\" content=\"US6\" \/>\n\t<meta name=\"twitter:label2\" content=\"Est. reading time\" \/>\n\t<meta name=\"twitter:data2\" content=\"3 minutes\" \/>\n<script type=\"application\/ld+json\" class=\"yoast-schema-graph\">{\"@context\":\"https:\/\/schema.org\",\"@graph\":[{\"@type\":\"WebPage\",\"@id\":\"https:\/\/veritasinfo.org\/?p=14091\",\"url\":\"https:\/\/veritasinfo.org\/?p=14091\",\"name\":\"Punimet n\u00eb ur\u00ebn e dyt\u00eb mbi lumin Ib\u00ebr pritet t\u00eb p\u00ebrfundojn\u00eb m\u00eb 1 janar -\",\"isPartOf\":{\"@id\":\"https:\/\/veritasinfo.org\/#website\"},\"primaryImageOfPage\":{\"@id\":\"https:\/\/veritasinfo.org\/?p=14091#primaryimage\"},\"image\":{\"@id\":\"https:\/\/veritasinfo.org\/?p=14091#primaryimage\"},\"thumbnailUrl\":\"https:\/\/veritasinfo.org\/wp-content\/uploads\/2025\/09\/1-44.jpg\",\"datePublished\":\"2025-09-28T05:53:39+00:00\",\"author\":{\"@id\":\"https:\/\/veritasinfo.org\/#\/schema\/person\/fe199eede04c3937362892b7444747cc\"},\"breadcrumb\":{\"@id\":\"https:\/\/veritasinfo.org\/?p=14091#breadcrumb\"},\"inLanguage\":\"en-US\",\"potentialAction\":[{\"@type\":\"ReadAction\",\"target\":[\"https:\/\/veritasinfo.org\/?p=14091\"]}]},{\"@type\":\"ImageObject\",\"inLanguage\":\"en-US\",\"@id\":\"https:\/\/veritasinfo.org\/?p=14091#primaryimage\",\"url\":\"https:\/\/veritasinfo.org\/wp-content\/uploads\/2025\/09\/1-44.jpg\",\"contentUrl\":\"https:\/\/veritasinfo.org\/wp-content\/uploads\/2025\/09\/1-44.jpg\",\"width\":1649,\"height\":860},{\"@type\":\"BreadcrumbList\",\"@id\":\"https:\/\/veritasinfo.org\/?p=14091#breadcrumb\",\"itemListElement\":[{\"@type\":\"ListItem\",\"position\":1,\"name\":\"Home\",\"item\":\"https:\/\/veritasinfo.org\/\"},{\"@type\":\"ListItem\",\"position\":2,\"name\":\"Punimet n\u00eb ur\u00ebn e dyt\u00eb mbi lumin Ib\u00ebr pritet t\u00eb p\u00ebrfundojn\u00eb m\u00eb 1 janar\"}]},{\"@type\":\"WebSite\",\"@id\":\"https:\/\/veritasinfo.org\/#website\",\"url\":\"https:\/\/veritasinfo.org\/\",\"name\":\"\",\"description\":\"\",\"potentialAction\":[{\"@type\":\"SearchAction\",\"target\":{\"@type\":\"EntryPoint\",\"urlTemplate\":\"https:\/\/veritasinfo.org\/?s={search_term_string}\"},\"query-input\":{\"@type\":\"PropertyValueSpecification\",\"valueRequired\":true,\"valueName\":\"search_term_string\"}}],\"inLanguage\":\"en-US\"},{\"@type\":\"Person\",\"@id\":\"https:\/\/veritasinfo.org\/#\/schema\/person\/fe199eede04c3937362892b7444747cc\",\"name\":\"US6\",\"image\":{\"@type\":\"ImageObject\",\"inLanguage\":\"en-US\",\"@id\":\"https:\/\/veritasinfo.org\/#\/schema\/person\/image\/\",\"url\":\"https:\/\/secure.gravatar.com\/avatar\/cb16c3c31c9d23b9b8c705964598220b3014e42ff51eb540ff23cefa3ae8c15f?s=96&d=mm&r=g\",\"contentUrl\":\"https:\/\/secure.gravatar.com\/avatar\/cb16c3c31c9d23b9b8c705964598220b3014e42ff51eb540ff23cefa3ae8c15f?s=96&d=mm&r=g\",\"caption\":\"US6\"},\"url\":\"https:\/\/veritasinfo.org\/?author=7\"}]}<\/script>\n<!-- \/ Yoast SEO plugin. -->","yoast_head_json":{"title":"Punimet n\u00eb ur\u00ebn e dyt\u00eb mbi lumin Ib\u00ebr pritet t\u00eb p\u00ebrfundojn\u00eb m\u00eb 1 janar -","robots":{"index":"index","follow":"follow","max-snippet":"max-snippet:-1","max-image-preview":"max-image-preview:large","max-video-preview":"max-video-preview:-1"},"canonical":"https:\/\/veritasinfo.org\/?p=14091","og_locale":"en_US","og_type":"article","og_title":"Punimet n\u00eb ur\u00ebn e dyt\u00eb mbi lumin Ib\u00ebr pritet t\u00eb p\u00ebrfundojn\u00eb m\u00eb 1 janar -","og_description":"Mitrovic\u00eb, 28 shtator 2025 Jan\u00eb duke vazhduar punimet n\u00eb ur\u00ebn e dyt\u00eb n\u00eb Mitrovic\u00eb. Sipas menaxherit t\u00eb kompanis\u00eb q\u00eb po merret me nd\u00ebrtimin e k\u00ebsaj","og_url":"https:\/\/veritasinfo.org\/?p=14091","article_published_time":"2025-09-28T05:53:39+00:00","og_image":[{"width":1649,"height":860,"url":"https:\/\/veritasinfo.org\/wp-content\/uploads\/2025\/09\/1-44.jpg","type":"image\/jpeg"}],"author":"US6","twitter_card":"summary_large_image","twitter_misc":{"Written by":"US6","Est. reading time":"3 minutes"},"schema":{"@context":"https:\/\/schema.org","@graph":[{"@type":"WebPage","@id":"https:\/\/veritasinfo.org\/?p=14091","url":"https:\/\/veritasinfo.org\/?p=14091","name":"Punimet n\u00eb ur\u00ebn e dyt\u00eb mbi lumin Ib\u00ebr pritet t\u00eb p\u00ebrfundojn\u00eb m\u00eb 1 janar -","isPartOf":{"@id":"https:\/\/veritasinfo.org\/#website"},"primaryImageOfPage":{"@id":"https:\/\/veritasinfo.org\/?p=14091#primaryimage"},"image":{"@id":"https:\/\/veritasinfo.org\/?p=14091#primaryimage"},"thumbnailUrl":"https:\/\/veritasinfo.org\/wp-content\/uploads\/2025\/09\/1-44.jpg","datePublished":"2025-09-28T05:53:39+00:00","author":{"@id":"https:\/\/veritasinfo.org\/#\/schema\/person\/fe199eede04c3937362892b7444747cc"},"breadcrumb":{"@id":"https:\/\/veritasinfo.org\/?p=14091#breadcrumb"},"inLanguage":"en-US","potentialAction":[{"@type":"ReadAction","target":["https:\/\/veritasinfo.org\/?p=14091"]}]},{"@type":"ImageObject","inLanguage":"en-US","@id":"https:\/\/veritasinfo.org\/?p=14091#primaryimage","url":"https:\/\/veritasinfo.org\/wp-content\/uploads\/2025\/09\/1-44.jpg","contentUrl":"https:\/\/veritasinfo.org\/wp-content\/uploads\/2025\/09\/1-44.jpg","width":1649,"height":860},{"@type":"BreadcrumbList","@id":"https:\/\/veritasinfo.org\/?p=14091#breadcrumb","itemListElement":[{"@type":"ListItem","position":1,"name":"Home","item":"https:\/\/veritasinfo.org\/"},{"@type":"ListItem","position":2,"name":"Punimet n\u00eb ur\u00ebn e dyt\u00eb mbi lumin Ib\u00ebr pritet t\u00eb p\u00ebrfundojn\u00eb m\u00eb 1 janar"}]},{"@type":"WebSite","@id":"https:\/\/veritasinfo.org\/#website","url":"https:\/\/veritasinfo.org\/","name":"","description":"","potentialAction":[{"@type":"SearchAction","target":{"@type":"EntryPoint","urlTemplate":"https:\/\/veritasinfo.org\/?s={search_term_string}"},"query-input":{"@type":"PropertyValueSpecification","valueRequired":true,"valueName":"search_term_string"}}],"inLanguage":"en-US"},{"@type":"Person","@id":"https:\/\/veritasinfo.org\/#\/schema\/person\/fe199eede04c3937362892b7444747cc","name":"US6","image":{"@type":"ImageObject","inLanguage":"en-US","@id":"https:\/\/veritasinfo.org\/#\/schema\/person\/image\/","url":"https:\/\/secure.gravatar.com\/avatar\/cb16c3c31c9d23b9b8c705964598220b3014e42ff51eb540ff23cefa3ae8c15f?s=96&d=mm&r=g","contentUrl":"https:\/\/secure.gravatar.com\/avatar\/cb16c3c31c9d23b9b8c705964598220b3014e42ff51eb540ff23cefa3ae8c15f?s=96&d=mm&r=g","caption":"US6"},"url":"https:\/\/veritasinfo.org\/?author=7"}]}},"featured_image_urls":{"full":["https:\/\/veritasinfo.org\/wp-content\/uploads\/2025\/09\/1-44.jpg",1649,860,false],"thumbnail":["https:\/\/veritasinfo.org\/wp-content\/uploads\/2025\/09\/1-44-150x150.jpg",150,150,true],"medium":["https:\/\/veritasinfo.org\/wp-content\/uploads\/2025\/09\/1-44-300x156.jpg",300,156,true],"medium_large":["https:\/\/veritasinfo.org\/wp-content\/uploads\/2025\/09\/1-44-768x401.jpg",640,334,true],"large":["https:\/\/veritasinfo.org\/wp-content\/uploads\/2025\/09\/1-44-1024x534.jpg",640,334,true],"1536x1536":["https:\/\/veritasinfo.org\/wp-content\/uploads\/2025\/09\/1-44-1536x801.jpg",1536,801,true],"2048x2048":["https:\/\/veritasinfo.org\/wp-content\/uploads\/2025\/09\/1-44.jpg",1649,860,false],"kreeti-slider-full":["https:\/\/veritasinfo.org\/wp-content\/uploads\/2025\/09\/1-44.jpg",1280,668,false],"kreeti-featured":["https:\/\/veritasinfo.org\/wp-content\/uploads\/2025\/09\/1-44.jpg",1024,534,false],"kreeti-medium":["https:\/\/veritasinfo.org\/wp-content\/uploads\/2025\/09\/1-44.jpg",720,376,false],"kreeti-medium-square":["https:\/\/veritasinfo.org\/wp-content\/uploads\/2025\/09\/1-44.jpg",350,183,false]},"author_info":{"info":["US6"]},"category_info":"<a href=\"https:\/\/veritasinfo.org\/?cat=52\" rel=\"category\">Komunat<\/a>","tag_info":"Komunat","comment_count":"0","_links":{"self":[{"href":"https:\/\/veritasinfo.org\/index.php?rest_route=\/wp\/v2\/posts\/14091","targetHints":{"allow":["GET"]}}],"collection":[{"href":"https:\/\/veritasinfo.org\/index.php?rest_route=\/wp\/v2\/posts"}],"about":[{"href":"https:\/\/veritasinfo.org\/index.php?rest_route=\/wp\/v2\/types\/post"}],"author":[{"embeddable":true,"href":"https:\/\/veritasinfo.org\/index.php?rest_route=\/wp\/v2\/users\/7"}],"replies":[{"embeddable":true,"href":"https:\/\/veritasinfo.org\/index.php?rest_route=%2Fwp%2Fv2%2Fcomments&post=14091"}],"version-history":[{"count":1,"href":"https:\/\/veritasinfo.org\/index.php?rest_route=\/wp\/v2\/posts\/14091\/revisions"}],"predecessor-version":[{"id":14093,"href":"https:\/\/veritasinfo.org\/index.php?rest_route=\/wp\/v2\/posts\/14091\/revisions\/14093"}],"wp:featuredmedia":[{"embeddable":true,"href":"https:\/\/veritasinfo.org\/index.php?rest_route=\/wp\/v2\/media\/14092"}],"wp:attachment":[{"href":"https:\/\/veritasinfo.org\/index.php?rest_route=%2Fwp%2Fv2%2Fmedia&parent=14091"}],"wp:term":[{"taxonomy":"category","embeddable":true,"href":"https:\/\/veritasinfo.org\/index.php?rest_route=%2Fwp%2Fv2%2Fcategories&post=14091"},{"taxonomy":"post_tag","embeddable":true,"href":"https:\/\/veritasinfo.org\/index.php?rest_route=%2Fwp%2Fv2%2Ftags&post=14091"}],"curies":[{"name":"wp","href":"https:\/\/api.w.org\/{rel}","templated":true}]}}