{"id":13990,"date":"2025-09-27T09:03:14","date_gmt":"2025-09-27T07:03:14","guid":{"rendered":"https:\/\/veritasinfo.org\/?p=13990"},"modified":"2025-09-27T09:03:14","modified_gmt":"2025-09-27T07:03:14","slug":"i-denuari-per-krime-lufte-ne-kosove-lirohet-per-shkak-te-gjendjes-shendetesore","status":"publish","type":"post","link":"https:\/\/veritasinfo.org\/?p=13990","title":{"rendered":"I d\u00ebnuari p\u00ebr krime lufte n\u00eb Kosov\u00eb lirohet \u201cp\u00ebr shkak t\u00eb gjendjes sh\u00ebndet\u00ebsore\u201d"},"content":{"rendered":"<p>Prishtin\u00eb, 27 shtator 2025<\/p>\n<p>Nebojsha Pavkoviq, i d\u00ebnuari nga Gjykata n\u00eb Hag\u00eb p\u00ebr krime lufte n\u00eb Kosov\u00eb, do t\u00eb lirohet nga burgimi p\u00ebr shkak t\u00eb gjendjes s\u00eb r\u00ebnduar sh\u00ebndet\u00ebsore, ka konfirmuar presidenti i Serbis\u00eb, Aleksandar Vu\u00e7iq.<\/p>\n<p>N\u00eb nj\u00eb deklarat\u00eb p\u00ebr gazetar\u00ebt n\u00eb New York, Vu\u00e7iq ka th\u00ebn\u00eb se ka qen\u00eb Qeveria e Serbis\u00eb ajo q\u00eb ka k\u00ebrkuar lirimin e tij t\u00eb hersh\u00ebm \u201cp\u00ebr shkak t\u00eb kushteve tejet t\u00eb r\u00ebnda sh\u00ebndet\u00ebsore\u201d.<\/p>\n<p>Vu\u00e7iq ka th\u00ebn\u00eb se Haga e ka pranuar k\u00ebrkes\u00ebn.<\/p>\n<p>Pavkoviq, tash 79-vje\u00e7ar, ka mbajtur disa poste n\u00eb Ushtrin\u00eb e Jugosllavis\u00eb. Prej vitit 1994 ai ishte vendosur n\u00eb Prishtin\u00eb, ku e udh\u00ebhoqi korpusin prej vitit 1998.<\/p>\n<p>M\u00eb 2005 ishte ekstraduar n\u00eb Hag\u00eb p\u00ebr gjykim nga Tribunali nd\u00ebrkomb\u00ebtar. M\u00eb 2009 ishte shpallur fajtor p\u00ebr t\u00eb gjitha akuzat dhe ishte d\u00ebnuar me 22 vjet burgim p\u00ebr d\u00ebbime, dhun\u00eb, vrasje, persekutime e akte t\u00eb tjera \u00e7njer\u00ebzore. Bashk\u00eb me t\u00eb ishin d\u00ebnuar edhe Vladimir Lazareviq, Nikolla Shainoviq, Dragoljub Ojdaniq dhe Sreten Lukiq.<\/p>\n","protected":false},"excerpt":{"rendered":"<p>Prishtin\u00eb, 27 shtator 2025 Nebojsha Pavkoviq, i d\u00ebnuari nga Gjykata n\u00eb Hag\u00eb p\u00ebr krime lufte n\u00eb Kosov\u00eb, do t\u00eb lirohet nga burgimi p\u00ebr shkak t\u00eb<\/p>\n","protected":false},"author":7,"featured_media":13991,"comment_status":"open","ping_status":"open","sticky":false,"template":"","format":"standard","meta":{"footnotes":""},"categories":[93],"tags":[],"class_list":["post-13990","post","type-post","status-publish","format-standard","has-post-thumbnail","hentry","category-politika-sq"],"yoast_head":"<!-- This site is optimized with the Yoast SEO plugin v25.3.1 - https:\/\/yoast.com\/wordpress\/plugins\/seo\/ -->\n<title>I d\u00ebnuari p\u00ebr krime lufte n\u00eb Kosov\u00eb lirohet \u201cp\u00ebr shkak t\u00eb gjendjes sh\u00ebndet\u00ebsore\u201d -<\/title>\n<meta name=\"robots\" content=\"index, follow, max-snippet:-1, max-image-preview:large, max-video-preview:-1\" \/>\n<link rel=\"canonical\" href=\"https:\/\/veritasinfo.org\/?p=13990\" \/>\n<meta property=\"og:locale\" content=\"en_US\" \/>\n<meta property=\"og:type\" content=\"article\" \/>\n<meta property=\"og:title\" content=\"I d\u00ebnuari p\u00ebr krime lufte n\u00eb Kosov\u00eb lirohet \u201cp\u00ebr shkak t\u00eb gjendjes sh\u00ebndet\u00ebsore\u201d -\" \/>\n<meta property=\"og:description\" content=\"Prishtin\u00eb, 27 shtator 2025 Nebojsha Pavkoviq, i d\u00ebnuari nga Gjykata n\u00eb Hag\u00eb p\u00ebr krime lufte n\u00eb Kosov\u00eb, do t\u00eb lirohet nga burgimi p\u00ebr shkak t\u00eb\" \/>\n<meta property=\"og:url\" content=\"https:\/\/veritasinfo.org\/?p=13990\" \/>\n<meta property=\"article:published_time\" content=\"2025-09-27T07:03:14+00:00\" \/>\n<meta property=\"og:image\" content=\"https:\/\/veritasinfo.org\/wp-content\/uploads\/2025\/09\/Screenshot-2025-09-27-090213.jpg\" \/>\n\t<meta property=\"og:image:width\" content=\"689\" \/>\n\t<meta property=\"og:image:height\" content=\"437\" \/>\n\t<meta property=\"og:image:type\" content=\"image\/jpeg\" \/>\n<meta name=\"author\" content=\"US6\" \/>\n<meta name=\"twitter:card\" content=\"summary_large_image\" \/>\n<meta name=\"twitter:label1\" content=\"Written by\" \/>\n\t<meta name=\"twitter:data1\" content=\"US6\" \/>\n\t<meta name=\"twitter:label2\" content=\"Est. reading time\" \/>\n\t<meta name=\"twitter:data2\" content=\"1 minute\" \/>\n<script type=\"application\/ld+json\" class=\"yoast-schema-graph\">{\"@context\":\"https:\/\/schema.org\",\"@graph\":[{\"@type\":\"WebPage\",\"@id\":\"https:\/\/veritasinfo.org\/?p=13990\",\"url\":\"https:\/\/veritasinfo.org\/?p=13990\",\"name\":\"I d\u00ebnuari p\u00ebr krime lufte n\u00eb Kosov\u00eb lirohet \u201cp\u00ebr shkak t\u00eb gjendjes sh\u00ebndet\u00ebsore\u201d -\",\"isPartOf\":{\"@id\":\"https:\/\/veritasinfo.org\/#website\"},\"primaryImageOfPage\":{\"@id\":\"https:\/\/veritasinfo.org\/?p=13990#primaryimage\"},\"image\":{\"@id\":\"https:\/\/veritasinfo.org\/?p=13990#primaryimage\"},\"thumbnailUrl\":\"https:\/\/veritasinfo.org\/wp-content\/uploads\/2025\/09\/Screenshot-2025-09-27-090213.jpg\",\"datePublished\":\"2025-09-27T07:03:14+00:00\",\"author\":{\"@id\":\"https:\/\/veritasinfo.org\/#\/schema\/person\/fe199eede04c3937362892b7444747cc\"},\"breadcrumb\":{\"@id\":\"https:\/\/veritasinfo.org\/?p=13990#breadcrumb\"},\"inLanguage\":\"en-US\",\"potentialAction\":[{\"@type\":\"ReadAction\",\"target\":[\"https:\/\/veritasinfo.org\/?p=13990\"]}]},{\"@type\":\"ImageObject\",\"inLanguage\":\"en-US\",\"@id\":\"https:\/\/veritasinfo.org\/?p=13990#primaryimage\",\"url\":\"https:\/\/veritasinfo.org\/wp-content\/uploads\/2025\/09\/Screenshot-2025-09-27-090213.jpg\",\"contentUrl\":\"https:\/\/veritasinfo.org\/wp-content\/uploads\/2025\/09\/Screenshot-2025-09-27-090213.jpg\",\"width\":689,\"height\":437},{\"@type\":\"BreadcrumbList\",\"@id\":\"https:\/\/veritasinfo.org\/?p=13990#breadcrumb\",\"itemListElement\":[{\"@type\":\"ListItem\",\"position\":1,\"name\":\"Home\",\"item\":\"https:\/\/veritasinfo.org\/\"},{\"@type\":\"ListItem\",\"position\":2,\"name\":\"I d\u00ebnuari p\u00ebr krime lufte n\u00eb Kosov\u00eb lirohet \u201cp\u00ebr shkak t\u00eb gjendjes sh\u00ebndet\u00ebsore\u201d\"}]},{\"@type\":\"WebSite\",\"@id\":\"https:\/\/veritasinfo.org\/#website\",\"url\":\"https:\/\/veritasinfo.org\/\",\"name\":\"\",\"description\":\"\",\"potentialAction\":[{\"@type\":\"SearchAction\",\"target\":{\"@type\":\"EntryPoint\",\"urlTemplate\":\"https:\/\/veritasinfo.org\/?s={search_term_string}\"},\"query-input\":{\"@type\":\"PropertyValueSpecification\",\"valueRequired\":true,\"valueName\":\"search_term_string\"}}],\"inLanguage\":\"en-US\"},{\"@type\":\"Person\",\"@id\":\"https:\/\/veritasinfo.org\/#\/schema\/person\/fe199eede04c3937362892b7444747cc\",\"name\":\"US6\",\"image\":{\"@type\":\"ImageObject\",\"inLanguage\":\"en-US\",\"@id\":\"https:\/\/veritasinfo.org\/#\/schema\/person\/image\/\",\"url\":\"https:\/\/secure.gravatar.com\/avatar\/cb16c3c31c9d23b9b8c705964598220b3014e42ff51eb540ff23cefa3ae8c15f?s=96&d=mm&r=g\",\"contentUrl\":\"https:\/\/secure.gravatar.com\/avatar\/cb16c3c31c9d23b9b8c705964598220b3014e42ff51eb540ff23cefa3ae8c15f?s=96&d=mm&r=g\",\"caption\":\"US6\"},\"url\":\"https:\/\/veritasinfo.org\/?author=7\"}]}<\/script>\n<!-- \/ Yoast SEO plugin. -->","yoast_head_json":{"title":"I d\u00ebnuari p\u00ebr krime lufte n\u00eb Kosov\u00eb lirohet \u201cp\u00ebr shkak t\u00eb gjendjes sh\u00ebndet\u00ebsore\u201d -","robots":{"index":"index","follow":"follow","max-snippet":"max-snippet:-1","max-image-preview":"max-image-preview:large","max-video-preview":"max-video-preview:-1"},"canonical":"https:\/\/veritasinfo.org\/?p=13990","og_locale":"en_US","og_type":"article","og_title":"I d\u00ebnuari p\u00ebr krime lufte n\u00eb Kosov\u00eb lirohet \u201cp\u00ebr shkak t\u00eb gjendjes sh\u00ebndet\u00ebsore\u201d -","og_description":"Prishtin\u00eb, 27 shtator 2025 Nebojsha Pavkoviq, i d\u00ebnuari nga Gjykata n\u00eb Hag\u00eb p\u00ebr krime lufte n\u00eb Kosov\u00eb, do t\u00eb lirohet nga burgimi p\u00ebr shkak t\u00eb","og_url":"https:\/\/veritasinfo.org\/?p=13990","article_published_time":"2025-09-27T07:03:14+00:00","og_image":[{"width":689,"height":437,"url":"https:\/\/veritasinfo.org\/wp-content\/uploads\/2025\/09\/Screenshot-2025-09-27-090213.jpg","type":"image\/jpeg"}],"author":"US6","twitter_card":"summary_large_image","twitter_misc":{"Written by":"US6","Est. reading time":"1 minute"},"schema":{"@context":"https:\/\/schema.org","@graph":[{"@type":"WebPage","@id":"https:\/\/veritasinfo.org\/?p=13990","url":"https:\/\/veritasinfo.org\/?p=13990","name":"I d\u00ebnuari p\u00ebr krime lufte n\u00eb Kosov\u00eb lirohet \u201cp\u00ebr shkak t\u00eb gjendjes sh\u00ebndet\u00ebsore\u201d -","isPartOf":{"@id":"https:\/\/veritasinfo.org\/#website"},"primaryImageOfPage":{"@id":"https:\/\/veritasinfo.org\/?p=13990#primaryimage"},"image":{"@id":"https:\/\/veritasinfo.org\/?p=13990#primaryimage"},"thumbnailUrl":"https:\/\/veritasinfo.org\/wp-content\/uploads\/2025\/09\/Screenshot-2025-09-27-090213.jpg","datePublished":"2025-09-27T07:03:14+00:00","author":{"@id":"https:\/\/veritasinfo.org\/#\/schema\/person\/fe199eede04c3937362892b7444747cc"},"breadcrumb":{"@id":"https:\/\/veritasinfo.org\/?p=13990#breadcrumb"},"inLanguage":"en-US","potentialAction":[{"@type":"ReadAction","target":["https:\/\/veritasinfo.org\/?p=13990"]}]},{"@type":"ImageObject","inLanguage":"en-US","@id":"https:\/\/veritasinfo.org\/?p=13990#primaryimage","url":"https:\/\/veritasinfo.org\/wp-content\/uploads\/2025\/09\/Screenshot-2025-09-27-090213.jpg","contentUrl":"https:\/\/veritasinfo.org\/wp-content\/uploads\/2025\/09\/Screenshot-2025-09-27-090213.jpg","width":689,"height":437},{"@type":"BreadcrumbList","@id":"https:\/\/veritasinfo.org\/?p=13990#breadcrumb","itemListElement":[{"@type":"ListItem","position":1,"name":"Home","item":"https:\/\/veritasinfo.org\/"},{"@type":"ListItem","position":2,"name":"I d\u00ebnuari p\u00ebr krime lufte n\u00eb Kosov\u00eb lirohet \u201cp\u00ebr shkak t\u00eb gjendjes sh\u00ebndet\u00ebsore\u201d"}]},{"@type":"WebSite","@id":"https:\/\/veritasinfo.org\/#website","url":"https:\/\/veritasinfo.org\/","name":"","description":"","potentialAction":[{"@type":"SearchAction","target":{"@type":"EntryPoint","urlTemplate":"https:\/\/veritasinfo.org\/?s={search_term_string}"},"query-input":{"@type":"PropertyValueSpecification","valueRequired":true,"valueName":"search_term_string"}}],"inLanguage":"en-US"},{"@type":"Person","@id":"https:\/\/veritasinfo.org\/#\/schema\/person\/fe199eede04c3937362892b7444747cc","name":"US6","image":{"@type":"ImageObject","inLanguage":"en-US","@id":"https:\/\/veritasinfo.org\/#\/schema\/person\/image\/","url":"https:\/\/secure.gravatar.com\/avatar\/cb16c3c31c9d23b9b8c705964598220b3014e42ff51eb540ff23cefa3ae8c15f?s=96&d=mm&r=g","contentUrl":"https:\/\/secure.gravatar.com\/avatar\/cb16c3c31c9d23b9b8c705964598220b3014e42ff51eb540ff23cefa3ae8c15f?s=96&d=mm&r=g","caption":"US6"},"url":"https:\/\/veritasinfo.org\/?author=7"}]}},"featured_image_urls":{"full":["https:\/\/veritasinfo.org\/wp-content\/uploads\/2025\/09\/Screenshot-2025-09-27-090213.jpg",689,437,false],"thumbnail":["https:\/\/veritasinfo.org\/wp-content\/uploads\/2025\/09\/Screenshot-2025-09-27-090213-150x150.jpg",150,150,true],"medium":["https:\/\/veritasinfo.org\/wp-content\/uploads\/2025\/09\/Screenshot-2025-09-27-090213-300x190.jpg",300,190,true],"medium_large":["https:\/\/veritasinfo.org\/wp-content\/uploads\/2025\/09\/Screenshot-2025-09-27-090213.jpg",640,406,false],"large":["https:\/\/veritasinfo.org\/wp-content\/uploads\/2025\/09\/Screenshot-2025-09-27-090213.jpg",640,406,false],"1536x1536":["https:\/\/veritasinfo.org\/wp-content\/uploads\/2025\/09\/Screenshot-2025-09-27-090213.jpg",689,437,false],"2048x2048":["https:\/\/veritasinfo.org\/wp-content\/uploads\/2025\/09\/Screenshot-2025-09-27-090213.jpg",689,437,false],"kreeti-slider-full":["https:\/\/veritasinfo.org\/wp-content\/uploads\/2025\/09\/Screenshot-2025-09-27-090213.jpg",689,437,false],"kreeti-featured":["https:\/\/veritasinfo.org\/wp-content\/uploads\/2025\/09\/Screenshot-2025-09-27-090213.jpg",689,437,false],"kreeti-medium":["https:\/\/veritasinfo.org\/wp-content\/uploads\/2025\/09\/Screenshot-2025-09-27-090213.jpg",689,437,false],"kreeti-medium-square":["https:\/\/veritasinfo.org\/wp-content\/uploads\/2025\/09\/Screenshot-2025-09-27-090213.jpg",350,222,false]},"author_info":{"info":["US6"]},"category_info":"<a href=\"https:\/\/veritasinfo.org\/?cat=93\" rel=\"category\">Politika<\/a>","tag_info":"Politika","comment_count":"0","_links":{"self":[{"href":"https:\/\/veritasinfo.org\/index.php?rest_route=\/wp\/v2\/posts\/13990","targetHints":{"allow":["GET"]}}],"collection":[{"href":"https:\/\/veritasinfo.org\/index.php?rest_route=\/wp\/v2\/posts"}],"about":[{"href":"https:\/\/veritasinfo.org\/index.php?rest_route=\/wp\/v2\/types\/post"}],"author":[{"embeddable":true,"href":"https:\/\/veritasinfo.org\/index.php?rest_route=\/wp\/v2\/users\/7"}],"replies":[{"embeddable":true,"href":"https:\/\/veritasinfo.org\/index.php?rest_route=%2Fwp%2Fv2%2Fcomments&post=13990"}],"version-history":[{"count":1,"href":"https:\/\/veritasinfo.org\/index.php?rest_route=\/wp\/v2\/posts\/13990\/revisions"}],"predecessor-version":[{"id":13992,"href":"https:\/\/veritasinfo.org\/index.php?rest_route=\/wp\/v2\/posts\/13990\/revisions\/13992"}],"wp:featuredmedia":[{"embeddable":true,"href":"https:\/\/veritasinfo.org\/index.php?rest_route=\/wp\/v2\/media\/13991"}],"wp:attachment":[{"href":"https:\/\/veritasinfo.org\/index.php?rest_route=%2Fwp%2Fv2%2Fmedia&parent=13990"}],"wp:term":[{"taxonomy":"category","embeddable":true,"href":"https:\/\/veritasinfo.org\/index.php?rest_route=%2Fwp%2Fv2%2Fcategories&post=13990"},{"taxonomy":"post_tag","embeddable":true,"href":"https:\/\/veritasinfo.org\/index.php?rest_route=%2Fwp%2Fv2%2Ftags&post=13990"}],"curies":[{"name":"wp","href":"https:\/\/api.w.org\/{rel}","templated":true}]}}