{"id":13933,"date":"2025-09-26T16:37:21","date_gmt":"2025-09-26T14:37:21","guid":{"rendered":"https:\/\/veritasinfo.org\/?p=13933"},"modified":"2025-09-26T16:37:21","modified_gmt":"2025-09-26T14:37:21","slug":"izvestava-se-da-je-brat-djestija-izgubio-zivot-u-saobracajnoj-nesreci-u-peci","status":"publish","type":"post","link":"https:\/\/veritasinfo.org\/?p=13933&lang=sr","title":{"rendered":"Izve\u0161tava se da je brat \u0110estija izgubio \u017eivot u saobra\u0107ajnoj nesre\u0107i u Pe\u0107i"},"content":{"rendered":"<p data-start=\"37\" data-end=\"146\">Pe\u0107, 26. septembar 2025.<\/p>\n<p data-start=\"148\" data-end=\"287\">Te\u0161ka saobra\u0107ajna nesre\u0107a dogodila se danas u selu Blagaja kod Pe\u0107i, gde je \u017eivot izgubio Eljdion Keljmendi, brat poznatog repera \u0110estija.<\/p>\n<p data-start=\"289\" data-end=\"358\">Tu\u017enu vest potvrdilo je i selo Trebovi\u0107 putem zvani\u010dnog saop\u0161tenja.<\/p>\n<p data-start=\"360\" data-end=\"715\">\u201eTe\u0161ka saobra\u0107ajna nesre\u0107a dogodila se u na\u0161em selu, ta\u010dnije u blizini sela \u010cungur, gde je u ovoj nesre\u0107i na licu mesta poginuo brat \u0110estija, Eljdion Keljmendi. Tako\u0111e, u te\u0161kom stanju nalazi se i jedan me\u0161tanin na\u0161eg sela koji se sada nalazi u bolnici u Pe\u0107i. Sau\u010de\u0161\u0107e porodici Kelmendi iz Pavlana povodom ove velike tragedije!\u201c, navodi se u saop\u0161tenju.<\/p>\n<p data-start=\"717\" data-end=\"829\">Slu\u010daj je potvrdila i Kosovska policija. Portparol policije za Region Pe\u0107i, Fadil Ga\u0161i, dao je detalje za TV1:<\/p>\n<p data-start=\"831\" data-end=\"1146\">\u201eOko 14:00 \u010dasova policija je obave\u0161tena o nesre\u0107i u Blagaji kod Pe\u0107i. U nesre\u0107i su u\u010destvovali jedan automobil i jedan kvad. Policija je iza\u0161la na lice mesta zajedno sa hitnom pomo\u0107i, gde je lekar konstatovao smrt jedne osobe. Jedna druga osoba zadobila je povrede i upu\u0107ena je na le\u010denje u hitnu slu\u017ebu u Pe\u0107i.\u201c<\/p>\n","protected":false},"excerpt":{"rendered":"<p>Pe\u0107, 26. septembar 2025. Te\u0161ka saobra\u0107ajna nesre\u0107a dogodila se danas u selu Blagaja kod Pe\u0107i, gde je \u017eivot izgubio Eljdion Keljmendi, brat poznatog repera \u0110estija.<\/p>\n","protected":false},"author":7,"featured_media":13931,"comment_status":"open","ping_status":"open","sticky":false,"template":"","format":"standard","meta":{"footnotes":""},"categories":[103],"tags":[],"class_list":["post-13933","post","type-post","status-publish","format-standard","has-post-thumbnail","hentry","category-hronika"],"yoast_head":"<!-- This site is optimized with the Yoast SEO plugin v25.3.1 - https:\/\/yoast.com\/wordpress\/plugins\/seo\/ -->\n<title>Izve\u0161tava se da je brat \u0110estija izgubio \u017eivot u saobra\u0107ajnoj nesre\u0107i u Pe\u0107i -<\/title>\n<meta name=\"robots\" content=\"index, follow, max-snippet:-1, max-image-preview:large, max-video-preview:-1\" \/>\n<link rel=\"canonical\" href=\"https:\/\/veritasinfo.org\/?p=13933&lang=sr\" \/>\n<meta property=\"og:locale\" content=\"en_US\" \/>\n<meta property=\"og:type\" content=\"article\" \/>\n<meta property=\"og:title\" content=\"Izve\u0161tava se da je brat \u0110estija izgubio \u017eivot u saobra\u0107ajnoj nesre\u0107i u Pe\u0107i -\" \/>\n<meta property=\"og:description\" content=\"Pe\u0107, 26. septembar 2025. Te\u0161ka saobra\u0107ajna nesre\u0107a dogodila se danas u selu Blagaja kod Pe\u0107i, gde je \u017eivot izgubio Eljdion Keljmendi, brat poznatog repera \u0110estija.\" \/>\n<meta property=\"og:url\" content=\"https:\/\/veritasinfo.org\/?p=13933&amp;lang=sr\" \/>\n<meta property=\"article:published_time\" content=\"2025-09-26T14:37:21+00:00\" \/>\n<meta property=\"og:image\" content=\"https:\/\/veritasinfo.org\/wp-content\/uploads\/2025\/09\/d-3.jpg\" \/>\n\t<meta property=\"og:image:width\" content=\"806\" \/>\n\t<meta property=\"og:image:height\" content=\"537\" \/>\n\t<meta property=\"og:image:type\" content=\"image\/jpeg\" \/>\n<meta name=\"author\" content=\"US6\" \/>\n<meta name=\"twitter:card\" content=\"summary_large_image\" \/>\n<meta name=\"twitter:label1\" content=\"Written by\" \/>\n\t<meta name=\"twitter:data1\" content=\"US6\" \/>\n\t<meta name=\"twitter:label2\" content=\"Est. reading time\" \/>\n\t<meta name=\"twitter:data2\" content=\"1 minute\" \/>\n<script type=\"application\/ld+json\" class=\"yoast-schema-graph\">{\"@context\":\"https:\/\/schema.org\",\"@graph\":[{\"@type\":\"WebPage\",\"@id\":\"https:\/\/veritasinfo.org\/?p=13933&lang=sr\",\"url\":\"https:\/\/veritasinfo.org\/?p=13933&lang=sr\",\"name\":\"Izve\u0161tava se da je brat \u0110estija izgubio \u017eivot u saobra\u0107ajnoj nesre\u0107i u Pe\u0107i -\",\"isPartOf\":{\"@id\":\"https:\/\/veritasinfo.org\/#website\"},\"primaryImageOfPage\":{\"@id\":\"https:\/\/veritasinfo.org\/?p=13933&lang=sr#primaryimage\"},\"image\":{\"@id\":\"https:\/\/veritasinfo.org\/?p=13933&lang=sr#primaryimage\"},\"thumbnailUrl\":\"https:\/\/veritasinfo.org\/wp-content\/uploads\/2025\/09\/d-3.jpg\",\"datePublished\":\"2025-09-26T14:37:21+00:00\",\"author\":{\"@id\":\"https:\/\/veritasinfo.org\/#\/schema\/person\/fe199eede04c3937362892b7444747cc\"},\"breadcrumb\":{\"@id\":\"https:\/\/veritasinfo.org\/?p=13933&lang=sr#breadcrumb\"},\"inLanguage\":\"en-US\",\"potentialAction\":[{\"@type\":\"ReadAction\",\"target\":[\"https:\/\/veritasinfo.org\/?p=13933&lang=sr\"]}]},{\"@type\":\"ImageObject\",\"inLanguage\":\"en-US\",\"@id\":\"https:\/\/veritasinfo.org\/?p=13933&lang=sr#primaryimage\",\"url\":\"https:\/\/veritasinfo.org\/wp-content\/uploads\/2025\/09\/d-3.jpg\",\"contentUrl\":\"https:\/\/veritasinfo.org\/wp-content\/uploads\/2025\/09\/d-3.jpg\",\"width\":806,\"height\":537},{\"@type\":\"BreadcrumbList\",\"@id\":\"https:\/\/veritasinfo.org\/?p=13933&lang=sr#breadcrumb\",\"itemListElement\":[{\"@type\":\"ListItem\",\"position\":1,\"name\":\"Home\",\"item\":\"https:\/\/veritasinfo.org\/\"},{\"@type\":\"ListItem\",\"position\":2,\"name\":\"Izve\u0161tava se da je brat \u0110estija izgubio \u017eivot u saobra\u0107ajnoj nesre\u0107i u Pe\u0107i\"}]},{\"@type\":\"WebSite\",\"@id\":\"https:\/\/veritasinfo.org\/#website\",\"url\":\"https:\/\/veritasinfo.org\/\",\"name\":\"\",\"description\":\"\",\"potentialAction\":[{\"@type\":\"SearchAction\",\"target\":{\"@type\":\"EntryPoint\",\"urlTemplate\":\"https:\/\/veritasinfo.org\/?s={search_term_string}\"},\"query-input\":{\"@type\":\"PropertyValueSpecification\",\"valueRequired\":true,\"valueName\":\"search_term_string\"}}],\"inLanguage\":\"en-US\"},{\"@type\":\"Person\",\"@id\":\"https:\/\/veritasinfo.org\/#\/schema\/person\/fe199eede04c3937362892b7444747cc\",\"name\":\"US6\",\"image\":{\"@type\":\"ImageObject\",\"inLanguage\":\"en-US\",\"@id\":\"https:\/\/veritasinfo.org\/#\/schema\/person\/image\/\",\"url\":\"https:\/\/secure.gravatar.com\/avatar\/cb16c3c31c9d23b9b8c705964598220b3014e42ff51eb540ff23cefa3ae8c15f?s=96&d=mm&r=g\",\"contentUrl\":\"https:\/\/secure.gravatar.com\/avatar\/cb16c3c31c9d23b9b8c705964598220b3014e42ff51eb540ff23cefa3ae8c15f?s=96&d=mm&r=g\",\"caption\":\"US6\"},\"url\":\"https:\/\/veritasinfo.org\/?author=7\"}]}<\/script>\n<!-- \/ Yoast SEO plugin. -->","yoast_head_json":{"title":"Izve\u0161tava se da je brat \u0110estija izgubio \u017eivot u saobra\u0107ajnoj nesre\u0107i u Pe\u0107i -","robots":{"index":"index","follow":"follow","max-snippet":"max-snippet:-1","max-image-preview":"max-image-preview:large","max-video-preview":"max-video-preview:-1"},"canonical":"https:\/\/veritasinfo.org\/?p=13933&lang=sr","og_locale":"en_US","og_type":"article","og_title":"Izve\u0161tava se da je brat \u0110estija izgubio \u017eivot u saobra\u0107ajnoj nesre\u0107i u Pe\u0107i -","og_description":"Pe\u0107, 26. septembar 2025. Te\u0161ka saobra\u0107ajna nesre\u0107a dogodila se danas u selu Blagaja kod Pe\u0107i, gde je \u017eivot izgubio Eljdion Keljmendi, brat poznatog repera \u0110estija.","og_url":"https:\/\/veritasinfo.org\/?p=13933&lang=sr","article_published_time":"2025-09-26T14:37:21+00:00","og_image":[{"width":806,"height":537,"url":"https:\/\/veritasinfo.org\/wp-content\/uploads\/2025\/09\/d-3.jpg","type":"image\/jpeg"}],"author":"US6","twitter_card":"summary_large_image","twitter_misc":{"Written by":"US6","Est. reading time":"1 minute"},"schema":{"@context":"https:\/\/schema.org","@graph":[{"@type":"WebPage","@id":"https:\/\/veritasinfo.org\/?p=13933&lang=sr","url":"https:\/\/veritasinfo.org\/?p=13933&lang=sr","name":"Izve\u0161tava se da je brat \u0110estija izgubio \u017eivot u saobra\u0107ajnoj nesre\u0107i u Pe\u0107i -","isPartOf":{"@id":"https:\/\/veritasinfo.org\/#website"},"primaryImageOfPage":{"@id":"https:\/\/veritasinfo.org\/?p=13933&lang=sr#primaryimage"},"image":{"@id":"https:\/\/veritasinfo.org\/?p=13933&lang=sr#primaryimage"},"thumbnailUrl":"https:\/\/veritasinfo.org\/wp-content\/uploads\/2025\/09\/d-3.jpg","datePublished":"2025-09-26T14:37:21+00:00","author":{"@id":"https:\/\/veritasinfo.org\/#\/schema\/person\/fe199eede04c3937362892b7444747cc"},"breadcrumb":{"@id":"https:\/\/veritasinfo.org\/?p=13933&lang=sr#breadcrumb"},"inLanguage":"en-US","potentialAction":[{"@type":"ReadAction","target":["https:\/\/veritasinfo.org\/?p=13933&lang=sr"]}]},{"@type":"ImageObject","inLanguage":"en-US","@id":"https:\/\/veritasinfo.org\/?p=13933&lang=sr#primaryimage","url":"https:\/\/veritasinfo.org\/wp-content\/uploads\/2025\/09\/d-3.jpg","contentUrl":"https:\/\/veritasinfo.org\/wp-content\/uploads\/2025\/09\/d-3.jpg","width":806,"height":537},{"@type":"BreadcrumbList","@id":"https:\/\/veritasinfo.org\/?p=13933&lang=sr#breadcrumb","itemListElement":[{"@type":"ListItem","position":1,"name":"Home","item":"https:\/\/veritasinfo.org\/"},{"@type":"ListItem","position":2,"name":"Izve\u0161tava se da je brat \u0110estija izgubio \u017eivot u saobra\u0107ajnoj nesre\u0107i u Pe\u0107i"}]},{"@type":"WebSite","@id":"https:\/\/veritasinfo.org\/#website","url":"https:\/\/veritasinfo.org\/","name":"","description":"","potentialAction":[{"@type":"SearchAction","target":{"@type":"EntryPoint","urlTemplate":"https:\/\/veritasinfo.org\/?s={search_term_string}"},"query-input":{"@type":"PropertyValueSpecification","valueRequired":true,"valueName":"search_term_string"}}],"inLanguage":"en-US"},{"@type":"Person","@id":"https:\/\/veritasinfo.org\/#\/schema\/person\/fe199eede04c3937362892b7444747cc","name":"US6","image":{"@type":"ImageObject","inLanguage":"en-US","@id":"https:\/\/veritasinfo.org\/#\/schema\/person\/image\/","url":"https:\/\/secure.gravatar.com\/avatar\/cb16c3c31c9d23b9b8c705964598220b3014e42ff51eb540ff23cefa3ae8c15f?s=96&d=mm&r=g","contentUrl":"https:\/\/secure.gravatar.com\/avatar\/cb16c3c31c9d23b9b8c705964598220b3014e42ff51eb540ff23cefa3ae8c15f?s=96&d=mm&r=g","caption":"US6"},"url":"https:\/\/veritasinfo.org\/?author=7"}]}},"featured_image_urls":{"full":["https:\/\/veritasinfo.org\/wp-content\/uploads\/2025\/09\/d-3.jpg",806,537,false],"thumbnail":["https:\/\/veritasinfo.org\/wp-content\/uploads\/2025\/09\/d-3-150x150.jpg",150,150,true],"medium":["https:\/\/veritasinfo.org\/wp-content\/uploads\/2025\/09\/d-3-300x200.jpg",300,200,true],"medium_large":["https:\/\/veritasinfo.org\/wp-content\/uploads\/2025\/09\/d-3-768x512.jpg",640,427,true],"large":["https:\/\/veritasinfo.org\/wp-content\/uploads\/2025\/09\/d-3.jpg",640,426,false],"1536x1536":["https:\/\/veritasinfo.org\/wp-content\/uploads\/2025\/09\/d-3.jpg",806,537,false],"2048x2048":["https:\/\/veritasinfo.org\/wp-content\/uploads\/2025\/09\/d-3.jpg",806,537,false],"kreeti-slider-full":["https:\/\/veritasinfo.org\/wp-content\/uploads\/2025\/09\/d-3.jpg",806,537,false],"kreeti-featured":["https:\/\/veritasinfo.org\/wp-content\/uploads\/2025\/09\/d-3.jpg",806,537,false],"kreeti-medium":["https:\/\/veritasinfo.org\/wp-content\/uploads\/2025\/09\/d-3.jpg",720,480,false],"kreeti-medium-square":["https:\/\/veritasinfo.org\/wp-content\/uploads\/2025\/09\/d-3.jpg",350,233,false]},"author_info":{"info":["US6"]},"category_info":"<a href=\"https:\/\/veritasinfo.org\/?cat=103&#038;lang=sr\" rel=\"category\">Hronika<\/a>","tag_info":"Hronika","comment_count":"0","_links":{"self":[{"href":"https:\/\/veritasinfo.org\/index.php?rest_route=\/wp\/v2\/posts\/13933","targetHints":{"allow":["GET"]}}],"collection":[{"href":"https:\/\/veritasinfo.org\/index.php?rest_route=\/wp\/v2\/posts"}],"about":[{"href":"https:\/\/veritasinfo.org\/index.php?rest_route=\/wp\/v2\/types\/post"}],"author":[{"embeddable":true,"href":"https:\/\/veritasinfo.org\/index.php?rest_route=\/wp\/v2\/users\/7"}],"replies":[{"embeddable":true,"href":"https:\/\/veritasinfo.org\/index.php?rest_route=%2Fwp%2Fv2%2Fcomments&post=13933"}],"version-history":[{"count":1,"href":"https:\/\/veritasinfo.org\/index.php?rest_route=\/wp\/v2\/posts\/13933\/revisions"}],"predecessor-version":[{"id":13936,"href":"https:\/\/veritasinfo.org\/index.php?rest_route=\/wp\/v2\/posts\/13933\/revisions\/13936"}],"wp:featuredmedia":[{"embeddable":true,"href":"https:\/\/veritasinfo.org\/index.php?rest_route=\/wp\/v2\/media\/13931"}],"wp:attachment":[{"href":"https:\/\/veritasinfo.org\/index.php?rest_route=%2Fwp%2Fv2%2Fmedia&parent=13933"}],"wp:term":[{"taxonomy":"category","embeddable":true,"href":"https:\/\/veritasinfo.org\/index.php?rest_route=%2Fwp%2Fv2%2Fcategories&post=13933"},{"taxonomy":"post_tag","embeddable":true,"href":"https:\/\/veritasinfo.org\/index.php?rest_route=%2Fwp%2Fv2%2Ftags&post=13933"}],"curies":[{"name":"wp","href":"https:\/\/api.w.org\/{rel}","templated":true}]}}