{"id":13894,"date":"2025-09-26T13:34:06","date_gmt":"2025-09-26T11:34:06","guid":{"rendered":"https:\/\/veritasinfo.org\/?p=13894"},"modified":"2025-09-26T13:34:06","modified_gmt":"2025-09-26T11:34:06","slug":"dyshimet-per-drone-nga-serbia-hoxha-po-e-monitorojme-situaten-jemi-ne-kontakt-me-kfor-in","status":"publish","type":"post","link":"https:\/\/veritasinfo.org\/?p=13894","title":{"rendered":"\u200bDyshimet p\u00ebr dron\u00eb nga Serbia, Hoxha: Po e monitorojm\u00eb situat\u00ebn, jemi n\u00eb kontakt me KFOR-in"},"content":{"rendered":"<p>Prishtin\u00eb, 26 shtator 2025<\/p>\n<p>Drejtori i Policis\u00eb s\u00eb Kosov\u00ebs, Gazmend Hoxha tha se po dyshohet q\u00eb dit\u00ebve te fundit ka pasur fluturime t\u00eb dron\u00ebve qe vijn\u00eb nga Serbia n\u00eb pjes\u00ebn veriore t\u00eb Kosov\u00ebs. Ai tha Policia e Kosov\u00ebs \u00ebsht\u00eb n\u00eb komunikim t\u00eb vazhduesh\u00ebm me KFOR-in dhe se po b\u00ebjn\u00eb monitorimin e situat\u00ebs.<\/p>\n<p>Hoxha tha se k\u00ebto l\u00ebvizje mund t\u00eb jen\u00eb t\u00eb rrezikshme p\u00ebr pjes\u00ebn e kufirit, por jo p\u00ebr qytetar\u00ebt e Kosov\u00ebs, sepse policia i mbron ata. Ai theksoi se p\u00ebr k\u00ebt\u00eb \u00e7\u00ebshtje, p\u00ebrve\u00e7 KFOR-it jan\u00eb njoftuar edhe partner\u00ebt e tjer\u00eb nd\u00ebrkomb\u00ebtar\u00eb.<\/p>\n<p>\u201cGjat\u00eb dit\u00ebve t\u00eb fundit kemi pasur fluturime t\u00eb dron\u00ebve q\u00eb ne po dyshojm\u00eb q\u00eb vijn\u00eb nga territori i Serbis\u00eb, n\u00eb pjes\u00ebn veriore t\u00eb Kosov\u00ebs. Policia \u00ebsht\u00eb n\u00eb kontakt me KFOR-in dhe jemi duke e b\u00ebr\u00eb monitorimin se \u00e7far\u00eb mund t\u00eb b\u00ebhet. \u00cbsht\u00eb e rrezikshme p\u00ebr pjes\u00ebn e kufirit por p\u00ebr qytetar\u00ebt tan\u00eb jo. Ne jemi duke i mbrojtur. Nd\u00ebrsa hap\u00ebsira ajrore \u00ebsht\u00eb p\u00ebrgjegj\u00ebsi e KFOR-it, ne e kemi njoftuar KFOR-in dhe partner\u00ebt tan\u00eb. KFOR-i, \u00ebsht\u00eb p\u00ebrgjegj\u00ebsi e tyre dhe jan\u00eb duke punuar n\u00eb k\u00ebt\u00eb drejtim\u201d, tha Hoxha.<\/p>\n<p>K\u00ebt\u00eb deklarim, drejtori i P\u00ebrgjithsh\u00ebm u Policis\u00eb s\u00eb Kosov\u00ebs e b\u00ebri pas organizimit t\u00eb shkat\u00ebrrimit t\u00eb disa arm\u00ebve ilegale n\u00eb Prelez t\u00eb Ferizajt.<\/p>\n<p>P\u00ebrve\u00e7 k\u00ebsaj \u00e7\u00ebshtje, Hoxha u pyet n\u00ebse do ta zbatojn\u00eb urdhrin e gjykat\u00ebs q\u00eb ministri n\u00eb detyr\u00eb i Pun\u00ebve t\u00eb Brendshme, Xhelal Sve\u00e7la dhe t\u00eb tjer\u00ebt, t\u00eb sillen n\u00eb gjykat\u00eb me urdh\u00ebres\u00eb n\u00ebse nuk marrin pjes\u00eb n\u00eb seanc\u00ebn p\u00ebr gazin lotsjell\u00ebs.<\/p>\n<p>Lidhur m\u00eb k\u00ebt\u00eb, Hoxha tha se beson q\u00eb ministri Sve\u00e7la do t\u00eb p\u00ebrgjigjet vet\u00eb ndaj k\u00ebrkes\u00ebs s\u00eb gjykat\u00ebs.<\/p>\n<p>\u201cBesoj q\u00eb ministri do t\u00eb p\u00ebrgjigjet p\u00ebr k\u00ebt\u00eb pun\u00eb vet\u00eb\u201d, tha Hoxha.<\/p>\n<p>&nbsp;<\/p>\n","protected":false},"excerpt":{"rendered":"<p>Prishtin\u00eb, 26 shtator 2025 Drejtori i Policis\u00eb s\u00eb Kosov\u00ebs, Gazmend Hoxha tha se po dyshohet q\u00eb dit\u00ebve te fundit ka pasur fluturime t\u00eb dron\u00ebve qe<\/p>\n","protected":false},"author":7,"featured_media":13895,"comment_status":"open","ping_status":"open","sticky":false,"template":"","format":"standard","meta":{"footnotes":""},"categories":[101,60],"tags":[],"class_list":["post-13894","post","type-post","status-publish","format-standard","has-post-thumbnail","hentry","category-kronika","category-shoqerore-sq"],"yoast_head":"<!-- This site is optimized with the Yoast SEO plugin v25.3.1 - https:\/\/yoast.com\/wordpress\/plugins\/seo\/ -->\n<title>\u200bDyshimet p\u00ebr dron\u00eb nga Serbia, Hoxha: Po e monitorojm\u00eb situat\u00ebn, jemi n\u00eb kontakt me KFOR-in -<\/title>\n<meta name=\"robots\" content=\"index, follow, max-snippet:-1, max-image-preview:large, max-video-preview:-1\" \/>\n<link rel=\"canonical\" href=\"https:\/\/veritasinfo.org\/?p=13894\" \/>\n<meta property=\"og:locale\" content=\"en_US\" \/>\n<meta property=\"og:type\" content=\"article\" \/>\n<meta property=\"og:title\" content=\"\u200bDyshimet p\u00ebr dron\u00eb nga Serbia, Hoxha: Po e monitorojm\u00eb situat\u00ebn, jemi n\u00eb kontakt me KFOR-in -\" \/>\n<meta property=\"og:description\" content=\"Prishtin\u00eb, 26 shtator 2025 Drejtori i Policis\u00eb s\u00eb Kosov\u00ebs, Gazmend Hoxha tha se po dyshohet q\u00eb dit\u00ebve te fundit ka pasur fluturime t\u00eb dron\u00ebve qe\" \/>\n<meta property=\"og:url\" content=\"https:\/\/veritasinfo.org\/?p=13894\" \/>\n<meta property=\"article:published_time\" content=\"2025-09-26T11:34:06+00:00\" \/>\n<meta property=\"og:image\" content=\"https:\/\/veritasinfo.org\/wp-content\/uploads\/2025\/09\/850x600_IMG_18701749668907.png\" \/>\n\t<meta property=\"og:image:width\" content=\"850\" \/>\n\t<meta property=\"og:image:height\" content=\"450\" \/>\n\t<meta property=\"og:image:type\" content=\"image\/png\" \/>\n<meta name=\"author\" content=\"US6\" \/>\n<meta name=\"twitter:card\" content=\"summary_large_image\" \/>\n<meta name=\"twitter:label1\" content=\"Written by\" \/>\n\t<meta name=\"twitter:data1\" content=\"US6\" \/>\n\t<meta name=\"twitter:label2\" content=\"Est. reading time\" \/>\n\t<meta name=\"twitter:data2\" content=\"2 minutes\" \/>\n<script type=\"application\/ld+json\" class=\"yoast-schema-graph\">{\"@context\":\"https:\/\/schema.org\",\"@graph\":[{\"@type\":\"WebPage\",\"@id\":\"https:\/\/veritasinfo.org\/?p=13894\",\"url\":\"https:\/\/veritasinfo.org\/?p=13894\",\"name\":\"\u200bDyshimet p\u00ebr dron\u00eb nga Serbia, Hoxha: Po e monitorojm\u00eb situat\u00ebn, jemi n\u00eb kontakt me KFOR-in -\",\"isPartOf\":{\"@id\":\"https:\/\/veritasinfo.org\/#website\"},\"primaryImageOfPage\":{\"@id\":\"https:\/\/veritasinfo.org\/?p=13894#primaryimage\"},\"image\":{\"@id\":\"https:\/\/veritasinfo.org\/?p=13894#primaryimage\"},\"thumbnailUrl\":\"https:\/\/veritasinfo.org\/wp-content\/uploads\/2025\/09\/850x600_IMG_18701749668907.png\",\"datePublished\":\"2025-09-26T11:34:06+00:00\",\"author\":{\"@id\":\"https:\/\/veritasinfo.org\/#\/schema\/person\/fe199eede04c3937362892b7444747cc\"},\"breadcrumb\":{\"@id\":\"https:\/\/veritasinfo.org\/?p=13894#breadcrumb\"},\"inLanguage\":\"en-US\",\"potentialAction\":[{\"@type\":\"ReadAction\",\"target\":[\"https:\/\/veritasinfo.org\/?p=13894\"]}]},{\"@type\":\"ImageObject\",\"inLanguage\":\"en-US\",\"@id\":\"https:\/\/veritasinfo.org\/?p=13894#primaryimage\",\"url\":\"https:\/\/veritasinfo.org\/wp-content\/uploads\/2025\/09\/850x600_IMG_18701749668907.png\",\"contentUrl\":\"https:\/\/veritasinfo.org\/wp-content\/uploads\/2025\/09\/850x600_IMG_18701749668907.png\",\"width\":850,\"height\":450},{\"@type\":\"BreadcrumbList\",\"@id\":\"https:\/\/veritasinfo.org\/?p=13894#breadcrumb\",\"itemListElement\":[{\"@type\":\"ListItem\",\"position\":1,\"name\":\"Home\",\"item\":\"https:\/\/veritasinfo.org\/\"},{\"@type\":\"ListItem\",\"position\":2,\"name\":\"\u200bDyshimet p\u00ebr dron\u00eb nga Serbia, Hoxha: Po e monitorojm\u00eb situat\u00ebn, jemi n\u00eb kontakt me KFOR-in\"}]},{\"@type\":\"WebSite\",\"@id\":\"https:\/\/veritasinfo.org\/#website\",\"url\":\"https:\/\/veritasinfo.org\/\",\"name\":\"\",\"description\":\"\",\"potentialAction\":[{\"@type\":\"SearchAction\",\"target\":{\"@type\":\"EntryPoint\",\"urlTemplate\":\"https:\/\/veritasinfo.org\/?s={search_term_string}\"},\"query-input\":{\"@type\":\"PropertyValueSpecification\",\"valueRequired\":true,\"valueName\":\"search_term_string\"}}],\"inLanguage\":\"en-US\"},{\"@type\":\"Person\",\"@id\":\"https:\/\/veritasinfo.org\/#\/schema\/person\/fe199eede04c3937362892b7444747cc\",\"name\":\"US6\",\"image\":{\"@type\":\"ImageObject\",\"inLanguage\":\"en-US\",\"@id\":\"https:\/\/veritasinfo.org\/#\/schema\/person\/image\/\",\"url\":\"https:\/\/secure.gravatar.com\/avatar\/cb16c3c31c9d23b9b8c705964598220b3014e42ff51eb540ff23cefa3ae8c15f?s=96&d=mm&r=g\",\"contentUrl\":\"https:\/\/secure.gravatar.com\/avatar\/cb16c3c31c9d23b9b8c705964598220b3014e42ff51eb540ff23cefa3ae8c15f?s=96&d=mm&r=g\",\"caption\":\"US6\"},\"url\":\"https:\/\/veritasinfo.org\/?author=7\"}]}<\/script>\n<!-- \/ Yoast SEO plugin. -->","yoast_head_json":{"title":"\u200bDyshimet p\u00ebr dron\u00eb nga Serbia, Hoxha: Po e monitorojm\u00eb situat\u00ebn, jemi n\u00eb kontakt me KFOR-in -","robots":{"index":"index","follow":"follow","max-snippet":"max-snippet:-1","max-image-preview":"max-image-preview:large","max-video-preview":"max-video-preview:-1"},"canonical":"https:\/\/veritasinfo.org\/?p=13894","og_locale":"en_US","og_type":"article","og_title":"\u200bDyshimet p\u00ebr dron\u00eb nga Serbia, Hoxha: Po e monitorojm\u00eb situat\u00ebn, jemi n\u00eb kontakt me KFOR-in -","og_description":"Prishtin\u00eb, 26 shtator 2025 Drejtori i Policis\u00eb s\u00eb Kosov\u00ebs, Gazmend Hoxha tha se po dyshohet q\u00eb dit\u00ebve te fundit ka pasur fluturime t\u00eb dron\u00ebve qe","og_url":"https:\/\/veritasinfo.org\/?p=13894","article_published_time":"2025-09-26T11:34:06+00:00","og_image":[{"width":850,"height":450,"url":"https:\/\/veritasinfo.org\/wp-content\/uploads\/2025\/09\/850x600_IMG_18701749668907.png","type":"image\/png"}],"author":"US6","twitter_card":"summary_large_image","twitter_misc":{"Written by":"US6","Est. reading time":"2 minutes"},"schema":{"@context":"https:\/\/schema.org","@graph":[{"@type":"WebPage","@id":"https:\/\/veritasinfo.org\/?p=13894","url":"https:\/\/veritasinfo.org\/?p=13894","name":"\u200bDyshimet p\u00ebr dron\u00eb nga Serbia, Hoxha: Po e monitorojm\u00eb situat\u00ebn, jemi n\u00eb kontakt me KFOR-in -","isPartOf":{"@id":"https:\/\/veritasinfo.org\/#website"},"primaryImageOfPage":{"@id":"https:\/\/veritasinfo.org\/?p=13894#primaryimage"},"image":{"@id":"https:\/\/veritasinfo.org\/?p=13894#primaryimage"},"thumbnailUrl":"https:\/\/veritasinfo.org\/wp-content\/uploads\/2025\/09\/850x600_IMG_18701749668907.png","datePublished":"2025-09-26T11:34:06+00:00","author":{"@id":"https:\/\/veritasinfo.org\/#\/schema\/person\/fe199eede04c3937362892b7444747cc"},"breadcrumb":{"@id":"https:\/\/veritasinfo.org\/?p=13894#breadcrumb"},"inLanguage":"en-US","potentialAction":[{"@type":"ReadAction","target":["https:\/\/veritasinfo.org\/?p=13894"]}]},{"@type":"ImageObject","inLanguage":"en-US","@id":"https:\/\/veritasinfo.org\/?p=13894#primaryimage","url":"https:\/\/veritasinfo.org\/wp-content\/uploads\/2025\/09\/850x600_IMG_18701749668907.png","contentUrl":"https:\/\/veritasinfo.org\/wp-content\/uploads\/2025\/09\/850x600_IMG_18701749668907.png","width":850,"height":450},{"@type":"BreadcrumbList","@id":"https:\/\/veritasinfo.org\/?p=13894#breadcrumb","itemListElement":[{"@type":"ListItem","position":1,"name":"Home","item":"https:\/\/veritasinfo.org\/"},{"@type":"ListItem","position":2,"name":"\u200bDyshimet p\u00ebr dron\u00eb nga Serbia, Hoxha: Po e monitorojm\u00eb situat\u00ebn, jemi n\u00eb kontakt me KFOR-in"}]},{"@type":"WebSite","@id":"https:\/\/veritasinfo.org\/#website","url":"https:\/\/veritasinfo.org\/","name":"","description":"","potentialAction":[{"@type":"SearchAction","target":{"@type":"EntryPoint","urlTemplate":"https:\/\/veritasinfo.org\/?s={search_term_string}"},"query-input":{"@type":"PropertyValueSpecification","valueRequired":true,"valueName":"search_term_string"}}],"inLanguage":"en-US"},{"@type":"Person","@id":"https:\/\/veritasinfo.org\/#\/schema\/person\/fe199eede04c3937362892b7444747cc","name":"US6","image":{"@type":"ImageObject","inLanguage":"en-US","@id":"https:\/\/veritasinfo.org\/#\/schema\/person\/image\/","url":"https:\/\/secure.gravatar.com\/avatar\/cb16c3c31c9d23b9b8c705964598220b3014e42ff51eb540ff23cefa3ae8c15f?s=96&d=mm&r=g","contentUrl":"https:\/\/secure.gravatar.com\/avatar\/cb16c3c31c9d23b9b8c705964598220b3014e42ff51eb540ff23cefa3ae8c15f?s=96&d=mm&r=g","caption":"US6"},"url":"https:\/\/veritasinfo.org\/?author=7"}]}},"featured_image_urls":{"full":["https:\/\/veritasinfo.org\/wp-content\/uploads\/2025\/09\/850x600_IMG_18701749668907.png",850,450,false],"thumbnail":["https:\/\/veritasinfo.org\/wp-content\/uploads\/2025\/09\/850x600_IMG_18701749668907-150x150.png",150,150,true],"medium":["https:\/\/veritasinfo.org\/wp-content\/uploads\/2025\/09\/850x600_IMG_18701749668907-300x159.png",300,159,true],"medium_large":["https:\/\/veritasinfo.org\/wp-content\/uploads\/2025\/09\/850x600_IMG_18701749668907-768x407.png",640,339,true],"large":["https:\/\/veritasinfo.org\/wp-content\/uploads\/2025\/09\/850x600_IMG_18701749668907.png",640,339,false],"1536x1536":["https:\/\/veritasinfo.org\/wp-content\/uploads\/2025\/09\/850x600_IMG_18701749668907.png",850,450,false],"2048x2048":["https:\/\/veritasinfo.org\/wp-content\/uploads\/2025\/09\/850x600_IMG_18701749668907.png",850,450,false],"kreeti-slider-full":["https:\/\/veritasinfo.org\/wp-content\/uploads\/2025\/09\/850x600_IMG_18701749668907.png",850,450,false],"kreeti-featured":["https:\/\/veritasinfo.org\/wp-content\/uploads\/2025\/09\/850x600_IMG_18701749668907.png",850,450,false],"kreeti-medium":["https:\/\/veritasinfo.org\/wp-content\/uploads\/2025\/09\/850x600_IMG_18701749668907.png",720,381,false],"kreeti-medium-square":["https:\/\/veritasinfo.org\/wp-content\/uploads\/2025\/09\/850x600_IMG_18701749668907.png",350,185,false]},"author_info":{"info":["US6"]},"category_info":"<a href=\"https:\/\/veritasinfo.org\/?cat=101\" rel=\"category\">Kronika<\/a> <a href=\"https:\/\/veritasinfo.org\/?cat=60\" rel=\"category\">Shoq\u00ebrore<\/a>","tag_info":"Shoq\u00ebrore","comment_count":"0","_links":{"self":[{"href":"https:\/\/veritasinfo.org\/index.php?rest_route=\/wp\/v2\/posts\/13894","targetHints":{"allow":["GET"]}}],"collection":[{"href":"https:\/\/veritasinfo.org\/index.php?rest_route=\/wp\/v2\/posts"}],"about":[{"href":"https:\/\/veritasinfo.org\/index.php?rest_route=\/wp\/v2\/types\/post"}],"author":[{"embeddable":true,"href":"https:\/\/veritasinfo.org\/index.php?rest_route=\/wp\/v2\/users\/7"}],"replies":[{"embeddable":true,"href":"https:\/\/veritasinfo.org\/index.php?rest_route=%2Fwp%2Fv2%2Fcomments&post=13894"}],"version-history":[{"count":1,"href":"https:\/\/veritasinfo.org\/index.php?rest_route=\/wp\/v2\/posts\/13894\/revisions"}],"predecessor-version":[{"id":13896,"href":"https:\/\/veritasinfo.org\/index.php?rest_route=\/wp\/v2\/posts\/13894\/revisions\/13896"}],"wp:featuredmedia":[{"embeddable":true,"href":"https:\/\/veritasinfo.org\/index.php?rest_route=\/wp\/v2\/media\/13895"}],"wp:attachment":[{"href":"https:\/\/veritasinfo.org\/index.php?rest_route=%2Fwp%2Fv2%2Fmedia&parent=13894"}],"wp:term":[{"taxonomy":"category","embeddable":true,"href":"https:\/\/veritasinfo.org\/index.php?rest_route=%2Fwp%2Fv2%2Fcategories&post=13894"},{"taxonomy":"post_tag","embeddable":true,"href":"https:\/\/veritasinfo.org\/index.php?rest_route=%2Fwp%2Fv2%2Ftags&post=13894"}],"curies":[{"name":"wp","href":"https:\/\/api.w.org\/{rel}","templated":true}]}}