{"id":1388,"date":"2025-06-23T19:21:54","date_gmt":"2025-06-23T17:21:54","guid":{"rendered":"https:\/\/veritasinfo.org\/?p=1388"},"modified":"2025-06-23T19:21:54","modified_gmt":"2025-06-23T17:21:54","slug":"i-m-osudjen-na-1-godinu-i-5-meseci-zatvora-zbog-napada-na-snimatelja-u-mitrovici","status":"publish","type":"post","link":"https:\/\/veritasinfo.org\/?p=1388&lang=sr","title":{"rendered":"I.M. osu\u0111en na 1 godinu i 5 meseci zatvora zbog napada na snimatelja u Mitrovici"},"content":{"rendered":"<p>Mitrovica, 23. jun 2025<\/p>\n<p>Osnovni sud u Mitrovici osudio je okrivljenog I.M. na kaznu zatvora u trajanju od 1 godine i 5 meseci zbog izvr\u0161enja krivi\u010dnog dela &#8220;laka telesna povreda&#8221;.<\/p>\n<p>Incident se dogodio 17. novembra 2022. godine, oko 10:45 \u010dasova, u severnom delu Mitrovice. Snimatelj J.M. iz portala &#8220;Insajderi&#8221; bio je na terenu zbog intervjua kod Ibarskog mosta, kada je primetio grupu dece koja su dozivala pomo\u0107 od italijanskih vojnika KFOR-a. Poku\u0161avaju\u0107i da zabele\u017ei situaciju telefonom, J.M. je napadnut od strane I.M. i jo\u0161 jednog neidentifikovanog lica.<\/p>\n<p>Prema presudi, I.M. je udario snimatelja s le\u0111a u predelu glave, poku\u0161ao da mu oduzme telefon, ali nije uspeo. Medicinskim ve\u0161ta\u010denjem potvr\u0111eno je da su povrede bile lake, sa privremenim naru\u0161avanjem zdravlja.<\/p>\n<p>Su\u0111enje je odr\u017eano 19. juna, a presuda je doneta 23. juna u odsustvu svih strana. Sud je nalo\u017eio da se kazna po\u010dne izdr\u017eavati u roku od 15 dana od dana kada presuda postane pravosna\u017ena.<\/p>\n<p>Sve strane imaju pravo \u017ealbe u roku od 30 dana od prijema presude u pisanom obliku. \u017dalba se podnosi Apelacionom sudu u Pri\u0161tini, preko ovog suda<\/p>\n","protected":false},"excerpt":{"rendered":"<p>Mitrovica, 23. jun 2025 Osnovni sud u Mitrovici osudio je okrivljenog I.M. na kaznu zatvora u trajanju od 1 godine i 5 meseci zbog izvr\u0161enja<\/p>\n","protected":false},"author":1,"featured_media":1394,"comment_status":"open","ping_status":"open","sticky":false,"template":"","format":"standard","meta":{"footnotes":""},"categories":[30],"tags":[],"class_list":["post-1388","post","type-post","status-publish","format-standard","has-post-thumbnail","hentry","category-drustvo"],"yoast_head":"<!-- This site is optimized with the Yoast SEO plugin v25.3.1 - https:\/\/yoast.com\/wordpress\/plugins\/seo\/ -->\n<title>I.M. osu\u0111en na 1 godinu i 5 meseci zatvora zbog napada na snimatelja u Mitrovici -<\/title>\n<meta name=\"robots\" content=\"index, follow, max-snippet:-1, max-image-preview:large, max-video-preview:-1\" \/>\n<link rel=\"canonical\" href=\"https:\/\/veritasinfo.org\/?p=1388&lang=sr\" \/>\n<meta property=\"og:locale\" content=\"en_US\" \/>\n<meta property=\"og:type\" content=\"article\" \/>\n<meta property=\"og:title\" content=\"I.M. osu\u0111en na 1 godinu i 5 meseci zatvora zbog napada na snimatelja u Mitrovici -\" \/>\n<meta property=\"og:description\" content=\"Mitrovica, 23. jun 2025 Osnovni sud u Mitrovici osudio je okrivljenog I.M. na kaznu zatvora u trajanju od 1 godine i 5 meseci zbog izvr\u0161enja\" \/>\n<meta property=\"og:url\" content=\"https:\/\/veritasinfo.org\/?p=1388&amp;lang=sr\" \/>\n<meta property=\"article:published_time\" content=\"2025-06-23T17:21:54+00:00\" \/>\n<meta property=\"og:image\" content=\"https:\/\/veritasinfo.org\/wp-content\/uploads\/2025\/06\/FB_IMG_1750699271450.jpg\" \/>\n\t<meta property=\"og:image:width\" content=\"546\" \/>\n\t<meta property=\"og:image:height\" content=\"546\" \/>\n\t<meta property=\"og:image:type\" content=\"image\/jpeg\" \/>\n<meta name=\"author\" content=\"admin\" \/>\n<meta name=\"twitter:card\" content=\"summary_large_image\" \/>\n<meta name=\"twitter:label1\" content=\"Written by\" \/>\n\t<meta name=\"twitter:data1\" content=\"admin\" \/>\n\t<meta name=\"twitter:label2\" content=\"Est. reading time\" \/>\n\t<meta name=\"twitter:data2\" content=\"1 minute\" \/>\n<script type=\"application\/ld+json\" class=\"yoast-schema-graph\">{\"@context\":\"https:\/\/schema.org\",\"@graph\":[{\"@type\":\"WebPage\",\"@id\":\"https:\/\/veritasinfo.org\/?p=1388&lang=sr\",\"url\":\"https:\/\/veritasinfo.org\/?p=1388&lang=sr\",\"name\":\"I.M. osu\u0111en na 1 godinu i 5 meseci zatvora zbog napada na snimatelja u Mitrovici -\",\"isPartOf\":{\"@id\":\"https:\/\/veritasinfo.org\/#website\"},\"primaryImageOfPage\":{\"@id\":\"https:\/\/veritasinfo.org\/?p=1388&lang=sr#primaryimage\"},\"image\":{\"@id\":\"https:\/\/veritasinfo.org\/?p=1388&lang=sr#primaryimage\"},\"thumbnailUrl\":\"https:\/\/veritasinfo.org\/wp-content\/uploads\/2025\/06\/FB_IMG_1750699271450.jpg\",\"datePublished\":\"2025-06-23T17:21:54+00:00\",\"author\":{\"@id\":\"https:\/\/veritasinfo.org\/#\/schema\/person\/7701f8c088bece422266b100a712374f\"},\"breadcrumb\":{\"@id\":\"https:\/\/veritasinfo.org\/?p=1388&lang=sr#breadcrumb\"},\"inLanguage\":\"en-US\",\"potentialAction\":[{\"@type\":\"ReadAction\",\"target\":[\"https:\/\/veritasinfo.org\/?p=1388&lang=sr\"]}]},{\"@type\":\"ImageObject\",\"inLanguage\":\"en-US\",\"@id\":\"https:\/\/veritasinfo.org\/?p=1388&lang=sr#primaryimage\",\"url\":\"https:\/\/veritasinfo.org\/wp-content\/uploads\/2025\/06\/FB_IMG_1750699271450.jpg\",\"contentUrl\":\"https:\/\/veritasinfo.org\/wp-content\/uploads\/2025\/06\/FB_IMG_1750699271450.jpg\",\"width\":546,\"height\":546},{\"@type\":\"BreadcrumbList\",\"@id\":\"https:\/\/veritasinfo.org\/?p=1388&lang=sr#breadcrumb\",\"itemListElement\":[{\"@type\":\"ListItem\",\"position\":1,\"name\":\"Home\",\"item\":\"https:\/\/veritasinfo.org\/\"},{\"@type\":\"ListItem\",\"position\":2,\"name\":\"I.M. osu\u0111en na 1 godinu i 5 meseci zatvora zbog napada na snimatelja u Mitrovici\"}]},{\"@type\":\"WebSite\",\"@id\":\"https:\/\/veritasinfo.org\/#website\",\"url\":\"https:\/\/veritasinfo.org\/\",\"name\":\"\",\"description\":\"\",\"potentialAction\":[{\"@type\":\"SearchAction\",\"target\":{\"@type\":\"EntryPoint\",\"urlTemplate\":\"https:\/\/veritasinfo.org\/?s={search_term_string}\"},\"query-input\":{\"@type\":\"PropertyValueSpecification\",\"valueRequired\":true,\"valueName\":\"search_term_string\"}}],\"inLanguage\":\"en-US\"},{\"@type\":\"Person\",\"@id\":\"https:\/\/veritasinfo.org\/#\/schema\/person\/7701f8c088bece422266b100a712374f\",\"name\":\"admin\",\"image\":{\"@type\":\"ImageObject\",\"inLanguage\":\"en-US\",\"@id\":\"https:\/\/veritasinfo.org\/#\/schema\/person\/image\/\",\"url\":\"https:\/\/secure.gravatar.com\/avatar\/ea53aa3bf6c9a12d5fde8ce4deff43fef3885ae33cf60184161a50d6987cfd2f?s=96&d=mm&r=g\",\"contentUrl\":\"https:\/\/secure.gravatar.com\/avatar\/ea53aa3bf6c9a12d5fde8ce4deff43fef3885ae33cf60184161a50d6987cfd2f?s=96&d=mm&r=g\",\"caption\":\"admin\"},\"sameAs\":[\"https:\/\/veritasinfo.org\"],\"url\":\"https:\/\/veritasinfo.org\/?author=1\"}]}<\/script>\n<!-- \/ Yoast SEO plugin. -->","yoast_head_json":{"title":"I.M. osu\u0111en na 1 godinu i 5 meseci zatvora zbog napada na snimatelja u Mitrovici -","robots":{"index":"index","follow":"follow","max-snippet":"max-snippet:-1","max-image-preview":"max-image-preview:large","max-video-preview":"max-video-preview:-1"},"canonical":"https:\/\/veritasinfo.org\/?p=1388&lang=sr","og_locale":"en_US","og_type":"article","og_title":"I.M. osu\u0111en na 1 godinu i 5 meseci zatvora zbog napada na snimatelja u Mitrovici -","og_description":"Mitrovica, 23. jun 2025 Osnovni sud u Mitrovici osudio je okrivljenog I.M. na kaznu zatvora u trajanju od 1 godine i 5 meseci zbog izvr\u0161enja","og_url":"https:\/\/veritasinfo.org\/?p=1388&lang=sr","article_published_time":"2025-06-23T17:21:54+00:00","og_image":[{"width":546,"height":546,"url":"https:\/\/veritasinfo.org\/wp-content\/uploads\/2025\/06\/FB_IMG_1750699271450.jpg","type":"image\/jpeg"}],"author":"admin","twitter_card":"summary_large_image","twitter_misc":{"Written by":"admin","Est. reading time":"1 minute"},"schema":{"@context":"https:\/\/schema.org","@graph":[{"@type":"WebPage","@id":"https:\/\/veritasinfo.org\/?p=1388&lang=sr","url":"https:\/\/veritasinfo.org\/?p=1388&lang=sr","name":"I.M. osu\u0111en na 1 godinu i 5 meseci zatvora zbog napada na snimatelja u Mitrovici -","isPartOf":{"@id":"https:\/\/veritasinfo.org\/#website"},"primaryImageOfPage":{"@id":"https:\/\/veritasinfo.org\/?p=1388&lang=sr#primaryimage"},"image":{"@id":"https:\/\/veritasinfo.org\/?p=1388&lang=sr#primaryimage"},"thumbnailUrl":"https:\/\/veritasinfo.org\/wp-content\/uploads\/2025\/06\/FB_IMG_1750699271450.jpg","datePublished":"2025-06-23T17:21:54+00:00","author":{"@id":"https:\/\/veritasinfo.org\/#\/schema\/person\/7701f8c088bece422266b100a712374f"},"breadcrumb":{"@id":"https:\/\/veritasinfo.org\/?p=1388&lang=sr#breadcrumb"},"inLanguage":"en-US","potentialAction":[{"@type":"ReadAction","target":["https:\/\/veritasinfo.org\/?p=1388&lang=sr"]}]},{"@type":"ImageObject","inLanguage":"en-US","@id":"https:\/\/veritasinfo.org\/?p=1388&lang=sr#primaryimage","url":"https:\/\/veritasinfo.org\/wp-content\/uploads\/2025\/06\/FB_IMG_1750699271450.jpg","contentUrl":"https:\/\/veritasinfo.org\/wp-content\/uploads\/2025\/06\/FB_IMG_1750699271450.jpg","width":546,"height":546},{"@type":"BreadcrumbList","@id":"https:\/\/veritasinfo.org\/?p=1388&lang=sr#breadcrumb","itemListElement":[{"@type":"ListItem","position":1,"name":"Home","item":"https:\/\/veritasinfo.org\/"},{"@type":"ListItem","position":2,"name":"I.M. osu\u0111en na 1 godinu i 5 meseci zatvora zbog napada na snimatelja u Mitrovici"}]},{"@type":"WebSite","@id":"https:\/\/veritasinfo.org\/#website","url":"https:\/\/veritasinfo.org\/","name":"","description":"","potentialAction":[{"@type":"SearchAction","target":{"@type":"EntryPoint","urlTemplate":"https:\/\/veritasinfo.org\/?s={search_term_string}"},"query-input":{"@type":"PropertyValueSpecification","valueRequired":true,"valueName":"search_term_string"}}],"inLanguage":"en-US"},{"@type":"Person","@id":"https:\/\/veritasinfo.org\/#\/schema\/person\/7701f8c088bece422266b100a712374f","name":"admin","image":{"@type":"ImageObject","inLanguage":"en-US","@id":"https:\/\/veritasinfo.org\/#\/schema\/person\/image\/","url":"https:\/\/secure.gravatar.com\/avatar\/ea53aa3bf6c9a12d5fde8ce4deff43fef3885ae33cf60184161a50d6987cfd2f?s=96&d=mm&r=g","contentUrl":"https:\/\/secure.gravatar.com\/avatar\/ea53aa3bf6c9a12d5fde8ce4deff43fef3885ae33cf60184161a50d6987cfd2f?s=96&d=mm&r=g","caption":"admin"},"sameAs":["https:\/\/veritasinfo.org"],"url":"https:\/\/veritasinfo.org\/?author=1"}]}},"featured_image_urls":{"full":["https:\/\/veritasinfo.org\/wp-content\/uploads\/2025\/06\/FB_IMG_1750699271450.jpg",546,546,false],"thumbnail":["https:\/\/veritasinfo.org\/wp-content\/uploads\/2025\/06\/FB_IMG_1750699271450-150x150.jpg",150,150,true],"medium":["https:\/\/veritasinfo.org\/wp-content\/uploads\/2025\/06\/FB_IMG_1750699271450-300x300.jpg",300,300,true],"medium_large":["https:\/\/veritasinfo.org\/wp-content\/uploads\/2025\/06\/FB_IMG_1750699271450.jpg",546,546,false],"large":["https:\/\/veritasinfo.org\/wp-content\/uploads\/2025\/06\/FB_IMG_1750699271450.jpg",546,546,false],"1536x1536":["https:\/\/veritasinfo.org\/wp-content\/uploads\/2025\/06\/FB_IMG_1750699271450.jpg",546,546,false],"2048x2048":["https:\/\/veritasinfo.org\/wp-content\/uploads\/2025\/06\/FB_IMG_1750699271450.jpg",546,546,false],"kreeti-slider-full":["https:\/\/veritasinfo.org\/wp-content\/uploads\/2025\/06\/FB_IMG_1750699271450.jpg",546,546,false],"kreeti-featured":["https:\/\/veritasinfo.org\/wp-content\/uploads\/2025\/06\/FB_IMG_1750699271450.jpg",546,546,false],"kreeti-medium":["https:\/\/veritasinfo.org\/wp-content\/uploads\/2025\/06\/FB_IMG_1750699271450.jpg",530,530,false],"kreeti-medium-square":["https:\/\/veritasinfo.org\/wp-content\/uploads\/2025\/06\/FB_IMG_1750699271450.jpg",350,350,false]},"author_info":{"info":["admin"]},"category_info":"<a href=\"https:\/\/veritasinfo.org\/?cat=30&#038;lang=sr\" rel=\"category\">Dru\u0161tvo<\/a>","tag_info":"Dru\u0161tvo","comment_count":"0","_links":{"self":[{"href":"https:\/\/veritasinfo.org\/index.php?rest_route=\/wp\/v2\/posts\/1388","targetHints":{"allow":["GET"]}}],"collection":[{"href":"https:\/\/veritasinfo.org\/index.php?rest_route=\/wp\/v2\/posts"}],"about":[{"href":"https:\/\/veritasinfo.org\/index.php?rest_route=\/wp\/v2\/types\/post"}],"author":[{"embeddable":true,"href":"https:\/\/veritasinfo.org\/index.php?rest_route=\/wp\/v2\/users\/1"}],"replies":[{"embeddable":true,"href":"https:\/\/veritasinfo.org\/index.php?rest_route=%2Fwp%2Fv2%2Fcomments&post=1388"}],"version-history":[{"count":1,"href":"https:\/\/veritasinfo.org\/index.php?rest_route=\/wp\/v2\/posts\/1388\/revisions"}],"predecessor-version":[{"id":1395,"href":"https:\/\/veritasinfo.org\/index.php?rest_route=\/wp\/v2\/posts\/1388\/revisions\/1395"}],"wp:featuredmedia":[{"embeddable":true,"href":"https:\/\/veritasinfo.org\/index.php?rest_route=\/wp\/v2\/media\/1394"}],"wp:attachment":[{"href":"https:\/\/veritasinfo.org\/index.php?rest_route=%2Fwp%2Fv2%2Fmedia&parent=1388"}],"wp:term":[{"taxonomy":"category","embeddable":true,"href":"https:\/\/veritasinfo.org\/index.php?rest_route=%2Fwp%2Fv2%2Fcategories&post=1388"},{"taxonomy":"post_tag","embeddable":true,"href":"https:\/\/veritasinfo.org\/index.php?rest_route=%2Fwp%2Fv2%2Ftags&post=1388"}],"curies":[{"name":"wp","href":"https:\/\/api.w.org\/{rel}","templated":true}]}}