{"id":13768,"date":"2025-09-25T18:17:34","date_gmt":"2025-09-25T16:17:34","guid":{"rendered":"https:\/\/veritasinfo.org\/?p=13768"},"modified":"2025-09-25T19:05:40","modified_gmt":"2025-09-25T17:05:40","slug":"dita-e-13-e-fushates-parazgjedhore-partite-politike-premtojme-zhvillim","status":"publish","type":"post","link":"https:\/\/veritasinfo.org\/?p=13768","title":{"rendered":"Dita e 13 e fushat\u00ebs parazgjedhore, partit\u00eb politike premtojn\u00eb zhvillim"},"content":{"rendered":"<p>Prishtin\u00eb, 25 shtator 2025<\/p>\n<p>Partit\u00eb politike kan\u00eb vazhduar n\u00eb dit\u00ebn e 13 t\u00eb fushat\u00ebs parazgjedhore p\u00ebr zgjedhjet lokale t\u00eb 12 tetorit, duke shpalosur programin e tyre politik para qytetar\u00ebve.<\/p>\n<p>L\u00ebvizja Vet\u00ebvendosje ka mbajtur tubime n\u00eb Mitrovic\u00ebn e Veriut, ku zyrtar\u00ebt e saj theksuan r\u00ebnd\u00ebsin\u00eb e zhvillimit t\u00eb veriut t\u00eb Kosov\u00ebs, p\u00ebrmes investimeve, krijimit t\u00eb vendeve t\u00eb pun\u00ebs dhe forcimit t\u00eb institucioneve.<\/p>\n<p>Nd\u00ebrkaq, kandidati p\u00ebr kryetar t\u00eb Mitrovic\u00ebs, Faton Peci, ka mbajtur takim n\u00eb K\u00e7iq. Para qytetar\u00ebve t\u00eb k\u00ebtij fshati Peci ka shpalosur pjes\u00eb t\u00eb programit, p\u00ebr mandatin e tij si kryetar i k\u00ebsaj komune.<\/p>\n<p>Edhe Partia Demokratike e Kosov\u00ebs ka vazhduar aktivitetin elektoral. N\u00eb Prizren, kryetari aktual q\u00eb rikandidon edhe p\u00ebr nj\u00eb mandat tjet\u00ebr, Shaqir Totaj, ka th\u00ebn\u00eb se p\u00ebr her\u00eb t\u00eb par\u00eb pas shum\u00eb dekadash po e sjellin QKMF-n\u00eb e dyt\u00eb n\u00eb Prizren.<\/p>\n<p>Hajrulla \u00c7eku nga L\u00ebvizja Vet\u00ebvendosje, kandidat p\u00ebr kryetar t\u00eb Prishtin\u00ebs, ka realizuar takime me p\u00ebrfaq\u00ebues t\u00eb start-up para t\u00eb cil\u00ebve ka premtuar mb\u00ebshtetje p\u00ebr ekonomin\u00eb digjitale e kreative.<\/p>\n<p>Edhe Lista Serbe ka vazhduar tubimet me qytetar\u00eb, duke prezantuar kandidat\u00ebt p\u00ebr kryetar t\u00eb komunave dhe list\u00ebn e an\u00ebtar\u00ebve t\u00eb kuvendeve komunale.<\/p>\n<p>Kryetari i Prishtin\u00ebs, nj\u00ebher\u00ebsh kandidat edhe p\u00ebr nj\u00eb mandat tjet\u00ebr, P\u00ebrparim Rama, ka njoftuar se \u00ebsht\u00eb rikthyer n\u00eb funksion Qendra Kulturore n\u00eb fshatin Llukar.<\/p>\n<p>Rama, n\u00eb nj\u00eb postim n\u00eb Facebook ka shkruar se kjo qend\u00ebr nuk u ringjall vet\u00ebm si objekt i ri, por si vend ku talenti, arti dhe komuniteti gjejn\u00eb streh\u00eb.<\/p>\n<p>Kandidati i Aleanc\u00ebs p\u00ebr Ardhm\u00ebrin\u00eb e Kosov\u00ebs p\u00ebr kryetar t\u00eb Prishtin\u00ebs, Bek\u00eb Berisha, ka treguar planet e tij p\u00ebr lagjen \u201cKodra e Trimave\u201d.<\/p>\n<p>Ai ka th\u00ebn\u00eb se si \u00e7do lagje n\u00eb rritje, ajo ka nevoj\u00eb p\u00ebr investime dhe p\u00ebrmir\u00ebsime q\u00eb do t\u00eb sjellin kushte m\u00eb t\u00eb mira jetese p\u00ebr familjet q\u00eb jetojn\u00eb aty.<\/p>\n","protected":false},"excerpt":{"rendered":"<p>Prishtin\u00eb, 25 shtator 2025 Partit\u00eb politike kan\u00eb vazhduar n\u00eb dit\u00ebn e 13 t\u00eb fushat\u00ebs parazgjedhore p\u00ebr zgjedhjet lokale t\u00eb 12 tetorit, duke shpalosur programin e<\/p>\n","protected":false},"author":7,"featured_media":13769,"comment_status":"open","ping_status":"open","sticky":false,"template":"","format":"standard","meta":{"footnotes":""},"categories":[8],"tags":[],"class_list":["post-13768","post","type-post","status-publish","format-standard","has-post-thumbnail","hentry","category-blog-sq"],"yoast_head":"<!-- This site is optimized with the Yoast SEO plugin v25.3.1 - https:\/\/yoast.com\/wordpress\/plugins\/seo\/ -->\n<title>Dita e 13 e fushat\u00ebs parazgjedhore, partit\u00eb politike premtojn\u00eb zhvillim -<\/title>\n<meta name=\"robots\" content=\"index, follow, max-snippet:-1, max-image-preview:large, max-video-preview:-1\" \/>\n<link rel=\"canonical\" href=\"https:\/\/veritasinfo.org\/?p=13768\" \/>\n<meta property=\"og:locale\" content=\"en_US\" \/>\n<meta property=\"og:type\" content=\"article\" \/>\n<meta property=\"og:title\" content=\"Dita e 13 e fushat\u00ebs parazgjedhore, partit\u00eb politike premtojn\u00eb zhvillim -\" \/>\n<meta property=\"og:description\" content=\"Prishtin\u00eb, 25 shtator 2025 Partit\u00eb politike kan\u00eb vazhduar n\u00eb dit\u00ebn e 13 t\u00eb fushat\u00ebs parazgjedhore p\u00ebr zgjedhjet lokale t\u00eb 12 tetorit, duke shpalosur programin e\" \/>\n<meta property=\"og:url\" content=\"https:\/\/veritasinfo.org\/?p=13768\" \/>\n<meta property=\"article:published_time\" content=\"2025-09-25T16:17:34+00:00\" \/>\n<meta property=\"article:modified_time\" content=\"2025-09-25T17:05:40+00:00\" \/>\n<meta property=\"og:image\" content=\"https:\/\/veritasinfo.org\/wp-content\/uploads\/2025\/09\/partite-780x439-730x440-1.jpeg\" \/>\n\t<meta property=\"og:image:width\" content=\"730\" \/>\n\t<meta property=\"og:image:height\" content=\"440\" \/>\n\t<meta property=\"og:image:type\" content=\"image\/jpeg\" \/>\n<meta name=\"author\" content=\"US6\" \/>\n<meta name=\"twitter:card\" content=\"summary_large_image\" \/>\n<meta name=\"twitter:label1\" content=\"Written by\" \/>\n\t<meta name=\"twitter:data1\" content=\"US6\" \/>\n\t<meta name=\"twitter:label2\" content=\"Est. reading time\" \/>\n\t<meta name=\"twitter:data2\" content=\"2 minutes\" \/>\n<script type=\"application\/ld+json\" class=\"yoast-schema-graph\">{\"@context\":\"https:\/\/schema.org\",\"@graph\":[{\"@type\":\"WebPage\",\"@id\":\"https:\/\/veritasinfo.org\/?p=13768\",\"url\":\"https:\/\/veritasinfo.org\/?p=13768\",\"name\":\"Dita e 13 e fushat\u00ebs parazgjedhore, partit\u00eb politike premtojn\u00eb zhvillim -\",\"isPartOf\":{\"@id\":\"https:\/\/veritasinfo.org\/#website\"},\"primaryImageOfPage\":{\"@id\":\"https:\/\/veritasinfo.org\/?p=13768#primaryimage\"},\"image\":{\"@id\":\"https:\/\/veritasinfo.org\/?p=13768#primaryimage\"},\"thumbnailUrl\":\"https:\/\/veritasinfo.org\/wp-content\/uploads\/2025\/09\/partite-780x439-730x440-1.jpeg\",\"datePublished\":\"2025-09-25T16:17:34+00:00\",\"dateModified\":\"2025-09-25T17:05:40+00:00\",\"author\":{\"@id\":\"https:\/\/veritasinfo.org\/#\/schema\/person\/fe199eede04c3937362892b7444747cc\"},\"breadcrumb\":{\"@id\":\"https:\/\/veritasinfo.org\/?p=13768#breadcrumb\"},\"inLanguage\":\"en-US\",\"potentialAction\":[{\"@type\":\"ReadAction\",\"target\":[\"https:\/\/veritasinfo.org\/?p=13768\"]}]},{\"@type\":\"ImageObject\",\"inLanguage\":\"en-US\",\"@id\":\"https:\/\/veritasinfo.org\/?p=13768#primaryimage\",\"url\":\"https:\/\/veritasinfo.org\/wp-content\/uploads\/2025\/09\/partite-780x439-730x440-1.jpeg\",\"contentUrl\":\"https:\/\/veritasinfo.org\/wp-content\/uploads\/2025\/09\/partite-780x439-730x440-1.jpeg\",\"width\":730,\"height\":440},{\"@type\":\"BreadcrumbList\",\"@id\":\"https:\/\/veritasinfo.org\/?p=13768#breadcrumb\",\"itemListElement\":[{\"@type\":\"ListItem\",\"position\":1,\"name\":\"Home\",\"item\":\"https:\/\/veritasinfo.org\/\"},{\"@type\":\"ListItem\",\"position\":2,\"name\":\"Dita e 13 e fushat\u00ebs parazgjedhore, partit\u00eb politike premtojn\u00eb zhvillim\"}]},{\"@type\":\"WebSite\",\"@id\":\"https:\/\/veritasinfo.org\/#website\",\"url\":\"https:\/\/veritasinfo.org\/\",\"name\":\"\",\"description\":\"\",\"potentialAction\":[{\"@type\":\"SearchAction\",\"target\":{\"@type\":\"EntryPoint\",\"urlTemplate\":\"https:\/\/veritasinfo.org\/?s={search_term_string}\"},\"query-input\":{\"@type\":\"PropertyValueSpecification\",\"valueRequired\":true,\"valueName\":\"search_term_string\"}}],\"inLanguage\":\"en-US\"},{\"@type\":\"Person\",\"@id\":\"https:\/\/veritasinfo.org\/#\/schema\/person\/fe199eede04c3937362892b7444747cc\",\"name\":\"US6\",\"image\":{\"@type\":\"ImageObject\",\"inLanguage\":\"en-US\",\"@id\":\"https:\/\/veritasinfo.org\/#\/schema\/person\/image\/\",\"url\":\"https:\/\/secure.gravatar.com\/avatar\/cb16c3c31c9d23b9b8c705964598220b3014e42ff51eb540ff23cefa3ae8c15f?s=96&d=mm&r=g\",\"contentUrl\":\"https:\/\/secure.gravatar.com\/avatar\/cb16c3c31c9d23b9b8c705964598220b3014e42ff51eb540ff23cefa3ae8c15f?s=96&d=mm&r=g\",\"caption\":\"US6\"},\"url\":\"https:\/\/veritasinfo.org\/?author=7\"}]}<\/script>\n<!-- \/ Yoast SEO plugin. -->","yoast_head_json":{"title":"Dita e 13 e fushat\u00ebs parazgjedhore, partit\u00eb politike premtojn\u00eb zhvillim -","robots":{"index":"index","follow":"follow","max-snippet":"max-snippet:-1","max-image-preview":"max-image-preview:large","max-video-preview":"max-video-preview:-1"},"canonical":"https:\/\/veritasinfo.org\/?p=13768","og_locale":"en_US","og_type":"article","og_title":"Dita e 13 e fushat\u00ebs parazgjedhore, partit\u00eb politike premtojn\u00eb zhvillim -","og_description":"Prishtin\u00eb, 25 shtator 2025 Partit\u00eb politike kan\u00eb vazhduar n\u00eb dit\u00ebn e 13 t\u00eb fushat\u00ebs parazgjedhore p\u00ebr zgjedhjet lokale t\u00eb 12 tetorit, duke shpalosur programin e","og_url":"https:\/\/veritasinfo.org\/?p=13768","article_published_time":"2025-09-25T16:17:34+00:00","article_modified_time":"2025-09-25T17:05:40+00:00","og_image":[{"width":730,"height":440,"url":"https:\/\/veritasinfo.org\/wp-content\/uploads\/2025\/09\/partite-780x439-730x440-1.jpeg","type":"image\/jpeg"}],"author":"US6","twitter_card":"summary_large_image","twitter_misc":{"Written by":"US6","Est. reading time":"2 minutes"},"schema":{"@context":"https:\/\/schema.org","@graph":[{"@type":"WebPage","@id":"https:\/\/veritasinfo.org\/?p=13768","url":"https:\/\/veritasinfo.org\/?p=13768","name":"Dita e 13 e fushat\u00ebs parazgjedhore, partit\u00eb politike premtojn\u00eb zhvillim -","isPartOf":{"@id":"https:\/\/veritasinfo.org\/#website"},"primaryImageOfPage":{"@id":"https:\/\/veritasinfo.org\/?p=13768#primaryimage"},"image":{"@id":"https:\/\/veritasinfo.org\/?p=13768#primaryimage"},"thumbnailUrl":"https:\/\/veritasinfo.org\/wp-content\/uploads\/2025\/09\/partite-780x439-730x440-1.jpeg","datePublished":"2025-09-25T16:17:34+00:00","dateModified":"2025-09-25T17:05:40+00:00","author":{"@id":"https:\/\/veritasinfo.org\/#\/schema\/person\/fe199eede04c3937362892b7444747cc"},"breadcrumb":{"@id":"https:\/\/veritasinfo.org\/?p=13768#breadcrumb"},"inLanguage":"en-US","potentialAction":[{"@type":"ReadAction","target":["https:\/\/veritasinfo.org\/?p=13768"]}]},{"@type":"ImageObject","inLanguage":"en-US","@id":"https:\/\/veritasinfo.org\/?p=13768#primaryimage","url":"https:\/\/veritasinfo.org\/wp-content\/uploads\/2025\/09\/partite-780x439-730x440-1.jpeg","contentUrl":"https:\/\/veritasinfo.org\/wp-content\/uploads\/2025\/09\/partite-780x439-730x440-1.jpeg","width":730,"height":440},{"@type":"BreadcrumbList","@id":"https:\/\/veritasinfo.org\/?p=13768#breadcrumb","itemListElement":[{"@type":"ListItem","position":1,"name":"Home","item":"https:\/\/veritasinfo.org\/"},{"@type":"ListItem","position":2,"name":"Dita e 13 e fushat\u00ebs parazgjedhore, partit\u00eb politike premtojn\u00eb zhvillim"}]},{"@type":"WebSite","@id":"https:\/\/veritasinfo.org\/#website","url":"https:\/\/veritasinfo.org\/","name":"","description":"","potentialAction":[{"@type":"SearchAction","target":{"@type":"EntryPoint","urlTemplate":"https:\/\/veritasinfo.org\/?s={search_term_string}"},"query-input":{"@type":"PropertyValueSpecification","valueRequired":true,"valueName":"search_term_string"}}],"inLanguage":"en-US"},{"@type":"Person","@id":"https:\/\/veritasinfo.org\/#\/schema\/person\/fe199eede04c3937362892b7444747cc","name":"US6","image":{"@type":"ImageObject","inLanguage":"en-US","@id":"https:\/\/veritasinfo.org\/#\/schema\/person\/image\/","url":"https:\/\/secure.gravatar.com\/avatar\/cb16c3c31c9d23b9b8c705964598220b3014e42ff51eb540ff23cefa3ae8c15f?s=96&d=mm&r=g","contentUrl":"https:\/\/secure.gravatar.com\/avatar\/cb16c3c31c9d23b9b8c705964598220b3014e42ff51eb540ff23cefa3ae8c15f?s=96&d=mm&r=g","caption":"US6"},"url":"https:\/\/veritasinfo.org\/?author=7"}]}},"featured_image_urls":{"full":["https:\/\/veritasinfo.org\/wp-content\/uploads\/2025\/09\/partite-780x439-730x440-1.jpeg",730,440,false],"thumbnail":["https:\/\/veritasinfo.org\/wp-content\/uploads\/2025\/09\/partite-780x439-730x440-1-150x150.jpeg",150,150,true],"medium":["https:\/\/veritasinfo.org\/wp-content\/uploads\/2025\/09\/partite-780x439-730x440-1-300x181.jpeg",300,181,true],"medium_large":["https:\/\/veritasinfo.org\/wp-content\/uploads\/2025\/09\/partite-780x439-730x440-1.jpeg",640,386,false],"large":["https:\/\/veritasinfo.org\/wp-content\/uploads\/2025\/09\/partite-780x439-730x440-1.jpeg",640,386,false],"1536x1536":["https:\/\/veritasinfo.org\/wp-content\/uploads\/2025\/09\/partite-780x439-730x440-1.jpeg",730,440,false],"2048x2048":["https:\/\/veritasinfo.org\/wp-content\/uploads\/2025\/09\/partite-780x439-730x440-1.jpeg",730,440,false],"kreeti-slider-full":["https:\/\/veritasinfo.org\/wp-content\/uploads\/2025\/09\/partite-780x439-730x440-1.jpeg",730,440,false],"kreeti-featured":["https:\/\/veritasinfo.org\/wp-content\/uploads\/2025\/09\/partite-780x439-730x440-1.jpeg",730,440,false],"kreeti-medium":["https:\/\/veritasinfo.org\/wp-content\/uploads\/2025\/09\/partite-780x439-730x440-1.jpeg",720,434,false],"kreeti-medium-square":["https:\/\/veritasinfo.org\/wp-content\/uploads\/2025\/09\/partite-780x439-730x440-1.jpeg",350,211,false]},"author_info":{"info":["US6"]},"category_info":"<a href=\"https:\/\/veritasinfo.org\/?cat=8\" rel=\"category\">Zgjedhjet parlamentare 2025<\/a>","tag_info":"Zgjedhjet parlamentare 2025","comment_count":"0","_links":{"self":[{"href":"https:\/\/veritasinfo.org\/index.php?rest_route=\/wp\/v2\/posts\/13768","targetHints":{"allow":["GET"]}}],"collection":[{"href":"https:\/\/veritasinfo.org\/index.php?rest_route=\/wp\/v2\/posts"}],"about":[{"href":"https:\/\/veritasinfo.org\/index.php?rest_route=\/wp\/v2\/types\/post"}],"author":[{"embeddable":true,"href":"https:\/\/veritasinfo.org\/index.php?rest_route=\/wp\/v2\/users\/7"}],"replies":[{"embeddable":true,"href":"https:\/\/veritasinfo.org\/index.php?rest_route=%2Fwp%2Fv2%2Fcomments&post=13768"}],"version-history":[{"count":2,"href":"https:\/\/veritasinfo.org\/index.php?rest_route=\/wp\/v2\/posts\/13768\/revisions"}],"predecessor-version":[{"id":13773,"href":"https:\/\/veritasinfo.org\/index.php?rest_route=\/wp\/v2\/posts\/13768\/revisions\/13773"}],"wp:featuredmedia":[{"embeddable":true,"href":"https:\/\/veritasinfo.org\/index.php?rest_route=\/wp\/v2\/media\/13769"}],"wp:attachment":[{"href":"https:\/\/veritasinfo.org\/index.php?rest_route=%2Fwp%2Fv2%2Fmedia&parent=13768"}],"wp:term":[{"taxonomy":"category","embeddable":true,"href":"https:\/\/veritasinfo.org\/index.php?rest_route=%2Fwp%2Fv2%2Fcategories&post=13768"},{"taxonomy":"post_tag","embeddable":true,"href":"https:\/\/veritasinfo.org\/index.php?rest_route=%2Fwp%2Fv2%2Ftags&post=13768"}],"curies":[{"name":"wp","href":"https:\/\/api.w.org\/{rel}","templated":true}]}}