{"id":1374,"date":"2025-06-23T15:56:32","date_gmt":"2025-06-23T13:56:32","guid":{"rendered":"https:\/\/veritasinfo.org\/?p=1374"},"modified":"2025-06-23T15:56:32","modified_gmt":"2025-06-23T13:56:32","slug":"vuciq-e-pranon-hapur-fuqia-e-armeve-kroate-eshte-e-madhe-eshte-nje-ushtri-fantastike-dhe-e-fuqishme","status":"publish","type":"post","link":"https:\/\/veritasinfo.org\/?p=1374","title":{"rendered":"Vu\u00e7iq e pranon hapur: Fuqia e arm\u00ebve kroate \u00ebsht\u00eb e madhe! \u00cbsht\u00eb nj\u00eb ushtri fantastike dhe e fuqishme"},"content":{"rendered":"<p>Serbia duhet t\u00eb ngrej\u00eb nivelin e aft\u00ebsive t\u00eb saj mbrojt\u00ebse sepse n\u00eb bot\u00eb kemi nj\u00eb situat\u00eb ku nuk ka ligj, drejt\u00ebsi apo rregulla, tha presidenti serb Aleksandar Vu\u00e7iq, duke pohuar se Serbia tani mund t\u2019i b\u00ebj\u00eb ball\u00eb edhe agresorit m\u00eb t\u00eb fuqish\u00ebm.<\/p>\n<p>Pas nj\u00eb seance t\u00eb bordit t\u00eb zgjeruar t\u00eb Shefit t\u00eb Shtabit t\u00eb P\u00ebrgjithsh\u00ebm t\u00eb Forcave t\u00eb Armatosura t\u00eb Serbis\u00eb (GS VS), Vu\u00e7iq theksoi se sipas doktrin\u00ebs s\u00eb re t\u00eb SHP-s\u00eb, ajo duhet t\u00eb jet\u00eb \u201cpa krahasuar m\u00eb e fort\u00eb\u201d, dhe se n\u00eb vitin e fundit \u00ebsht\u00eb b\u00ebr\u00eb shum\u00eb p\u00ebr modernizimin e ushtris\u00eb.<\/p>\n<p>T\u00eb gjitha k\u00ebto po i b\u00ebjm\u00eb p\u00ebr qytetar\u00ebt e Serbis\u00eb.<br \/>\nNuk \u00ebsht\u00eb fjala p\u00ebr kot\u00ebsin\u00eb e shteteve se kush \u00ebsht\u00eb m\u00eb i fort\u00eb, por \u00ebsht\u00eb \u00e7\u00ebshtje e interesave m\u00eb t\u00eb larta t\u00eb qytetar\u00ebve t\u00eb Serbis\u00eb q\u00eb t\u00eb jen\u00eb t\u00eb mbrojtur dhe t\u00eb sigurt\u201d, tha Vu\u00e7iq. \u201cN\u00eb 10 vitet e fundit, sidomos n\u00eb vitin e fundit, kemi b\u00ebr\u00eb shum\u00eb p\u00ebr modernizimin e ushtris\u00eb\u201d, ka pohuar Vu\u00e7iq, duke th\u00ebn\u00eb se nuk mund \u201ct\u00eb hyj\u00eb n\u00eb m\u00eb shum\u00eb detaje sepse k\u00ebto jan\u00eb \u00e7\u00ebshtje konfidenciale\u201d.<\/p>\n<p>Ai vler\u00ebsoi se an\u00ebtar\u00ebsimi n\u00eb OKB dhe integriteti i garantuar territorial \u201cnuk do t\u00eb thot\u00eb m\u00eb asgj\u00eb fal\u00eb sjelljes s\u00eb fuqive t\u00eb m\u00ebdha q\u00eb respektojn\u00eb parimet si t\u00eb nevojshme dhe shpikin t\u00eb reja kur e mendojn\u00eb\u201d.<\/p>\n<p>Duke iu p\u00ebrgjigjur pyetjes s\u00eb RTS p\u00ebr rikthimin e sh\u00ebrbimit ushtarak, Vu\u00e7iq tha se ai nuk \u00ebsht\u00eb braktisur, por aktualisht po punohet p\u00ebr p\u00ebrmir\u00ebsimin e kushteve p\u00ebr ushtar\u00ebt profesionist\u00eb. \u201cNe do t\u00eb rivendosim sh\u00ebrbimin e rregullt ushtarak, por nd\u00ebrkoh\u00eb d\u00ebshirojm\u00eb q\u00eb profesionist\u00ebt t\u00eb jen\u00eb sa m\u00eb t\u00eb fort\u00eb dhe t\u00eb mbushin nj\u00ebsit\u00eb tona sa m\u00eb fort t\u00eb jet\u00eb e mundur\u201d, tha Vu\u00e7iq.<\/p>\n<p>Sipas tij, ushtria serbe aktualisht \u00ebsht\u00eb e pajisur me teknologji t\u00eb avancuara. \u201cN\u00ebse vendi do t\u00eb sulmohej si n\u00eb vitin 1999 (n\u00eb koh\u00ebn e bombardimeve t\u00eb NATO-s), ai mund t\u00eb ofronte nj\u00eb rezistenc\u00eb pakrahasueshme m\u00eb t\u00eb fort\u00eb se at\u00ebher\u00eb, madje absolutisht duke frenuar edhe agresorin m\u00eb t\u00eb fort\u00eb\u201d, pohoi Presidenti i Serbis\u00eb.<\/p>\n<p>Ai b\u00ebri t\u00eb ditur se t\u00eb gjitha k\u00ebto do t\u00eb mund t\u2019i shoh publiku serb n\u00eb parad\u00ebn ushtarake, t\u00eb cil\u00ebn e paralajm\u00ebroi p\u00ebr mesin e shtatorit. Ai theksoi se \u201ckjo me parada ushtarake nuk ka nisur nga Serbia, por nga Kroacia\u201d, e cila do t\u00eb organizoj\u00eb nj\u00eb parad\u00eb ushtarake n\u00eb Zagreb me rastin e 30 vjetorit t\u00eb aksionit ushtarako-policor \u201cStuhia\u201d.<\/p>\n<p>\u201cNe do t\u00eb shikojm\u00eb me kujdes, e shihni, nuk ishte iniciativa jon\u00eb. N\u00eb 30 vjetorin e krimit t\u00eb kryer kund\u00ebr popullit serb n\u00eb Krajin\u00eb, Kroacia po organizon nj\u00eb parad\u00eb. M\u00eb e fuqishmja n\u00eb rajon deri m\u00eb tani. Ajo parad\u00eb, me sa kuptoj un\u00eb, do t\u00eb tregoj\u00eb gjith\u00eb fuqin\u00eb dhe forc\u00ebn e arm\u00ebve dhe mjeteve kroate. Sa e madhe! \u00cbsht\u00eb nj\u00eb ushtri jasht\u00ebzakonisht e fort\u00eb. N\u00eb shum\u00eb segmente, nj\u00eb fuqi rajonale e organizuar jasht\u00ebzakonisht mir\u00eb. Ata kan\u00eb staf t\u00eb mir\u00eb n\u00eb t\u00eb gjitha fushat, por do t\u00eb sh\u00ebrbejn\u00eb n\u00eb ushtri. Do t\u00eb shohim se \u00e7far\u00eb do t\u00eb mund t\u00eb b\u00ebjn\u00eb. Me gjith\u00eb respektin do ta shikojm\u00eb\u201d, u tha Aleksandar Vu\u00e7iq gazetar\u00ebve t\u00eb mbledhur.<\/p>\n<p>M\u00eb von\u00eb ai tha se Serbia n\u00eb fakt parad\u00ebn e saj ushtarake e ka caktuar m\u00eb her\u00ebt, p\u00ebr t\u00eb qen\u00eb pjes\u00eb e Dit\u00ebs s\u00eb Unitetit Serb dhe Dit\u00ebs s\u00eb Flamurit Serb.<br \/>\nN\u00eb parad\u00eb duhet t\u00eb marrin pjes\u00eb 10 mij\u00eb ushtar\u00eb.<\/p>\n<p>&nbsp;<\/p>\n<p>&nbsp;<\/p>\n","protected":false},"excerpt":{"rendered":"<p>Serbia duhet t\u00eb ngrej\u00eb nivelin e aft\u00ebsive t\u00eb saj mbrojt\u00ebse sepse n\u00eb bot\u00eb kemi nj\u00eb situat\u00eb ku nuk ka ligj, drejt\u00ebsi apo rregulla, tha presidenti<\/p>\n","protected":false},"author":1,"featured_media":1375,"comment_status":"open","ping_status":"open","sticky":false,"template":"","format":"standard","meta":{"footnotes":""},"categories":[58],"tags":[],"class_list":["post-1374","post","type-post","status-publish","format-standard","has-post-thumbnail","hentry","category-politike-sq"],"yoast_head":"<!-- This site is optimized with the Yoast SEO plugin v25.3.1 - https:\/\/yoast.com\/wordpress\/plugins\/seo\/ -->\n<title>Vu\u00e7iq e pranon hapur: Fuqia e arm\u00ebve kroate \u00ebsht\u00eb e madhe! \u00cbsht\u00eb nj\u00eb ushtri fantastike dhe e fuqishme -<\/title>\n<meta name=\"robots\" content=\"index, follow, max-snippet:-1, max-image-preview:large, max-video-preview:-1\" \/>\n<link rel=\"canonical\" href=\"https:\/\/veritasinfo.org\/?p=1374\" \/>\n<meta property=\"og:locale\" content=\"en_US\" \/>\n<meta property=\"og:type\" content=\"article\" \/>\n<meta property=\"og:title\" content=\"Vu\u00e7iq e pranon hapur: Fuqia e arm\u00ebve kroate \u00ebsht\u00eb e madhe! \u00cbsht\u00eb nj\u00eb ushtri fantastike dhe e fuqishme -\" \/>\n<meta property=\"og:description\" content=\"Serbia duhet t\u00eb ngrej\u00eb nivelin e aft\u00ebsive t\u00eb saj mbrojt\u00ebse sepse n\u00eb bot\u00eb kemi nj\u00eb situat\u00eb ku nuk ka ligj, drejt\u00ebsi apo rregulla, tha presidenti\" \/>\n<meta property=\"og:url\" content=\"https:\/\/veritasinfo.org\/?p=1374\" \/>\n<meta property=\"article:published_time\" content=\"2025-06-23T13:56:32+00:00\" \/>\n<meta property=\"og:image\" content=\"https:\/\/veritasinfo.org\/wp-content\/uploads\/2025\/06\/IMG_0117.jpeg\" \/>\n\t<meta property=\"og:image:width\" content=\"1170\" \/>\n\t<meta property=\"og:image:height\" content=\"886\" \/>\n\t<meta property=\"og:image:type\" content=\"image\/jpeg\" \/>\n<meta name=\"author\" content=\"admin\" \/>\n<meta name=\"twitter:card\" content=\"summary_large_image\" \/>\n<meta name=\"twitter:label1\" content=\"Written by\" \/>\n\t<meta name=\"twitter:data1\" content=\"admin\" \/>\n\t<meta name=\"twitter:label2\" content=\"Est. reading time\" \/>\n\t<meta name=\"twitter:data2\" content=\"3 minutes\" \/>\n<script type=\"application\/ld+json\" class=\"yoast-schema-graph\">{\"@context\":\"https:\/\/schema.org\",\"@graph\":[{\"@type\":\"WebPage\",\"@id\":\"https:\/\/veritasinfo.org\/?p=1374\",\"url\":\"https:\/\/veritasinfo.org\/?p=1374\",\"name\":\"Vu\u00e7iq e pranon hapur: Fuqia e arm\u00ebve kroate \u00ebsht\u00eb e madhe! \u00cbsht\u00eb nj\u00eb ushtri fantastike dhe e fuqishme -\",\"isPartOf\":{\"@id\":\"https:\/\/veritasinfo.org\/#website\"},\"primaryImageOfPage\":{\"@id\":\"https:\/\/veritasinfo.org\/?p=1374#primaryimage\"},\"image\":{\"@id\":\"https:\/\/veritasinfo.org\/?p=1374#primaryimage\"},\"thumbnailUrl\":\"https:\/\/veritasinfo.org\/wp-content\/uploads\/2025\/06\/IMG_0117.jpeg\",\"datePublished\":\"2025-06-23T13:56:32+00:00\",\"author\":{\"@id\":\"https:\/\/veritasinfo.org\/#\/schema\/person\/7701f8c088bece422266b100a712374f\"},\"breadcrumb\":{\"@id\":\"https:\/\/veritasinfo.org\/?p=1374#breadcrumb\"},\"inLanguage\":\"en-US\",\"potentialAction\":[{\"@type\":\"ReadAction\",\"target\":[\"https:\/\/veritasinfo.org\/?p=1374\"]}]},{\"@type\":\"ImageObject\",\"inLanguage\":\"en-US\",\"@id\":\"https:\/\/veritasinfo.org\/?p=1374#primaryimage\",\"url\":\"https:\/\/veritasinfo.org\/wp-content\/uploads\/2025\/06\/IMG_0117.jpeg\",\"contentUrl\":\"https:\/\/veritasinfo.org\/wp-content\/uploads\/2025\/06\/IMG_0117.jpeg\",\"width\":1170,\"height\":886},{\"@type\":\"BreadcrumbList\",\"@id\":\"https:\/\/veritasinfo.org\/?p=1374#breadcrumb\",\"itemListElement\":[{\"@type\":\"ListItem\",\"position\":1,\"name\":\"Home\",\"item\":\"https:\/\/veritasinfo.org\/\"},{\"@type\":\"ListItem\",\"position\":2,\"name\":\"Vu\u00e7iq e pranon hapur: Fuqia e arm\u00ebve kroate \u00ebsht\u00eb e madhe! \u00cbsht\u00eb nj\u00eb ushtri fantastike dhe e fuqishme\"}]},{\"@type\":\"WebSite\",\"@id\":\"https:\/\/veritasinfo.org\/#website\",\"url\":\"https:\/\/veritasinfo.org\/\",\"name\":\"\",\"description\":\"\",\"potentialAction\":[{\"@type\":\"SearchAction\",\"target\":{\"@type\":\"EntryPoint\",\"urlTemplate\":\"https:\/\/veritasinfo.org\/?s={search_term_string}\"},\"query-input\":{\"@type\":\"PropertyValueSpecification\",\"valueRequired\":true,\"valueName\":\"search_term_string\"}}],\"inLanguage\":\"en-US\"},{\"@type\":\"Person\",\"@id\":\"https:\/\/veritasinfo.org\/#\/schema\/person\/7701f8c088bece422266b100a712374f\",\"name\":\"admin\",\"image\":{\"@type\":\"ImageObject\",\"inLanguage\":\"en-US\",\"@id\":\"https:\/\/veritasinfo.org\/#\/schema\/person\/image\/\",\"url\":\"https:\/\/secure.gravatar.com\/avatar\/ea53aa3bf6c9a12d5fde8ce4deff43fef3885ae33cf60184161a50d6987cfd2f?s=96&d=mm&r=g\",\"contentUrl\":\"https:\/\/secure.gravatar.com\/avatar\/ea53aa3bf6c9a12d5fde8ce4deff43fef3885ae33cf60184161a50d6987cfd2f?s=96&d=mm&r=g\",\"caption\":\"admin\"},\"sameAs\":[\"https:\/\/veritasinfo.org\"],\"url\":\"https:\/\/veritasinfo.org\/?author=1\"}]}<\/script>\n<!-- \/ Yoast SEO plugin. -->","yoast_head_json":{"title":"Vu\u00e7iq e pranon hapur: Fuqia e arm\u00ebve kroate \u00ebsht\u00eb e madhe! \u00cbsht\u00eb nj\u00eb ushtri fantastike dhe e fuqishme -","robots":{"index":"index","follow":"follow","max-snippet":"max-snippet:-1","max-image-preview":"max-image-preview:large","max-video-preview":"max-video-preview:-1"},"canonical":"https:\/\/veritasinfo.org\/?p=1374","og_locale":"en_US","og_type":"article","og_title":"Vu\u00e7iq e pranon hapur: Fuqia e arm\u00ebve kroate \u00ebsht\u00eb e madhe! \u00cbsht\u00eb nj\u00eb ushtri fantastike dhe e fuqishme -","og_description":"Serbia duhet t\u00eb ngrej\u00eb nivelin e aft\u00ebsive t\u00eb saj mbrojt\u00ebse sepse n\u00eb bot\u00eb kemi nj\u00eb situat\u00eb ku nuk ka ligj, drejt\u00ebsi apo rregulla, tha presidenti","og_url":"https:\/\/veritasinfo.org\/?p=1374","article_published_time":"2025-06-23T13:56:32+00:00","og_image":[{"width":1170,"height":886,"url":"https:\/\/veritasinfo.org\/wp-content\/uploads\/2025\/06\/IMG_0117.jpeg","type":"image\/jpeg"}],"author":"admin","twitter_card":"summary_large_image","twitter_misc":{"Written by":"admin","Est. reading time":"3 minutes"},"schema":{"@context":"https:\/\/schema.org","@graph":[{"@type":"WebPage","@id":"https:\/\/veritasinfo.org\/?p=1374","url":"https:\/\/veritasinfo.org\/?p=1374","name":"Vu\u00e7iq e pranon hapur: Fuqia e arm\u00ebve kroate \u00ebsht\u00eb e madhe! \u00cbsht\u00eb nj\u00eb ushtri fantastike dhe e fuqishme -","isPartOf":{"@id":"https:\/\/veritasinfo.org\/#website"},"primaryImageOfPage":{"@id":"https:\/\/veritasinfo.org\/?p=1374#primaryimage"},"image":{"@id":"https:\/\/veritasinfo.org\/?p=1374#primaryimage"},"thumbnailUrl":"https:\/\/veritasinfo.org\/wp-content\/uploads\/2025\/06\/IMG_0117.jpeg","datePublished":"2025-06-23T13:56:32+00:00","author":{"@id":"https:\/\/veritasinfo.org\/#\/schema\/person\/7701f8c088bece422266b100a712374f"},"breadcrumb":{"@id":"https:\/\/veritasinfo.org\/?p=1374#breadcrumb"},"inLanguage":"en-US","potentialAction":[{"@type":"ReadAction","target":["https:\/\/veritasinfo.org\/?p=1374"]}]},{"@type":"ImageObject","inLanguage":"en-US","@id":"https:\/\/veritasinfo.org\/?p=1374#primaryimage","url":"https:\/\/veritasinfo.org\/wp-content\/uploads\/2025\/06\/IMG_0117.jpeg","contentUrl":"https:\/\/veritasinfo.org\/wp-content\/uploads\/2025\/06\/IMG_0117.jpeg","width":1170,"height":886},{"@type":"BreadcrumbList","@id":"https:\/\/veritasinfo.org\/?p=1374#breadcrumb","itemListElement":[{"@type":"ListItem","position":1,"name":"Home","item":"https:\/\/veritasinfo.org\/"},{"@type":"ListItem","position":2,"name":"Vu\u00e7iq e pranon hapur: Fuqia e arm\u00ebve kroate \u00ebsht\u00eb e madhe! \u00cbsht\u00eb nj\u00eb ushtri fantastike dhe e fuqishme"}]},{"@type":"WebSite","@id":"https:\/\/veritasinfo.org\/#website","url":"https:\/\/veritasinfo.org\/","name":"","description":"","potentialAction":[{"@type":"SearchAction","target":{"@type":"EntryPoint","urlTemplate":"https:\/\/veritasinfo.org\/?s={search_term_string}"},"query-input":{"@type":"PropertyValueSpecification","valueRequired":true,"valueName":"search_term_string"}}],"inLanguage":"en-US"},{"@type":"Person","@id":"https:\/\/veritasinfo.org\/#\/schema\/person\/7701f8c088bece422266b100a712374f","name":"admin","image":{"@type":"ImageObject","inLanguage":"en-US","@id":"https:\/\/veritasinfo.org\/#\/schema\/person\/image\/","url":"https:\/\/secure.gravatar.com\/avatar\/ea53aa3bf6c9a12d5fde8ce4deff43fef3885ae33cf60184161a50d6987cfd2f?s=96&d=mm&r=g","contentUrl":"https:\/\/secure.gravatar.com\/avatar\/ea53aa3bf6c9a12d5fde8ce4deff43fef3885ae33cf60184161a50d6987cfd2f?s=96&d=mm&r=g","caption":"admin"},"sameAs":["https:\/\/veritasinfo.org"],"url":"https:\/\/veritasinfo.org\/?author=1"}]}},"featured_image_urls":{"full":["https:\/\/veritasinfo.org\/wp-content\/uploads\/2025\/06\/IMG_0117.jpeg",1170,886,false],"thumbnail":["https:\/\/veritasinfo.org\/wp-content\/uploads\/2025\/06\/IMG_0117-150x150.jpeg",150,150,true],"medium":["https:\/\/veritasinfo.org\/wp-content\/uploads\/2025\/06\/IMG_0117-300x227.jpeg",300,227,true],"medium_large":["https:\/\/veritasinfo.org\/wp-content\/uploads\/2025\/06\/IMG_0117-768x582.jpeg",640,485,true],"large":["https:\/\/veritasinfo.org\/wp-content\/uploads\/2025\/06\/IMG_0117-1024x775.jpeg",640,484,true],"1536x1536":["https:\/\/veritasinfo.org\/wp-content\/uploads\/2025\/06\/IMG_0117.jpeg",1170,886,false],"2048x2048":["https:\/\/veritasinfo.org\/wp-content\/uploads\/2025\/06\/IMG_0117.jpeg",1170,886,false],"kreeti-slider-full":["https:\/\/veritasinfo.org\/wp-content\/uploads\/2025\/06\/IMG_0117.jpeg",951,720,false],"kreeti-featured":["https:\/\/veritasinfo.org\/wp-content\/uploads\/2025\/06\/IMG_0117.jpeg",1024,775,false],"kreeti-medium":["https:\/\/veritasinfo.org\/wp-content\/uploads\/2025\/06\/IMG_0117.jpeg",700,530,false],"kreeti-medium-square":["https:\/\/veritasinfo.org\/wp-content\/uploads\/2025\/06\/IMG_0117.jpeg",350,265,false]},"author_info":{"info":["admin"]},"category_info":"<a href=\"https:\/\/veritasinfo.org\/?cat=58\" rel=\"category\">Politik\u00eb<\/a>","tag_info":"Politik\u00eb","comment_count":"0","_links":{"self":[{"href":"https:\/\/veritasinfo.org\/index.php?rest_route=\/wp\/v2\/posts\/1374","targetHints":{"allow":["GET"]}}],"collection":[{"href":"https:\/\/veritasinfo.org\/index.php?rest_route=\/wp\/v2\/posts"}],"about":[{"href":"https:\/\/veritasinfo.org\/index.php?rest_route=\/wp\/v2\/types\/post"}],"author":[{"embeddable":true,"href":"https:\/\/veritasinfo.org\/index.php?rest_route=\/wp\/v2\/users\/1"}],"replies":[{"embeddable":true,"href":"https:\/\/veritasinfo.org\/index.php?rest_route=%2Fwp%2Fv2%2Fcomments&post=1374"}],"version-history":[{"count":1,"href":"https:\/\/veritasinfo.org\/index.php?rest_route=\/wp\/v2\/posts\/1374\/revisions"}],"predecessor-version":[{"id":1376,"href":"https:\/\/veritasinfo.org\/index.php?rest_route=\/wp\/v2\/posts\/1374\/revisions\/1376"}],"wp:featuredmedia":[{"embeddable":true,"href":"https:\/\/veritasinfo.org\/index.php?rest_route=\/wp\/v2\/media\/1375"}],"wp:attachment":[{"href":"https:\/\/veritasinfo.org\/index.php?rest_route=%2Fwp%2Fv2%2Fmedia&parent=1374"}],"wp:term":[{"taxonomy":"category","embeddable":true,"href":"https:\/\/veritasinfo.org\/index.php?rest_route=%2Fwp%2Fv2%2Fcategories&post=1374"},{"taxonomy":"post_tag","embeddable":true,"href":"https:\/\/veritasinfo.org\/index.php?rest_route=%2Fwp%2Fv2%2Ftags&post=1374"}],"curies":[{"name":"wp","href":"https:\/\/api.w.org\/{rel}","templated":true}]}}