{"id":13732,"date":"2025-09-25T15:03:15","date_gmt":"2025-09-25T13:03:15","guid":{"rendered":"https:\/\/veritasinfo.org\/?p=13732"},"modified":"2025-09-25T15:03:15","modified_gmt":"2025-09-25T13:03:15","slug":"delegacioni-i-ambasades-gjermane-viziton-qendren-korrektuese-ne-dubrave","status":"publish","type":"post","link":"https:\/\/veritasinfo.org\/?p=13732","title":{"rendered":"Delegacioni i Ambasad\u00ebs gjermane viziton Qendr\u00ebn Korrektuese n\u00eb Dubrav\u00eb"},"content":{"rendered":"<p>Prishtin\u00eb 25 Shtator 2025<\/p>\n<p><strong>Nj\u00eb delegacion nga Ambasada Gjermane n\u00eb Kosov\u00eb ka zhvilluar sot nj\u00eb vizit\u00eb zyrtare n\u00eb Qendr\u00ebn Korrektuese n\u00eb Dubrav\u00eb, me q\u00ebllim njohjen m\u00eb t\u00eb af\u00ebrt me funksionimin e sistemit korrektues n\u00eb vend dhe praktikat q\u00eb zbatohen n\u00eb k\u00ebt\u00eb institucion,, njofton Sh\u00ebrbimi Korrektues i Kosov\u00ebs.<\/strong><\/p>\n<p>&nbsp;<\/p>\n<p>Delegacioni gjerman u kryesua nga Sekretari i Par\u00eb i Ambasad\u00ebs, Frank Hilla, i shoq\u00ebruar nga z. Arben Lubach, p\u00ebrfaq\u00ebsues nga zyra e K\u00ebshillit t\u00eb Evrop\u00ebs. Ata u prit\u00ebn nga Ushtruesi i Detyr\u00ebs s\u00eb Z\u00ebvend\u00ebsdrejtorit t\u00eb P\u00ebrgjithsh\u00ebm t\u00eb Sh\u00ebrbimit Korrektues t\u00eb Kosov\u00ebs, Besar Gashi, Drejtori i Qendr\u00ebs Korrektuese n\u00eb Dubrav\u00eb, Sami Gashi, dhe Drejtori i Departamentit Sh\u00ebndet\u00ebsor t\u00eb Burgjeve, Milazim Gjocaj.<\/p>\n<p>Gjat\u00eb takimit, pal\u00ebt diskutuan p\u00ebr mund\u00ebsit\u00eb e bashk\u00ebpunimit n\u00eb fush\u00ebn e menaxhimit t\u00eb institucioneve korrektuese, si dhe shk\u00ebmbimin e p\u00ebrvojave dhe praktikave m\u00eb t\u00eb mira n\u00eb k\u00ebt\u00eb sektor. Zyrtar\u00ebt gjerman\u00eb shpreh\u00ebn interesimin e tyre p\u00ebr mb\u00ebshtetjen e m\u00ebtejme t\u00eb sistemit t\u00eb burgjeve n\u00eb Kosov\u00eb, p\u00ebrmes projekteve konkrete q\u00eb synojn\u00eb fuqizimin dhe modernizimin e tij.<\/p>\n<p>Sipas njoftimit t\u00eb SHKK-s\u00eb n\u00eb takim \u00ebsht\u00eb theksuar gjithashtu r\u00ebnd\u00ebsia e koordinimit t\u00eb ngusht\u00eb me K\u00ebshillin e Evrop\u00ebs, si nj\u00eb partner strategjik i Sh\u00ebrbimit Korrektues t\u00eb Kosov\u00ebs, si dhe roli mb\u00ebshtet\u00ebs i Ambasad\u00ebs Gjermane n\u00eb realizimin e projekteve reformuese n\u00eb k\u00ebt\u00eb fush\u00eb.<\/p>\n","protected":false},"excerpt":{"rendered":"<p>Prishtin\u00eb 25 Shtator 2025 Nj\u00eb delegacion nga Ambasada Gjermane n\u00eb Kosov\u00eb ka zhvilluar sot nj\u00eb vizit\u00eb zyrtare n\u00eb Qendr\u00ebn Korrektuese n\u00eb Dubrav\u00eb, me q\u00ebllim njohjen<\/p>\n","protected":false},"author":6,"featured_media":13733,"comment_status":"open","ping_status":"open","sticky":false,"template":"","format":"standard","meta":{"footnotes":""},"categories":[60],"tags":[],"class_list":["post-13732","post","type-post","status-publish","format-standard","has-post-thumbnail","hentry","category-shoqerore-sq"],"yoast_head":"<!-- This site is optimized with the Yoast SEO plugin v25.3.1 - https:\/\/yoast.com\/wordpress\/plugins\/seo\/ -->\n<title>Delegacioni i Ambasad\u00ebs gjermane viziton Qendr\u00ebn Korrektuese n\u00eb Dubrav\u00eb -<\/title>\n<meta name=\"robots\" content=\"index, follow, max-snippet:-1, max-image-preview:large, max-video-preview:-1\" \/>\n<link rel=\"canonical\" href=\"https:\/\/veritasinfo.org\/?p=13732\" \/>\n<meta property=\"og:locale\" content=\"en_US\" \/>\n<meta property=\"og:type\" content=\"article\" \/>\n<meta property=\"og:title\" content=\"Delegacioni i Ambasad\u00ebs gjermane viziton Qendr\u00ebn Korrektuese n\u00eb Dubrav\u00eb -\" \/>\n<meta property=\"og:description\" content=\"Prishtin\u00eb 25 Shtator 2025 Nj\u00eb delegacion nga Ambasada Gjermane n\u00eb Kosov\u00eb ka zhvilluar sot nj\u00eb vizit\u00eb zyrtare n\u00eb Qendr\u00ebn Korrektuese n\u00eb Dubrav\u00eb, me q\u00ebllim njohjen\" \/>\n<meta property=\"og:url\" content=\"https:\/\/veritasinfo.org\/?p=13732\" \/>\n<meta property=\"article:published_time\" content=\"2025-09-25T13:03:15+00:00\" \/>\n<meta property=\"og:image\" content=\"https:\/\/veritasinfo.org\/wp-content\/uploads\/2025\/09\/705051-On6FICKv3T.jpg\" \/>\n\t<meta property=\"og:image:width\" content=\"780\" \/>\n\t<meta property=\"og:image:height\" content=\"500\" \/>\n\t<meta property=\"og:image:type\" content=\"image\/jpeg\" \/>\n<meta name=\"author\" content=\"US5\" \/>\n<meta name=\"twitter:card\" content=\"summary_large_image\" \/>\n<meta name=\"twitter:label1\" content=\"Written by\" \/>\n\t<meta name=\"twitter:data1\" content=\"US5\" \/>\n\t<meta name=\"twitter:label2\" content=\"Est. reading time\" \/>\n\t<meta name=\"twitter:data2\" content=\"2 minutes\" \/>\n<script type=\"application\/ld+json\" class=\"yoast-schema-graph\">{\"@context\":\"https:\/\/schema.org\",\"@graph\":[{\"@type\":\"WebPage\",\"@id\":\"https:\/\/veritasinfo.org\/?p=13732\",\"url\":\"https:\/\/veritasinfo.org\/?p=13732\",\"name\":\"Delegacioni i Ambasad\u00ebs gjermane viziton Qendr\u00ebn Korrektuese n\u00eb Dubrav\u00eb -\",\"isPartOf\":{\"@id\":\"https:\/\/veritasinfo.org\/#website\"},\"primaryImageOfPage\":{\"@id\":\"https:\/\/veritasinfo.org\/?p=13732#primaryimage\"},\"image\":{\"@id\":\"https:\/\/veritasinfo.org\/?p=13732#primaryimage\"},\"thumbnailUrl\":\"https:\/\/veritasinfo.org\/wp-content\/uploads\/2025\/09\/705051-On6FICKv3T.jpg\",\"datePublished\":\"2025-09-25T13:03:15+00:00\",\"author\":{\"@id\":\"https:\/\/veritasinfo.org\/#\/schema\/person\/bc442336e35414d04494ab8fb45db4c6\"},\"breadcrumb\":{\"@id\":\"https:\/\/veritasinfo.org\/?p=13732#breadcrumb\"},\"inLanguage\":\"en-US\",\"potentialAction\":[{\"@type\":\"ReadAction\",\"target\":[\"https:\/\/veritasinfo.org\/?p=13732\"]}]},{\"@type\":\"ImageObject\",\"inLanguage\":\"en-US\",\"@id\":\"https:\/\/veritasinfo.org\/?p=13732#primaryimage\",\"url\":\"https:\/\/veritasinfo.org\/wp-content\/uploads\/2025\/09\/705051-On6FICKv3T.jpg\",\"contentUrl\":\"https:\/\/veritasinfo.org\/wp-content\/uploads\/2025\/09\/705051-On6FICKv3T.jpg\",\"width\":780,\"height\":500},{\"@type\":\"BreadcrumbList\",\"@id\":\"https:\/\/veritasinfo.org\/?p=13732#breadcrumb\",\"itemListElement\":[{\"@type\":\"ListItem\",\"position\":1,\"name\":\"Home\",\"item\":\"https:\/\/veritasinfo.org\/\"},{\"@type\":\"ListItem\",\"position\":2,\"name\":\"Delegacioni i Ambasad\u00ebs gjermane viziton Qendr\u00ebn Korrektuese n\u00eb Dubrav\u00eb\"}]},{\"@type\":\"WebSite\",\"@id\":\"https:\/\/veritasinfo.org\/#website\",\"url\":\"https:\/\/veritasinfo.org\/\",\"name\":\"\",\"description\":\"\",\"potentialAction\":[{\"@type\":\"SearchAction\",\"target\":{\"@type\":\"EntryPoint\",\"urlTemplate\":\"https:\/\/veritasinfo.org\/?s={search_term_string}\"},\"query-input\":{\"@type\":\"PropertyValueSpecification\",\"valueRequired\":true,\"valueName\":\"search_term_string\"}}],\"inLanguage\":\"en-US\"},{\"@type\":\"Person\",\"@id\":\"https:\/\/veritasinfo.org\/#\/schema\/person\/bc442336e35414d04494ab8fb45db4c6\",\"name\":\"US5\",\"image\":{\"@type\":\"ImageObject\",\"inLanguage\":\"en-US\",\"@id\":\"https:\/\/veritasinfo.org\/#\/schema\/person\/image\/\",\"url\":\"https:\/\/secure.gravatar.com\/avatar\/16a61e7272a0c5d001121ebb9e60e925d5816e4ac1e443ed3e640d9a6ae55d0c?s=96&d=mm&r=g\",\"contentUrl\":\"https:\/\/secure.gravatar.com\/avatar\/16a61e7272a0c5d001121ebb9e60e925d5816e4ac1e443ed3e640d9a6ae55d0c?s=96&d=mm&r=g\",\"caption\":\"US5\"},\"url\":\"https:\/\/veritasinfo.org\/?author=6\"}]}<\/script>\n<!-- \/ Yoast SEO plugin. -->","yoast_head_json":{"title":"Delegacioni i Ambasad\u00ebs gjermane viziton Qendr\u00ebn Korrektuese n\u00eb Dubrav\u00eb -","robots":{"index":"index","follow":"follow","max-snippet":"max-snippet:-1","max-image-preview":"max-image-preview:large","max-video-preview":"max-video-preview:-1"},"canonical":"https:\/\/veritasinfo.org\/?p=13732","og_locale":"en_US","og_type":"article","og_title":"Delegacioni i Ambasad\u00ebs gjermane viziton Qendr\u00ebn Korrektuese n\u00eb Dubrav\u00eb -","og_description":"Prishtin\u00eb 25 Shtator 2025 Nj\u00eb delegacion nga Ambasada Gjermane n\u00eb Kosov\u00eb ka zhvilluar sot nj\u00eb vizit\u00eb zyrtare n\u00eb Qendr\u00ebn Korrektuese n\u00eb Dubrav\u00eb, me q\u00ebllim njohjen","og_url":"https:\/\/veritasinfo.org\/?p=13732","article_published_time":"2025-09-25T13:03:15+00:00","og_image":[{"width":780,"height":500,"url":"https:\/\/veritasinfo.org\/wp-content\/uploads\/2025\/09\/705051-On6FICKv3T.jpg","type":"image\/jpeg"}],"author":"US5","twitter_card":"summary_large_image","twitter_misc":{"Written by":"US5","Est. reading time":"2 minutes"},"schema":{"@context":"https:\/\/schema.org","@graph":[{"@type":"WebPage","@id":"https:\/\/veritasinfo.org\/?p=13732","url":"https:\/\/veritasinfo.org\/?p=13732","name":"Delegacioni i Ambasad\u00ebs gjermane viziton Qendr\u00ebn Korrektuese n\u00eb Dubrav\u00eb -","isPartOf":{"@id":"https:\/\/veritasinfo.org\/#website"},"primaryImageOfPage":{"@id":"https:\/\/veritasinfo.org\/?p=13732#primaryimage"},"image":{"@id":"https:\/\/veritasinfo.org\/?p=13732#primaryimage"},"thumbnailUrl":"https:\/\/veritasinfo.org\/wp-content\/uploads\/2025\/09\/705051-On6FICKv3T.jpg","datePublished":"2025-09-25T13:03:15+00:00","author":{"@id":"https:\/\/veritasinfo.org\/#\/schema\/person\/bc442336e35414d04494ab8fb45db4c6"},"breadcrumb":{"@id":"https:\/\/veritasinfo.org\/?p=13732#breadcrumb"},"inLanguage":"en-US","potentialAction":[{"@type":"ReadAction","target":["https:\/\/veritasinfo.org\/?p=13732"]}]},{"@type":"ImageObject","inLanguage":"en-US","@id":"https:\/\/veritasinfo.org\/?p=13732#primaryimage","url":"https:\/\/veritasinfo.org\/wp-content\/uploads\/2025\/09\/705051-On6FICKv3T.jpg","contentUrl":"https:\/\/veritasinfo.org\/wp-content\/uploads\/2025\/09\/705051-On6FICKv3T.jpg","width":780,"height":500},{"@type":"BreadcrumbList","@id":"https:\/\/veritasinfo.org\/?p=13732#breadcrumb","itemListElement":[{"@type":"ListItem","position":1,"name":"Home","item":"https:\/\/veritasinfo.org\/"},{"@type":"ListItem","position":2,"name":"Delegacioni i Ambasad\u00ebs gjermane viziton Qendr\u00ebn Korrektuese n\u00eb Dubrav\u00eb"}]},{"@type":"WebSite","@id":"https:\/\/veritasinfo.org\/#website","url":"https:\/\/veritasinfo.org\/","name":"","description":"","potentialAction":[{"@type":"SearchAction","target":{"@type":"EntryPoint","urlTemplate":"https:\/\/veritasinfo.org\/?s={search_term_string}"},"query-input":{"@type":"PropertyValueSpecification","valueRequired":true,"valueName":"search_term_string"}}],"inLanguage":"en-US"},{"@type":"Person","@id":"https:\/\/veritasinfo.org\/#\/schema\/person\/bc442336e35414d04494ab8fb45db4c6","name":"US5","image":{"@type":"ImageObject","inLanguage":"en-US","@id":"https:\/\/veritasinfo.org\/#\/schema\/person\/image\/","url":"https:\/\/secure.gravatar.com\/avatar\/16a61e7272a0c5d001121ebb9e60e925d5816e4ac1e443ed3e640d9a6ae55d0c?s=96&d=mm&r=g","contentUrl":"https:\/\/secure.gravatar.com\/avatar\/16a61e7272a0c5d001121ebb9e60e925d5816e4ac1e443ed3e640d9a6ae55d0c?s=96&d=mm&r=g","caption":"US5"},"url":"https:\/\/veritasinfo.org\/?author=6"}]}},"featured_image_urls":{"full":["https:\/\/veritasinfo.org\/wp-content\/uploads\/2025\/09\/705051-On6FICKv3T.jpg",780,500,false],"thumbnail":["https:\/\/veritasinfo.org\/wp-content\/uploads\/2025\/09\/705051-On6FICKv3T-150x150.jpg",150,150,true],"medium":["https:\/\/veritasinfo.org\/wp-content\/uploads\/2025\/09\/705051-On6FICKv3T-300x192.jpg",300,192,true],"medium_large":["https:\/\/veritasinfo.org\/wp-content\/uploads\/2025\/09\/705051-On6FICKv3T-768x492.jpg",640,410,true],"large":["https:\/\/veritasinfo.org\/wp-content\/uploads\/2025\/09\/705051-On6FICKv3T.jpg",640,410,false],"1536x1536":["https:\/\/veritasinfo.org\/wp-content\/uploads\/2025\/09\/705051-On6FICKv3T.jpg",780,500,false],"2048x2048":["https:\/\/veritasinfo.org\/wp-content\/uploads\/2025\/09\/705051-On6FICKv3T.jpg",780,500,false],"kreeti-slider-full":["https:\/\/veritasinfo.org\/wp-content\/uploads\/2025\/09\/705051-On6FICKv3T.jpg",780,500,false],"kreeti-featured":["https:\/\/veritasinfo.org\/wp-content\/uploads\/2025\/09\/705051-On6FICKv3T.jpg",780,500,false],"kreeti-medium":["https:\/\/veritasinfo.org\/wp-content\/uploads\/2025\/09\/705051-On6FICKv3T.jpg",720,462,false],"kreeti-medium-square":["https:\/\/veritasinfo.org\/wp-content\/uploads\/2025\/09\/705051-On6FICKv3T.jpg",350,224,false]},"author_info":{"info":["US5"]},"category_info":"<a href=\"https:\/\/veritasinfo.org\/?cat=60\" rel=\"category\">Shoq\u00ebrore<\/a>","tag_info":"Shoq\u00ebrore","comment_count":"0","_links":{"self":[{"href":"https:\/\/veritasinfo.org\/index.php?rest_route=\/wp\/v2\/posts\/13732","targetHints":{"allow":["GET"]}}],"collection":[{"href":"https:\/\/veritasinfo.org\/index.php?rest_route=\/wp\/v2\/posts"}],"about":[{"href":"https:\/\/veritasinfo.org\/index.php?rest_route=\/wp\/v2\/types\/post"}],"author":[{"embeddable":true,"href":"https:\/\/veritasinfo.org\/index.php?rest_route=\/wp\/v2\/users\/6"}],"replies":[{"embeddable":true,"href":"https:\/\/veritasinfo.org\/index.php?rest_route=%2Fwp%2Fv2%2Fcomments&post=13732"}],"version-history":[{"count":1,"href":"https:\/\/veritasinfo.org\/index.php?rest_route=\/wp\/v2\/posts\/13732\/revisions"}],"predecessor-version":[{"id":13734,"href":"https:\/\/veritasinfo.org\/index.php?rest_route=\/wp\/v2\/posts\/13732\/revisions\/13734"}],"wp:featuredmedia":[{"embeddable":true,"href":"https:\/\/veritasinfo.org\/index.php?rest_route=\/wp\/v2\/media\/13733"}],"wp:attachment":[{"href":"https:\/\/veritasinfo.org\/index.php?rest_route=%2Fwp%2Fv2%2Fmedia&parent=13732"}],"wp:term":[{"taxonomy":"category","embeddable":true,"href":"https:\/\/veritasinfo.org\/index.php?rest_route=%2Fwp%2Fv2%2Fcategories&post=13732"},{"taxonomy":"post_tag","embeddable":true,"href":"https:\/\/veritasinfo.org\/index.php?rest_route=%2Fwp%2Fv2%2Ftags&post=13732"}],"curies":[{"name":"wp","href":"https:\/\/api.w.org\/{rel}","templated":true}]}}