{"id":13725,"date":"2025-09-25T13:55:51","date_gmt":"2025-09-25T11:55:51","guid":{"rendered":"https:\/\/veritasinfo.org\/?p=13725"},"modified":"2025-09-25T13:55:51","modified_gmt":"2025-09-25T11:55:51","slug":"inspektorati-i-ministrise-se-mbrojtjes-ne-garden-kombetare-te-iowas","status":"publish","type":"post","link":"https:\/\/veritasinfo.org\/?p=13725","title":{"rendered":"Inspektorati i Ministris\u00eb s\u00eb Mbrojtjes n\u00eb Gard\u00ebn Komb\u00ebtare t\u00eb Iowas"},"content":{"rendered":"<p>Prishtin\u00eb, 25 shtator 2025<\/p>\n<p>P\u00ebr nj\u00eb jav\u00eb rresht Inspektorati Gjeneral i Ministris\u00eb s\u00eb Mbrojtjes ka q\u00ebndruar n\u00eb Shtetet e Bashkuara t\u00eb Amerik\u00ebs. Ministria e Mbrojtjes ka njoftuar se kjo vizit\u00eb zyrtare u b\u00eb n\u00eb kuad\u00ebr t\u00eb bashk\u00ebpunimit bilateral me Gard\u00ebn Komb\u00ebtare t\u00eb Iowa-s dhe me ftes\u00eb t\u00eb Inspektoratit Gjeneral t\u00eb k\u00ebsaj Garde.<\/p>\n<p>Tutje, kan\u00eb treguar se ekipi i Inspektoratit Gjeneral i Ministris\u00eb s\u00eb Mbrojtjes ishte i udh\u00ebhequr nga gjeneralmajor Irfete Spahiu dhe i shoq\u00ebruar nga k\u00ebshilltarja e NALT-it, kolonel Bryant. N\u00eb k\u00ebt\u00eb vizit\u00eb, thon\u00eb se ishin edhe kolonel, Ramiz Bytyqi, major, Vilson Musaj dhe rreshter shtabor, Jeton Ramadani.<\/p>\n<p>\u201cGjat\u00eb k\u00ebsaj vizite nj\u00ebjavore, ekipi u prit nga Komandanti i Gard\u00ebs Komb\u00ebtare t\u00eb Iowa-s, gjeneralmajor Stephen Osborn, me t\u00eb cilin u zhvillua nj\u00eb takim i ve\u00e7ant\u00eb pune mes tij dhe gjeneralmajor Spahiut. Vizita filloi me pritjen zyrtare nga ekipi i Inspektoratit Gjeneral t\u00eb Gard\u00ebs Komb\u00ebtare t\u00eb Iowa-s, t\u00eb kryesuar nga kolonel Piters dhe n\u00ebnkolonel Mosby, ku pas fjal\u00ebve mir\u00ebseardh\u00ebse u mbajt\u00ebn prezantime nga t\u00eb dyja pal\u00ebt dhe m\u00eb pas u zhvillua nj\u00eb trajnim p\u00ebr programin e inspektimit CIP-it, p\u00ebrgatitje kjo p\u00ebr inspektimin e p\u00ebrbashk\u00ebt q\u00eb u realizua m\u00eb 13 dhe 14 shtator n\u00eb Regjimentin 185 t\u00eb St\u00ebrvitjeve\u201d, thuhet n\u00eb njoftimin e .<\/p>\n<p>Po ashtu, Ministria e Mbrojtjes thot\u00eb se, ekipi zhvilloi nj\u00eb vizit\u00eb informuese n\u00eb Forcat Ajrore t\u00eb Gard\u00ebs Komb\u00ebtare t\u00eb Iowa-s, ku u njoftua n\u00eb detaje p\u00ebr detyrat dhe p\u00ebrgjegj\u00ebsit\u00eb specifike t\u00eb k\u00ebsaj strukture.<\/p>\n<p>\u201cGjat\u00eb q\u00ebndrimit, p\u00ebrfaq\u00ebsuesit nga Kosova mor\u00ebn pjes\u00eb edhe n\u00eb ceremonin\u00eb \u201cGara e ushtarit m\u00eb t\u00eb mir\u00eb, ku mor\u00ebn pjes\u00eb tre pjes\u00ebtar\u00eb t\u00eb FSK-s\u00eb. N\u00eb vijim, u realizua nj\u00eb vizit\u00eb n\u00eb sht\u00ebpin\u00eb e veteran\u00ebve t\u00eb Iowa-s n\u00eb qytetin Marshalltown, ku gjeneralmajor Spahiu u adresua personalisht veteran\u00ebve t\u00eb akomoduar atje, nd\u00ebrsa nj\u00eb tjet\u00ebr ndales\u00eb dometh\u00ebn\u00ebse ishte vizita n\u00eb muzeun ushtarak \u201cIowa Gold Star Military Museum\u201d n\u00eb Camp Dodge\u201d, thuhet tutje n\u00eb njoftim.<\/p>\n<p>Gjithashtu, kan\u00eb treguar se n\u00eb fund t\u00eb vizit\u00ebs n\u00eb SHBA, delegacioni i Inspektoratit t\u00eb P\u00ebrgjithsh\u00ebm vizitoi edhe Konsullat\u00ebn e Republik\u00ebs s\u00eb Kosov\u00ebs n\u00eb Des Moines, ku u diskutua p\u00ebr thellimin e m\u00ebtejm\u00eb t\u00eb bashk\u00ebpunimit nd\u00ebrmjet institucioneve t\u00eb Kosov\u00ebs dhe partner\u00ebve amerikan\u00eb.<\/p>\n<p>&nbsp;<\/p>\n<p>&nbsp;<\/p>\n","protected":false},"excerpt":{"rendered":"<p>Prishtin\u00eb, 25 shtator 2025 P\u00ebr nj\u00eb jav\u00eb rresht Inspektorati Gjeneral i Ministris\u00eb s\u00eb Mbrojtjes ka q\u00ebndruar n\u00eb Shtetet e Bashkuara t\u00eb Amerik\u00ebs. Ministria e Mbrojtjes<\/p>\n","protected":false},"author":7,"featured_media":13726,"comment_status":"open","ping_status":"open","sticky":false,"template":"","format":"standard","meta":{"footnotes":""},"categories":[60],"tags":[],"class_list":["post-13725","post","type-post","status-publish","format-standard","has-post-thumbnail","hentry","category-shoqerore-sq"],"yoast_head":"<!-- This site is optimized with the Yoast SEO plugin v25.3.1 - https:\/\/yoast.com\/wordpress\/plugins\/seo\/ -->\n<title>Inspektorati i Ministris\u00eb s\u00eb Mbrojtjes n\u00eb Gard\u00ebn Komb\u00ebtare t\u00eb Iowas -<\/title>\n<meta name=\"robots\" content=\"index, follow, max-snippet:-1, max-image-preview:large, max-video-preview:-1\" \/>\n<link rel=\"canonical\" href=\"https:\/\/veritasinfo.org\/?p=13725\" \/>\n<meta property=\"og:locale\" content=\"en_US\" \/>\n<meta property=\"og:type\" content=\"article\" \/>\n<meta property=\"og:title\" content=\"Inspektorati i Ministris\u00eb s\u00eb Mbrojtjes n\u00eb Gard\u00ebn Komb\u00ebtare t\u00eb Iowas -\" \/>\n<meta property=\"og:description\" content=\"Prishtin\u00eb, 25 shtator 2025 P\u00ebr nj\u00eb jav\u00eb rresht Inspektorati Gjeneral i Ministris\u00eb s\u00eb Mbrojtjes ka q\u00ebndruar n\u00eb Shtetet e Bashkuara t\u00eb Amerik\u00ebs. Ministria e Mbrojtjes\" \/>\n<meta property=\"og:url\" content=\"https:\/\/veritasinfo.org\/?p=13725\" \/>\n<meta property=\"article:published_time\" content=\"2025-09-25T11:55:51+00:00\" \/>\n<meta property=\"og:image\" content=\"https:\/\/veritasinfo.org\/wp-content\/uploads\/2025\/09\/705026-yPhM2xeOMv.jpg\" \/>\n\t<meta property=\"og:image:width\" content=\"780\" \/>\n\t<meta property=\"og:image:height\" content=\"500\" \/>\n\t<meta property=\"og:image:type\" content=\"image\/jpeg\" \/>\n<meta name=\"author\" content=\"US6\" \/>\n<meta name=\"twitter:card\" content=\"summary_large_image\" \/>\n<meta name=\"twitter:label1\" content=\"Written by\" \/>\n\t<meta name=\"twitter:data1\" content=\"US6\" \/>\n\t<meta name=\"twitter:label2\" content=\"Est. reading time\" \/>\n\t<meta name=\"twitter:data2\" content=\"2 minutes\" \/>\n<script type=\"application\/ld+json\" class=\"yoast-schema-graph\">{\"@context\":\"https:\/\/schema.org\",\"@graph\":[{\"@type\":\"WebPage\",\"@id\":\"https:\/\/veritasinfo.org\/?p=13725\",\"url\":\"https:\/\/veritasinfo.org\/?p=13725\",\"name\":\"Inspektorati i Ministris\u00eb s\u00eb Mbrojtjes n\u00eb Gard\u00ebn Komb\u00ebtare t\u00eb Iowas -\",\"isPartOf\":{\"@id\":\"https:\/\/veritasinfo.org\/#website\"},\"primaryImageOfPage\":{\"@id\":\"https:\/\/veritasinfo.org\/?p=13725#primaryimage\"},\"image\":{\"@id\":\"https:\/\/veritasinfo.org\/?p=13725#primaryimage\"},\"thumbnailUrl\":\"https:\/\/veritasinfo.org\/wp-content\/uploads\/2025\/09\/705026-yPhM2xeOMv.jpg\",\"datePublished\":\"2025-09-25T11:55:51+00:00\",\"author\":{\"@id\":\"https:\/\/veritasinfo.org\/#\/schema\/person\/fe199eede04c3937362892b7444747cc\"},\"breadcrumb\":{\"@id\":\"https:\/\/veritasinfo.org\/?p=13725#breadcrumb\"},\"inLanguage\":\"en-US\",\"potentialAction\":[{\"@type\":\"ReadAction\",\"target\":[\"https:\/\/veritasinfo.org\/?p=13725\"]}]},{\"@type\":\"ImageObject\",\"inLanguage\":\"en-US\",\"@id\":\"https:\/\/veritasinfo.org\/?p=13725#primaryimage\",\"url\":\"https:\/\/veritasinfo.org\/wp-content\/uploads\/2025\/09\/705026-yPhM2xeOMv.jpg\",\"contentUrl\":\"https:\/\/veritasinfo.org\/wp-content\/uploads\/2025\/09\/705026-yPhM2xeOMv.jpg\",\"width\":780,\"height\":500},{\"@type\":\"BreadcrumbList\",\"@id\":\"https:\/\/veritasinfo.org\/?p=13725#breadcrumb\",\"itemListElement\":[{\"@type\":\"ListItem\",\"position\":1,\"name\":\"Home\",\"item\":\"https:\/\/veritasinfo.org\/\"},{\"@type\":\"ListItem\",\"position\":2,\"name\":\"Inspektorati i Ministris\u00eb s\u00eb Mbrojtjes n\u00eb Gard\u00ebn Komb\u00ebtare t\u00eb Iowas\"}]},{\"@type\":\"WebSite\",\"@id\":\"https:\/\/veritasinfo.org\/#website\",\"url\":\"https:\/\/veritasinfo.org\/\",\"name\":\"\",\"description\":\"\",\"potentialAction\":[{\"@type\":\"SearchAction\",\"target\":{\"@type\":\"EntryPoint\",\"urlTemplate\":\"https:\/\/veritasinfo.org\/?s={search_term_string}\"},\"query-input\":{\"@type\":\"PropertyValueSpecification\",\"valueRequired\":true,\"valueName\":\"search_term_string\"}}],\"inLanguage\":\"en-US\"},{\"@type\":\"Person\",\"@id\":\"https:\/\/veritasinfo.org\/#\/schema\/person\/fe199eede04c3937362892b7444747cc\",\"name\":\"US6\",\"image\":{\"@type\":\"ImageObject\",\"inLanguage\":\"en-US\",\"@id\":\"https:\/\/veritasinfo.org\/#\/schema\/person\/image\/\",\"url\":\"https:\/\/secure.gravatar.com\/avatar\/cb16c3c31c9d23b9b8c705964598220b3014e42ff51eb540ff23cefa3ae8c15f?s=96&d=mm&r=g\",\"contentUrl\":\"https:\/\/secure.gravatar.com\/avatar\/cb16c3c31c9d23b9b8c705964598220b3014e42ff51eb540ff23cefa3ae8c15f?s=96&d=mm&r=g\",\"caption\":\"US6\"},\"url\":\"https:\/\/veritasinfo.org\/?author=7\"}]}<\/script>\n<!-- \/ Yoast SEO plugin. -->","yoast_head_json":{"title":"Inspektorati i Ministris\u00eb s\u00eb Mbrojtjes n\u00eb Gard\u00ebn Komb\u00ebtare t\u00eb Iowas -","robots":{"index":"index","follow":"follow","max-snippet":"max-snippet:-1","max-image-preview":"max-image-preview:large","max-video-preview":"max-video-preview:-1"},"canonical":"https:\/\/veritasinfo.org\/?p=13725","og_locale":"en_US","og_type":"article","og_title":"Inspektorati i Ministris\u00eb s\u00eb Mbrojtjes n\u00eb Gard\u00ebn Komb\u00ebtare t\u00eb Iowas -","og_description":"Prishtin\u00eb, 25 shtator 2025 P\u00ebr nj\u00eb jav\u00eb rresht Inspektorati Gjeneral i Ministris\u00eb s\u00eb Mbrojtjes ka q\u00ebndruar n\u00eb Shtetet e Bashkuara t\u00eb Amerik\u00ebs. Ministria e Mbrojtjes","og_url":"https:\/\/veritasinfo.org\/?p=13725","article_published_time":"2025-09-25T11:55:51+00:00","og_image":[{"width":780,"height":500,"url":"https:\/\/veritasinfo.org\/wp-content\/uploads\/2025\/09\/705026-yPhM2xeOMv.jpg","type":"image\/jpeg"}],"author":"US6","twitter_card":"summary_large_image","twitter_misc":{"Written by":"US6","Est. reading time":"2 minutes"},"schema":{"@context":"https:\/\/schema.org","@graph":[{"@type":"WebPage","@id":"https:\/\/veritasinfo.org\/?p=13725","url":"https:\/\/veritasinfo.org\/?p=13725","name":"Inspektorati i Ministris\u00eb s\u00eb Mbrojtjes n\u00eb Gard\u00ebn Komb\u00ebtare t\u00eb Iowas -","isPartOf":{"@id":"https:\/\/veritasinfo.org\/#website"},"primaryImageOfPage":{"@id":"https:\/\/veritasinfo.org\/?p=13725#primaryimage"},"image":{"@id":"https:\/\/veritasinfo.org\/?p=13725#primaryimage"},"thumbnailUrl":"https:\/\/veritasinfo.org\/wp-content\/uploads\/2025\/09\/705026-yPhM2xeOMv.jpg","datePublished":"2025-09-25T11:55:51+00:00","author":{"@id":"https:\/\/veritasinfo.org\/#\/schema\/person\/fe199eede04c3937362892b7444747cc"},"breadcrumb":{"@id":"https:\/\/veritasinfo.org\/?p=13725#breadcrumb"},"inLanguage":"en-US","potentialAction":[{"@type":"ReadAction","target":["https:\/\/veritasinfo.org\/?p=13725"]}]},{"@type":"ImageObject","inLanguage":"en-US","@id":"https:\/\/veritasinfo.org\/?p=13725#primaryimage","url":"https:\/\/veritasinfo.org\/wp-content\/uploads\/2025\/09\/705026-yPhM2xeOMv.jpg","contentUrl":"https:\/\/veritasinfo.org\/wp-content\/uploads\/2025\/09\/705026-yPhM2xeOMv.jpg","width":780,"height":500},{"@type":"BreadcrumbList","@id":"https:\/\/veritasinfo.org\/?p=13725#breadcrumb","itemListElement":[{"@type":"ListItem","position":1,"name":"Home","item":"https:\/\/veritasinfo.org\/"},{"@type":"ListItem","position":2,"name":"Inspektorati i Ministris\u00eb s\u00eb Mbrojtjes n\u00eb Gard\u00ebn Komb\u00ebtare t\u00eb Iowas"}]},{"@type":"WebSite","@id":"https:\/\/veritasinfo.org\/#website","url":"https:\/\/veritasinfo.org\/","name":"","description":"","potentialAction":[{"@type":"SearchAction","target":{"@type":"EntryPoint","urlTemplate":"https:\/\/veritasinfo.org\/?s={search_term_string}"},"query-input":{"@type":"PropertyValueSpecification","valueRequired":true,"valueName":"search_term_string"}}],"inLanguage":"en-US"},{"@type":"Person","@id":"https:\/\/veritasinfo.org\/#\/schema\/person\/fe199eede04c3937362892b7444747cc","name":"US6","image":{"@type":"ImageObject","inLanguage":"en-US","@id":"https:\/\/veritasinfo.org\/#\/schema\/person\/image\/","url":"https:\/\/secure.gravatar.com\/avatar\/cb16c3c31c9d23b9b8c705964598220b3014e42ff51eb540ff23cefa3ae8c15f?s=96&d=mm&r=g","contentUrl":"https:\/\/secure.gravatar.com\/avatar\/cb16c3c31c9d23b9b8c705964598220b3014e42ff51eb540ff23cefa3ae8c15f?s=96&d=mm&r=g","caption":"US6"},"url":"https:\/\/veritasinfo.org\/?author=7"}]}},"featured_image_urls":{"full":["https:\/\/veritasinfo.org\/wp-content\/uploads\/2025\/09\/705026-yPhM2xeOMv.jpg",780,500,false],"thumbnail":["https:\/\/veritasinfo.org\/wp-content\/uploads\/2025\/09\/705026-yPhM2xeOMv-150x150.jpg",150,150,true],"medium":["https:\/\/veritasinfo.org\/wp-content\/uploads\/2025\/09\/705026-yPhM2xeOMv-300x192.jpg",300,192,true],"medium_large":["https:\/\/veritasinfo.org\/wp-content\/uploads\/2025\/09\/705026-yPhM2xeOMv-768x492.jpg",640,410,true],"large":["https:\/\/veritasinfo.org\/wp-content\/uploads\/2025\/09\/705026-yPhM2xeOMv.jpg",640,410,false],"1536x1536":["https:\/\/veritasinfo.org\/wp-content\/uploads\/2025\/09\/705026-yPhM2xeOMv.jpg",780,500,false],"2048x2048":["https:\/\/veritasinfo.org\/wp-content\/uploads\/2025\/09\/705026-yPhM2xeOMv.jpg",780,500,false],"kreeti-slider-full":["https:\/\/veritasinfo.org\/wp-content\/uploads\/2025\/09\/705026-yPhM2xeOMv.jpg",780,500,false],"kreeti-featured":["https:\/\/veritasinfo.org\/wp-content\/uploads\/2025\/09\/705026-yPhM2xeOMv.jpg",780,500,false],"kreeti-medium":["https:\/\/veritasinfo.org\/wp-content\/uploads\/2025\/09\/705026-yPhM2xeOMv.jpg",720,462,false],"kreeti-medium-square":["https:\/\/veritasinfo.org\/wp-content\/uploads\/2025\/09\/705026-yPhM2xeOMv.jpg",350,224,false]},"author_info":{"info":["US6"]},"category_info":"<a href=\"https:\/\/veritasinfo.org\/?cat=60\" rel=\"category\">Shoq\u00ebrore<\/a>","tag_info":"Shoq\u00ebrore","comment_count":"0","_links":{"self":[{"href":"https:\/\/veritasinfo.org\/index.php?rest_route=\/wp\/v2\/posts\/13725","targetHints":{"allow":["GET"]}}],"collection":[{"href":"https:\/\/veritasinfo.org\/index.php?rest_route=\/wp\/v2\/posts"}],"about":[{"href":"https:\/\/veritasinfo.org\/index.php?rest_route=\/wp\/v2\/types\/post"}],"author":[{"embeddable":true,"href":"https:\/\/veritasinfo.org\/index.php?rest_route=\/wp\/v2\/users\/7"}],"replies":[{"embeddable":true,"href":"https:\/\/veritasinfo.org\/index.php?rest_route=%2Fwp%2Fv2%2Fcomments&post=13725"}],"version-history":[{"count":1,"href":"https:\/\/veritasinfo.org\/index.php?rest_route=\/wp\/v2\/posts\/13725\/revisions"}],"predecessor-version":[{"id":13727,"href":"https:\/\/veritasinfo.org\/index.php?rest_route=\/wp\/v2\/posts\/13725\/revisions\/13727"}],"wp:featuredmedia":[{"embeddable":true,"href":"https:\/\/veritasinfo.org\/index.php?rest_route=\/wp\/v2\/media\/13726"}],"wp:attachment":[{"href":"https:\/\/veritasinfo.org\/index.php?rest_route=%2Fwp%2Fv2%2Fmedia&parent=13725"}],"wp:term":[{"taxonomy":"category","embeddable":true,"href":"https:\/\/veritasinfo.org\/index.php?rest_route=%2Fwp%2Fv2%2Fcategories&post=13725"},{"taxonomy":"post_tag","embeddable":true,"href":"https:\/\/veritasinfo.org\/index.php?rest_route=%2Fwp%2Fv2%2Ftags&post=13725"}],"curies":[{"name":"wp","href":"https:\/\/api.w.org\/{rel}","templated":true}]}}