{"id":13717,"date":"2025-09-25T13:17:36","date_gmt":"2025-09-25T11:17:36","guid":{"rendered":"https:\/\/veritasinfo.org\/?p=13717"},"modified":"2025-09-25T13:18:24","modified_gmt":"2025-09-25T11:18:24","slug":"osmani-takohet-me-kryeministrin-e-bangladeshit-flasin-per-perpjekjet-ne-skenen-nderkombetare","status":"publish","type":"post","link":"https:\/\/veritasinfo.org\/?p=13717","title":{"rendered":"Osmani takohet me kryeministrin e Bangladeshit, flasin p\u00ebr p\u00ebrpjekjet n\u00eb sken\u00ebn nd\u00ebrkomb\u00ebtare"},"content":{"rendered":"<p>Prishtin\u00eb 25 Shtator 2025<\/p>\n<p><strong>Presidentja e Kosov\u00ebs, Vjosa Osmani, ka zhvilluar nj\u00eb takim me Kryeministrin e Bangladeshit, Muhammad Yunus, ku kan\u00eb diskutuar p\u00ebr thellimin e marr\u00ebdh\u00ebnieve nd\u00ebrmjet dy vendeve.<\/strong><\/p>\n<p>Si\u00e7 njofton Osmani, n\u00eb k\u00ebt\u00eb takim u diskutua p\u00ebr forcimin e marr\u00ebdh\u00ebnieve nd\u00ebrmjet dy vendeve tona, si dhe mbi p\u00ebrpjekjet e p\u00ebrbashk\u00ebta n\u00eb sken\u00ebn nd\u00ebrkomb\u00ebtare.<\/p>\n<p>\u201cNe takim me Kryeministrin e Bangladeshit, Muhammad Yunus, diskutuam p\u00ebr forcimin e marr\u00ebdh\u00ebnieve nd\u00ebrmjet dy vendeve tona, si dhe mbi p\u00ebrpjekjet e p\u00ebrbashk\u00ebta n\u00eb sken\u00ebn nd\u00ebrkomb\u00ebtare\u201d, ka shkruar Osmani n\u00eb njoftimin e saj.<\/p>\n<p>Ajo shtoi se Kosova mbetet e p\u00ebrkushtuar p\u00ebr avancimin e bashk\u00ebpunimit nd\u00ebrshtet\u00ebror dhe shprehu mir\u00ebnjohjen e saj p\u00ebr mb\u00ebshtetjen e pal\u00ebkundur t\u00eb Bangladeshit.<\/p>\n<p>&nbsp;<\/p>\n<div id=\"taboola-sponsored-mid-article\" class=\"trc_related_container tbl-trecs-container trc_spotlight_widget trc_elastic trc_elastic_sc-ma-sinjali\" data-placement-name=\"Sponsored Mid Article\">\n<div id=\"vtaboola-sponsored-mid-article-video\">\n<div id=\"_cm-css-reset\" class=\"_cm-div\" data-tracked=\"true\"><\/div>\n<div id=\"_cm-css-reset\" class=\"_cm-single-inline\">\n<div class=\"_cm-inline-video\">\n<div id=\"_cm-css-reset\">\n<div id=\"_cm-css-reset\" class=\"_cm-video-ad vpaid-player-container\">\n<div id=\"0__cm-css-reset\" class=\"_cm-video-ad vpaid-player-container vpaid-handler\"><\/div>\n<\/div>\n<div id=\"_cm-close-area\" class=\"_cm-close-area\"><\/div>\n<div class=\"_cm-ad-choice\"><\/div>\n<\/div>\n<\/div>\n<\/div>\n<\/div>\n<div class=\"trc_rbox_container\">\n<div>\n<div id=\"trc_wrapper_5492753057\" class=\"trc_rbox sc-ma-sinjali trc-content-sponsored\">\n<div id=\"outer_5492753057\" class=\"trc_rbox_outer\">\n<div id=\"rbox-t2m\" class=\"trc_rbox_div trc_rbox_border_elm\">\n<div id=\"internal_trc_5492753057\">\n<div class=\"videoCube trc_spotlight_item origin-default textItem thumbnail_top videoCube_1_child syndicatedItem trc-first-recommendation trc-spotlight-first-recommendation trc_excludable\" data-item-id=\"~~V1~~-8323017327465812762~~6rgKZoaqj17WW9bY-F8xA8N0BxQJ0JRx8UL5wZYMpNvfvYilZJ8l8ltqk4R1AofsDIeekRjFSgtZuBvmsv4c7DT70hiDZAbBOqDiZV0LlYyPF8C2yPvlmbo_NIFLjI3JS9WSMslOjB0ueyZkTvBEG_O-jsvZJT0V3oomp4TF2xN8BNMVGPNcn9ZBvKI54gw4\" data-item-title=\"Learn More - How Watching Videos Can Boost Your Income\" data-item-thumb=\"https:\/\/cdn.taboola.com\/libtrc\/static\/thumbnails\/fb11765c035acbdcb531f8895604dfac.jpg\" data-item-syndicated=\"true\">\n<div class=\"thumbBlock_holder\"><\/div>\n<\/div>\n<\/div>\n<\/div>\n<\/div>\n<\/div>\n<\/div>\n<\/div>\n<\/div>\n","protected":false},"excerpt":{"rendered":"<p>Prishtin\u00eb 25 Shtator 2025 Presidentja e Kosov\u00ebs, Vjosa Osmani, ka zhvilluar nj\u00eb takim me Kryeministrin e Bangladeshit, Muhammad Yunus, ku kan\u00eb diskutuar p\u00ebr thellimin e<\/p>\n","protected":false},"author":6,"featured_media":13718,"comment_status":"open","ping_status":"open","sticky":false,"template":"","format":"standard","meta":{"footnotes":""},"categories":[60],"tags":[],"class_list":["post-13717","post","type-post","status-publish","format-standard","has-post-thumbnail","hentry","category-shoqerore-sq"],"yoast_head":"<!-- This site is optimized with the Yoast SEO plugin v25.3.1 - https:\/\/yoast.com\/wordpress\/plugins\/seo\/ -->\n<title>Osmani takohet me kryeministrin e Bangladeshit, flasin p\u00ebr p\u00ebrpjekjet n\u00eb sken\u00ebn nd\u00ebrkomb\u00ebtare -<\/title>\n<meta name=\"robots\" content=\"index, follow, max-snippet:-1, max-image-preview:large, max-video-preview:-1\" \/>\n<link rel=\"canonical\" href=\"https:\/\/veritasinfo.org\/?p=13717\" \/>\n<meta property=\"og:locale\" content=\"en_US\" \/>\n<meta property=\"og:type\" content=\"article\" \/>\n<meta property=\"og:title\" content=\"Osmani takohet me kryeministrin e Bangladeshit, flasin p\u00ebr p\u00ebrpjekjet n\u00eb sken\u00ebn nd\u00ebrkomb\u00ebtare -\" \/>\n<meta property=\"og:description\" content=\"Prishtin\u00eb 25 Shtator 2025 Presidentja e Kosov\u00ebs, Vjosa Osmani, ka zhvilluar nj\u00eb takim me Kryeministrin e Bangladeshit, Muhammad Yunus, ku kan\u00eb diskutuar p\u00ebr thellimin e\" \/>\n<meta property=\"og:url\" content=\"https:\/\/veritasinfo.org\/?p=13717\" \/>\n<meta property=\"article:published_time\" content=\"2025-09-25T11:17:36+00:00\" \/>\n<meta property=\"article:modified_time\" content=\"2025-09-25T11:18:24+00:00\" \/>\n<meta property=\"og:image\" content=\"https:\/\/veritasinfo.org\/wp-content\/uploads\/2025\/09\/555462193_1333424131475456_3152347784544228496_n.jpg\" \/>\n\t<meta property=\"og:image:width\" content=\"2048\" \/>\n\t<meta property=\"og:image:height\" content=\"1368\" \/>\n\t<meta property=\"og:image:type\" content=\"image\/jpeg\" \/>\n<meta name=\"author\" content=\"US5\" \/>\n<meta name=\"twitter:card\" content=\"summary_large_image\" \/>\n<meta name=\"twitter:label1\" content=\"Written by\" \/>\n\t<meta name=\"twitter:data1\" content=\"US5\" \/>\n\t<meta name=\"twitter:label2\" content=\"Est. reading time\" \/>\n\t<meta name=\"twitter:data2\" content=\"1 minute\" \/>\n<script type=\"application\/ld+json\" class=\"yoast-schema-graph\">{\"@context\":\"https:\/\/schema.org\",\"@graph\":[{\"@type\":\"WebPage\",\"@id\":\"https:\/\/veritasinfo.org\/?p=13717\",\"url\":\"https:\/\/veritasinfo.org\/?p=13717\",\"name\":\"Osmani takohet me kryeministrin e Bangladeshit, flasin p\u00ebr p\u00ebrpjekjet n\u00eb sken\u00ebn nd\u00ebrkomb\u00ebtare -\",\"isPartOf\":{\"@id\":\"https:\/\/veritasinfo.org\/#website\"},\"primaryImageOfPage\":{\"@id\":\"https:\/\/veritasinfo.org\/?p=13717#primaryimage\"},\"image\":{\"@id\":\"https:\/\/veritasinfo.org\/?p=13717#primaryimage\"},\"thumbnailUrl\":\"https:\/\/veritasinfo.org\/wp-content\/uploads\/2025\/09\/555462193_1333424131475456_3152347784544228496_n.jpg\",\"datePublished\":\"2025-09-25T11:17:36+00:00\",\"dateModified\":\"2025-09-25T11:18:24+00:00\",\"author\":{\"@id\":\"https:\/\/veritasinfo.org\/#\/schema\/person\/bc442336e35414d04494ab8fb45db4c6\"},\"breadcrumb\":{\"@id\":\"https:\/\/veritasinfo.org\/?p=13717#breadcrumb\"},\"inLanguage\":\"en-US\",\"potentialAction\":[{\"@type\":\"ReadAction\",\"target\":[\"https:\/\/veritasinfo.org\/?p=13717\"]}]},{\"@type\":\"ImageObject\",\"inLanguage\":\"en-US\",\"@id\":\"https:\/\/veritasinfo.org\/?p=13717#primaryimage\",\"url\":\"https:\/\/veritasinfo.org\/wp-content\/uploads\/2025\/09\/555462193_1333424131475456_3152347784544228496_n.jpg\",\"contentUrl\":\"https:\/\/veritasinfo.org\/wp-content\/uploads\/2025\/09\/555462193_1333424131475456_3152347784544228496_n.jpg\",\"width\":2048,\"height\":1368},{\"@type\":\"BreadcrumbList\",\"@id\":\"https:\/\/veritasinfo.org\/?p=13717#breadcrumb\",\"itemListElement\":[{\"@type\":\"ListItem\",\"position\":1,\"name\":\"Home\",\"item\":\"https:\/\/veritasinfo.org\/\"},{\"@type\":\"ListItem\",\"position\":2,\"name\":\"Osmani takohet me kryeministrin e Bangladeshit, flasin p\u00ebr p\u00ebrpjekjet n\u00eb sken\u00ebn nd\u00ebrkomb\u00ebtare\"}]},{\"@type\":\"WebSite\",\"@id\":\"https:\/\/veritasinfo.org\/#website\",\"url\":\"https:\/\/veritasinfo.org\/\",\"name\":\"\",\"description\":\"\",\"potentialAction\":[{\"@type\":\"SearchAction\",\"target\":{\"@type\":\"EntryPoint\",\"urlTemplate\":\"https:\/\/veritasinfo.org\/?s={search_term_string}\"},\"query-input\":{\"@type\":\"PropertyValueSpecification\",\"valueRequired\":true,\"valueName\":\"search_term_string\"}}],\"inLanguage\":\"en-US\"},{\"@type\":\"Person\",\"@id\":\"https:\/\/veritasinfo.org\/#\/schema\/person\/bc442336e35414d04494ab8fb45db4c6\",\"name\":\"US5\",\"image\":{\"@type\":\"ImageObject\",\"inLanguage\":\"en-US\",\"@id\":\"https:\/\/veritasinfo.org\/#\/schema\/person\/image\/\",\"url\":\"https:\/\/secure.gravatar.com\/avatar\/16a61e7272a0c5d001121ebb9e60e925d5816e4ac1e443ed3e640d9a6ae55d0c?s=96&d=mm&r=g\",\"contentUrl\":\"https:\/\/secure.gravatar.com\/avatar\/16a61e7272a0c5d001121ebb9e60e925d5816e4ac1e443ed3e640d9a6ae55d0c?s=96&d=mm&r=g\",\"caption\":\"US5\"},\"url\":\"https:\/\/veritasinfo.org\/?author=6\"}]}<\/script>\n<!-- \/ Yoast SEO plugin. -->","yoast_head_json":{"title":"Osmani takohet me kryeministrin e Bangladeshit, flasin p\u00ebr p\u00ebrpjekjet n\u00eb sken\u00ebn nd\u00ebrkomb\u00ebtare -","robots":{"index":"index","follow":"follow","max-snippet":"max-snippet:-1","max-image-preview":"max-image-preview:large","max-video-preview":"max-video-preview:-1"},"canonical":"https:\/\/veritasinfo.org\/?p=13717","og_locale":"en_US","og_type":"article","og_title":"Osmani takohet me kryeministrin e Bangladeshit, flasin p\u00ebr p\u00ebrpjekjet n\u00eb sken\u00ebn nd\u00ebrkomb\u00ebtare -","og_description":"Prishtin\u00eb 25 Shtator 2025 Presidentja e Kosov\u00ebs, Vjosa Osmani, ka zhvilluar nj\u00eb takim me Kryeministrin e Bangladeshit, Muhammad Yunus, ku kan\u00eb diskutuar p\u00ebr thellimin e","og_url":"https:\/\/veritasinfo.org\/?p=13717","article_published_time":"2025-09-25T11:17:36+00:00","article_modified_time":"2025-09-25T11:18:24+00:00","og_image":[{"width":2048,"height":1368,"url":"https:\/\/veritasinfo.org\/wp-content\/uploads\/2025\/09\/555462193_1333424131475456_3152347784544228496_n.jpg","type":"image\/jpeg"}],"author":"US5","twitter_card":"summary_large_image","twitter_misc":{"Written by":"US5","Est. reading time":"1 minute"},"schema":{"@context":"https:\/\/schema.org","@graph":[{"@type":"WebPage","@id":"https:\/\/veritasinfo.org\/?p=13717","url":"https:\/\/veritasinfo.org\/?p=13717","name":"Osmani takohet me kryeministrin e Bangladeshit, flasin p\u00ebr p\u00ebrpjekjet n\u00eb sken\u00ebn nd\u00ebrkomb\u00ebtare -","isPartOf":{"@id":"https:\/\/veritasinfo.org\/#website"},"primaryImageOfPage":{"@id":"https:\/\/veritasinfo.org\/?p=13717#primaryimage"},"image":{"@id":"https:\/\/veritasinfo.org\/?p=13717#primaryimage"},"thumbnailUrl":"https:\/\/veritasinfo.org\/wp-content\/uploads\/2025\/09\/555462193_1333424131475456_3152347784544228496_n.jpg","datePublished":"2025-09-25T11:17:36+00:00","dateModified":"2025-09-25T11:18:24+00:00","author":{"@id":"https:\/\/veritasinfo.org\/#\/schema\/person\/bc442336e35414d04494ab8fb45db4c6"},"breadcrumb":{"@id":"https:\/\/veritasinfo.org\/?p=13717#breadcrumb"},"inLanguage":"en-US","potentialAction":[{"@type":"ReadAction","target":["https:\/\/veritasinfo.org\/?p=13717"]}]},{"@type":"ImageObject","inLanguage":"en-US","@id":"https:\/\/veritasinfo.org\/?p=13717#primaryimage","url":"https:\/\/veritasinfo.org\/wp-content\/uploads\/2025\/09\/555462193_1333424131475456_3152347784544228496_n.jpg","contentUrl":"https:\/\/veritasinfo.org\/wp-content\/uploads\/2025\/09\/555462193_1333424131475456_3152347784544228496_n.jpg","width":2048,"height":1368},{"@type":"BreadcrumbList","@id":"https:\/\/veritasinfo.org\/?p=13717#breadcrumb","itemListElement":[{"@type":"ListItem","position":1,"name":"Home","item":"https:\/\/veritasinfo.org\/"},{"@type":"ListItem","position":2,"name":"Osmani takohet me kryeministrin e Bangladeshit, flasin p\u00ebr p\u00ebrpjekjet n\u00eb sken\u00ebn nd\u00ebrkomb\u00ebtare"}]},{"@type":"WebSite","@id":"https:\/\/veritasinfo.org\/#website","url":"https:\/\/veritasinfo.org\/","name":"","description":"","potentialAction":[{"@type":"SearchAction","target":{"@type":"EntryPoint","urlTemplate":"https:\/\/veritasinfo.org\/?s={search_term_string}"},"query-input":{"@type":"PropertyValueSpecification","valueRequired":true,"valueName":"search_term_string"}}],"inLanguage":"en-US"},{"@type":"Person","@id":"https:\/\/veritasinfo.org\/#\/schema\/person\/bc442336e35414d04494ab8fb45db4c6","name":"US5","image":{"@type":"ImageObject","inLanguage":"en-US","@id":"https:\/\/veritasinfo.org\/#\/schema\/person\/image\/","url":"https:\/\/secure.gravatar.com\/avatar\/16a61e7272a0c5d001121ebb9e60e925d5816e4ac1e443ed3e640d9a6ae55d0c?s=96&d=mm&r=g","contentUrl":"https:\/\/secure.gravatar.com\/avatar\/16a61e7272a0c5d001121ebb9e60e925d5816e4ac1e443ed3e640d9a6ae55d0c?s=96&d=mm&r=g","caption":"US5"},"url":"https:\/\/veritasinfo.org\/?author=6"}]}},"featured_image_urls":{"full":["https:\/\/veritasinfo.org\/wp-content\/uploads\/2025\/09\/555462193_1333424131475456_3152347784544228496_n.jpg",2048,1368,false],"thumbnail":["https:\/\/veritasinfo.org\/wp-content\/uploads\/2025\/09\/555462193_1333424131475456_3152347784544228496_n-150x150.jpg",150,150,true],"medium":["https:\/\/veritasinfo.org\/wp-content\/uploads\/2025\/09\/555462193_1333424131475456_3152347784544228496_n-300x200.jpg",300,200,true],"medium_large":["https:\/\/veritasinfo.org\/wp-content\/uploads\/2025\/09\/555462193_1333424131475456_3152347784544228496_n-768x513.jpg",640,428,true],"large":["https:\/\/veritasinfo.org\/wp-content\/uploads\/2025\/09\/555462193_1333424131475456_3152347784544228496_n-1024x684.jpg",640,428,true],"1536x1536":["https:\/\/veritasinfo.org\/wp-content\/uploads\/2025\/09\/555462193_1333424131475456_3152347784544228496_n-1536x1026.jpg",1536,1026,true],"2048x2048":["https:\/\/veritasinfo.org\/wp-content\/uploads\/2025\/09\/555462193_1333424131475456_3152347784544228496_n.jpg",2048,1368,false],"kreeti-slider-full":["https:\/\/veritasinfo.org\/wp-content\/uploads\/2025\/09\/555462193_1333424131475456_3152347784544228496_n.jpg",1078,720,false],"kreeti-featured":["https:\/\/veritasinfo.org\/wp-content\/uploads\/2025\/09\/555462193_1333424131475456_3152347784544228496_n.jpg",1024,684,false],"kreeti-medium":["https:\/\/veritasinfo.org\/wp-content\/uploads\/2025\/09\/555462193_1333424131475456_3152347784544228496_n.jpg",720,481,false],"kreeti-medium-square":["https:\/\/veritasinfo.org\/wp-content\/uploads\/2025\/09\/555462193_1333424131475456_3152347784544228496_n.jpg",350,234,false]},"author_info":{"info":["US5"]},"category_info":"<a href=\"https:\/\/veritasinfo.org\/?cat=60\" rel=\"category\">Shoq\u00ebrore<\/a>","tag_info":"Shoq\u00ebrore","comment_count":"0","_links":{"self":[{"href":"https:\/\/veritasinfo.org\/index.php?rest_route=\/wp\/v2\/posts\/13717","targetHints":{"allow":["GET"]}}],"collection":[{"href":"https:\/\/veritasinfo.org\/index.php?rest_route=\/wp\/v2\/posts"}],"about":[{"href":"https:\/\/veritasinfo.org\/index.php?rest_route=\/wp\/v2\/types\/post"}],"author":[{"embeddable":true,"href":"https:\/\/veritasinfo.org\/index.php?rest_route=\/wp\/v2\/users\/6"}],"replies":[{"embeddable":true,"href":"https:\/\/veritasinfo.org\/index.php?rest_route=%2Fwp%2Fv2%2Fcomments&post=13717"}],"version-history":[{"count":2,"href":"https:\/\/veritasinfo.org\/index.php?rest_route=\/wp\/v2\/posts\/13717\/revisions"}],"predecessor-version":[{"id":13722,"href":"https:\/\/veritasinfo.org\/index.php?rest_route=\/wp\/v2\/posts\/13717\/revisions\/13722"}],"wp:featuredmedia":[{"embeddable":true,"href":"https:\/\/veritasinfo.org\/index.php?rest_route=\/wp\/v2\/media\/13718"}],"wp:attachment":[{"href":"https:\/\/veritasinfo.org\/index.php?rest_route=%2Fwp%2Fv2%2Fmedia&parent=13717"}],"wp:term":[{"taxonomy":"category","embeddable":true,"href":"https:\/\/veritasinfo.org\/index.php?rest_route=%2Fwp%2Fv2%2Fcategories&post=13717"},{"taxonomy":"post_tag","embeddable":true,"href":"https:\/\/veritasinfo.org\/index.php?rest_route=%2Fwp%2Fv2%2Ftags&post=13717"}],"curies":[{"name":"wp","href":"https:\/\/api.w.org\/{rel}","templated":true}]}}