{"id":13710,"date":"2025-09-25T12:42:31","date_gmt":"2025-09-25T10:42:31","guid":{"rendered":"https:\/\/veritasinfo.org\/?p=13710"},"modified":"2025-09-25T12:42:31","modified_gmt":"2025-09-25T10:42:31","slug":"vlada-srbije-i-srpska-lista-bez-reakcije-na-slucaj-od-24-septembra-u-banjskoj","status":"publish","type":"post","link":"https:\/\/veritasinfo.org\/?p=13710&lang=sr","title":{"rendered":"Vlada Srbije i Srpska lista bez reakcije na slu\u010daj od 24. septembra u Banjskoj"},"content":{"rendered":"<p>Pri\u0161tina 25 Septembar 2025<\/p>\n<p data-start=\"76\" data-end=\"269\">Iako je pre dve godine, 24. septembra, u Banjskoj kod Zve\u010dana herojski pao narednik Kosovske policije, Afrim Bunjaku, ni Vlada Srbije ni Srpska lista jo\u0161 uvek nisu osudili teroristi\u010dki napad.<\/p>\n<p data-start=\"271\" data-end=\"476\">Ju\u010de je obele\u017eena godi\u0161njica napada od 24. septembra u Banjskoj kod Zve\u010dana, u kojem je \u017eivot izgubio narednik Kosovske policije, Afrim Bunjaku, tokom naoru\u017eanog napada na institucije bezbednosti Kosova.<\/p>\n<p data-start=\"478\" data-end=\"671\">Iako je doga\u0111aj okarakterisan kao akt agresije i jedan od najte\u017eih napada na red i zakon u zemlji, do sada nije zabele\u017eena nikakva reakcija ili osuda od strane Vlade Srbije niti Srpske liste.<\/p>\n<p data-start=\"673\" data-end=\"823\">Institucije Kosova odale su po\u010dast \u017ertvi narednika Bunjakua i ponovile pozive za pravdu, tra\u017ee\u0107i da po\u010dinioci napada budu izvedeni pred lice pravde.<\/p>\n<p data-start=\"825\" data-end=\"927\">U me\u0111uvremenu, glavni izvr\u0161ilac teroristi\u010dkog napada u Banjskoj i dalje se kre\u0107e slobodno po Srbiji.<\/p>\n<p data-start=\"929\" data-end=\"1182\">Iako je Specijalno tu\u017eila\u0161tvo Kosova podiglo optu\u017enicu 11. septembra 2024. godine, 42 optu\u017eena za ovaj napad, na \u010delu sa Milanom Radoi\u010di\u0107em, i dalje su u bekstvu, dok se troje drugih optu\u017eenih, uhap\u0161eno od strane Kosovske policije, suo\u010dava sa pravdom.<\/p>\n<p data-start=\"1184\" data-end=\"1285\">Za 42 optu\u017eena koja su u bekstvu, Osnovni sud u Pri\u0161tini izdao je me\u0111unarodne poternice, navodi KP.<\/p>\n<p data-start=\"1287\" data-end=\"1436\">Su\u0111enje Blagojru Spasojevi\u0107u, Vladimiru Toli\u0107u i Du\u0161anu Maksimovi\u0107u po\u010delo je 17. aprila ove godine, dok su sva trojica optu\u017eenih negirala krivicu.<\/p>\n","protected":false},"excerpt":{"rendered":"<p>Pri\u0161tina 25 Septembar 2025 Iako je pre dve godine, 24. septembra, u Banjskoj kod Zve\u010dana herojski pao narednik Kosovske policije, Afrim Bunjaku, ni Vlada Srbije<\/p>\n","protected":false},"author":6,"featured_media":13708,"comment_status":"open","ping_status":"open","sticky":false,"template":"","format":"standard","meta":{"footnotes":""},"categories":[24],"tags":[],"class_list":["post-13710","post","type-post","status-publish","format-standard","has-post-thumbnail","hentry","category-uncategorized-sr"],"yoast_head":"<!-- This site is optimized with the Yoast SEO plugin v25.3.1 - https:\/\/yoast.com\/wordpress\/plugins\/seo\/ -->\n<title>Vlada Srbije i Srpska lista bez reakcije na slu\u010daj od 24. septembra u Banjskoj -<\/title>\n<meta name=\"robots\" content=\"index, follow, max-snippet:-1, max-image-preview:large, max-video-preview:-1\" \/>\n<link rel=\"canonical\" href=\"https:\/\/veritasinfo.org\/?p=13710&lang=sr\" \/>\n<meta property=\"og:locale\" content=\"en_US\" \/>\n<meta property=\"og:type\" content=\"article\" \/>\n<meta property=\"og:title\" content=\"Vlada Srbije i Srpska lista bez reakcije na slu\u010daj od 24. septembra u Banjskoj -\" \/>\n<meta property=\"og:description\" content=\"Pri\u0161tina 25 Septembar 2025 Iako je pre dve godine, 24. septembra, u Banjskoj kod Zve\u010dana herojski pao narednik Kosovske policije, Afrim Bunjaku, ni Vlada Srbije\" \/>\n<meta property=\"og:url\" content=\"https:\/\/veritasinfo.org\/?p=13710&amp;lang=sr\" \/>\n<meta property=\"article:published_time\" content=\"2025-09-25T10:42:31+00:00\" \/>\n<meta property=\"og:image\" content=\"https:\/\/veritasinfo.org\/wp-content\/uploads\/2025\/09\/auto_auto_Banjska-raporti-UNMIK17587302851758736395.jpg\" \/>\n\t<meta property=\"og:image:width\" content=\"850\" \/>\n\t<meta property=\"og:image:height\" content=\"409\" \/>\n\t<meta property=\"og:image:type\" content=\"image\/jpeg\" \/>\n<meta name=\"author\" content=\"US5\" \/>\n<meta name=\"twitter:card\" content=\"summary_large_image\" \/>\n<meta name=\"twitter:label1\" content=\"Written by\" \/>\n\t<meta name=\"twitter:data1\" content=\"US5\" \/>\n\t<meta name=\"twitter:label2\" content=\"Est. reading time\" \/>\n\t<meta name=\"twitter:data2\" content=\"2 minutes\" \/>\n<script type=\"application\/ld+json\" class=\"yoast-schema-graph\">{\"@context\":\"https:\/\/schema.org\",\"@graph\":[{\"@type\":\"WebPage\",\"@id\":\"https:\/\/veritasinfo.org\/?p=13710&lang=sr\",\"url\":\"https:\/\/veritasinfo.org\/?p=13710&lang=sr\",\"name\":\"Vlada Srbije i Srpska lista bez reakcije na slu\u010daj od 24. septembra u Banjskoj -\",\"isPartOf\":{\"@id\":\"https:\/\/veritasinfo.org\/#website\"},\"primaryImageOfPage\":{\"@id\":\"https:\/\/veritasinfo.org\/?p=13710&lang=sr#primaryimage\"},\"image\":{\"@id\":\"https:\/\/veritasinfo.org\/?p=13710&lang=sr#primaryimage\"},\"thumbnailUrl\":\"https:\/\/veritasinfo.org\/wp-content\/uploads\/2025\/09\/auto_auto_Banjska-raporti-UNMIK17587302851758736395.jpg\",\"datePublished\":\"2025-09-25T10:42:31+00:00\",\"author\":{\"@id\":\"https:\/\/veritasinfo.org\/#\/schema\/person\/bc442336e35414d04494ab8fb45db4c6\"},\"breadcrumb\":{\"@id\":\"https:\/\/veritasinfo.org\/?p=13710&lang=sr#breadcrumb\"},\"inLanguage\":\"en-US\",\"potentialAction\":[{\"@type\":\"ReadAction\",\"target\":[\"https:\/\/veritasinfo.org\/?p=13710&lang=sr\"]}]},{\"@type\":\"ImageObject\",\"inLanguage\":\"en-US\",\"@id\":\"https:\/\/veritasinfo.org\/?p=13710&lang=sr#primaryimage\",\"url\":\"https:\/\/veritasinfo.org\/wp-content\/uploads\/2025\/09\/auto_auto_Banjska-raporti-UNMIK17587302851758736395.jpg\",\"contentUrl\":\"https:\/\/veritasinfo.org\/wp-content\/uploads\/2025\/09\/auto_auto_Banjska-raporti-UNMIK17587302851758736395.jpg\",\"width\":850,\"height\":409},{\"@type\":\"BreadcrumbList\",\"@id\":\"https:\/\/veritasinfo.org\/?p=13710&lang=sr#breadcrumb\",\"itemListElement\":[{\"@type\":\"ListItem\",\"position\":1,\"name\":\"Home\",\"item\":\"https:\/\/veritasinfo.org\/\"},{\"@type\":\"ListItem\",\"position\":2,\"name\":\"Vlada Srbije i Srpska lista bez reakcije na slu\u010daj od 24. septembra u Banjskoj\"}]},{\"@type\":\"WebSite\",\"@id\":\"https:\/\/veritasinfo.org\/#website\",\"url\":\"https:\/\/veritasinfo.org\/\",\"name\":\"\",\"description\":\"\",\"potentialAction\":[{\"@type\":\"SearchAction\",\"target\":{\"@type\":\"EntryPoint\",\"urlTemplate\":\"https:\/\/veritasinfo.org\/?s={search_term_string}\"},\"query-input\":{\"@type\":\"PropertyValueSpecification\",\"valueRequired\":true,\"valueName\":\"search_term_string\"}}],\"inLanguage\":\"en-US\"},{\"@type\":\"Person\",\"@id\":\"https:\/\/veritasinfo.org\/#\/schema\/person\/bc442336e35414d04494ab8fb45db4c6\",\"name\":\"US5\",\"image\":{\"@type\":\"ImageObject\",\"inLanguage\":\"en-US\",\"@id\":\"https:\/\/veritasinfo.org\/#\/schema\/person\/image\/\",\"url\":\"https:\/\/secure.gravatar.com\/avatar\/16a61e7272a0c5d001121ebb9e60e925d5816e4ac1e443ed3e640d9a6ae55d0c?s=96&d=mm&r=g\",\"contentUrl\":\"https:\/\/secure.gravatar.com\/avatar\/16a61e7272a0c5d001121ebb9e60e925d5816e4ac1e443ed3e640d9a6ae55d0c?s=96&d=mm&r=g\",\"caption\":\"US5\"},\"url\":\"https:\/\/veritasinfo.org\/?author=6\"}]}<\/script>\n<!-- \/ Yoast SEO plugin. -->","yoast_head_json":{"title":"Vlada Srbije i Srpska lista bez reakcije na slu\u010daj od 24. septembra u Banjskoj -","robots":{"index":"index","follow":"follow","max-snippet":"max-snippet:-1","max-image-preview":"max-image-preview:large","max-video-preview":"max-video-preview:-1"},"canonical":"https:\/\/veritasinfo.org\/?p=13710&lang=sr","og_locale":"en_US","og_type":"article","og_title":"Vlada Srbije i Srpska lista bez reakcije na slu\u010daj od 24. septembra u Banjskoj -","og_description":"Pri\u0161tina 25 Septembar 2025 Iako je pre dve godine, 24. septembra, u Banjskoj kod Zve\u010dana herojski pao narednik Kosovske policije, Afrim Bunjaku, ni Vlada Srbije","og_url":"https:\/\/veritasinfo.org\/?p=13710&lang=sr","article_published_time":"2025-09-25T10:42:31+00:00","og_image":[{"width":850,"height":409,"url":"https:\/\/veritasinfo.org\/wp-content\/uploads\/2025\/09\/auto_auto_Banjska-raporti-UNMIK17587302851758736395.jpg","type":"image\/jpeg"}],"author":"US5","twitter_card":"summary_large_image","twitter_misc":{"Written by":"US5","Est. reading time":"2 minutes"},"schema":{"@context":"https:\/\/schema.org","@graph":[{"@type":"WebPage","@id":"https:\/\/veritasinfo.org\/?p=13710&lang=sr","url":"https:\/\/veritasinfo.org\/?p=13710&lang=sr","name":"Vlada Srbije i Srpska lista bez reakcije na slu\u010daj od 24. septembra u Banjskoj -","isPartOf":{"@id":"https:\/\/veritasinfo.org\/#website"},"primaryImageOfPage":{"@id":"https:\/\/veritasinfo.org\/?p=13710&lang=sr#primaryimage"},"image":{"@id":"https:\/\/veritasinfo.org\/?p=13710&lang=sr#primaryimage"},"thumbnailUrl":"https:\/\/veritasinfo.org\/wp-content\/uploads\/2025\/09\/auto_auto_Banjska-raporti-UNMIK17587302851758736395.jpg","datePublished":"2025-09-25T10:42:31+00:00","author":{"@id":"https:\/\/veritasinfo.org\/#\/schema\/person\/bc442336e35414d04494ab8fb45db4c6"},"breadcrumb":{"@id":"https:\/\/veritasinfo.org\/?p=13710&lang=sr#breadcrumb"},"inLanguage":"en-US","potentialAction":[{"@type":"ReadAction","target":["https:\/\/veritasinfo.org\/?p=13710&lang=sr"]}]},{"@type":"ImageObject","inLanguage":"en-US","@id":"https:\/\/veritasinfo.org\/?p=13710&lang=sr#primaryimage","url":"https:\/\/veritasinfo.org\/wp-content\/uploads\/2025\/09\/auto_auto_Banjska-raporti-UNMIK17587302851758736395.jpg","contentUrl":"https:\/\/veritasinfo.org\/wp-content\/uploads\/2025\/09\/auto_auto_Banjska-raporti-UNMIK17587302851758736395.jpg","width":850,"height":409},{"@type":"BreadcrumbList","@id":"https:\/\/veritasinfo.org\/?p=13710&lang=sr#breadcrumb","itemListElement":[{"@type":"ListItem","position":1,"name":"Home","item":"https:\/\/veritasinfo.org\/"},{"@type":"ListItem","position":2,"name":"Vlada Srbije i Srpska lista bez reakcije na slu\u010daj od 24. septembra u Banjskoj"}]},{"@type":"WebSite","@id":"https:\/\/veritasinfo.org\/#website","url":"https:\/\/veritasinfo.org\/","name":"","description":"","potentialAction":[{"@type":"SearchAction","target":{"@type":"EntryPoint","urlTemplate":"https:\/\/veritasinfo.org\/?s={search_term_string}"},"query-input":{"@type":"PropertyValueSpecification","valueRequired":true,"valueName":"search_term_string"}}],"inLanguage":"en-US"},{"@type":"Person","@id":"https:\/\/veritasinfo.org\/#\/schema\/person\/bc442336e35414d04494ab8fb45db4c6","name":"US5","image":{"@type":"ImageObject","inLanguage":"en-US","@id":"https:\/\/veritasinfo.org\/#\/schema\/person\/image\/","url":"https:\/\/secure.gravatar.com\/avatar\/16a61e7272a0c5d001121ebb9e60e925d5816e4ac1e443ed3e640d9a6ae55d0c?s=96&d=mm&r=g","contentUrl":"https:\/\/secure.gravatar.com\/avatar\/16a61e7272a0c5d001121ebb9e60e925d5816e4ac1e443ed3e640d9a6ae55d0c?s=96&d=mm&r=g","caption":"US5"},"url":"https:\/\/veritasinfo.org\/?author=6"}]}},"featured_image_urls":{"full":["https:\/\/veritasinfo.org\/wp-content\/uploads\/2025\/09\/auto_auto_Banjska-raporti-UNMIK17587302851758736395.jpg",850,409,false],"thumbnail":["https:\/\/veritasinfo.org\/wp-content\/uploads\/2025\/09\/auto_auto_Banjska-raporti-UNMIK17587302851758736395-150x150.jpg",150,150,true],"medium":["https:\/\/veritasinfo.org\/wp-content\/uploads\/2025\/09\/auto_auto_Banjska-raporti-UNMIK17587302851758736395-300x144.jpg",300,144,true],"medium_large":["https:\/\/veritasinfo.org\/wp-content\/uploads\/2025\/09\/auto_auto_Banjska-raporti-UNMIK17587302851758736395-768x370.jpg",640,308,true],"large":["https:\/\/veritasinfo.org\/wp-content\/uploads\/2025\/09\/auto_auto_Banjska-raporti-UNMIK17587302851758736395.jpg",640,308,false],"1536x1536":["https:\/\/veritasinfo.org\/wp-content\/uploads\/2025\/09\/auto_auto_Banjska-raporti-UNMIK17587302851758736395.jpg",850,409,false],"2048x2048":["https:\/\/veritasinfo.org\/wp-content\/uploads\/2025\/09\/auto_auto_Banjska-raporti-UNMIK17587302851758736395.jpg",850,409,false],"kreeti-slider-full":["https:\/\/veritasinfo.org\/wp-content\/uploads\/2025\/09\/auto_auto_Banjska-raporti-UNMIK17587302851758736395.jpg",850,409,false],"kreeti-featured":["https:\/\/veritasinfo.org\/wp-content\/uploads\/2025\/09\/auto_auto_Banjska-raporti-UNMIK17587302851758736395.jpg",850,409,false],"kreeti-medium":["https:\/\/veritasinfo.org\/wp-content\/uploads\/2025\/09\/auto_auto_Banjska-raporti-UNMIK17587302851758736395.jpg",720,346,false],"kreeti-medium-square":["https:\/\/veritasinfo.org\/wp-content\/uploads\/2025\/09\/auto_auto_Banjska-raporti-UNMIK17587302851758736395.jpg",350,168,false]},"author_info":{"info":["US5"]},"category_info":"<a href=\"https:\/\/veritasinfo.org\/?cat=24&#038;lang=sr\" rel=\"category\">Uncategorized<\/a>","tag_info":"Uncategorized","comment_count":"0","_links":{"self":[{"href":"https:\/\/veritasinfo.org\/index.php?rest_route=\/wp\/v2\/posts\/13710","targetHints":{"allow":["GET"]}}],"collection":[{"href":"https:\/\/veritasinfo.org\/index.php?rest_route=\/wp\/v2\/posts"}],"about":[{"href":"https:\/\/veritasinfo.org\/index.php?rest_route=\/wp\/v2\/types\/post"}],"author":[{"embeddable":true,"href":"https:\/\/veritasinfo.org\/index.php?rest_route=\/wp\/v2\/users\/6"}],"replies":[{"embeddable":true,"href":"https:\/\/veritasinfo.org\/index.php?rest_route=%2Fwp%2Fv2%2Fcomments&post=13710"}],"version-history":[{"count":1,"href":"https:\/\/veritasinfo.org\/index.php?rest_route=\/wp\/v2\/posts\/13710\/revisions"}],"predecessor-version":[{"id":13711,"href":"https:\/\/veritasinfo.org\/index.php?rest_route=\/wp\/v2\/posts\/13710\/revisions\/13711"}],"wp:featuredmedia":[{"embeddable":true,"href":"https:\/\/veritasinfo.org\/index.php?rest_route=\/wp\/v2\/media\/13708"}],"wp:attachment":[{"href":"https:\/\/veritasinfo.org\/index.php?rest_route=%2Fwp%2Fv2%2Fmedia&parent=13710"}],"wp:term":[{"taxonomy":"category","embeddable":true,"href":"https:\/\/veritasinfo.org\/index.php?rest_route=%2Fwp%2Fv2%2Fcategories&post=13710"},{"taxonomy":"post_tag","embeddable":true,"href":"https:\/\/veritasinfo.org\/index.php?rest_route=%2Fwp%2Fv2%2Ftags&post=13710"}],"curies":[{"name":"wp","href":"https:\/\/api.w.org\/{rel}","templated":true}]}}