{"id":1371,"date":"2025-06-23T14:31:32","date_gmt":"2025-06-23T12:31:32","guid":{"rendered":"https:\/\/veritasinfo.org\/?p=1371"},"modified":"2025-06-23T14:31:32","modified_gmt":"2025-06-23T12:31:32","slug":"arsenijevic-vraticu-se-na-kosovo-kada-mi-bude-obezbedjeno-posteno-sudjenje","status":"publish","type":"post","link":"https:\/\/veritasinfo.org\/?p=1371&lang=sr","title":{"rendered":"Arsenijevi\u0107: Vrati\u0107u se na Kosovo kada mi bude obezbe\u0111eno po\u0161teno su\u0111enje"},"content":{"rendered":"<hr \/>\n<p>Lider ultra-nacionalisti\u010dke srpske partije \u201eSrpska Demokratija\u201c, Aleksandar Arsenijevi\u0107, reagovao je na najavu vr\u0161ioca du\u017enosti ministra unutra\u0161njih poslova D\u017eeljalja Sve\u0107lje da \u0107e biti uhap\u0161en \u010dim se vrati na Kosovo, rekav\u0161i da ga je \u201eSve\u0107la unapred osudio i da \u0107e se vratiti kada bude obezbe\u0111ena mogu\u0107nost za po\u0161teno su\u0111enje\u201c.<\/p>\n<p>Arsenijevi\u0107 je za Radio Kim izjavio da se protiv njega vodi \u201eprogon, i da ga je Sve\u0107la unapred osudio, zbog \u010dega ne o\u010dekuje pravedno i nepristrasno su\u0111enje\u201c, prenosi Paparaci.<\/p>\n<p>\u201eKada mi bude obezbe\u0111eno po\u0161teno i korektno su\u0111enje, jedva \u010dekam da otkrijem sve te la\u017ei i \u010ditavu ovu zavrzlamu\u201c, odgovorio je Arsenijevi\u0107 na pitanje da li namerava da se vrati na Kosovo, imaju\u0107i u vidu da je ministar unutra\u0161njih poslova najavio njegovo hap\u0161enje.<\/p>\n<p>Sve\u0107la je ovu najavu dao nakon \u0161to je na imanju Aleksandra Arsenijevi\u0107a prona\u0111en arsenal oru\u017eja, uklju\u010duju\u0107i ru\u010dne baca\u010de raketa, ru\u010dne bombe, opremu za kriptovalute, pancire i druge predmete.<\/p>\n<p>Sve\u0107la je danas izjavio da je Arsenijevi\u0107 u bekstvu i upozorio da \u0107e biti uhap\u0161en \u010dim u\u0111e na teritoriju Kosova.<\/p>\n<p>Arsenijevi\u0107 optu\u017euje Sve\u0107lu da \u201estavlja potpis gde god stigne\u201c i da je pancir koji se pominje, jo\u0161 pre nekoliko meseci prijavio direktoru policije za severni region i njegovom zameniku.<\/p>\n<p>&nbsp;<\/p>\n<p>&nbsp;<\/p>\n","protected":false},"excerpt":{"rendered":"<p>Lider ultra-nacionalisti\u010dke srpske partije \u201eSrpska Demokratija\u201c, Aleksandar Arsenijevi\u0107, reagovao je na najavu vr\u0161ioca du\u017enosti ministra unutra\u0161njih poslova D\u017eeljalja Sve\u0107lje da \u0107e biti uhap\u0161en \u010dim se<\/p>\n","protected":false},"author":1,"featured_media":1368,"comment_status":"open","ping_status":"open","sticky":false,"template":"","format":"standard","meta":{"footnotes":""},"categories":[30],"tags":[],"class_list":["post-1371","post","type-post","status-publish","format-standard","has-post-thumbnail","hentry","category-drustvo"],"yoast_head":"<!-- This site is optimized with the Yoast SEO plugin v25.3.1 - https:\/\/yoast.com\/wordpress\/plugins\/seo\/ -->\n<title>Arsenijevi\u0107: Vrati\u0107u se na Kosovo kada mi bude obezbe\u0111eno po\u0161teno su\u0111enje -<\/title>\n<meta name=\"robots\" content=\"index, follow, max-snippet:-1, max-image-preview:large, max-video-preview:-1\" \/>\n<link rel=\"canonical\" href=\"https:\/\/veritasinfo.org\/?p=1371&lang=sr\" \/>\n<meta property=\"og:locale\" content=\"en_US\" \/>\n<meta property=\"og:type\" content=\"article\" \/>\n<meta property=\"og:title\" content=\"Arsenijevi\u0107: Vrati\u0107u se na Kosovo kada mi bude obezbe\u0111eno po\u0161teno su\u0111enje -\" \/>\n<meta property=\"og:description\" content=\"Lider ultra-nacionalisti\u010dke srpske partije \u201eSrpska Demokratija\u201c, Aleksandar Arsenijevi\u0107, reagovao je na najavu vr\u0161ioca du\u017enosti ministra unutra\u0161njih poslova D\u017eeljalja Sve\u0107lje da \u0107e biti uhap\u0161en \u010dim se\" \/>\n<meta property=\"og:url\" content=\"https:\/\/veritasinfo.org\/?p=1371&amp;lang=sr\" \/>\n<meta property=\"article:published_time\" content=\"2025-06-23T12:31:32+00:00\" \/>\n<meta property=\"og:image\" content=\"https:\/\/veritasinfo.org\/wp-content\/uploads\/2025\/06\/IMG_1531.jpeg\" \/>\n\t<meta property=\"og:image:width\" content=\"1175\" \/>\n\t<meta property=\"og:image:height\" content=\"695\" \/>\n\t<meta property=\"og:image:type\" content=\"image\/jpeg\" \/>\n<meta name=\"author\" content=\"admin\" \/>\n<meta name=\"twitter:card\" content=\"summary_large_image\" \/>\n<meta name=\"twitter:label1\" content=\"Written by\" \/>\n\t<meta name=\"twitter:data1\" content=\"admin\" \/>\n\t<meta name=\"twitter:label2\" content=\"Est. reading time\" \/>\n\t<meta name=\"twitter:data2\" content=\"2 minutes\" \/>\n<script type=\"application\/ld+json\" class=\"yoast-schema-graph\">{\"@context\":\"https:\/\/schema.org\",\"@graph\":[{\"@type\":\"WebPage\",\"@id\":\"https:\/\/veritasinfo.org\/?p=1371&lang=sr\",\"url\":\"https:\/\/veritasinfo.org\/?p=1371&lang=sr\",\"name\":\"Arsenijevi\u0107: Vrati\u0107u se na Kosovo kada mi bude obezbe\u0111eno po\u0161teno su\u0111enje -\",\"isPartOf\":{\"@id\":\"https:\/\/veritasinfo.org\/#website\"},\"primaryImageOfPage\":{\"@id\":\"https:\/\/veritasinfo.org\/?p=1371&lang=sr#primaryimage\"},\"image\":{\"@id\":\"https:\/\/veritasinfo.org\/?p=1371&lang=sr#primaryimage\"},\"thumbnailUrl\":\"https:\/\/veritasinfo.org\/wp-content\/uploads\/2025\/06\/IMG_1531.jpeg\",\"datePublished\":\"2025-06-23T12:31:32+00:00\",\"author\":{\"@id\":\"https:\/\/veritasinfo.org\/#\/schema\/person\/7701f8c088bece422266b100a712374f\"},\"breadcrumb\":{\"@id\":\"https:\/\/veritasinfo.org\/?p=1371&lang=sr#breadcrumb\"},\"inLanguage\":\"en-US\",\"potentialAction\":[{\"@type\":\"ReadAction\",\"target\":[\"https:\/\/veritasinfo.org\/?p=1371&lang=sr\"]}]},{\"@type\":\"ImageObject\",\"inLanguage\":\"en-US\",\"@id\":\"https:\/\/veritasinfo.org\/?p=1371&lang=sr#primaryimage\",\"url\":\"https:\/\/veritasinfo.org\/wp-content\/uploads\/2025\/06\/IMG_1531.jpeg\",\"contentUrl\":\"https:\/\/veritasinfo.org\/wp-content\/uploads\/2025\/06\/IMG_1531.jpeg\",\"width\":1175,\"height\":695,\"caption\":\"Screenshot\"},{\"@type\":\"BreadcrumbList\",\"@id\":\"https:\/\/veritasinfo.org\/?p=1371&lang=sr#breadcrumb\",\"itemListElement\":[{\"@type\":\"ListItem\",\"position\":1,\"name\":\"Home\",\"item\":\"https:\/\/veritasinfo.org\/\"},{\"@type\":\"ListItem\",\"position\":2,\"name\":\"Arsenijevi\u0107: Vrati\u0107u se na Kosovo kada mi bude obezbe\u0111eno po\u0161teno su\u0111enje\"}]},{\"@type\":\"WebSite\",\"@id\":\"https:\/\/veritasinfo.org\/#website\",\"url\":\"https:\/\/veritasinfo.org\/\",\"name\":\"\",\"description\":\"\",\"potentialAction\":[{\"@type\":\"SearchAction\",\"target\":{\"@type\":\"EntryPoint\",\"urlTemplate\":\"https:\/\/veritasinfo.org\/?s={search_term_string}\"},\"query-input\":{\"@type\":\"PropertyValueSpecification\",\"valueRequired\":true,\"valueName\":\"search_term_string\"}}],\"inLanguage\":\"en-US\"},{\"@type\":\"Person\",\"@id\":\"https:\/\/veritasinfo.org\/#\/schema\/person\/7701f8c088bece422266b100a712374f\",\"name\":\"admin\",\"image\":{\"@type\":\"ImageObject\",\"inLanguage\":\"en-US\",\"@id\":\"https:\/\/veritasinfo.org\/#\/schema\/person\/image\/\",\"url\":\"https:\/\/secure.gravatar.com\/avatar\/ea53aa3bf6c9a12d5fde8ce4deff43fef3885ae33cf60184161a50d6987cfd2f?s=96&d=mm&r=g\",\"contentUrl\":\"https:\/\/secure.gravatar.com\/avatar\/ea53aa3bf6c9a12d5fde8ce4deff43fef3885ae33cf60184161a50d6987cfd2f?s=96&d=mm&r=g\",\"caption\":\"admin\"},\"sameAs\":[\"https:\/\/veritasinfo.org\"],\"url\":\"https:\/\/veritasinfo.org\/?author=1\"}]}<\/script>\n<!-- \/ Yoast SEO plugin. -->","yoast_head_json":{"title":"Arsenijevi\u0107: Vrati\u0107u se na Kosovo kada mi bude obezbe\u0111eno po\u0161teno su\u0111enje -","robots":{"index":"index","follow":"follow","max-snippet":"max-snippet:-1","max-image-preview":"max-image-preview:large","max-video-preview":"max-video-preview:-1"},"canonical":"https:\/\/veritasinfo.org\/?p=1371&lang=sr","og_locale":"en_US","og_type":"article","og_title":"Arsenijevi\u0107: Vrati\u0107u se na Kosovo kada mi bude obezbe\u0111eno po\u0161teno su\u0111enje -","og_description":"Lider ultra-nacionalisti\u010dke srpske partije \u201eSrpska Demokratija\u201c, Aleksandar Arsenijevi\u0107, reagovao je na najavu vr\u0161ioca du\u017enosti ministra unutra\u0161njih poslova D\u017eeljalja Sve\u0107lje da \u0107e biti uhap\u0161en \u010dim se","og_url":"https:\/\/veritasinfo.org\/?p=1371&lang=sr","article_published_time":"2025-06-23T12:31:32+00:00","og_image":[{"width":1175,"height":695,"url":"https:\/\/veritasinfo.org\/wp-content\/uploads\/2025\/06\/IMG_1531.jpeg","type":"image\/jpeg"}],"author":"admin","twitter_card":"summary_large_image","twitter_misc":{"Written by":"admin","Est. reading time":"2 minutes"},"schema":{"@context":"https:\/\/schema.org","@graph":[{"@type":"WebPage","@id":"https:\/\/veritasinfo.org\/?p=1371&lang=sr","url":"https:\/\/veritasinfo.org\/?p=1371&lang=sr","name":"Arsenijevi\u0107: Vrati\u0107u se na Kosovo kada mi bude obezbe\u0111eno po\u0161teno su\u0111enje -","isPartOf":{"@id":"https:\/\/veritasinfo.org\/#website"},"primaryImageOfPage":{"@id":"https:\/\/veritasinfo.org\/?p=1371&lang=sr#primaryimage"},"image":{"@id":"https:\/\/veritasinfo.org\/?p=1371&lang=sr#primaryimage"},"thumbnailUrl":"https:\/\/veritasinfo.org\/wp-content\/uploads\/2025\/06\/IMG_1531.jpeg","datePublished":"2025-06-23T12:31:32+00:00","author":{"@id":"https:\/\/veritasinfo.org\/#\/schema\/person\/7701f8c088bece422266b100a712374f"},"breadcrumb":{"@id":"https:\/\/veritasinfo.org\/?p=1371&lang=sr#breadcrumb"},"inLanguage":"en-US","potentialAction":[{"@type":"ReadAction","target":["https:\/\/veritasinfo.org\/?p=1371&lang=sr"]}]},{"@type":"ImageObject","inLanguage":"en-US","@id":"https:\/\/veritasinfo.org\/?p=1371&lang=sr#primaryimage","url":"https:\/\/veritasinfo.org\/wp-content\/uploads\/2025\/06\/IMG_1531.jpeg","contentUrl":"https:\/\/veritasinfo.org\/wp-content\/uploads\/2025\/06\/IMG_1531.jpeg","width":1175,"height":695,"caption":"Screenshot"},{"@type":"BreadcrumbList","@id":"https:\/\/veritasinfo.org\/?p=1371&lang=sr#breadcrumb","itemListElement":[{"@type":"ListItem","position":1,"name":"Home","item":"https:\/\/veritasinfo.org\/"},{"@type":"ListItem","position":2,"name":"Arsenijevi\u0107: Vrati\u0107u se na Kosovo kada mi bude obezbe\u0111eno po\u0161teno su\u0111enje"}]},{"@type":"WebSite","@id":"https:\/\/veritasinfo.org\/#website","url":"https:\/\/veritasinfo.org\/","name":"","description":"","potentialAction":[{"@type":"SearchAction","target":{"@type":"EntryPoint","urlTemplate":"https:\/\/veritasinfo.org\/?s={search_term_string}"},"query-input":{"@type":"PropertyValueSpecification","valueRequired":true,"valueName":"search_term_string"}}],"inLanguage":"en-US"},{"@type":"Person","@id":"https:\/\/veritasinfo.org\/#\/schema\/person\/7701f8c088bece422266b100a712374f","name":"admin","image":{"@type":"ImageObject","inLanguage":"en-US","@id":"https:\/\/veritasinfo.org\/#\/schema\/person\/image\/","url":"https:\/\/secure.gravatar.com\/avatar\/ea53aa3bf6c9a12d5fde8ce4deff43fef3885ae33cf60184161a50d6987cfd2f?s=96&d=mm&r=g","contentUrl":"https:\/\/secure.gravatar.com\/avatar\/ea53aa3bf6c9a12d5fde8ce4deff43fef3885ae33cf60184161a50d6987cfd2f?s=96&d=mm&r=g","caption":"admin"},"sameAs":["https:\/\/veritasinfo.org"],"url":"https:\/\/veritasinfo.org\/?author=1"}]}},"featured_image_urls":{"full":["https:\/\/veritasinfo.org\/wp-content\/uploads\/2025\/06\/IMG_1531.jpeg",1175,695,false],"thumbnail":["https:\/\/veritasinfo.org\/wp-content\/uploads\/2025\/06\/IMG_1531-150x150.jpeg",150,150,true],"medium":["https:\/\/veritasinfo.org\/wp-content\/uploads\/2025\/06\/IMG_1531-300x177.jpeg",300,177,true],"medium_large":["https:\/\/veritasinfo.org\/wp-content\/uploads\/2025\/06\/IMG_1531-768x454.jpeg",640,378,true],"large":["https:\/\/veritasinfo.org\/wp-content\/uploads\/2025\/06\/IMG_1531-1024x606.jpeg",640,379,true],"1536x1536":["https:\/\/veritasinfo.org\/wp-content\/uploads\/2025\/06\/IMG_1531.jpeg",1175,695,false],"2048x2048":["https:\/\/veritasinfo.org\/wp-content\/uploads\/2025\/06\/IMG_1531.jpeg",1175,695,false],"kreeti-slider-full":["https:\/\/veritasinfo.org\/wp-content\/uploads\/2025\/06\/IMG_1531.jpeg",1175,695,false],"kreeti-featured":["https:\/\/veritasinfo.org\/wp-content\/uploads\/2025\/06\/IMG_1531.jpeg",1024,606,false],"kreeti-medium":["https:\/\/veritasinfo.org\/wp-content\/uploads\/2025\/06\/IMG_1531.jpeg",720,426,false],"kreeti-medium-square":["https:\/\/veritasinfo.org\/wp-content\/uploads\/2025\/06\/IMG_1531.jpeg",350,207,false]},"author_info":{"info":["admin"]},"category_info":"<a href=\"https:\/\/veritasinfo.org\/?cat=30&#038;lang=sr\" rel=\"category\">Dru\u0161tvo<\/a>","tag_info":"Dru\u0161tvo","comment_count":"0","_links":{"self":[{"href":"https:\/\/veritasinfo.org\/index.php?rest_route=\/wp\/v2\/posts\/1371","targetHints":{"allow":["GET"]}}],"collection":[{"href":"https:\/\/veritasinfo.org\/index.php?rest_route=\/wp\/v2\/posts"}],"about":[{"href":"https:\/\/veritasinfo.org\/index.php?rest_route=\/wp\/v2\/types\/post"}],"author":[{"embeddable":true,"href":"https:\/\/veritasinfo.org\/index.php?rest_route=\/wp\/v2\/users\/1"}],"replies":[{"embeddable":true,"href":"https:\/\/veritasinfo.org\/index.php?rest_route=%2Fwp%2Fv2%2Fcomments&post=1371"}],"version-history":[{"count":1,"href":"https:\/\/veritasinfo.org\/index.php?rest_route=\/wp\/v2\/posts\/1371\/revisions"}],"predecessor-version":[{"id":1372,"href":"https:\/\/veritasinfo.org\/index.php?rest_route=\/wp\/v2\/posts\/1371\/revisions\/1372"}],"wp:featuredmedia":[{"embeddable":true,"href":"https:\/\/veritasinfo.org\/index.php?rest_route=\/wp\/v2\/media\/1368"}],"wp:attachment":[{"href":"https:\/\/veritasinfo.org\/index.php?rest_route=%2Fwp%2Fv2%2Fmedia&parent=1371"}],"wp:term":[{"taxonomy":"category","embeddable":true,"href":"https:\/\/veritasinfo.org\/index.php?rest_route=%2Fwp%2Fv2%2Fcategories&post=1371"},{"taxonomy":"post_tag","embeddable":true,"href":"https:\/\/veritasinfo.org\/index.php?rest_route=%2Fwp%2Fv2%2Ftags&post=1371"}],"curies":[{"name":"wp","href":"https:\/\/api.w.org\/{rel}","templated":true}]}}