{"id":13707,"date":"2025-09-25T12:40:05","date_gmt":"2025-09-25T10:40:05","guid":{"rendered":"https:\/\/veritasinfo.org\/?p=13707"},"modified":"2025-09-25T12:40:05","modified_gmt":"2025-09-25T10:40:05","slug":"qeveria-e-serbise-dhe-lista-serbe-pa-reagim-per-rastin-e-24-shtatorit-ne-banjske","status":"publish","type":"post","link":"https:\/\/veritasinfo.org\/?p=13707","title":{"rendered":"Qeveria e Serbis\u00eb dhe Lista Serbe pa reagim p\u00ebr rastin e 24 shtatorit n\u00eb Banjsk\u00eb"},"content":{"rendered":"<p>Prishtin\u00eb 25 Shtator 2025<\/p>\n<p>Edhe pse dy vite m\u00eb par\u00eb, m\u00eb 24 shtator n\u00eb Banjsk\u00eb t\u00eb Zve\u00e7anit ra heroikisht rreshteri i Policis\u00eb s\u00eb Kosov\u00ebs, Afrim Bunjaku, as Qeveria e Serbis\u00eb e as Lista Serbe nuk kan\u00eb d\u00ebnuar ende sulmin terrorist.<\/p>\n<p>Dje u sh\u00ebnua p\u00ebrvjetori i ngjarjes s\u00eb 24 shtatorit n\u00eb Banjsk\u00eb t\u00eb Zve\u00e7anit, ku mbeti i vrar\u00eb rreshteri i Policis\u00eb s\u00eb Kosov\u00ebs, Afrim Bunjaku, gjat\u00eb nj\u00eb sulmi t\u00eb armatosur ndaj institucioneve t\u00eb siguris\u00eb s\u00eb Kosov\u00ebs.<\/p>\n<div class=\"jeg_ad jeg_ad_article jnews_content_inline_ads  \"><\/div>\n<p>Megjith\u00ebse ngjarja \u00ebsht\u00eb cil\u00ebsuar si nj\u00eb akt agresioni dhe nj\u00eb prej sulmeve m\u00eb t\u00eb r\u00ebnda kund\u00ebr rendit dhe ligjit n\u00eb vend, deri m\u00eb tani nuk \u00ebsht\u00eb regjistruar asnj\u00eb reagim apo d\u00ebnim nga Qeveria e Serbis\u00eb dhe as nga Lista Serbe.<\/p>\n<p>Institucionet e Kosov\u00ebs kan\u00eb nderuar sakrific\u00ebn e rreshterit Bunjaku dhe kan\u00eb p\u00ebrs\u00ebritur thirrjet p\u00ebr drejt\u00ebsi, duke k\u00ebrkuar q\u00eb autor\u00ebt e sulmit t\u00eb vendosen para p\u00ebrgjegj\u00ebsis\u00eb.<\/p>\n<p>Nd\u00ebrkoh\u00eb i p\u00ebrfshiri kryesor n\u00eb sulmin terrorist t\u00eb Banjsk\u00ebs vazhdon t\u00eb endet i lir\u00eb n\u00eb Serbi.<\/p>\n<p>Ndon\u00ebse ngritjes s\u00eb aktakuz\u00ebs nga Prokuroria Speciale e Kosov\u00ebs u b\u00eb 11 shtator t\u00eb vitit 2024, t\u00eb lir\u00eb ende vazhdojn\u00eb t\u00eb jen\u00eb 42 t\u00eb akuzuarit p\u00ebr k\u00ebt\u00eb sulm n\u00eb krye me Millan Radoi\u00e7iq, nd\u00ebrsa tre t\u00eb akuzuarit tjer\u00eb t\u00eb arrestuar nga Policia e Kosov\u00ebs po ballafaqohen me drejt\u00ebsin\u00eb.<br \/>\nP\u00ebr 42 t\u00eb akuzuarit q\u00eb jan\u00eb n\u00eb arrati Gjykata Themelor\u00eb n\u00eb Prishtin\u00eb ka l\u00ebshuar let\u00ebr rreshtim nd\u00ebrkomb\u00ebtar\u00eb, shkruan KP.<\/p>\n<p>Gjykimi ndaj Blagojr Spasojeviq, Vladimir Toliq dhe Dushan Maksimoviq, ka filluar m\u00eb 17 prill t\u00eb k\u00ebtij viti, nd\u00ebrsa q\u00eb t\u00eb tre t\u00eb akuzuarit e kan\u00eb mohuar faj\u00ebsin\u00eb.<\/p>\n","protected":false},"excerpt":{"rendered":"<p>Prishtin\u00eb 25 Shtator 2025 Edhe pse dy vite m\u00eb par\u00eb, m\u00eb 24 shtator n\u00eb Banjsk\u00eb t\u00eb Zve\u00e7anit ra heroikisht rreshteri i Policis\u00eb s\u00eb Kosov\u00ebs, Afrim<\/p>\n","protected":false},"author":6,"featured_media":13708,"comment_status":"open","ping_status":"open","sticky":false,"template":"","format":"standard","meta":{"footnotes":""},"categories":[60],"tags":[],"class_list":["post-13707","post","type-post","status-publish","format-standard","has-post-thumbnail","hentry","category-shoqerore-sq"],"yoast_head":"<!-- This site is optimized with the Yoast SEO plugin v25.3.1 - https:\/\/yoast.com\/wordpress\/plugins\/seo\/ -->\n<title>Qeveria e Serbis\u00eb dhe Lista Serbe pa reagim p\u00ebr rastin e 24 shtatorit n\u00eb Banjsk\u00eb -<\/title>\n<meta name=\"robots\" content=\"index, follow, max-snippet:-1, max-image-preview:large, max-video-preview:-1\" \/>\n<link rel=\"canonical\" href=\"https:\/\/veritasinfo.org\/?p=13707\" \/>\n<meta property=\"og:locale\" content=\"en_US\" \/>\n<meta property=\"og:type\" content=\"article\" \/>\n<meta property=\"og:title\" content=\"Qeveria e Serbis\u00eb dhe Lista Serbe pa reagim p\u00ebr rastin e 24 shtatorit n\u00eb Banjsk\u00eb -\" \/>\n<meta property=\"og:description\" content=\"Prishtin\u00eb 25 Shtator 2025 Edhe pse dy vite m\u00eb par\u00eb, m\u00eb 24 shtator n\u00eb Banjsk\u00eb t\u00eb Zve\u00e7anit ra heroikisht rreshteri i Policis\u00eb s\u00eb Kosov\u00ebs, Afrim\" \/>\n<meta property=\"og:url\" content=\"https:\/\/veritasinfo.org\/?p=13707\" \/>\n<meta property=\"article:published_time\" content=\"2025-09-25T10:40:05+00:00\" \/>\n<meta property=\"og:image\" content=\"https:\/\/veritasinfo.org\/wp-content\/uploads\/2025\/09\/auto_auto_Banjska-raporti-UNMIK17587302851758736395.jpg\" \/>\n\t<meta property=\"og:image:width\" content=\"850\" \/>\n\t<meta property=\"og:image:height\" content=\"409\" \/>\n\t<meta property=\"og:image:type\" content=\"image\/jpeg\" \/>\n<meta name=\"author\" content=\"US5\" \/>\n<meta name=\"twitter:card\" content=\"summary_large_image\" \/>\n<meta name=\"twitter:label1\" content=\"Written by\" \/>\n\t<meta name=\"twitter:data1\" content=\"US5\" \/>\n\t<meta name=\"twitter:label2\" content=\"Est. reading time\" \/>\n\t<meta name=\"twitter:data2\" content=\"2 minutes\" \/>\n<script type=\"application\/ld+json\" class=\"yoast-schema-graph\">{\"@context\":\"https:\/\/schema.org\",\"@graph\":[{\"@type\":\"WebPage\",\"@id\":\"https:\/\/veritasinfo.org\/?p=13707\",\"url\":\"https:\/\/veritasinfo.org\/?p=13707\",\"name\":\"Qeveria e Serbis\u00eb dhe Lista Serbe pa reagim p\u00ebr rastin e 24 shtatorit n\u00eb Banjsk\u00eb -\",\"isPartOf\":{\"@id\":\"https:\/\/veritasinfo.org\/#website\"},\"primaryImageOfPage\":{\"@id\":\"https:\/\/veritasinfo.org\/?p=13707#primaryimage\"},\"image\":{\"@id\":\"https:\/\/veritasinfo.org\/?p=13707#primaryimage\"},\"thumbnailUrl\":\"https:\/\/veritasinfo.org\/wp-content\/uploads\/2025\/09\/auto_auto_Banjska-raporti-UNMIK17587302851758736395.jpg\",\"datePublished\":\"2025-09-25T10:40:05+00:00\",\"author\":{\"@id\":\"https:\/\/veritasinfo.org\/#\/schema\/person\/bc442336e35414d04494ab8fb45db4c6\"},\"breadcrumb\":{\"@id\":\"https:\/\/veritasinfo.org\/?p=13707#breadcrumb\"},\"inLanguage\":\"en-US\",\"potentialAction\":[{\"@type\":\"ReadAction\",\"target\":[\"https:\/\/veritasinfo.org\/?p=13707\"]}]},{\"@type\":\"ImageObject\",\"inLanguage\":\"en-US\",\"@id\":\"https:\/\/veritasinfo.org\/?p=13707#primaryimage\",\"url\":\"https:\/\/veritasinfo.org\/wp-content\/uploads\/2025\/09\/auto_auto_Banjska-raporti-UNMIK17587302851758736395.jpg\",\"contentUrl\":\"https:\/\/veritasinfo.org\/wp-content\/uploads\/2025\/09\/auto_auto_Banjska-raporti-UNMIK17587302851758736395.jpg\",\"width\":850,\"height\":409},{\"@type\":\"BreadcrumbList\",\"@id\":\"https:\/\/veritasinfo.org\/?p=13707#breadcrumb\",\"itemListElement\":[{\"@type\":\"ListItem\",\"position\":1,\"name\":\"Home\",\"item\":\"https:\/\/veritasinfo.org\/\"},{\"@type\":\"ListItem\",\"position\":2,\"name\":\"Qeveria e Serbis\u00eb dhe Lista Serbe pa reagim p\u00ebr rastin e 24 shtatorit n\u00eb Banjsk\u00eb\"}]},{\"@type\":\"WebSite\",\"@id\":\"https:\/\/veritasinfo.org\/#website\",\"url\":\"https:\/\/veritasinfo.org\/\",\"name\":\"\",\"description\":\"\",\"potentialAction\":[{\"@type\":\"SearchAction\",\"target\":{\"@type\":\"EntryPoint\",\"urlTemplate\":\"https:\/\/veritasinfo.org\/?s={search_term_string}\"},\"query-input\":{\"@type\":\"PropertyValueSpecification\",\"valueRequired\":true,\"valueName\":\"search_term_string\"}}],\"inLanguage\":\"en-US\"},{\"@type\":\"Person\",\"@id\":\"https:\/\/veritasinfo.org\/#\/schema\/person\/bc442336e35414d04494ab8fb45db4c6\",\"name\":\"US5\",\"image\":{\"@type\":\"ImageObject\",\"inLanguage\":\"en-US\",\"@id\":\"https:\/\/veritasinfo.org\/#\/schema\/person\/image\/\",\"url\":\"https:\/\/secure.gravatar.com\/avatar\/16a61e7272a0c5d001121ebb9e60e925d5816e4ac1e443ed3e640d9a6ae55d0c?s=96&d=mm&r=g\",\"contentUrl\":\"https:\/\/secure.gravatar.com\/avatar\/16a61e7272a0c5d001121ebb9e60e925d5816e4ac1e443ed3e640d9a6ae55d0c?s=96&d=mm&r=g\",\"caption\":\"US5\"},\"url\":\"https:\/\/veritasinfo.org\/?author=6\"}]}<\/script>\n<!-- \/ Yoast SEO plugin. -->","yoast_head_json":{"title":"Qeveria e Serbis\u00eb dhe Lista Serbe pa reagim p\u00ebr rastin e 24 shtatorit n\u00eb Banjsk\u00eb -","robots":{"index":"index","follow":"follow","max-snippet":"max-snippet:-1","max-image-preview":"max-image-preview:large","max-video-preview":"max-video-preview:-1"},"canonical":"https:\/\/veritasinfo.org\/?p=13707","og_locale":"en_US","og_type":"article","og_title":"Qeveria e Serbis\u00eb dhe Lista Serbe pa reagim p\u00ebr rastin e 24 shtatorit n\u00eb Banjsk\u00eb -","og_description":"Prishtin\u00eb 25 Shtator 2025 Edhe pse dy vite m\u00eb par\u00eb, m\u00eb 24 shtator n\u00eb Banjsk\u00eb t\u00eb Zve\u00e7anit ra heroikisht rreshteri i Policis\u00eb s\u00eb Kosov\u00ebs, Afrim","og_url":"https:\/\/veritasinfo.org\/?p=13707","article_published_time":"2025-09-25T10:40:05+00:00","og_image":[{"width":850,"height":409,"url":"https:\/\/veritasinfo.org\/wp-content\/uploads\/2025\/09\/auto_auto_Banjska-raporti-UNMIK17587302851758736395.jpg","type":"image\/jpeg"}],"author":"US5","twitter_card":"summary_large_image","twitter_misc":{"Written by":"US5","Est. reading time":"2 minutes"},"schema":{"@context":"https:\/\/schema.org","@graph":[{"@type":"WebPage","@id":"https:\/\/veritasinfo.org\/?p=13707","url":"https:\/\/veritasinfo.org\/?p=13707","name":"Qeveria e Serbis\u00eb dhe Lista Serbe pa reagim p\u00ebr rastin e 24 shtatorit n\u00eb Banjsk\u00eb -","isPartOf":{"@id":"https:\/\/veritasinfo.org\/#website"},"primaryImageOfPage":{"@id":"https:\/\/veritasinfo.org\/?p=13707#primaryimage"},"image":{"@id":"https:\/\/veritasinfo.org\/?p=13707#primaryimage"},"thumbnailUrl":"https:\/\/veritasinfo.org\/wp-content\/uploads\/2025\/09\/auto_auto_Banjska-raporti-UNMIK17587302851758736395.jpg","datePublished":"2025-09-25T10:40:05+00:00","author":{"@id":"https:\/\/veritasinfo.org\/#\/schema\/person\/bc442336e35414d04494ab8fb45db4c6"},"breadcrumb":{"@id":"https:\/\/veritasinfo.org\/?p=13707#breadcrumb"},"inLanguage":"en-US","potentialAction":[{"@type":"ReadAction","target":["https:\/\/veritasinfo.org\/?p=13707"]}]},{"@type":"ImageObject","inLanguage":"en-US","@id":"https:\/\/veritasinfo.org\/?p=13707#primaryimage","url":"https:\/\/veritasinfo.org\/wp-content\/uploads\/2025\/09\/auto_auto_Banjska-raporti-UNMIK17587302851758736395.jpg","contentUrl":"https:\/\/veritasinfo.org\/wp-content\/uploads\/2025\/09\/auto_auto_Banjska-raporti-UNMIK17587302851758736395.jpg","width":850,"height":409},{"@type":"BreadcrumbList","@id":"https:\/\/veritasinfo.org\/?p=13707#breadcrumb","itemListElement":[{"@type":"ListItem","position":1,"name":"Home","item":"https:\/\/veritasinfo.org\/"},{"@type":"ListItem","position":2,"name":"Qeveria e Serbis\u00eb dhe Lista Serbe pa reagim p\u00ebr rastin e 24 shtatorit n\u00eb Banjsk\u00eb"}]},{"@type":"WebSite","@id":"https:\/\/veritasinfo.org\/#website","url":"https:\/\/veritasinfo.org\/","name":"","description":"","potentialAction":[{"@type":"SearchAction","target":{"@type":"EntryPoint","urlTemplate":"https:\/\/veritasinfo.org\/?s={search_term_string}"},"query-input":{"@type":"PropertyValueSpecification","valueRequired":true,"valueName":"search_term_string"}}],"inLanguage":"en-US"},{"@type":"Person","@id":"https:\/\/veritasinfo.org\/#\/schema\/person\/bc442336e35414d04494ab8fb45db4c6","name":"US5","image":{"@type":"ImageObject","inLanguage":"en-US","@id":"https:\/\/veritasinfo.org\/#\/schema\/person\/image\/","url":"https:\/\/secure.gravatar.com\/avatar\/16a61e7272a0c5d001121ebb9e60e925d5816e4ac1e443ed3e640d9a6ae55d0c?s=96&d=mm&r=g","contentUrl":"https:\/\/secure.gravatar.com\/avatar\/16a61e7272a0c5d001121ebb9e60e925d5816e4ac1e443ed3e640d9a6ae55d0c?s=96&d=mm&r=g","caption":"US5"},"url":"https:\/\/veritasinfo.org\/?author=6"}]}},"featured_image_urls":{"full":["https:\/\/veritasinfo.org\/wp-content\/uploads\/2025\/09\/auto_auto_Banjska-raporti-UNMIK17587302851758736395.jpg",850,409,false],"thumbnail":["https:\/\/veritasinfo.org\/wp-content\/uploads\/2025\/09\/auto_auto_Banjska-raporti-UNMIK17587302851758736395-150x150.jpg",150,150,true],"medium":["https:\/\/veritasinfo.org\/wp-content\/uploads\/2025\/09\/auto_auto_Banjska-raporti-UNMIK17587302851758736395-300x144.jpg",300,144,true],"medium_large":["https:\/\/veritasinfo.org\/wp-content\/uploads\/2025\/09\/auto_auto_Banjska-raporti-UNMIK17587302851758736395-768x370.jpg",640,308,true],"large":["https:\/\/veritasinfo.org\/wp-content\/uploads\/2025\/09\/auto_auto_Banjska-raporti-UNMIK17587302851758736395.jpg",640,308,false],"1536x1536":["https:\/\/veritasinfo.org\/wp-content\/uploads\/2025\/09\/auto_auto_Banjska-raporti-UNMIK17587302851758736395.jpg",850,409,false],"2048x2048":["https:\/\/veritasinfo.org\/wp-content\/uploads\/2025\/09\/auto_auto_Banjska-raporti-UNMIK17587302851758736395.jpg",850,409,false],"kreeti-slider-full":["https:\/\/veritasinfo.org\/wp-content\/uploads\/2025\/09\/auto_auto_Banjska-raporti-UNMIK17587302851758736395.jpg",850,409,false],"kreeti-featured":["https:\/\/veritasinfo.org\/wp-content\/uploads\/2025\/09\/auto_auto_Banjska-raporti-UNMIK17587302851758736395.jpg",850,409,false],"kreeti-medium":["https:\/\/veritasinfo.org\/wp-content\/uploads\/2025\/09\/auto_auto_Banjska-raporti-UNMIK17587302851758736395.jpg",720,346,false],"kreeti-medium-square":["https:\/\/veritasinfo.org\/wp-content\/uploads\/2025\/09\/auto_auto_Banjska-raporti-UNMIK17587302851758736395.jpg",350,168,false]},"author_info":{"info":["US5"]},"category_info":"<a href=\"https:\/\/veritasinfo.org\/?cat=60\" rel=\"category\">Shoq\u00ebrore<\/a>","tag_info":"Shoq\u00ebrore","comment_count":"0","_links":{"self":[{"href":"https:\/\/veritasinfo.org\/index.php?rest_route=\/wp\/v2\/posts\/13707","targetHints":{"allow":["GET"]}}],"collection":[{"href":"https:\/\/veritasinfo.org\/index.php?rest_route=\/wp\/v2\/posts"}],"about":[{"href":"https:\/\/veritasinfo.org\/index.php?rest_route=\/wp\/v2\/types\/post"}],"author":[{"embeddable":true,"href":"https:\/\/veritasinfo.org\/index.php?rest_route=\/wp\/v2\/users\/6"}],"replies":[{"embeddable":true,"href":"https:\/\/veritasinfo.org\/index.php?rest_route=%2Fwp%2Fv2%2Fcomments&post=13707"}],"version-history":[{"count":1,"href":"https:\/\/veritasinfo.org\/index.php?rest_route=\/wp\/v2\/posts\/13707\/revisions"}],"predecessor-version":[{"id":13709,"href":"https:\/\/veritasinfo.org\/index.php?rest_route=\/wp\/v2\/posts\/13707\/revisions\/13709"}],"wp:featuredmedia":[{"embeddable":true,"href":"https:\/\/veritasinfo.org\/index.php?rest_route=\/wp\/v2\/media\/13708"}],"wp:attachment":[{"href":"https:\/\/veritasinfo.org\/index.php?rest_route=%2Fwp%2Fv2%2Fmedia&parent=13707"}],"wp:term":[{"taxonomy":"category","embeddable":true,"href":"https:\/\/veritasinfo.org\/index.php?rest_route=%2Fwp%2Fv2%2Fcategories&post=13707"},{"taxonomy":"post_tag","embeddable":true,"href":"https:\/\/veritasinfo.org\/index.php?rest_route=%2Fwp%2Fv2%2Ftags&post=13707"}],"curies":[{"name":"wp","href":"https:\/\/api.w.org\/{rel}","templated":true}]}}