{"id":13694,"date":"2025-09-25T11:11:51","date_gmt":"2025-09-25T09:11:51","guid":{"rendered":"https:\/\/veritasinfo.org\/?p=13694"},"modified":"2025-09-25T14:25:51","modified_gmt":"2025-09-25T12:25:51","slug":"vucic-urdheroi-radoiciqin-te-frikesoje-popullin","status":"publish","type":"post","link":"https:\/\/veritasinfo.org\/?p=13694","title":{"rendered":"Vu\u00e7iq urdh\u00ebroi Radoi\u00e7iqin t\u00eb frik\u00ebsoj\u00eb popullin"},"content":{"rendered":"<p>Prishtin\u00eb 25 Shtator 2025<\/p>\n<p data-start=\"156\" data-end=\"409\">Kryetari i Partis\u00eb Demokratike (PD), Sergjan Milivojeviq, ka deklaruar se presidenti i Serbis\u00eb, Aleksandar Vu\u00e7iq, dyshohet se ka urdh\u00ebruar Milan Radoi\u00e7iqin q\u00eb t\u00eb filloj\u00eb me frik\u00ebsimin e hapur t\u00eb qytetar\u00ebve q\u00eb nuk mb\u00ebshtesin politik\u00ebn e pushtetit aktual.<\/p>\n<p data-start=\"411\" data-end=\"538\">Milivojeviq i tha agjencis\u00eb Beta se p\u00ebr incidentin n\u00eb Kosjeri\u00e7, PD do t\u2019i informoj\u00eb t\u00eb gjith\u00eb zyrtar\u00ebt dhe partit\u00eb evropiane.<\/p>\n<p data-start=\"540\" data-end=\"1250\">\u201eN\u00eb p\u00ebrvjetorin e dyt\u00eb t\u00eb incidentit t\u00eb r\u00ebnd\u00eb n\u00eb Banjsk\u00eb, i cili u cil\u00ebsua n\u00eb mbar\u00eb bot\u00ebn si akt terrorist dhe rrezikoi r\u00ebnd\u00eb pozicionin e Serbis\u00eb, Radoi\u00e7iq, i shoq\u00ebruar nga nj\u00eb num\u00ebr i madh sigurie, k\u00ebrc\u00ebnoi dhe fyeu qytetar\u00ebt e Kosjeri\u00e7it. Me t\u00eb ishte edhe Aleksandar Vidojeviq, i njohur si Aca Roshavi, i cili aktualisht furnizon beton p\u00ebr EXPO 2027 dhe shpesh u p\u00ebrmend n\u00eb gjyqin ndaj an\u00ebtarit t\u00eb shquar t\u00eb Partis\u00eb Progressive Serbe (SNS), Veljko Belivuk. \u00cbsht\u00eb trondit\u00ebse q\u00eb ata q\u00eb duhet t\u00eb ulen n\u00eb bank\u00ebn e t\u00eb akuzuarve p\u00ebr vrasjen e Oliver Ivanovi\u00e7it, l\u00ebvizin lirsh\u00ebm, edhe pse ndaj tyre ka urdh\u00ebr-arrest nga Interpoli dhe jan\u00eb shum\u00eb af\u00ebr institucioneve t\u00eb Kosov\u00ebs p\u00ebr realizimin e q\u00ebllimeve t\u00eb tyre.\u201c<\/p>\n<p data-start=\"1252\" data-end=\"1442\">Ai shtoi se qytetar\u00ebt nuk do t\u00eb lejojn\u00eb q\u00eb kriminel\u00ebt t\u00eb p\u00ebrcaktojn\u00eb jet\u00ebn publike dhe t\u00eb k\u00ebrc\u00ebnojn\u00eb vizita n\u00eb sht\u00ebpi p\u00ebr qytetar\u00ebt e ndersh\u00ebm, duke u sjell\u00eb si zot\u00ebr t\u00eb jet\u00ebs dhe vdekjes.<\/p>\n<p data-start=\"1444\" data-end=\"1687\">\u201eMafias n\u00eb pushtet duhet t\u2019i b\u00ebhet e qart\u00eb se nuk do t\u00eb frik\u00ebsoj\u00eb qytetar\u00ebt e lir\u00eb t\u00eb Serbis\u00eb, sepse ata p\u00ebr t\u00eb cil\u00ebt sot ligjet nuk vlejn\u00eb, s\u00eb shpejti do t\u00eb p\u00ebrgjigjen p\u00ebr krime ndaj shtetit dhe qytetar\u00ebve t\u00eb tij\u201c, theksoi kryetari i PD-s\u00eb.<\/p>\n<p data-start=\"1689\" data-end=\"1807\">Milivojevi\u0107 tha se sulmi dhe k\u00ebrc\u00ebnimet ndaj qytetar\u00ebve t\u00eb Kosjeri\u00e7it nuk u kryen pa miratimin e Aleksandar Vu\u00e7i\u00e7it.<\/p>\n<p data-start=\"1809\" data-end=\"2397\">\u201eMilan Radoi\u00e7iq nuk \u00ebsht\u00eb patriot. Ai \u00ebsht\u00eb armik i Serbis\u00eb, kund\u00ebrshtar i liris\u00eb dhe nj\u00eb person q\u00eb k\u00ebrc\u00ebnon vlerat themelore t\u00eb k\u00ebtij vendi. Ai shitet si tregtar i interesave tona komb\u00ebtare n\u00eb Kosov\u00eb. Duke rikthyer Radoi\u00e7iqin n\u00eb jet\u00ebn politike, Vu\u00e7i\u00e7 po d\u00ebrgon mesazh se situat\u00ebn n\u00eb Serbi do ta zgjidh\u00eb me dhun\u00eb dhe p\u00ebrdorim t\u00eb forc\u00ebs\u201c, shtoi Milivojeviq, duke paralajm\u00ebruar se nuk do t\u00eb ishte befasi n\u00ebse Vu\u00e7i\u00e7 s\u00eb shpejti amniston Veljko Belivuk, Marko Miljkovi\u00e7, Legiun (Milorad Ulemek) dhe pjes\u00ebtar\u00ebt e tjer\u00eb t\u00eb Nj\u00ebsis\u00eb s\u00eb Operacioneve Speciale t\u00eb d\u00ebnuar p\u00ebr vrasjen e Zoran Gjingji\u00e7.<\/p>\n<p data-start=\"2399\" data-end=\"2684\">\u201eShum\u00eb kriminel\u00eb po largohen shpejt nga \u2018anija q\u00eb po fundoset\u2019, dhe Vu\u00e7i\u00e7 tani detyrohet t\u00eb plot\u00ebsoj\u00eb falangat e zbrazura me kriminel\u00ebt m\u00eb t\u00eb eg\u00ebr, t\u00eb cil\u00ebt ndodhen n\u00eb burg ose p\u00ebrballen me d\u00ebnime t\u00eb gjata. Nj\u00ebri prej tyre \u00ebsht\u00eb edhe Milan Radoi\u00e7iq dhe grupi i tij\u201c, tha Milivojeviq.<\/p>\n<p data-start=\"2686\" data-end=\"2906\">Grupi i qytetar\u00ebve \u201eNjer\u00ebz t\u00eb past\u00ebr p\u00ebr Kosjeri\u00e7 t\u00eb past\u00ebr\u201c njoftoi se dy dit\u00eb m\u00eb par\u00eb n\u00eb Kosjeri\u00e7 u shfaq Milan Radoi\u00e7iq, ish-n\u00ebnkryetar i partis\u00eb Lista Serbe nga Kosova, p\u00ebr t\u00eb cilin Kosova ka l\u00ebshuar urdh\u00ebr-arrest.<\/p>\n<p data-start=\"2908\" data-end=\"3009\">\u201eSipas d\u00ebshmive t\u00eb d\u00ebshmitar\u00ebve, Radoi\u00e7iq k\u00ebrc\u00ebnoi hapur qytetar\u00ebt n\u00eb nj\u00eb lokal\u201c, u tha n\u00eb njoftim.<\/p>\n<p data-start=\"3011\" data-end=\"3137\">N\u00eb njoftim gjithashtu thuhet se Radoi\u00e7iq l\u00ebvizte i shoq\u00ebruar nga sigurimi dhe kryetari i komun\u00ebs s\u00eb Kosjeri\u00e7it, Zharko Gjoki\u00e7.<\/p>\n<p data-start=\"3139\" data-end=\"3546\">\u201eKjo delegacion kaloi p\u00ebrgjat\u00eb rrug\u00ebs kryesore dhe vizitoi disa lokale. Sipas atyre q\u00eb ishin prezent, n\u00eb k\u00ebto lokale ndodhi shqet\u00ebsimi i qytetar\u00ebve q\u00eb m\u00eb par\u00eb kishin marr\u00eb pjes\u00eb n\u00eb protesta kund\u00ebr pushtetit lokal dhe republik\u00ebn. D\u00ebshmitar\u00ebt thon\u00eb se an\u00ebtar\u00ebt e shoq\u00ebris\u00eb drejtuese her\u00eb pas here u drejtuan me fyerje dhe k\u00ebrc\u00ebnime ndaj qytetar\u00ebve\u201c, deklaroi grupi \u201eNjer\u00ebz t\u00eb past\u00ebr p\u00ebr Kosjeri\u00e7 t\u00eb past\u00ebr\u201c.<\/p>\n","protected":false},"excerpt":{"rendered":"<p>Prishtin\u00eb 25 Shtator 2025 Kryetari i Partis\u00eb Demokratike (PD), Sergjan Milivojeviq, ka deklaruar se presidenti i Serbis\u00eb, Aleksandar Vu\u00e7iq, dyshohet se ka urdh\u00ebruar Milan Radoi\u00e7iqin<\/p>\n","protected":false},"author":6,"featured_media":13696,"comment_status":"open","ping_status":"open","sticky":false,"template":"","format":"standard","meta":{"footnotes":""},"categories":[60,15],"tags":[],"class_list":["post-13694","post","type-post","status-publish","format-standard","has-post-thumbnail","hentry","category-shoqerore-sq","category-uncategorized-sq"],"yoast_head":"<!-- This site is optimized with the Yoast SEO plugin v25.3.1 - https:\/\/yoast.com\/wordpress\/plugins\/seo\/ -->\n<title>Vu\u00e7iq urdh\u00ebroi Radoi\u00e7iqin t\u00eb frik\u00ebsoj\u00eb popullin -<\/title>\n<meta name=\"robots\" content=\"index, follow, max-snippet:-1, max-image-preview:large, max-video-preview:-1\" \/>\n<link rel=\"canonical\" href=\"https:\/\/veritasinfo.org\/?p=13694\" \/>\n<meta property=\"og:locale\" content=\"en_US\" \/>\n<meta property=\"og:type\" content=\"article\" \/>\n<meta property=\"og:title\" content=\"Vu\u00e7iq urdh\u00ebroi Radoi\u00e7iqin t\u00eb frik\u00ebsoj\u00eb popullin -\" \/>\n<meta property=\"og:description\" content=\"Prishtin\u00eb 25 Shtator 2025 Kryetari i Partis\u00eb Demokratike (PD), Sergjan Milivojeviq, ka deklaruar se presidenti i Serbis\u00eb, Aleksandar Vu\u00e7iq, dyshohet se ka urdh\u00ebruar Milan Radoi\u00e7iqin\" \/>\n<meta property=\"og:url\" content=\"https:\/\/veritasinfo.org\/?p=13694\" \/>\n<meta property=\"article:published_time\" content=\"2025-09-25T09:11:51+00:00\" \/>\n<meta property=\"article:modified_time\" content=\"2025-09-25T12:25:51+00:00\" \/>\n<meta property=\"og:image\" content=\"https:\/\/veritasinfo.org\/wp-content\/uploads\/2025\/09\/IMG_7602.jpg\" \/>\n\t<meta property=\"og:image:width\" content=\"1024\" \/>\n\t<meta property=\"og:image:height\" content=\"683\" \/>\n\t<meta property=\"og:image:type\" content=\"image\/jpeg\" \/>\n<meta name=\"author\" content=\"US5\" \/>\n<meta name=\"twitter:card\" content=\"summary_large_image\" \/>\n<meta name=\"twitter:label1\" content=\"Written by\" \/>\n\t<meta name=\"twitter:data1\" content=\"US5\" \/>\n\t<meta name=\"twitter:label2\" content=\"Est. reading time\" \/>\n\t<meta name=\"twitter:data2\" content=\"3 minutes\" \/>\n<script type=\"application\/ld+json\" class=\"yoast-schema-graph\">{\"@context\":\"https:\/\/schema.org\",\"@graph\":[{\"@type\":\"WebPage\",\"@id\":\"https:\/\/veritasinfo.org\/?p=13694\",\"url\":\"https:\/\/veritasinfo.org\/?p=13694\",\"name\":\"Vu\u00e7iq urdh\u00ebroi Radoi\u00e7iqin t\u00eb frik\u00ebsoj\u00eb popullin -\",\"isPartOf\":{\"@id\":\"https:\/\/veritasinfo.org\/#website\"},\"primaryImageOfPage\":{\"@id\":\"https:\/\/veritasinfo.org\/?p=13694#primaryimage\"},\"image\":{\"@id\":\"https:\/\/veritasinfo.org\/?p=13694#primaryimage\"},\"thumbnailUrl\":\"https:\/\/veritasinfo.org\/wp-content\/uploads\/2025\/09\/IMG_7602.jpg\",\"datePublished\":\"2025-09-25T09:11:51+00:00\",\"dateModified\":\"2025-09-25T12:25:51+00:00\",\"author\":{\"@id\":\"https:\/\/veritasinfo.org\/#\/schema\/person\/bc442336e35414d04494ab8fb45db4c6\"},\"breadcrumb\":{\"@id\":\"https:\/\/veritasinfo.org\/?p=13694#breadcrumb\"},\"inLanguage\":\"en-US\",\"potentialAction\":[{\"@type\":\"ReadAction\",\"target\":[\"https:\/\/veritasinfo.org\/?p=13694\"]}]},{\"@type\":\"ImageObject\",\"inLanguage\":\"en-US\",\"@id\":\"https:\/\/veritasinfo.org\/?p=13694#primaryimage\",\"url\":\"https:\/\/veritasinfo.org\/wp-content\/uploads\/2025\/09\/IMG_7602.jpg\",\"contentUrl\":\"https:\/\/veritasinfo.org\/wp-content\/uploads\/2025\/09\/IMG_7602.jpg\",\"width\":1024,\"height\":683},{\"@type\":\"BreadcrumbList\",\"@id\":\"https:\/\/veritasinfo.org\/?p=13694#breadcrumb\",\"itemListElement\":[{\"@type\":\"ListItem\",\"position\":1,\"name\":\"Home\",\"item\":\"https:\/\/veritasinfo.org\/\"},{\"@type\":\"ListItem\",\"position\":2,\"name\":\"Vu\u00e7iq urdh\u00ebroi Radoi\u00e7iqin t\u00eb frik\u00ebsoj\u00eb popullin\"}]},{\"@type\":\"WebSite\",\"@id\":\"https:\/\/veritasinfo.org\/#website\",\"url\":\"https:\/\/veritasinfo.org\/\",\"name\":\"\",\"description\":\"\",\"potentialAction\":[{\"@type\":\"SearchAction\",\"target\":{\"@type\":\"EntryPoint\",\"urlTemplate\":\"https:\/\/veritasinfo.org\/?s={search_term_string}\"},\"query-input\":{\"@type\":\"PropertyValueSpecification\",\"valueRequired\":true,\"valueName\":\"search_term_string\"}}],\"inLanguage\":\"en-US\"},{\"@type\":\"Person\",\"@id\":\"https:\/\/veritasinfo.org\/#\/schema\/person\/bc442336e35414d04494ab8fb45db4c6\",\"name\":\"US5\",\"image\":{\"@type\":\"ImageObject\",\"inLanguage\":\"en-US\",\"@id\":\"https:\/\/veritasinfo.org\/#\/schema\/person\/image\/\",\"url\":\"https:\/\/secure.gravatar.com\/avatar\/16a61e7272a0c5d001121ebb9e60e925d5816e4ac1e443ed3e640d9a6ae55d0c?s=96&d=mm&r=g\",\"contentUrl\":\"https:\/\/secure.gravatar.com\/avatar\/16a61e7272a0c5d001121ebb9e60e925d5816e4ac1e443ed3e640d9a6ae55d0c?s=96&d=mm&r=g\",\"caption\":\"US5\"},\"url\":\"https:\/\/veritasinfo.org\/?author=6\"}]}<\/script>\n<!-- \/ Yoast SEO plugin. -->","yoast_head_json":{"title":"Vu\u00e7iq urdh\u00ebroi Radoi\u00e7iqin t\u00eb frik\u00ebsoj\u00eb popullin -","robots":{"index":"index","follow":"follow","max-snippet":"max-snippet:-1","max-image-preview":"max-image-preview:large","max-video-preview":"max-video-preview:-1"},"canonical":"https:\/\/veritasinfo.org\/?p=13694","og_locale":"en_US","og_type":"article","og_title":"Vu\u00e7iq urdh\u00ebroi Radoi\u00e7iqin t\u00eb frik\u00ebsoj\u00eb popullin -","og_description":"Prishtin\u00eb 25 Shtator 2025 Kryetari i Partis\u00eb Demokratike (PD), Sergjan Milivojeviq, ka deklaruar se presidenti i Serbis\u00eb, Aleksandar Vu\u00e7iq, dyshohet se ka urdh\u00ebruar Milan Radoi\u00e7iqin","og_url":"https:\/\/veritasinfo.org\/?p=13694","article_published_time":"2025-09-25T09:11:51+00:00","article_modified_time":"2025-09-25T12:25:51+00:00","og_image":[{"width":1024,"height":683,"url":"https:\/\/veritasinfo.org\/wp-content\/uploads\/2025\/09\/IMG_7602.jpg","type":"image\/jpeg"}],"author":"US5","twitter_card":"summary_large_image","twitter_misc":{"Written by":"US5","Est. reading time":"3 minutes"},"schema":{"@context":"https:\/\/schema.org","@graph":[{"@type":"WebPage","@id":"https:\/\/veritasinfo.org\/?p=13694","url":"https:\/\/veritasinfo.org\/?p=13694","name":"Vu\u00e7iq urdh\u00ebroi Radoi\u00e7iqin t\u00eb frik\u00ebsoj\u00eb popullin -","isPartOf":{"@id":"https:\/\/veritasinfo.org\/#website"},"primaryImageOfPage":{"@id":"https:\/\/veritasinfo.org\/?p=13694#primaryimage"},"image":{"@id":"https:\/\/veritasinfo.org\/?p=13694#primaryimage"},"thumbnailUrl":"https:\/\/veritasinfo.org\/wp-content\/uploads\/2025\/09\/IMG_7602.jpg","datePublished":"2025-09-25T09:11:51+00:00","dateModified":"2025-09-25T12:25:51+00:00","author":{"@id":"https:\/\/veritasinfo.org\/#\/schema\/person\/bc442336e35414d04494ab8fb45db4c6"},"breadcrumb":{"@id":"https:\/\/veritasinfo.org\/?p=13694#breadcrumb"},"inLanguage":"en-US","potentialAction":[{"@type":"ReadAction","target":["https:\/\/veritasinfo.org\/?p=13694"]}]},{"@type":"ImageObject","inLanguage":"en-US","@id":"https:\/\/veritasinfo.org\/?p=13694#primaryimage","url":"https:\/\/veritasinfo.org\/wp-content\/uploads\/2025\/09\/IMG_7602.jpg","contentUrl":"https:\/\/veritasinfo.org\/wp-content\/uploads\/2025\/09\/IMG_7602.jpg","width":1024,"height":683},{"@type":"BreadcrumbList","@id":"https:\/\/veritasinfo.org\/?p=13694#breadcrumb","itemListElement":[{"@type":"ListItem","position":1,"name":"Home","item":"https:\/\/veritasinfo.org\/"},{"@type":"ListItem","position":2,"name":"Vu\u00e7iq urdh\u00ebroi Radoi\u00e7iqin t\u00eb frik\u00ebsoj\u00eb popullin"}]},{"@type":"WebSite","@id":"https:\/\/veritasinfo.org\/#website","url":"https:\/\/veritasinfo.org\/","name":"","description":"","potentialAction":[{"@type":"SearchAction","target":{"@type":"EntryPoint","urlTemplate":"https:\/\/veritasinfo.org\/?s={search_term_string}"},"query-input":{"@type":"PropertyValueSpecification","valueRequired":true,"valueName":"search_term_string"}}],"inLanguage":"en-US"},{"@type":"Person","@id":"https:\/\/veritasinfo.org\/#\/schema\/person\/bc442336e35414d04494ab8fb45db4c6","name":"US5","image":{"@type":"ImageObject","inLanguage":"en-US","@id":"https:\/\/veritasinfo.org\/#\/schema\/person\/image\/","url":"https:\/\/secure.gravatar.com\/avatar\/16a61e7272a0c5d001121ebb9e60e925d5816e4ac1e443ed3e640d9a6ae55d0c?s=96&d=mm&r=g","contentUrl":"https:\/\/secure.gravatar.com\/avatar\/16a61e7272a0c5d001121ebb9e60e925d5816e4ac1e443ed3e640d9a6ae55d0c?s=96&d=mm&r=g","caption":"US5"},"url":"https:\/\/veritasinfo.org\/?author=6"}]}},"featured_image_urls":{"full":["https:\/\/veritasinfo.org\/wp-content\/uploads\/2025\/09\/IMG_7602.jpg",1024,683,false],"thumbnail":["https:\/\/veritasinfo.org\/wp-content\/uploads\/2025\/09\/IMG_7602-150x150.jpg",150,150,true],"medium":["https:\/\/veritasinfo.org\/wp-content\/uploads\/2025\/09\/IMG_7602-300x200.jpg",300,200,true],"medium_large":["https:\/\/veritasinfo.org\/wp-content\/uploads\/2025\/09\/IMG_7602-768x512.jpg",640,427,true],"large":["https:\/\/veritasinfo.org\/wp-content\/uploads\/2025\/09\/IMG_7602.jpg",640,427,false],"1536x1536":["https:\/\/veritasinfo.org\/wp-content\/uploads\/2025\/09\/IMG_7602.jpg",1024,683,false],"2048x2048":["https:\/\/veritasinfo.org\/wp-content\/uploads\/2025\/09\/IMG_7602.jpg",1024,683,false],"kreeti-slider-full":["https:\/\/veritasinfo.org\/wp-content\/uploads\/2025\/09\/IMG_7602.jpg",1024,683,false],"kreeti-featured":["https:\/\/veritasinfo.org\/wp-content\/uploads\/2025\/09\/IMG_7602.jpg",1024,683,false],"kreeti-medium":["https:\/\/veritasinfo.org\/wp-content\/uploads\/2025\/09\/IMG_7602.jpg",720,480,false],"kreeti-medium-square":["https:\/\/veritasinfo.org\/wp-content\/uploads\/2025\/09\/IMG_7602.jpg",350,233,false]},"author_info":{"info":["US5"]},"category_info":"<a href=\"https:\/\/veritasinfo.org\/?cat=60\" rel=\"category\">Shoq\u00ebrore<\/a> <a href=\"https:\/\/veritasinfo.org\/?cat=15\" rel=\"category\">Uncategorized<\/a>","tag_info":"Uncategorized","comment_count":"0","_links":{"self":[{"href":"https:\/\/veritasinfo.org\/index.php?rest_route=\/wp\/v2\/posts\/13694","targetHints":{"allow":["GET"]}}],"collection":[{"href":"https:\/\/veritasinfo.org\/index.php?rest_route=\/wp\/v2\/posts"}],"about":[{"href":"https:\/\/veritasinfo.org\/index.php?rest_route=\/wp\/v2\/types\/post"}],"author":[{"embeddable":true,"href":"https:\/\/veritasinfo.org\/index.php?rest_route=\/wp\/v2\/users\/6"}],"replies":[{"embeddable":true,"href":"https:\/\/veritasinfo.org\/index.php?rest_route=%2Fwp%2Fv2%2Fcomments&post=13694"}],"version-history":[{"count":6,"href":"https:\/\/veritasinfo.org\/index.php?rest_route=\/wp\/v2\/posts\/13694\/revisions"}],"predecessor-version":[{"id":13731,"href":"https:\/\/veritasinfo.org\/index.php?rest_route=\/wp\/v2\/posts\/13694\/revisions\/13731"}],"wp:featuredmedia":[{"embeddable":true,"href":"https:\/\/veritasinfo.org\/index.php?rest_route=\/wp\/v2\/media\/13696"}],"wp:attachment":[{"href":"https:\/\/veritasinfo.org\/index.php?rest_route=%2Fwp%2Fv2%2Fmedia&parent=13694"}],"wp:term":[{"taxonomy":"category","embeddable":true,"href":"https:\/\/veritasinfo.org\/index.php?rest_route=%2Fwp%2Fv2%2Fcategories&post=13694"},{"taxonomy":"post_tag","embeddable":true,"href":"https:\/\/veritasinfo.org\/index.php?rest_route=%2Fwp%2Fv2%2Ftags&post=13694"}],"curies":[{"name":"wp","href":"https:\/\/api.w.org\/{rel}","templated":true}]}}