{"id":13688,"date":"2025-09-25T10:08:00","date_gmt":"2025-09-25T08:08:00","guid":{"rendered":"https:\/\/veritasinfo.org\/?p=13688"},"modified":"2025-09-25T10:08:00","modified_gmt":"2025-09-25T08:08:00","slug":"eo-kosova-per-here-te-pare-me-te-drejte-vote-ne-asamblene-e-pergjithshme-te-komitetit-nderkombetar-paralimpik","status":"publish","type":"post","link":"https:\/\/veritasinfo.org\/?p=13688","title":{"rendered":"EO: Kosova p\u00ebr her\u00eb t\u00eb par\u00eb me t\u00eb drejt\u00eb vote n\u00eb Asamblen\u00eb e P\u00ebrgjithshme t\u00eb Komitetit Nd\u00ebrkomb\u00ebtar Paralimpik"},"content":{"rendered":"<p>Prishtin\u00eb 25 Shtator 2025<\/p>\n<p data-start=\"84\" data-end=\"242\"><strong data-start=\"84\" data-end=\"240\">Presidentja e Komitetit Paralimpik t\u00eb Kosov\u00ebs, Njomza Emini, p\u00ebrfaq\u00ebson Kosov\u00ebn n\u00eb Asamblen\u00eb e P\u00ebrgjithshme t\u00eb Komitetit Nd\u00ebrkomb\u00ebtar Paralimpik n\u00eb Seul<\/strong><\/p>\n<p data-start=\"244\" data-end=\"521\">Presidentja e Komitetit Paralimpik t\u00eb Kosov\u00ebs, Njomza Emini, e cila gjithashtu \u00ebsht\u00eb an\u00ebtare e Bordit Drejtues t\u00eb Komitetit Paralimpik Evropian, po p\u00ebrfaq\u00ebson Kosov\u00ebn n\u00eb Asamblen\u00eb e P\u00ebrgjithshme t\u00eb Komitetit Nd\u00ebrkomb\u00ebtar Paralimpik (KNP) q\u00eb po mbahet n\u00eb Seul, Koreja e Jugut.<\/p>\n<p data-start=\"523\" data-end=\"721\">P\u00ebr her\u00eb t\u00eb par\u00eb, Kosova merr pjes\u00eb si an\u00ebtare me t\u00eb drejt\u00eb vote n\u00eb k\u00ebt\u00eb asamble, gj\u00eb q\u00eb p\u00ebrfaq\u00ebson nj\u00eb \u201ehap t\u00eb r\u00ebnd\u00ebsish\u00ebm p\u00ebr prezenc\u00ebn nd\u00ebrkomb\u00ebtare t\u00eb sportist\u00ebve tan\u00eb me aft\u00ebsi t\u00eb kufizuara\u201c.<\/p>\n<p data-start=\"723\" data-end=\"1108\">\u201eKy pjes\u00ebmarrje e plot\u00eb jo vet\u00ebm q\u00eb forcon pozicionin e Kosov\u00ebs brenda strukturave t\u00eb l\u00ebvizjes globale paralimpike, por gjithashtu jep nj\u00eb z\u00eb t\u00eb drejtp\u00ebrdrejt\u00eb n\u00eb proceset vendimmarr\u00ebse q\u00eb ndikojn\u00eb n\u00eb t\u00eb ardhmen e sportit paralimpik n\u00eb nivel bot\u00ebror. Ky \u00ebsht\u00eb nj\u00eb sukses i p\u00ebrbashk\u00ebt i t\u00eb gjith\u00eb sportist\u00ebve paralimpik\u00eb, komunitetit dhe partner\u00ebve t\u00eb Komitetit ton\u00eb\u201c, deklaroi Emini.<\/p>\n<p data-start=\"1110\" data-end=\"1266\">Nj\u00eb nga momentet kryesore t\u00eb k\u00ebsaj Asambleje \u00ebsht\u00eb edhe votimi p\u00ebr presidentin e ri t\u00eb KNP-s\u00eb, ku Kosova p\u00ebr her\u00eb t\u00eb par\u00eb p\u00ebrdor t\u00eb drejt\u00ebn e saj t\u00eb vote.<\/p>\n<p data-start=\"1268\" data-end=\"1478\">Komiteti Paralimpik i Kosov\u00ebs ka regjistruar nj\u00eb seri suksesesh n\u00eb prezantimin nd\u00ebrkomb\u00ebtar gjat\u00eb viteve t\u00eb fundit, duke u an\u00ebtar\u00ebsuar n\u00eb t\u00eb gjitha institucionet relevante nd\u00ebrkomb\u00ebtare t\u00eb sportit paralimpik.<\/p>\n<p data-start=\"1480\" data-end=\"1703\">S\u00eb fundmi, presidentja e KPK-s\u00eb u zgjodh an\u00ebtare e bordit ekzekutiv t\u00eb Komitetit Paralimpik Evropian, duke siguruar nj\u00eb vend p\u00ebr Kosov\u00ebn n\u00eb tryez\u00ebn ku merren vendimet m\u00eb t\u00eb r\u00ebnd\u00ebsishme p\u00ebr sportin paralimpik n\u00eb kontinent.<\/p>\n","protected":false},"excerpt":{"rendered":"<p>Prishtin\u00eb 25 Shtator 2025 Presidentja e Komitetit Paralimpik t\u00eb Kosov\u00ebs, Njomza Emini, p\u00ebrfaq\u00ebson Kosov\u00ebn n\u00eb Asamblen\u00eb e P\u00ebrgjithshme t\u00eb Komitetit Nd\u00ebrkomb\u00ebtar Paralimpik n\u00eb Seul Presidentja<\/p>\n","protected":false},"author":6,"featured_media":13689,"comment_status":"open","ping_status":"open","sticky":false,"template":"","format":"standard","meta":{"footnotes":""},"categories":[60],"tags":[],"class_list":["post-13688","post","type-post","status-publish","format-standard","has-post-thumbnail","hentry","category-shoqerore-sq"],"yoast_head":"<!-- This site is optimized with the Yoast SEO plugin v25.3.1 - https:\/\/yoast.com\/wordpress\/plugins\/seo\/ -->\n<title>EO: Kosova p\u00ebr her\u00eb t\u00eb par\u00eb me t\u00eb drejt\u00eb vote n\u00eb Asamblen\u00eb e P\u00ebrgjithshme t\u00eb Komitetit Nd\u00ebrkomb\u00ebtar Paralimpik -<\/title>\n<meta name=\"robots\" content=\"index, follow, max-snippet:-1, max-image-preview:large, max-video-preview:-1\" \/>\n<link rel=\"canonical\" href=\"https:\/\/veritasinfo.org\/?p=13688\" \/>\n<meta property=\"og:locale\" content=\"en_US\" \/>\n<meta property=\"og:type\" content=\"article\" \/>\n<meta property=\"og:title\" content=\"EO: Kosova p\u00ebr her\u00eb t\u00eb par\u00eb me t\u00eb drejt\u00eb vote n\u00eb Asamblen\u00eb e P\u00ebrgjithshme t\u00eb Komitetit Nd\u00ebrkomb\u00ebtar Paralimpik -\" \/>\n<meta property=\"og:description\" content=\"Prishtin\u00eb 25 Shtator 2025 Presidentja e Komitetit Paralimpik t\u00eb Kosov\u00ebs, Njomza Emini, p\u00ebrfaq\u00ebson Kosov\u00ebn n\u00eb Asamblen\u00eb e P\u00ebrgjithshme t\u00eb Komitetit Nd\u00ebrkomb\u00ebtar Paralimpik n\u00eb Seul Presidentja\" \/>\n<meta property=\"og:url\" content=\"https:\/\/veritasinfo.org\/?p=13688\" \/>\n<meta property=\"article:published_time\" content=\"2025-09-25T08:08:00+00:00\" \/>\n<meta property=\"og:image\" content=\"https:\/\/veritasinfo.org\/wp-content\/uploads\/2025\/09\/NPC-KOSOVO-e1758718369578.jpg\" \/>\n\t<meta property=\"og:image:width\" content=\"960\" \/>\n\t<meta property=\"og:image:height\" content=\"392\" \/>\n\t<meta property=\"og:image:type\" content=\"image\/jpeg\" \/>\n<meta name=\"author\" content=\"US5\" \/>\n<meta name=\"twitter:card\" content=\"summary_large_image\" \/>\n<meta name=\"twitter:label1\" content=\"Written by\" \/>\n\t<meta name=\"twitter:data1\" content=\"US5\" \/>\n\t<meta name=\"twitter:label2\" content=\"Est. reading time\" \/>\n\t<meta name=\"twitter:data2\" content=\"2 minutes\" \/>\n<script type=\"application\/ld+json\" class=\"yoast-schema-graph\">{\"@context\":\"https:\/\/schema.org\",\"@graph\":[{\"@type\":\"WebPage\",\"@id\":\"https:\/\/veritasinfo.org\/?p=13688\",\"url\":\"https:\/\/veritasinfo.org\/?p=13688\",\"name\":\"EO: Kosova p\u00ebr her\u00eb t\u00eb par\u00eb me t\u00eb drejt\u00eb vote n\u00eb Asamblen\u00eb e P\u00ebrgjithshme t\u00eb Komitetit Nd\u00ebrkomb\u00ebtar Paralimpik -\",\"isPartOf\":{\"@id\":\"https:\/\/veritasinfo.org\/#website\"},\"primaryImageOfPage\":{\"@id\":\"https:\/\/veritasinfo.org\/?p=13688#primaryimage\"},\"image\":{\"@id\":\"https:\/\/veritasinfo.org\/?p=13688#primaryimage\"},\"thumbnailUrl\":\"https:\/\/veritasinfo.org\/wp-content\/uploads\/2025\/09\/NPC-KOSOVO-e1758718369578.jpg\",\"datePublished\":\"2025-09-25T08:08:00+00:00\",\"author\":{\"@id\":\"https:\/\/veritasinfo.org\/#\/schema\/person\/bc442336e35414d04494ab8fb45db4c6\"},\"breadcrumb\":{\"@id\":\"https:\/\/veritasinfo.org\/?p=13688#breadcrumb\"},\"inLanguage\":\"en-US\",\"potentialAction\":[{\"@type\":\"ReadAction\",\"target\":[\"https:\/\/veritasinfo.org\/?p=13688\"]}]},{\"@type\":\"ImageObject\",\"inLanguage\":\"en-US\",\"@id\":\"https:\/\/veritasinfo.org\/?p=13688#primaryimage\",\"url\":\"https:\/\/veritasinfo.org\/wp-content\/uploads\/2025\/09\/NPC-KOSOVO-e1758718369578.jpg\",\"contentUrl\":\"https:\/\/veritasinfo.org\/wp-content\/uploads\/2025\/09\/NPC-KOSOVO-e1758718369578.jpg\",\"width\":960,\"height\":392},{\"@type\":\"BreadcrumbList\",\"@id\":\"https:\/\/veritasinfo.org\/?p=13688#breadcrumb\",\"itemListElement\":[{\"@type\":\"ListItem\",\"position\":1,\"name\":\"Home\",\"item\":\"https:\/\/veritasinfo.org\/\"},{\"@type\":\"ListItem\",\"position\":2,\"name\":\"EO: Kosova p\u00ebr her\u00eb t\u00eb par\u00eb me t\u00eb drejt\u00eb vote n\u00eb Asamblen\u00eb e P\u00ebrgjithshme t\u00eb Komitetit Nd\u00ebrkomb\u00ebtar Paralimpik\"}]},{\"@type\":\"WebSite\",\"@id\":\"https:\/\/veritasinfo.org\/#website\",\"url\":\"https:\/\/veritasinfo.org\/\",\"name\":\"\",\"description\":\"\",\"potentialAction\":[{\"@type\":\"SearchAction\",\"target\":{\"@type\":\"EntryPoint\",\"urlTemplate\":\"https:\/\/veritasinfo.org\/?s={search_term_string}\"},\"query-input\":{\"@type\":\"PropertyValueSpecification\",\"valueRequired\":true,\"valueName\":\"search_term_string\"}}],\"inLanguage\":\"en-US\"},{\"@type\":\"Person\",\"@id\":\"https:\/\/veritasinfo.org\/#\/schema\/person\/bc442336e35414d04494ab8fb45db4c6\",\"name\":\"US5\",\"image\":{\"@type\":\"ImageObject\",\"inLanguage\":\"en-US\",\"@id\":\"https:\/\/veritasinfo.org\/#\/schema\/person\/image\/\",\"url\":\"https:\/\/secure.gravatar.com\/avatar\/16a61e7272a0c5d001121ebb9e60e925d5816e4ac1e443ed3e640d9a6ae55d0c?s=96&d=mm&r=g\",\"contentUrl\":\"https:\/\/secure.gravatar.com\/avatar\/16a61e7272a0c5d001121ebb9e60e925d5816e4ac1e443ed3e640d9a6ae55d0c?s=96&d=mm&r=g\",\"caption\":\"US5\"},\"url\":\"https:\/\/veritasinfo.org\/?author=6\"}]}<\/script>\n<!-- \/ Yoast SEO plugin. -->","yoast_head_json":{"title":"EO: Kosova p\u00ebr her\u00eb t\u00eb par\u00eb me t\u00eb drejt\u00eb vote n\u00eb Asamblen\u00eb e P\u00ebrgjithshme t\u00eb Komitetit Nd\u00ebrkomb\u00ebtar Paralimpik -","robots":{"index":"index","follow":"follow","max-snippet":"max-snippet:-1","max-image-preview":"max-image-preview:large","max-video-preview":"max-video-preview:-1"},"canonical":"https:\/\/veritasinfo.org\/?p=13688","og_locale":"en_US","og_type":"article","og_title":"EO: Kosova p\u00ebr her\u00eb t\u00eb par\u00eb me t\u00eb drejt\u00eb vote n\u00eb Asamblen\u00eb e P\u00ebrgjithshme t\u00eb Komitetit Nd\u00ebrkomb\u00ebtar Paralimpik -","og_description":"Prishtin\u00eb 25 Shtator 2025 Presidentja e Komitetit Paralimpik t\u00eb Kosov\u00ebs, Njomza Emini, p\u00ebrfaq\u00ebson Kosov\u00ebn n\u00eb Asamblen\u00eb e P\u00ebrgjithshme t\u00eb Komitetit Nd\u00ebrkomb\u00ebtar Paralimpik n\u00eb Seul Presidentja","og_url":"https:\/\/veritasinfo.org\/?p=13688","article_published_time":"2025-09-25T08:08:00+00:00","og_image":[{"width":960,"height":392,"url":"https:\/\/veritasinfo.org\/wp-content\/uploads\/2025\/09\/NPC-KOSOVO-e1758718369578.jpg","type":"image\/jpeg"}],"author":"US5","twitter_card":"summary_large_image","twitter_misc":{"Written by":"US5","Est. reading time":"2 minutes"},"schema":{"@context":"https:\/\/schema.org","@graph":[{"@type":"WebPage","@id":"https:\/\/veritasinfo.org\/?p=13688","url":"https:\/\/veritasinfo.org\/?p=13688","name":"EO: Kosova p\u00ebr her\u00eb t\u00eb par\u00eb me t\u00eb drejt\u00eb vote n\u00eb Asamblen\u00eb e P\u00ebrgjithshme t\u00eb Komitetit Nd\u00ebrkomb\u00ebtar Paralimpik -","isPartOf":{"@id":"https:\/\/veritasinfo.org\/#website"},"primaryImageOfPage":{"@id":"https:\/\/veritasinfo.org\/?p=13688#primaryimage"},"image":{"@id":"https:\/\/veritasinfo.org\/?p=13688#primaryimage"},"thumbnailUrl":"https:\/\/veritasinfo.org\/wp-content\/uploads\/2025\/09\/NPC-KOSOVO-e1758718369578.jpg","datePublished":"2025-09-25T08:08:00+00:00","author":{"@id":"https:\/\/veritasinfo.org\/#\/schema\/person\/bc442336e35414d04494ab8fb45db4c6"},"breadcrumb":{"@id":"https:\/\/veritasinfo.org\/?p=13688#breadcrumb"},"inLanguage":"en-US","potentialAction":[{"@type":"ReadAction","target":["https:\/\/veritasinfo.org\/?p=13688"]}]},{"@type":"ImageObject","inLanguage":"en-US","@id":"https:\/\/veritasinfo.org\/?p=13688#primaryimage","url":"https:\/\/veritasinfo.org\/wp-content\/uploads\/2025\/09\/NPC-KOSOVO-e1758718369578.jpg","contentUrl":"https:\/\/veritasinfo.org\/wp-content\/uploads\/2025\/09\/NPC-KOSOVO-e1758718369578.jpg","width":960,"height":392},{"@type":"BreadcrumbList","@id":"https:\/\/veritasinfo.org\/?p=13688#breadcrumb","itemListElement":[{"@type":"ListItem","position":1,"name":"Home","item":"https:\/\/veritasinfo.org\/"},{"@type":"ListItem","position":2,"name":"EO: Kosova p\u00ebr her\u00eb t\u00eb par\u00eb me t\u00eb drejt\u00eb vote n\u00eb Asamblen\u00eb e P\u00ebrgjithshme t\u00eb Komitetit Nd\u00ebrkomb\u00ebtar Paralimpik"}]},{"@type":"WebSite","@id":"https:\/\/veritasinfo.org\/#website","url":"https:\/\/veritasinfo.org\/","name":"","description":"","potentialAction":[{"@type":"SearchAction","target":{"@type":"EntryPoint","urlTemplate":"https:\/\/veritasinfo.org\/?s={search_term_string}"},"query-input":{"@type":"PropertyValueSpecification","valueRequired":true,"valueName":"search_term_string"}}],"inLanguage":"en-US"},{"@type":"Person","@id":"https:\/\/veritasinfo.org\/#\/schema\/person\/bc442336e35414d04494ab8fb45db4c6","name":"US5","image":{"@type":"ImageObject","inLanguage":"en-US","@id":"https:\/\/veritasinfo.org\/#\/schema\/person\/image\/","url":"https:\/\/secure.gravatar.com\/avatar\/16a61e7272a0c5d001121ebb9e60e925d5816e4ac1e443ed3e640d9a6ae55d0c?s=96&d=mm&r=g","contentUrl":"https:\/\/secure.gravatar.com\/avatar\/16a61e7272a0c5d001121ebb9e60e925d5816e4ac1e443ed3e640d9a6ae55d0c?s=96&d=mm&r=g","caption":"US5"},"url":"https:\/\/veritasinfo.org\/?author=6"}]}},"featured_image_urls":{"full":["https:\/\/veritasinfo.org\/wp-content\/uploads\/2025\/09\/NPC-KOSOVO-e1758718369578.jpg",960,392,false],"thumbnail":["https:\/\/veritasinfo.org\/wp-content\/uploads\/2025\/09\/NPC-KOSOVO-e1758718369578-150x150.jpg",150,150,true],"medium":["https:\/\/veritasinfo.org\/wp-content\/uploads\/2025\/09\/NPC-KOSOVO-e1758718369578-300x123.jpg",300,123,true],"medium_large":["https:\/\/veritasinfo.org\/wp-content\/uploads\/2025\/09\/NPC-KOSOVO-e1758718369578-768x314.jpg",640,262,true],"large":["https:\/\/veritasinfo.org\/wp-content\/uploads\/2025\/09\/NPC-KOSOVO-e1758718369578.jpg",640,261,false],"1536x1536":["https:\/\/veritasinfo.org\/wp-content\/uploads\/2025\/09\/NPC-KOSOVO-e1758718369578.jpg",960,392,false],"2048x2048":["https:\/\/veritasinfo.org\/wp-content\/uploads\/2025\/09\/NPC-KOSOVO-e1758718369578.jpg",960,392,false],"kreeti-slider-full":["https:\/\/veritasinfo.org\/wp-content\/uploads\/2025\/09\/NPC-KOSOVO-e1758718369578.jpg",960,392,false],"kreeti-featured":["https:\/\/veritasinfo.org\/wp-content\/uploads\/2025\/09\/NPC-KOSOVO-e1758718369578.jpg",960,392,false],"kreeti-medium":["https:\/\/veritasinfo.org\/wp-content\/uploads\/2025\/09\/NPC-KOSOVO-e1758718369578.jpg",720,294,false],"kreeti-medium-square":["https:\/\/veritasinfo.org\/wp-content\/uploads\/2025\/09\/NPC-KOSOVO-e1758718369578.jpg",350,143,false]},"author_info":{"info":["US5"]},"category_info":"<a href=\"https:\/\/veritasinfo.org\/?cat=60\" rel=\"category\">Shoq\u00ebrore<\/a>","tag_info":"Shoq\u00ebrore","comment_count":"0","_links":{"self":[{"href":"https:\/\/veritasinfo.org\/index.php?rest_route=\/wp\/v2\/posts\/13688","targetHints":{"allow":["GET"]}}],"collection":[{"href":"https:\/\/veritasinfo.org\/index.php?rest_route=\/wp\/v2\/posts"}],"about":[{"href":"https:\/\/veritasinfo.org\/index.php?rest_route=\/wp\/v2\/types\/post"}],"author":[{"embeddable":true,"href":"https:\/\/veritasinfo.org\/index.php?rest_route=\/wp\/v2\/users\/6"}],"replies":[{"embeddable":true,"href":"https:\/\/veritasinfo.org\/index.php?rest_route=%2Fwp%2Fv2%2Fcomments&post=13688"}],"version-history":[{"count":1,"href":"https:\/\/veritasinfo.org\/index.php?rest_route=\/wp\/v2\/posts\/13688\/revisions"}],"predecessor-version":[{"id":13690,"href":"https:\/\/veritasinfo.org\/index.php?rest_route=\/wp\/v2\/posts\/13688\/revisions\/13690"}],"wp:featuredmedia":[{"embeddable":true,"href":"https:\/\/veritasinfo.org\/index.php?rest_route=\/wp\/v2\/media\/13689"}],"wp:attachment":[{"href":"https:\/\/veritasinfo.org\/index.php?rest_route=%2Fwp%2Fv2%2Fmedia&parent=13688"}],"wp:term":[{"taxonomy":"category","embeddable":true,"href":"https:\/\/veritasinfo.org\/index.php?rest_route=%2Fwp%2Fv2%2Fcategories&post=13688"},{"taxonomy":"post_tag","embeddable":true,"href":"https:\/\/veritasinfo.org\/index.php?rest_route=%2Fwp%2Fv2%2Ftags&post=13688"}],"curies":[{"name":"wp","href":"https:\/\/api.w.org\/{rel}","templated":true}]}}