{"id":13683,"date":"2025-09-25T09:31:06","date_gmt":"2025-09-25T07:31:06","guid":{"rendered":"https:\/\/veritasinfo.org\/?p=13683"},"modified":"2025-09-25T09:31:06","modified_gmt":"2025-09-25T07:31:06","slug":"osmani-ia-rithekson-kallasit-domosdoshmerine-per-heqjen-e-masave-ndaj-kosoves","status":"publish","type":"post","link":"https:\/\/veritasinfo.org\/?p=13683","title":{"rendered":"Osmani ia rithekson Kallasit domosdoshm\u00ebrin\u00eb p\u00ebr heqjen e masave ndaj Kosov\u00ebs"},"content":{"rendered":"<p>Prishtin\u00eb 25 Shtator 2025<\/p>\n<p>Presidentja Vjosa Osmani ka takuar p\u00ebrfaq\u00ebsuesen e Lart\u00eb t\u00eb Bashkimit Evropian, Kaja Kallas, n\u00eb New York, duke ia ritheksuar domosdoshm\u00ebrin\u00eb p\u00ebr heqjen e masave t\u00eb padrejta t\u00eb bllokut ndaj Kosov\u00ebs.<\/p>\n<p style=\"font-weight: 400;\">Osmani e Kallas u takuan gjat\u00eb punimeve t\u00eb Asambles\u00eb s\u00eb P\u00ebrgjithshme t\u00eb OKB-s\u00eb.<\/p>\n<p style=\"font-weight: 400;\">\u201cN\u00eb New York, takova p\u00ebrfaq\u00ebsuesen e Lart\u00eb t\u00eb BE-s\u00eb, Kaja Kallas, me t\u00eb cil\u00ebn diskutuam mbi zhvillimet e fundit n\u00eb Kosov\u00eb dhe n\u00eb rajon. Integrimi i Kosov\u00ebs n\u00eb BE mbetet nd\u00ebr prioritetet tona kryesore shtet\u00ebrore. N\u00eb k\u00ebt\u00eb frym\u00eb, ritheksova domosdoshm\u00ebrin\u00eb e heqjes s\u00eb masave t\u00eb padrejta t\u00eb BE-s\u00eb ndaj Kosov\u00ebs, t\u00eb cilat po i d\u00ebmtojn\u00eb t\u00eb gjith\u00eb qytetar\u00ebt tan\u00eb, pa p\u00ebrjashtim\u201d, ka shkruar Osmani.<\/p>\n<p style=\"font-weight: 400;\">Presidentja tutje ka shkruar se Kosova mbetet e vendosur p\u00ebr paqe dhe stabilitet afatgjat\u00eb.<\/p>\n<p style=\"font-weight: 400;\">N\u00eb New York, Osmani u takua edhe me sekretarin amerikan t\u00eb Shtetit, Marco Rubio.<\/p>\n<p style=\"font-weight: 400;\">Kosova \u00ebsht\u00eb n\u00ebn masat e BE-s\u00eb p\u00ebr m\u00eb shum\u00eb se dy vjet shkaku i trazirave n\u00eb veri gjat\u00eb majit t\u00eb vitit 2023.<\/p>\n<p>&nbsp;<\/p>\n","protected":false},"excerpt":{"rendered":"<p>Prishtin\u00eb 25 Shtator 2025 Presidentja Vjosa Osmani ka takuar p\u00ebrfaq\u00ebsuesen e Lart\u00eb t\u00eb Bashkimit Evropian, Kaja Kallas, n\u00eb New York, duke ia ritheksuar domosdoshm\u00ebrin\u00eb p\u00ebr<\/p>\n","protected":false},"author":6,"featured_media":13684,"comment_status":"open","ping_status":"open","sticky":false,"template":"","format":"standard","meta":{"footnotes":""},"categories":[60],"tags":[],"class_list":["post-13683","post","type-post","status-publish","format-standard","has-post-thumbnail","hentry","category-shoqerore-sq"],"yoast_head":"<!-- This site is optimized with the Yoast SEO plugin v25.3.1 - https:\/\/yoast.com\/wordpress\/plugins\/seo\/ -->\n<title>Osmani ia rithekson Kallasit domosdoshm\u00ebrin\u00eb p\u00ebr heqjen e masave ndaj Kosov\u00ebs -<\/title>\n<meta name=\"robots\" content=\"index, follow, max-snippet:-1, max-image-preview:large, max-video-preview:-1\" \/>\n<link rel=\"canonical\" href=\"https:\/\/veritasinfo.org\/?p=13683\" \/>\n<meta property=\"og:locale\" content=\"en_US\" \/>\n<meta property=\"og:type\" content=\"article\" \/>\n<meta property=\"og:title\" content=\"Osmani ia rithekson Kallasit domosdoshm\u00ebrin\u00eb p\u00ebr heqjen e masave ndaj Kosov\u00ebs -\" \/>\n<meta property=\"og:description\" content=\"Prishtin\u00eb 25 Shtator 2025 Presidentja Vjosa Osmani ka takuar p\u00ebrfaq\u00ebsuesen e Lart\u00eb t\u00eb Bashkimit Evropian, Kaja Kallas, n\u00eb New York, duke ia ritheksuar domosdoshm\u00ebrin\u00eb p\u00ebr\" \/>\n<meta property=\"og:url\" content=\"https:\/\/veritasinfo.org\/?p=13683\" \/>\n<meta property=\"article:published_time\" content=\"2025-09-25T07:31:06+00:00\" \/>\n<meta property=\"og:image\" content=\"https:\/\/veritasinfo.org\/wp-content\/uploads\/2025\/09\/db91ac0b-7e26-4626-a819-1c84e4d3866d.webp\" \/>\n\t<meta property=\"og:image:width\" content=\"1020\" \/>\n\t<meta property=\"og:image:height\" content=\"698\" \/>\n\t<meta property=\"og:image:type\" content=\"image\/webp\" \/>\n<meta name=\"author\" content=\"US5\" \/>\n<meta name=\"twitter:card\" content=\"summary_large_image\" \/>\n<meta name=\"twitter:label1\" content=\"Written by\" \/>\n\t<meta name=\"twitter:data1\" content=\"US5\" \/>\n\t<meta name=\"twitter:label2\" content=\"Est. reading time\" \/>\n\t<meta name=\"twitter:data2\" content=\"1 minute\" \/>\n<script type=\"application\/ld+json\" class=\"yoast-schema-graph\">{\"@context\":\"https:\/\/schema.org\",\"@graph\":[{\"@type\":\"WebPage\",\"@id\":\"https:\/\/veritasinfo.org\/?p=13683\",\"url\":\"https:\/\/veritasinfo.org\/?p=13683\",\"name\":\"Osmani ia rithekson Kallasit domosdoshm\u00ebrin\u00eb p\u00ebr heqjen e masave ndaj Kosov\u00ebs -\",\"isPartOf\":{\"@id\":\"https:\/\/veritasinfo.org\/#website\"},\"primaryImageOfPage\":{\"@id\":\"https:\/\/veritasinfo.org\/?p=13683#primaryimage\"},\"image\":{\"@id\":\"https:\/\/veritasinfo.org\/?p=13683#primaryimage\"},\"thumbnailUrl\":\"https:\/\/veritasinfo.org\/wp-content\/uploads\/2025\/09\/db91ac0b-7e26-4626-a819-1c84e4d3866d.webp\",\"datePublished\":\"2025-09-25T07:31:06+00:00\",\"author\":{\"@id\":\"https:\/\/veritasinfo.org\/#\/schema\/person\/bc442336e35414d04494ab8fb45db4c6\"},\"breadcrumb\":{\"@id\":\"https:\/\/veritasinfo.org\/?p=13683#breadcrumb\"},\"inLanguage\":\"en-US\",\"potentialAction\":[{\"@type\":\"ReadAction\",\"target\":[\"https:\/\/veritasinfo.org\/?p=13683\"]}]},{\"@type\":\"ImageObject\",\"inLanguage\":\"en-US\",\"@id\":\"https:\/\/veritasinfo.org\/?p=13683#primaryimage\",\"url\":\"https:\/\/veritasinfo.org\/wp-content\/uploads\/2025\/09\/db91ac0b-7e26-4626-a819-1c84e4d3866d.webp\",\"contentUrl\":\"https:\/\/veritasinfo.org\/wp-content\/uploads\/2025\/09\/db91ac0b-7e26-4626-a819-1c84e4d3866d.webp\",\"width\":1020,\"height\":698},{\"@type\":\"BreadcrumbList\",\"@id\":\"https:\/\/veritasinfo.org\/?p=13683#breadcrumb\",\"itemListElement\":[{\"@type\":\"ListItem\",\"position\":1,\"name\":\"Home\",\"item\":\"https:\/\/veritasinfo.org\/\"},{\"@type\":\"ListItem\",\"position\":2,\"name\":\"Osmani ia rithekson Kallasit domosdoshm\u00ebrin\u00eb p\u00ebr heqjen e masave ndaj Kosov\u00ebs\"}]},{\"@type\":\"WebSite\",\"@id\":\"https:\/\/veritasinfo.org\/#website\",\"url\":\"https:\/\/veritasinfo.org\/\",\"name\":\"\",\"description\":\"\",\"potentialAction\":[{\"@type\":\"SearchAction\",\"target\":{\"@type\":\"EntryPoint\",\"urlTemplate\":\"https:\/\/veritasinfo.org\/?s={search_term_string}\"},\"query-input\":{\"@type\":\"PropertyValueSpecification\",\"valueRequired\":true,\"valueName\":\"search_term_string\"}}],\"inLanguage\":\"en-US\"},{\"@type\":\"Person\",\"@id\":\"https:\/\/veritasinfo.org\/#\/schema\/person\/bc442336e35414d04494ab8fb45db4c6\",\"name\":\"US5\",\"image\":{\"@type\":\"ImageObject\",\"inLanguage\":\"en-US\",\"@id\":\"https:\/\/veritasinfo.org\/#\/schema\/person\/image\/\",\"url\":\"https:\/\/secure.gravatar.com\/avatar\/16a61e7272a0c5d001121ebb9e60e925d5816e4ac1e443ed3e640d9a6ae55d0c?s=96&d=mm&r=g\",\"contentUrl\":\"https:\/\/secure.gravatar.com\/avatar\/16a61e7272a0c5d001121ebb9e60e925d5816e4ac1e443ed3e640d9a6ae55d0c?s=96&d=mm&r=g\",\"caption\":\"US5\"},\"url\":\"https:\/\/veritasinfo.org\/?author=6\"}]}<\/script>\n<!-- \/ Yoast SEO plugin. -->","yoast_head_json":{"title":"Osmani ia rithekson Kallasit domosdoshm\u00ebrin\u00eb p\u00ebr heqjen e masave ndaj Kosov\u00ebs -","robots":{"index":"index","follow":"follow","max-snippet":"max-snippet:-1","max-image-preview":"max-image-preview:large","max-video-preview":"max-video-preview:-1"},"canonical":"https:\/\/veritasinfo.org\/?p=13683","og_locale":"en_US","og_type":"article","og_title":"Osmani ia rithekson Kallasit domosdoshm\u00ebrin\u00eb p\u00ebr heqjen e masave ndaj Kosov\u00ebs -","og_description":"Prishtin\u00eb 25 Shtator 2025 Presidentja Vjosa Osmani ka takuar p\u00ebrfaq\u00ebsuesen e Lart\u00eb t\u00eb Bashkimit Evropian, Kaja Kallas, n\u00eb New York, duke ia ritheksuar domosdoshm\u00ebrin\u00eb p\u00ebr","og_url":"https:\/\/veritasinfo.org\/?p=13683","article_published_time":"2025-09-25T07:31:06+00:00","og_image":[{"width":1020,"height":698,"url":"https:\/\/veritasinfo.org\/wp-content\/uploads\/2025\/09\/db91ac0b-7e26-4626-a819-1c84e4d3866d.webp","type":"image\/webp"}],"author":"US5","twitter_card":"summary_large_image","twitter_misc":{"Written by":"US5","Est. reading time":"1 minute"},"schema":{"@context":"https:\/\/schema.org","@graph":[{"@type":"WebPage","@id":"https:\/\/veritasinfo.org\/?p=13683","url":"https:\/\/veritasinfo.org\/?p=13683","name":"Osmani ia rithekson Kallasit domosdoshm\u00ebrin\u00eb p\u00ebr heqjen e masave ndaj Kosov\u00ebs -","isPartOf":{"@id":"https:\/\/veritasinfo.org\/#website"},"primaryImageOfPage":{"@id":"https:\/\/veritasinfo.org\/?p=13683#primaryimage"},"image":{"@id":"https:\/\/veritasinfo.org\/?p=13683#primaryimage"},"thumbnailUrl":"https:\/\/veritasinfo.org\/wp-content\/uploads\/2025\/09\/db91ac0b-7e26-4626-a819-1c84e4d3866d.webp","datePublished":"2025-09-25T07:31:06+00:00","author":{"@id":"https:\/\/veritasinfo.org\/#\/schema\/person\/bc442336e35414d04494ab8fb45db4c6"},"breadcrumb":{"@id":"https:\/\/veritasinfo.org\/?p=13683#breadcrumb"},"inLanguage":"en-US","potentialAction":[{"@type":"ReadAction","target":["https:\/\/veritasinfo.org\/?p=13683"]}]},{"@type":"ImageObject","inLanguage":"en-US","@id":"https:\/\/veritasinfo.org\/?p=13683#primaryimage","url":"https:\/\/veritasinfo.org\/wp-content\/uploads\/2025\/09\/db91ac0b-7e26-4626-a819-1c84e4d3866d.webp","contentUrl":"https:\/\/veritasinfo.org\/wp-content\/uploads\/2025\/09\/db91ac0b-7e26-4626-a819-1c84e4d3866d.webp","width":1020,"height":698},{"@type":"BreadcrumbList","@id":"https:\/\/veritasinfo.org\/?p=13683#breadcrumb","itemListElement":[{"@type":"ListItem","position":1,"name":"Home","item":"https:\/\/veritasinfo.org\/"},{"@type":"ListItem","position":2,"name":"Osmani ia rithekson Kallasit domosdoshm\u00ebrin\u00eb p\u00ebr heqjen e masave ndaj Kosov\u00ebs"}]},{"@type":"WebSite","@id":"https:\/\/veritasinfo.org\/#website","url":"https:\/\/veritasinfo.org\/","name":"","description":"","potentialAction":[{"@type":"SearchAction","target":{"@type":"EntryPoint","urlTemplate":"https:\/\/veritasinfo.org\/?s={search_term_string}"},"query-input":{"@type":"PropertyValueSpecification","valueRequired":true,"valueName":"search_term_string"}}],"inLanguage":"en-US"},{"@type":"Person","@id":"https:\/\/veritasinfo.org\/#\/schema\/person\/bc442336e35414d04494ab8fb45db4c6","name":"US5","image":{"@type":"ImageObject","inLanguage":"en-US","@id":"https:\/\/veritasinfo.org\/#\/schema\/person\/image\/","url":"https:\/\/secure.gravatar.com\/avatar\/16a61e7272a0c5d001121ebb9e60e925d5816e4ac1e443ed3e640d9a6ae55d0c?s=96&d=mm&r=g","contentUrl":"https:\/\/secure.gravatar.com\/avatar\/16a61e7272a0c5d001121ebb9e60e925d5816e4ac1e443ed3e640d9a6ae55d0c?s=96&d=mm&r=g","caption":"US5"},"url":"https:\/\/veritasinfo.org\/?author=6"}]}},"featured_image_urls":{"full":["https:\/\/veritasinfo.org\/wp-content\/uploads\/2025\/09\/db91ac0b-7e26-4626-a819-1c84e4d3866d.webp",1020,698,false],"thumbnail":["https:\/\/veritasinfo.org\/wp-content\/uploads\/2025\/09\/db91ac0b-7e26-4626-a819-1c84e4d3866d-150x150.webp",150,150,true],"medium":["https:\/\/veritasinfo.org\/wp-content\/uploads\/2025\/09\/db91ac0b-7e26-4626-a819-1c84e4d3866d-300x205.webp",300,205,true],"medium_large":["https:\/\/veritasinfo.org\/wp-content\/uploads\/2025\/09\/db91ac0b-7e26-4626-a819-1c84e4d3866d-768x526.webp",640,438,true],"large":["https:\/\/veritasinfo.org\/wp-content\/uploads\/2025\/09\/db91ac0b-7e26-4626-a819-1c84e4d3866d.webp",640,438,false],"1536x1536":["https:\/\/veritasinfo.org\/wp-content\/uploads\/2025\/09\/db91ac0b-7e26-4626-a819-1c84e4d3866d.webp",1020,698,false],"2048x2048":["https:\/\/veritasinfo.org\/wp-content\/uploads\/2025\/09\/db91ac0b-7e26-4626-a819-1c84e4d3866d.webp",1020,698,false],"kreeti-slider-full":["https:\/\/veritasinfo.org\/wp-content\/uploads\/2025\/09\/db91ac0b-7e26-4626-a819-1c84e4d3866d.webp",1020,698,false],"kreeti-featured":["https:\/\/veritasinfo.org\/wp-content\/uploads\/2025\/09\/db91ac0b-7e26-4626-a819-1c84e4d3866d.webp",1020,698,false],"kreeti-medium":["https:\/\/veritasinfo.org\/wp-content\/uploads\/2025\/09\/db91ac0b-7e26-4626-a819-1c84e4d3866d.webp",720,493,false],"kreeti-medium-square":["https:\/\/veritasinfo.org\/wp-content\/uploads\/2025\/09\/db91ac0b-7e26-4626-a819-1c84e4d3866d.webp",350,240,false]},"author_info":{"info":["US5"]},"category_info":"<a href=\"https:\/\/veritasinfo.org\/?cat=60\" rel=\"category\">Shoq\u00ebrore<\/a>","tag_info":"Shoq\u00ebrore","comment_count":"0","_links":{"self":[{"href":"https:\/\/veritasinfo.org\/index.php?rest_route=\/wp\/v2\/posts\/13683","targetHints":{"allow":["GET"]}}],"collection":[{"href":"https:\/\/veritasinfo.org\/index.php?rest_route=\/wp\/v2\/posts"}],"about":[{"href":"https:\/\/veritasinfo.org\/index.php?rest_route=\/wp\/v2\/types\/post"}],"author":[{"embeddable":true,"href":"https:\/\/veritasinfo.org\/index.php?rest_route=\/wp\/v2\/users\/6"}],"replies":[{"embeddable":true,"href":"https:\/\/veritasinfo.org\/index.php?rest_route=%2Fwp%2Fv2%2Fcomments&post=13683"}],"version-history":[{"count":1,"href":"https:\/\/veritasinfo.org\/index.php?rest_route=\/wp\/v2\/posts\/13683\/revisions"}],"predecessor-version":[{"id":13685,"href":"https:\/\/veritasinfo.org\/index.php?rest_route=\/wp\/v2\/posts\/13683\/revisions\/13685"}],"wp:featuredmedia":[{"embeddable":true,"href":"https:\/\/veritasinfo.org\/index.php?rest_route=\/wp\/v2\/media\/13684"}],"wp:attachment":[{"href":"https:\/\/veritasinfo.org\/index.php?rest_route=%2Fwp%2Fv2%2Fmedia&parent=13683"}],"wp:term":[{"taxonomy":"category","embeddable":true,"href":"https:\/\/veritasinfo.org\/index.php?rest_route=%2Fwp%2Fv2%2Fcategories&post=13683"},{"taxonomy":"post_tag","embeddable":true,"href":"https:\/\/veritasinfo.org\/index.php?rest_route=%2Fwp%2Fv2%2Ftags&post=13683"}],"curies":[{"name":"wp","href":"https:\/\/api.w.org\/{rel}","templated":true}]}}