{"id":1367,"date":"2025-06-23T14:26:43","date_gmt":"2025-06-23T12:26:43","guid":{"rendered":"https:\/\/veritasinfo.org\/?p=1367"},"modified":"2025-06-23T14:27:05","modified_gmt":"2025-06-23T12:27:05","slug":"asenijeviq-do-te-kthehem-ne-kosove-kur-me-sigurohet-nje-gjykim-i-drejte","status":"publish","type":"post","link":"https:\/\/veritasinfo.org\/?p=1367","title":{"rendered":"Asenijeviq: Do t\u00eb kthehem n\u00eb Kosov\u00eb kur m\u00eb sigurohet nj\u00eb gjykim i drejt\u00eb"},"content":{"rendered":"<p>Beograd, 23.06.2025<!--more--><\/p>\n<p>Kreu i partis\u00eb ultra nacionaliste serbe \u201cDemokracia Serbe\u201d, Aleksandar Asenijeviq, duke reaguar ndaj paralajm\u00ebrimit t\u00eb ministrit n\u00eb detyr\u00eb t\u00eb Pun\u00ebve t\u00eb Brendshme Xhelal Sve\u00e7la, se do t\u00eb arrestohet sapo t\u00eb kthehet n\u00eb Kosov\u00eb, ka th\u00ebn\u00eb se \u201cSve\u00e7la e ka d\u00ebnuar paraprakisht dhe se do t\u00eb kthehet kur t\u00eb ket\u00eb mund\u00ebsi p\u00ebr nj\u00eb gjykim t\u00eb drejt\u00eb\u201d.<\/p>\n<p>Arsenijeviq ka th\u00ebn\u00eb p\u00ebr Radio Kim se kund\u00ebr tij po zhvillohet \u201cnj\u00eb ndjekje, dhe se Sve\u00e7la e ka d\u00ebnuar paraprakisht, prandaj as nuk pret nj\u00eb gjykim t\u00eb drejt\u00eb dhe t\u00eb paansh\u00ebm\u201d, transmeton Paparaci.<\/p>\n<p>\u201cKur m\u00eb sigurohet nj\u00eb gjykim i drejt\u00eb dhe korrekt, mezi pres t\u00eb zbuloj t\u00eb gjitha ato g\u00ebnjeshtra dhe t\u00ebr\u00eb k\u00ebt\u00eb intrig\u00eb\u201d, \u00ebsht\u00eb p\u00ebrgjigjur Arsenijeviq n\u00eb pyetje n\u00ebse ka nd\u00ebrmend t\u00eb kthehet n\u00eb Kosov\u00eb, duke pasur parasysh se ministri i policis\u00eb ka paralajm\u00ebruar arrestimin e tij.<\/p>\n<p>Sve\u00e7la b\u00ebri k\u00ebt\u00eb paralajm\u00ebrim pasi n\u00eb pron\u00ebn e Aleksandar Arsenijeviqit \u00ebsht\u00eb gjetur nj\u00eb arsenal arm\u00ebsh, p\u00ebrfshir\u00eb raketahedh\u00ebs dore, bomba dore, pajisje p\u00ebr kriptovaluta, jelek antiplumb dhe t\u00eb tjera.<\/p>\n<p>Sve\u00e7la ka th\u00ebn\u00eb sot se Arsenijeviqi \u00ebsht\u00eb n\u00eb k\u00ebrkim dhe ka paralajm\u00ebruar se do t\u00eb ndalet sapo t\u00eb hyj\u00eb n\u00eb Kosov\u00eb.<\/p>\n<p>Ai e akuzon Sve\u00e7l\u00ebn se \u201cv\u00eb n\u00ebnshkrimin kudo\u201d, dhe se jelekun antiplumb q\u00eb p\u00ebrmendet, e kishte lajm\u00ebruar disa muaj m\u00eb par\u00eb te drejtori i policis\u00eb p\u00ebr rajonin verior dhe z\u00ebvend\u00ebsi i tij.<strong>\/Paparaci.com<\/strong><\/p>\n<div class=\"td-a-ad id_inline_ad1 id_ad_content-horiz-center\">\n<p>&nbsp;<\/p>\n<div id=\"beacon_7470ebbba4\">\n<p class=\"p1\">\n<\/div>\n<p>&nbsp;<\/p>\n<\/div>\n","protected":false},"excerpt":{"rendered":"<p>Beograd, 23.06.2025<\/p>\n","protected":false},"author":1,"featured_media":1368,"comment_status":"open","ping_status":"open","sticky":false,"template":"","format":"standard","meta":{"footnotes":""},"categories":[60],"tags":[],"class_list":["post-1367","post","type-post","status-publish","format-standard","has-post-thumbnail","hentry","category-shoqerore-sq"],"yoast_head":"<!-- This site is optimized with the Yoast SEO plugin v25.3.1 - https:\/\/yoast.com\/wordpress\/plugins\/seo\/ -->\n<title>Asenijeviq: Do t\u00eb kthehem n\u00eb Kosov\u00eb kur m\u00eb sigurohet nj\u00eb gjykim i drejt\u00eb -<\/title>\n<meta name=\"robots\" content=\"index, follow, max-snippet:-1, max-image-preview:large, max-video-preview:-1\" \/>\n<link rel=\"canonical\" href=\"https:\/\/veritasinfo.org\/?p=1367\" \/>\n<meta property=\"og:locale\" content=\"en_US\" \/>\n<meta property=\"og:type\" content=\"article\" \/>\n<meta property=\"og:title\" content=\"Asenijeviq: Do t\u00eb kthehem n\u00eb Kosov\u00eb kur m\u00eb sigurohet nj\u00eb gjykim i drejt\u00eb -\" \/>\n<meta property=\"og:description\" content=\"Beograd, 23.06.2025\" \/>\n<meta property=\"og:url\" content=\"https:\/\/veritasinfo.org\/?p=1367\" \/>\n<meta property=\"article:published_time\" content=\"2025-06-23T12:26:43+00:00\" \/>\n<meta property=\"article:modified_time\" content=\"2025-06-23T12:27:05+00:00\" \/>\n<meta property=\"og:image\" content=\"https:\/\/veritasinfo.org\/wp-content\/uploads\/2025\/06\/IMG_1531.jpeg\" \/>\n\t<meta property=\"og:image:width\" content=\"1175\" \/>\n\t<meta property=\"og:image:height\" content=\"695\" \/>\n\t<meta property=\"og:image:type\" content=\"image\/jpeg\" \/>\n<meta name=\"author\" content=\"admin\" \/>\n<meta name=\"twitter:card\" content=\"summary_large_image\" \/>\n<meta name=\"twitter:label1\" content=\"Written by\" \/>\n\t<meta name=\"twitter:data1\" content=\"admin\" \/>\n\t<meta name=\"twitter:label2\" content=\"Est. reading time\" \/>\n\t<meta name=\"twitter:data2\" content=\"2 minutes\" \/>\n<script type=\"application\/ld+json\" class=\"yoast-schema-graph\">{\"@context\":\"https:\/\/schema.org\",\"@graph\":[{\"@type\":\"WebPage\",\"@id\":\"https:\/\/veritasinfo.org\/?p=1367\",\"url\":\"https:\/\/veritasinfo.org\/?p=1367\",\"name\":\"Asenijeviq: Do t\u00eb kthehem n\u00eb Kosov\u00eb kur m\u00eb sigurohet nj\u00eb gjykim i drejt\u00eb -\",\"isPartOf\":{\"@id\":\"https:\/\/veritasinfo.org\/#website\"},\"primaryImageOfPage\":{\"@id\":\"https:\/\/veritasinfo.org\/?p=1367#primaryimage\"},\"image\":{\"@id\":\"https:\/\/veritasinfo.org\/?p=1367#primaryimage\"},\"thumbnailUrl\":\"https:\/\/veritasinfo.org\/wp-content\/uploads\/2025\/06\/IMG_1531.jpeg\",\"datePublished\":\"2025-06-23T12:26:43+00:00\",\"dateModified\":\"2025-06-23T12:27:05+00:00\",\"author\":{\"@id\":\"https:\/\/veritasinfo.org\/#\/schema\/person\/7701f8c088bece422266b100a712374f\"},\"breadcrumb\":{\"@id\":\"https:\/\/veritasinfo.org\/?p=1367#breadcrumb\"},\"inLanguage\":\"en-US\",\"potentialAction\":[{\"@type\":\"ReadAction\",\"target\":[\"https:\/\/veritasinfo.org\/?p=1367\"]}]},{\"@type\":\"ImageObject\",\"inLanguage\":\"en-US\",\"@id\":\"https:\/\/veritasinfo.org\/?p=1367#primaryimage\",\"url\":\"https:\/\/veritasinfo.org\/wp-content\/uploads\/2025\/06\/IMG_1531.jpeg\",\"contentUrl\":\"https:\/\/veritasinfo.org\/wp-content\/uploads\/2025\/06\/IMG_1531.jpeg\",\"width\":1175,\"height\":695,\"caption\":\"Screenshot\"},{\"@type\":\"BreadcrumbList\",\"@id\":\"https:\/\/veritasinfo.org\/?p=1367#breadcrumb\",\"itemListElement\":[{\"@type\":\"ListItem\",\"position\":1,\"name\":\"Home\",\"item\":\"https:\/\/veritasinfo.org\/\"},{\"@type\":\"ListItem\",\"position\":2,\"name\":\"Asenijeviq: Do t\u00eb kthehem n\u00eb Kosov\u00eb kur m\u00eb sigurohet nj\u00eb gjykim i drejt\u00eb\"}]},{\"@type\":\"WebSite\",\"@id\":\"https:\/\/veritasinfo.org\/#website\",\"url\":\"https:\/\/veritasinfo.org\/\",\"name\":\"\",\"description\":\"\",\"potentialAction\":[{\"@type\":\"SearchAction\",\"target\":{\"@type\":\"EntryPoint\",\"urlTemplate\":\"https:\/\/veritasinfo.org\/?s={search_term_string}\"},\"query-input\":{\"@type\":\"PropertyValueSpecification\",\"valueRequired\":true,\"valueName\":\"search_term_string\"}}],\"inLanguage\":\"en-US\"},{\"@type\":\"Person\",\"@id\":\"https:\/\/veritasinfo.org\/#\/schema\/person\/7701f8c088bece422266b100a712374f\",\"name\":\"admin\",\"image\":{\"@type\":\"ImageObject\",\"inLanguage\":\"en-US\",\"@id\":\"https:\/\/veritasinfo.org\/#\/schema\/person\/image\/\",\"url\":\"https:\/\/secure.gravatar.com\/avatar\/ea53aa3bf6c9a12d5fde8ce4deff43fef3885ae33cf60184161a50d6987cfd2f?s=96&d=mm&r=g\",\"contentUrl\":\"https:\/\/secure.gravatar.com\/avatar\/ea53aa3bf6c9a12d5fde8ce4deff43fef3885ae33cf60184161a50d6987cfd2f?s=96&d=mm&r=g\",\"caption\":\"admin\"},\"sameAs\":[\"https:\/\/veritasinfo.org\"],\"url\":\"https:\/\/veritasinfo.org\/?author=1\"}]}<\/script>\n<!-- \/ Yoast SEO plugin. -->","yoast_head_json":{"title":"Asenijeviq: Do t\u00eb kthehem n\u00eb Kosov\u00eb kur m\u00eb sigurohet nj\u00eb gjykim i drejt\u00eb -","robots":{"index":"index","follow":"follow","max-snippet":"max-snippet:-1","max-image-preview":"max-image-preview:large","max-video-preview":"max-video-preview:-1"},"canonical":"https:\/\/veritasinfo.org\/?p=1367","og_locale":"en_US","og_type":"article","og_title":"Asenijeviq: Do t\u00eb kthehem n\u00eb Kosov\u00eb kur m\u00eb sigurohet nj\u00eb gjykim i drejt\u00eb -","og_description":"Beograd, 23.06.2025","og_url":"https:\/\/veritasinfo.org\/?p=1367","article_published_time":"2025-06-23T12:26:43+00:00","article_modified_time":"2025-06-23T12:27:05+00:00","og_image":[{"width":1175,"height":695,"url":"https:\/\/veritasinfo.org\/wp-content\/uploads\/2025\/06\/IMG_1531.jpeg","type":"image\/jpeg"}],"author":"admin","twitter_card":"summary_large_image","twitter_misc":{"Written by":"admin","Est. reading time":"2 minutes"},"schema":{"@context":"https:\/\/schema.org","@graph":[{"@type":"WebPage","@id":"https:\/\/veritasinfo.org\/?p=1367","url":"https:\/\/veritasinfo.org\/?p=1367","name":"Asenijeviq: Do t\u00eb kthehem n\u00eb Kosov\u00eb kur m\u00eb sigurohet nj\u00eb gjykim i drejt\u00eb -","isPartOf":{"@id":"https:\/\/veritasinfo.org\/#website"},"primaryImageOfPage":{"@id":"https:\/\/veritasinfo.org\/?p=1367#primaryimage"},"image":{"@id":"https:\/\/veritasinfo.org\/?p=1367#primaryimage"},"thumbnailUrl":"https:\/\/veritasinfo.org\/wp-content\/uploads\/2025\/06\/IMG_1531.jpeg","datePublished":"2025-06-23T12:26:43+00:00","dateModified":"2025-06-23T12:27:05+00:00","author":{"@id":"https:\/\/veritasinfo.org\/#\/schema\/person\/7701f8c088bece422266b100a712374f"},"breadcrumb":{"@id":"https:\/\/veritasinfo.org\/?p=1367#breadcrumb"},"inLanguage":"en-US","potentialAction":[{"@type":"ReadAction","target":["https:\/\/veritasinfo.org\/?p=1367"]}]},{"@type":"ImageObject","inLanguage":"en-US","@id":"https:\/\/veritasinfo.org\/?p=1367#primaryimage","url":"https:\/\/veritasinfo.org\/wp-content\/uploads\/2025\/06\/IMG_1531.jpeg","contentUrl":"https:\/\/veritasinfo.org\/wp-content\/uploads\/2025\/06\/IMG_1531.jpeg","width":1175,"height":695,"caption":"Screenshot"},{"@type":"BreadcrumbList","@id":"https:\/\/veritasinfo.org\/?p=1367#breadcrumb","itemListElement":[{"@type":"ListItem","position":1,"name":"Home","item":"https:\/\/veritasinfo.org\/"},{"@type":"ListItem","position":2,"name":"Asenijeviq: Do t\u00eb kthehem n\u00eb Kosov\u00eb kur m\u00eb sigurohet nj\u00eb gjykim i drejt\u00eb"}]},{"@type":"WebSite","@id":"https:\/\/veritasinfo.org\/#website","url":"https:\/\/veritasinfo.org\/","name":"","description":"","potentialAction":[{"@type":"SearchAction","target":{"@type":"EntryPoint","urlTemplate":"https:\/\/veritasinfo.org\/?s={search_term_string}"},"query-input":{"@type":"PropertyValueSpecification","valueRequired":true,"valueName":"search_term_string"}}],"inLanguage":"en-US"},{"@type":"Person","@id":"https:\/\/veritasinfo.org\/#\/schema\/person\/7701f8c088bece422266b100a712374f","name":"admin","image":{"@type":"ImageObject","inLanguage":"en-US","@id":"https:\/\/veritasinfo.org\/#\/schema\/person\/image\/","url":"https:\/\/secure.gravatar.com\/avatar\/ea53aa3bf6c9a12d5fde8ce4deff43fef3885ae33cf60184161a50d6987cfd2f?s=96&d=mm&r=g","contentUrl":"https:\/\/secure.gravatar.com\/avatar\/ea53aa3bf6c9a12d5fde8ce4deff43fef3885ae33cf60184161a50d6987cfd2f?s=96&d=mm&r=g","caption":"admin"},"sameAs":["https:\/\/veritasinfo.org"],"url":"https:\/\/veritasinfo.org\/?author=1"}]}},"featured_image_urls":{"full":["https:\/\/veritasinfo.org\/wp-content\/uploads\/2025\/06\/IMG_1531.jpeg",1175,695,false],"thumbnail":["https:\/\/veritasinfo.org\/wp-content\/uploads\/2025\/06\/IMG_1531-150x150.jpeg",150,150,true],"medium":["https:\/\/veritasinfo.org\/wp-content\/uploads\/2025\/06\/IMG_1531-300x177.jpeg",300,177,true],"medium_large":["https:\/\/veritasinfo.org\/wp-content\/uploads\/2025\/06\/IMG_1531-768x454.jpeg",640,378,true],"large":["https:\/\/veritasinfo.org\/wp-content\/uploads\/2025\/06\/IMG_1531-1024x606.jpeg",640,379,true],"1536x1536":["https:\/\/veritasinfo.org\/wp-content\/uploads\/2025\/06\/IMG_1531.jpeg",1175,695,false],"2048x2048":["https:\/\/veritasinfo.org\/wp-content\/uploads\/2025\/06\/IMG_1531.jpeg",1175,695,false],"kreeti-slider-full":["https:\/\/veritasinfo.org\/wp-content\/uploads\/2025\/06\/IMG_1531.jpeg",1175,695,false],"kreeti-featured":["https:\/\/veritasinfo.org\/wp-content\/uploads\/2025\/06\/IMG_1531.jpeg",1024,606,false],"kreeti-medium":["https:\/\/veritasinfo.org\/wp-content\/uploads\/2025\/06\/IMG_1531.jpeg",720,426,false],"kreeti-medium-square":["https:\/\/veritasinfo.org\/wp-content\/uploads\/2025\/06\/IMG_1531.jpeg",350,207,false]},"author_info":{"info":["admin"]},"category_info":"<a href=\"https:\/\/veritasinfo.org\/?cat=60\" rel=\"category\">Shoq\u00ebrore<\/a>","tag_info":"Shoq\u00ebrore","comment_count":"0","_links":{"self":[{"href":"https:\/\/veritasinfo.org\/index.php?rest_route=\/wp\/v2\/posts\/1367","targetHints":{"allow":["GET"]}}],"collection":[{"href":"https:\/\/veritasinfo.org\/index.php?rest_route=\/wp\/v2\/posts"}],"about":[{"href":"https:\/\/veritasinfo.org\/index.php?rest_route=\/wp\/v2\/types\/post"}],"author":[{"embeddable":true,"href":"https:\/\/veritasinfo.org\/index.php?rest_route=\/wp\/v2\/users\/1"}],"replies":[{"embeddable":true,"href":"https:\/\/veritasinfo.org\/index.php?rest_route=%2Fwp%2Fv2%2Fcomments&post=1367"}],"version-history":[{"count":2,"href":"https:\/\/veritasinfo.org\/index.php?rest_route=\/wp\/v2\/posts\/1367\/revisions"}],"predecessor-version":[{"id":1370,"href":"https:\/\/veritasinfo.org\/index.php?rest_route=\/wp\/v2\/posts\/1367\/revisions\/1370"}],"wp:featuredmedia":[{"embeddable":true,"href":"https:\/\/veritasinfo.org\/index.php?rest_route=\/wp\/v2\/media\/1368"}],"wp:attachment":[{"href":"https:\/\/veritasinfo.org\/index.php?rest_route=%2Fwp%2Fv2%2Fmedia&parent=1367"}],"wp:term":[{"taxonomy":"category","embeddable":true,"href":"https:\/\/veritasinfo.org\/index.php?rest_route=%2Fwp%2Fv2%2Fcategories&post=1367"},{"taxonomy":"post_tag","embeddable":true,"href":"https:\/\/veritasinfo.org\/index.php?rest_route=%2Fwp%2Fv2%2Ftags&post=1367"}],"curies":[{"name":"wp","href":"https:\/\/api.w.org\/{rel}","templated":true}]}}