{"id":13663,"date":"2025-09-25T08:45:27","date_gmt":"2025-09-25T06:45:27","guid":{"rendered":"https:\/\/veritasinfo.org\/?p=13663"},"modified":"2025-09-25T08:58:48","modified_gmt":"2025-09-25T06:58:48","slug":"eshte-zgjatur-afati-per-regjistrimin-e-popullsise-per-komunitetet-jo-shumice","status":"publish","type":"post","link":"https:\/\/veritasinfo.org\/?p=13663","title":{"rendered":"\u00cbsht\u00eb zgjatur afati p\u00ebr regjistrimin e popullsis\u00eb p\u00ebr komunitetet jo shumic\u00eb"},"content":{"rendered":"<p>Prishtin\u00eb 25 Shtator 2025<\/p>\n<p data-start=\"72\" data-end=\"257\"><strong data-start=\"72\" data-end=\"255\">Afati p\u00ebr regjistrimin e popullsis\u00eb p\u00ebr komunitetet jo shumic\u00eb \u00ebsht\u00eb zgjatur deri m\u00eb 1 tetor t\u00eb k\u00ebtij viti, ka njoftuar Ministria e Komuniteteve dhe Kthimit e Qeveris\u00eb s\u00eb Kosov\u00ebs.<\/strong><\/p>\n<p data-start=\"259\" data-end=\"526\">T\u00eb gjith\u00eb ata q\u00eb nuk kan\u00eb arritur t\u00eb regjistrohen vitin e kaluar gjat\u00eb k\u00ebtij procesi, por edhe gjat\u00eb afatit t\u00eb ri q\u00eb p\u00ebrfundoi m\u00eb 31 gusht t\u00eb k\u00ebtij viti, do t\u00eb ken\u00eb mund\u00ebsi t\u00eb kryejn\u00eb regjistrimin n\u00eb Agjencin\u00eb e Statistikave t\u00eb Kosov\u00ebs n\u00eb Prishtin\u00eb deri m\u00eb 1 tetor.<\/p>\n<p data-start=\"528\" data-end=\"923\">Informacioni p\u00ebr zgjatjen e regjistrimit t\u00eb popullsis\u00eb nuk mund t\u00eb gjendet n\u00eb faqen zyrtare t\u00eb Agjencis\u00eb s\u00eb Statistikave, as nuk \u00ebsht\u00eb njoftuar nga kjo agjenci p\u00ebr mediat. P\u00ebr afatin e ri p\u00ebr regjistrimin e popullsis\u00eb, opinionin publik e ka informuar Ministria e Komuniteteve dhe Kthimit n\u00eb faqen e saj zyrtare, duke theksuar se \u201cm\u00eb meritori p\u00ebr zgjatjen e afatit \u00ebsht\u00eb ministri Nenad Rashiq\u201d.<\/p>\n<p data-start=\"925\" data-end=\"1134\">\u201cKy hap i r\u00ebnd\u00ebsish\u00ebm tregon qart\u00eb p\u00ebrkushtimin e ministrit p\u00ebr mbrojtjen e t\u00eb drejtave t\u00eb komuniteteve jo shumic\u00eb dhe sigurimin q\u00eb t\u00eb gjith\u00eb qytetar\u00ebt t\u00eb p\u00ebrfaq\u00ebsohen n\u00eb m\u00ebnyr\u00eb adekuate\u201d, thuhet n\u00eb njoftim.<\/p>\n","protected":false},"excerpt":{"rendered":"<p>Prishtin\u00eb 25 Shtator 2025 Afati p\u00ebr regjistrimin e popullsis\u00eb p\u00ebr komunitetet jo shumic\u00eb \u00ebsht\u00eb zgjatur deri m\u00eb 1 tetor t\u00eb k\u00ebtij viti, ka njoftuar Ministria<\/p>\n","protected":false},"author":6,"featured_media":13670,"comment_status":"open","ping_status":"open","sticky":false,"template":"","format":"standard","meta":{"footnotes":""},"categories":[60],"tags":[],"class_list":["post-13663","post","type-post","status-publish","format-standard","has-post-thumbnail","hentry","category-shoqerore-sq"],"yoast_head":"<!-- This site is optimized with the Yoast SEO plugin v25.3.1 - https:\/\/yoast.com\/wordpress\/plugins\/seo\/ -->\n<title>\u00cbsht\u00eb zgjatur afati p\u00ebr regjistrimin e popullsis\u00eb p\u00ebr komunitetet jo shumic\u00eb -<\/title>\n<meta name=\"robots\" content=\"index, follow, max-snippet:-1, max-image-preview:large, max-video-preview:-1\" \/>\n<link rel=\"canonical\" href=\"https:\/\/veritasinfo.org\/?p=13663\" \/>\n<meta property=\"og:locale\" content=\"en_US\" \/>\n<meta property=\"og:type\" content=\"article\" \/>\n<meta property=\"og:title\" content=\"\u00cbsht\u00eb zgjatur afati p\u00ebr regjistrimin e popullsis\u00eb p\u00ebr komunitetet jo shumic\u00eb -\" \/>\n<meta property=\"og:description\" content=\"Prishtin\u00eb 25 Shtator 2025 Afati p\u00ebr regjistrimin e popullsis\u00eb p\u00ebr komunitetet jo shumic\u00eb \u00ebsht\u00eb zgjatur deri m\u00eb 1 tetor t\u00eb k\u00ebtij viti, ka njoftuar Ministria\" \/>\n<meta property=\"og:url\" content=\"https:\/\/veritasinfo.org\/?p=13663\" \/>\n<meta property=\"article:published_time\" content=\"2025-09-25T06:45:27+00:00\" \/>\n<meta property=\"article:modified_time\" content=\"2025-09-25T06:58:48+00:00\" \/>\n<meta property=\"og:image\" content=\"https:\/\/veritasinfo.org\/wp-content\/uploads\/2025\/09\/ask.png\" \/>\n\t<meta property=\"og:image:width\" content=\"869\" \/>\n\t<meta property=\"og:image:height\" content=\"600\" \/>\n\t<meta property=\"og:image:type\" content=\"image\/png\" \/>\n<meta name=\"author\" content=\"US5\" \/>\n<meta name=\"twitter:card\" content=\"summary_large_image\" \/>\n<meta name=\"twitter:label1\" content=\"Written by\" \/>\n\t<meta name=\"twitter:data1\" content=\"US5\" \/>\n\t<meta name=\"twitter:label2\" content=\"Est. reading time\" \/>\n\t<meta name=\"twitter:data2\" content=\"1 minute\" \/>\n<script type=\"application\/ld+json\" class=\"yoast-schema-graph\">{\"@context\":\"https:\/\/schema.org\",\"@graph\":[{\"@type\":\"WebPage\",\"@id\":\"https:\/\/veritasinfo.org\/?p=13663\",\"url\":\"https:\/\/veritasinfo.org\/?p=13663\",\"name\":\"\u00cbsht\u00eb zgjatur afati p\u00ebr regjistrimin e popullsis\u00eb p\u00ebr komunitetet jo shumic\u00eb -\",\"isPartOf\":{\"@id\":\"https:\/\/veritasinfo.org\/#website\"},\"primaryImageOfPage\":{\"@id\":\"https:\/\/veritasinfo.org\/?p=13663#primaryimage\"},\"image\":{\"@id\":\"https:\/\/veritasinfo.org\/?p=13663#primaryimage\"},\"thumbnailUrl\":\"https:\/\/veritasinfo.org\/wp-content\/uploads\/2025\/09\/ask.png\",\"datePublished\":\"2025-09-25T06:45:27+00:00\",\"dateModified\":\"2025-09-25T06:58:48+00:00\",\"author\":{\"@id\":\"https:\/\/veritasinfo.org\/#\/schema\/person\/bc442336e35414d04494ab8fb45db4c6\"},\"breadcrumb\":{\"@id\":\"https:\/\/veritasinfo.org\/?p=13663#breadcrumb\"},\"inLanguage\":\"en-US\",\"potentialAction\":[{\"@type\":\"ReadAction\",\"target\":[\"https:\/\/veritasinfo.org\/?p=13663\"]}]},{\"@type\":\"ImageObject\",\"inLanguage\":\"en-US\",\"@id\":\"https:\/\/veritasinfo.org\/?p=13663#primaryimage\",\"url\":\"https:\/\/veritasinfo.org\/wp-content\/uploads\/2025\/09\/ask.png\",\"contentUrl\":\"https:\/\/veritasinfo.org\/wp-content\/uploads\/2025\/09\/ask.png\",\"width\":869,\"height\":600},{\"@type\":\"BreadcrumbList\",\"@id\":\"https:\/\/veritasinfo.org\/?p=13663#breadcrumb\",\"itemListElement\":[{\"@type\":\"ListItem\",\"position\":1,\"name\":\"Home\",\"item\":\"https:\/\/veritasinfo.org\/\"},{\"@type\":\"ListItem\",\"position\":2,\"name\":\"\u00cbsht\u00eb zgjatur afati p\u00ebr regjistrimin e popullsis\u00eb p\u00ebr komunitetet jo shumic\u00eb\"}]},{\"@type\":\"WebSite\",\"@id\":\"https:\/\/veritasinfo.org\/#website\",\"url\":\"https:\/\/veritasinfo.org\/\",\"name\":\"\",\"description\":\"\",\"potentialAction\":[{\"@type\":\"SearchAction\",\"target\":{\"@type\":\"EntryPoint\",\"urlTemplate\":\"https:\/\/veritasinfo.org\/?s={search_term_string}\"},\"query-input\":{\"@type\":\"PropertyValueSpecification\",\"valueRequired\":true,\"valueName\":\"search_term_string\"}}],\"inLanguage\":\"en-US\"},{\"@type\":\"Person\",\"@id\":\"https:\/\/veritasinfo.org\/#\/schema\/person\/bc442336e35414d04494ab8fb45db4c6\",\"name\":\"US5\",\"image\":{\"@type\":\"ImageObject\",\"inLanguage\":\"en-US\",\"@id\":\"https:\/\/veritasinfo.org\/#\/schema\/person\/image\/\",\"url\":\"https:\/\/secure.gravatar.com\/avatar\/16a61e7272a0c5d001121ebb9e60e925d5816e4ac1e443ed3e640d9a6ae55d0c?s=96&d=mm&r=g\",\"contentUrl\":\"https:\/\/secure.gravatar.com\/avatar\/16a61e7272a0c5d001121ebb9e60e925d5816e4ac1e443ed3e640d9a6ae55d0c?s=96&d=mm&r=g\",\"caption\":\"US5\"},\"url\":\"https:\/\/veritasinfo.org\/?author=6\"}]}<\/script>\n<!-- \/ Yoast SEO plugin. -->","yoast_head_json":{"title":"\u00cbsht\u00eb zgjatur afati p\u00ebr regjistrimin e popullsis\u00eb p\u00ebr komunitetet jo shumic\u00eb -","robots":{"index":"index","follow":"follow","max-snippet":"max-snippet:-1","max-image-preview":"max-image-preview:large","max-video-preview":"max-video-preview:-1"},"canonical":"https:\/\/veritasinfo.org\/?p=13663","og_locale":"en_US","og_type":"article","og_title":"\u00cbsht\u00eb zgjatur afati p\u00ebr regjistrimin e popullsis\u00eb p\u00ebr komunitetet jo shumic\u00eb -","og_description":"Prishtin\u00eb 25 Shtator 2025 Afati p\u00ebr regjistrimin e popullsis\u00eb p\u00ebr komunitetet jo shumic\u00eb \u00ebsht\u00eb zgjatur deri m\u00eb 1 tetor t\u00eb k\u00ebtij viti, ka njoftuar Ministria","og_url":"https:\/\/veritasinfo.org\/?p=13663","article_published_time":"2025-09-25T06:45:27+00:00","article_modified_time":"2025-09-25T06:58:48+00:00","og_image":[{"width":869,"height":600,"url":"https:\/\/veritasinfo.org\/wp-content\/uploads\/2025\/09\/ask.png","type":"image\/png"}],"author":"US5","twitter_card":"summary_large_image","twitter_misc":{"Written by":"US5","Est. reading time":"1 minute"},"schema":{"@context":"https:\/\/schema.org","@graph":[{"@type":"WebPage","@id":"https:\/\/veritasinfo.org\/?p=13663","url":"https:\/\/veritasinfo.org\/?p=13663","name":"\u00cbsht\u00eb zgjatur afati p\u00ebr regjistrimin e popullsis\u00eb p\u00ebr komunitetet jo shumic\u00eb -","isPartOf":{"@id":"https:\/\/veritasinfo.org\/#website"},"primaryImageOfPage":{"@id":"https:\/\/veritasinfo.org\/?p=13663#primaryimage"},"image":{"@id":"https:\/\/veritasinfo.org\/?p=13663#primaryimage"},"thumbnailUrl":"https:\/\/veritasinfo.org\/wp-content\/uploads\/2025\/09\/ask.png","datePublished":"2025-09-25T06:45:27+00:00","dateModified":"2025-09-25T06:58:48+00:00","author":{"@id":"https:\/\/veritasinfo.org\/#\/schema\/person\/bc442336e35414d04494ab8fb45db4c6"},"breadcrumb":{"@id":"https:\/\/veritasinfo.org\/?p=13663#breadcrumb"},"inLanguage":"en-US","potentialAction":[{"@type":"ReadAction","target":["https:\/\/veritasinfo.org\/?p=13663"]}]},{"@type":"ImageObject","inLanguage":"en-US","@id":"https:\/\/veritasinfo.org\/?p=13663#primaryimage","url":"https:\/\/veritasinfo.org\/wp-content\/uploads\/2025\/09\/ask.png","contentUrl":"https:\/\/veritasinfo.org\/wp-content\/uploads\/2025\/09\/ask.png","width":869,"height":600},{"@type":"BreadcrumbList","@id":"https:\/\/veritasinfo.org\/?p=13663#breadcrumb","itemListElement":[{"@type":"ListItem","position":1,"name":"Home","item":"https:\/\/veritasinfo.org\/"},{"@type":"ListItem","position":2,"name":"\u00cbsht\u00eb zgjatur afati p\u00ebr regjistrimin e popullsis\u00eb p\u00ebr komunitetet jo shumic\u00eb"}]},{"@type":"WebSite","@id":"https:\/\/veritasinfo.org\/#website","url":"https:\/\/veritasinfo.org\/","name":"","description":"","potentialAction":[{"@type":"SearchAction","target":{"@type":"EntryPoint","urlTemplate":"https:\/\/veritasinfo.org\/?s={search_term_string}"},"query-input":{"@type":"PropertyValueSpecification","valueRequired":true,"valueName":"search_term_string"}}],"inLanguage":"en-US"},{"@type":"Person","@id":"https:\/\/veritasinfo.org\/#\/schema\/person\/bc442336e35414d04494ab8fb45db4c6","name":"US5","image":{"@type":"ImageObject","inLanguage":"en-US","@id":"https:\/\/veritasinfo.org\/#\/schema\/person\/image\/","url":"https:\/\/secure.gravatar.com\/avatar\/16a61e7272a0c5d001121ebb9e60e925d5816e4ac1e443ed3e640d9a6ae55d0c?s=96&d=mm&r=g","contentUrl":"https:\/\/secure.gravatar.com\/avatar\/16a61e7272a0c5d001121ebb9e60e925d5816e4ac1e443ed3e640d9a6ae55d0c?s=96&d=mm&r=g","caption":"US5"},"url":"https:\/\/veritasinfo.org\/?author=6"}]}},"featured_image_urls":{"full":["https:\/\/veritasinfo.org\/wp-content\/uploads\/2025\/09\/ask.png",869,600,false],"thumbnail":["https:\/\/veritasinfo.org\/wp-content\/uploads\/2025\/09\/ask-150x150.png",150,150,true],"medium":["https:\/\/veritasinfo.org\/wp-content\/uploads\/2025\/09\/ask-300x207.png",300,207,true],"medium_large":["https:\/\/veritasinfo.org\/wp-content\/uploads\/2025\/09\/ask-768x530.png",640,442,true],"large":["https:\/\/veritasinfo.org\/wp-content\/uploads\/2025\/09\/ask.png",640,442,false],"1536x1536":["https:\/\/veritasinfo.org\/wp-content\/uploads\/2025\/09\/ask.png",869,600,false],"2048x2048":["https:\/\/veritasinfo.org\/wp-content\/uploads\/2025\/09\/ask.png",869,600,false],"kreeti-slider-full":["https:\/\/veritasinfo.org\/wp-content\/uploads\/2025\/09\/ask.png",869,600,false],"kreeti-featured":["https:\/\/veritasinfo.org\/wp-content\/uploads\/2025\/09\/ask.png",869,600,false],"kreeti-medium":["https:\/\/veritasinfo.org\/wp-content\/uploads\/2025\/09\/ask.png",720,497,false],"kreeti-medium-square":["https:\/\/veritasinfo.org\/wp-content\/uploads\/2025\/09\/ask.png",350,242,false]},"author_info":{"info":["US5"]},"category_info":"<a href=\"https:\/\/veritasinfo.org\/?cat=60\" rel=\"category\">Shoq\u00ebrore<\/a>","tag_info":"Shoq\u00ebrore","comment_count":"0","_links":{"self":[{"href":"https:\/\/veritasinfo.org\/index.php?rest_route=\/wp\/v2\/posts\/13663","targetHints":{"allow":["GET"]}}],"collection":[{"href":"https:\/\/veritasinfo.org\/index.php?rest_route=\/wp\/v2\/posts"}],"about":[{"href":"https:\/\/veritasinfo.org\/index.php?rest_route=\/wp\/v2\/types\/post"}],"author":[{"embeddable":true,"href":"https:\/\/veritasinfo.org\/index.php?rest_route=\/wp\/v2\/users\/6"}],"replies":[{"embeddable":true,"href":"https:\/\/veritasinfo.org\/index.php?rest_route=%2Fwp%2Fv2%2Fcomments&post=13663"}],"version-history":[{"count":1,"href":"https:\/\/veritasinfo.org\/index.php?rest_route=\/wp\/v2\/posts\/13663\/revisions"}],"predecessor-version":[{"id":13665,"href":"https:\/\/veritasinfo.org\/index.php?rest_route=\/wp\/v2\/posts\/13663\/revisions\/13665"}],"wp:featuredmedia":[{"embeddable":true,"href":"https:\/\/veritasinfo.org\/index.php?rest_route=\/wp\/v2\/media\/13670"}],"wp:attachment":[{"href":"https:\/\/veritasinfo.org\/index.php?rest_route=%2Fwp%2Fv2%2Fmedia&parent=13663"}],"wp:term":[{"taxonomy":"category","embeddable":true,"href":"https:\/\/veritasinfo.org\/index.php?rest_route=%2Fwp%2Fv2%2Fcategories&post=13663"},{"taxonomy":"post_tag","embeddable":true,"href":"https:\/\/veritasinfo.org\/index.php?rest_route=%2Fwp%2Fv2%2Ftags&post=13663"}],"curies":[{"name":"wp","href":"https:\/\/api.w.org\/{rel}","templated":true}]}}