{"id":13655,"date":"2025-09-25T08:25:27","date_gmt":"2025-09-25T06:25:27","guid":{"rendered":"https:\/\/veritasinfo.org\/?p=13655"},"modified":"2025-09-25T08:25:27","modified_gmt":"2025-09-25T06:25:27","slug":"begaj-kerkon-respektimin-e-te-drejtave-te-shqiptareve-ne-lugine-dhe-vend-per-kosoven-ne-okb","status":"publish","type":"post","link":"https:\/\/veritasinfo.org\/?p=13655","title":{"rendered":"Begaj k\u00ebrkon respektimin e t\u00eb drejtave t\u00eb shqiptar\u00ebve n\u00eb Lugin\u00eb dhe vend p\u00ebr Kosov\u00ebn n\u00eb OKB"},"content":{"rendered":"<p>Prishtin\u00eb 25 Shtator 2025<\/p>\n<p>Presidenti i Shqip\u00ebris\u00eb, Bajram Begaj, mbajti sot fjal\u00ebn e tij n\u00eb Debatin e P\u00ebrgjithsh\u00ebm t\u00eb Sesionit t\u00eb 80-t\u00eb t\u00eb Asambles\u00eb s\u00eb P\u00ebrgjithshme t\u00eb Kombeve t\u00eb Bashkuara, n\u00eb nj\u00eb moment t\u00eb ve\u00e7ant\u00eb p\u00ebr Shqip\u00ebrin\u00eb q\u00eb sh\u00ebnon 70-vjetorin e an\u00ebtar\u00ebsimit n\u00eb OKB.<\/p>\n<p>Kreu i Shtetit n\u00ebnvizoi se ky p\u00ebrvjetor i Kombeve t\u00eb Bashkuara \u00ebsht\u00eb nj\u00eb kujtes\u00eb e vizionit p\u00ebr dialog e bashk\u00ebpunim mes kombeve dhe nj\u00eb mund\u00ebsi p\u00ebr t\u2019u angazhuar m\u00eb fort n\u00eb mbrojtje t\u00eb paqes, drejt\u00ebsis\u00eb dhe solidaritetit global.<\/p>\n<p>\u201cNe duhet t\u00eb zgjedhim bashk\u00ebpunimin mbi kund\u00ebrshtit\u00eb, dialogun mbi ndarjen dhe solidaritetin mbi indiferenc\u00ebn,\u201d u shpreh Presidenti Begaj, duke theksuar rolin e OKB-s\u00eb si platform\u00ebn globale p\u00ebr t\u00eb adresuar p\u00ebrgjigjet ndaj sfidave t\u00eb p\u00ebrbashk\u00ebta.<br \/>\nN\u00eb fjal\u00ebn e tij, ai ndaloi tek krizat aktuale bot\u00ebrore, duke ritheksuar mb\u00ebshtetjen e pal\u00ebkundur t\u00eb Shqip\u00ebris\u00eb p\u00ebr sovranitetin e Ukrain\u00ebs dhe d\u00ebnimin e agresionit rus.<\/p>\n<p>Nj\u00ebher\u00ebsh, Begaj konfirmoi q\u00ebndrimin e Shqip\u00ebris\u00eb q\u00eb lufta n\u00eb Gaza duhet t\u00eb p\u00ebrfundoj\u00eb, t\u00eb gjith\u00eb pengjet duhet t\u00eb lirohen dhe situata humanitare duhet t\u00eb trajtohet me urgjenc\u00eb. N\u00eb planin rajonal, ai theksoi rolin e Shqip\u00ebris\u00eb si promotor i dialogut, fqinj\u00ebsis\u00eb s\u00eb mir\u00eb dhe integrimit rajonal, duke theksuar se Ballkani Per\u00ebndimor duhet t\u00eb mbetet nj\u00eb zon\u00eb paqeje dhe zhvillimi.<\/p>\n<p>Presidenti theksoi se Kosova meriton vendin e saj n\u00eb Asamblen\u00eb e P\u00ebrgjithshme t\u00eb OKB-s\u00eb.<\/p>\n<p>Presidenti gjithashtu i kushtoi v\u00ebmendje m\u00eb fjal\u00ebn e tij k\u00ebrkes\u00ebs p\u00ebr respektimin e t\u00eb drejtave t\u00eb shqiptar\u00ebve q\u00eb jetojn\u00eb n\u00eb Lugin\u00ebn e Preshev\u00ebs.<\/p>\n<p>\u201cMegjithat\u00eb, vendi i Kosov\u00ebs n\u00eb k\u00ebt\u00eb Asamble mbetet padrejt\u00ebsisht bosh. Njohja e pavar\u00ebsis\u00eb se Kosov\u00ebs, mb\u00ebshtetja p\u00ebr an\u00ebtar\u00ebsimin e saj ne Kombet e Bashkuara dhe n\u00eb organizatat e tjera nd\u00ebrkomb\u00ebtare \u00ebsht\u00eb nj\u00eb akt drejt\u00ebsie ndaj popullit t\u00eb Kosov\u00ebs, \u00ebsht\u00eb nj\u00eb hap q\u00eb forcon edhe me shum\u00eb paqen dhe sigurin\u00eb n\u00eb Ballkanin Per\u00ebndimor dhe nj\u00eb kontribut n\u00eb stabilitetin e Evrop\u00ebs. Shqip\u00ebria k\u00ebrkon q\u00eb t\u00eb drejtat e lirit\u00eb e shqiptareve t\u00eb Lugin\u00ebs s\u00eb Preshev\u00ebs t\u00eb respektohen, q\u00eb shqiptaret atje t\u00eb mos diskriminohen por t\u00eb integrohen, q\u00eb gjuha shqipe t\u00eb p\u00ebrdoret, kultura, vlerat, identiteti dhe traditat e tyre te mbrohen dhe promovohen\u201d, tha Begaj.<\/p>\n<p>Ai solli n\u00eb v\u00ebmendje arritjet e Shqip\u00ebris\u00eb p\u00ebr p\u00ebrmbushjen e Objektivave t\u00eb Zhvillimit t\u00eb Q\u00ebndruesh\u00ebm, energjin\u00eb e past\u00ebr, transformimin digjital avancimin e barazis\u00eb gjinore dhe p\u00ebtfshirjen e t\u00eb rinjve n\u00eb agjendat zhvillimore t\u00eb vendit.<\/p>\n<p>\u201cShqip\u00ebria ka treguar se dialogu, partneriteti dhe vlerat e p\u00ebrbashk\u00ebta mund t\u00eb transformojn\u00eb shoq\u00ebrit\u00eb. Ne do t\u00eb vazhdojm\u00eb t\u00eb punojm\u00eb q\u00eb f\u00ebmij\u00ebt tan\u00eb t\u00eb jetojn\u00eb n\u00eb nj\u00eb bot\u00eb m\u00eb t\u00eb sigurt, me dinjitet dhe n\u00eb paqe,\u201d p\u00ebrfundoi Presidenti Begaj, duke ftuar p\u00ebr unitet, p\u00ebrgjegj\u00ebsi dhe guxim n\u00eb p\u00ebrballimin e sfidave globale.<\/p>\n","protected":false},"excerpt":{"rendered":"<p>Prishtin\u00eb 25 Shtator 2025 Presidenti i Shqip\u00ebris\u00eb, Bajram Begaj, mbajti sot fjal\u00ebn e tij n\u00eb Debatin e P\u00ebrgjithsh\u00ebm t\u00eb Sesionit t\u00eb 80-t\u00eb t\u00eb Asambles\u00eb s\u00eb<\/p>\n","protected":false},"author":6,"featured_media":13656,"comment_status":"open","ping_status":"open","sticky":false,"template":"","format":"standard","meta":{"footnotes":""},"categories":[60],"tags":[],"class_list":["post-13655","post","type-post","status-publish","format-standard","has-post-thumbnail","hentry","category-shoqerore-sq"],"yoast_head":"<!-- This site is optimized with the Yoast SEO plugin v25.3.1 - https:\/\/yoast.com\/wordpress\/plugins\/seo\/ -->\n<title>Begaj k\u00ebrkon respektimin e t\u00eb drejtave t\u00eb shqiptar\u00ebve n\u00eb Lugin\u00eb dhe vend p\u00ebr Kosov\u00ebn n\u00eb OKB -<\/title>\n<meta name=\"robots\" content=\"index, follow, max-snippet:-1, max-image-preview:large, max-video-preview:-1\" \/>\n<link rel=\"canonical\" href=\"https:\/\/veritasinfo.org\/?p=13655\" \/>\n<meta property=\"og:locale\" content=\"en_US\" \/>\n<meta property=\"og:type\" content=\"article\" \/>\n<meta property=\"og:title\" content=\"Begaj k\u00ebrkon respektimin e t\u00eb drejtave t\u00eb shqiptar\u00ebve n\u00eb Lugin\u00eb dhe vend p\u00ebr Kosov\u00ebn n\u00eb OKB -\" \/>\n<meta property=\"og:description\" content=\"Prishtin\u00eb 25 Shtator 2025 Presidenti i Shqip\u00ebris\u00eb, Bajram Begaj, mbajti sot fjal\u00ebn e tij n\u00eb Debatin e P\u00ebrgjithsh\u00ebm t\u00eb Sesionit t\u00eb 80-t\u00eb t\u00eb Asambles\u00eb s\u00eb\" \/>\n<meta property=\"og:url\" content=\"https:\/\/veritasinfo.org\/?p=13655\" \/>\n<meta property=\"article:published_time\" content=\"2025-09-25T06:25:27+00:00\" \/>\n<meta property=\"og:image\" content=\"https:\/\/veritasinfo.org\/wp-content\/uploads\/2025\/09\/Screenshot_2-16.jpg\" \/>\n\t<meta property=\"og:image:width\" content=\"776\" \/>\n\t<meta property=\"og:image:height\" content=\"445\" \/>\n\t<meta property=\"og:image:type\" content=\"image\/jpeg\" \/>\n<meta name=\"author\" content=\"US5\" \/>\n<meta name=\"twitter:card\" content=\"summary_large_image\" \/>\n<meta name=\"twitter:label1\" content=\"Written by\" \/>\n\t<meta name=\"twitter:data1\" content=\"US5\" \/>\n\t<meta name=\"twitter:label2\" content=\"Est. reading time\" \/>\n\t<meta name=\"twitter:data2\" content=\"3 minutes\" \/>\n<script type=\"application\/ld+json\" class=\"yoast-schema-graph\">{\"@context\":\"https:\/\/schema.org\",\"@graph\":[{\"@type\":\"WebPage\",\"@id\":\"https:\/\/veritasinfo.org\/?p=13655\",\"url\":\"https:\/\/veritasinfo.org\/?p=13655\",\"name\":\"Begaj k\u00ebrkon respektimin e t\u00eb drejtave t\u00eb shqiptar\u00ebve n\u00eb Lugin\u00eb dhe vend p\u00ebr Kosov\u00ebn n\u00eb OKB -\",\"isPartOf\":{\"@id\":\"https:\/\/veritasinfo.org\/#website\"},\"primaryImageOfPage\":{\"@id\":\"https:\/\/veritasinfo.org\/?p=13655#primaryimage\"},\"image\":{\"@id\":\"https:\/\/veritasinfo.org\/?p=13655#primaryimage\"},\"thumbnailUrl\":\"https:\/\/veritasinfo.org\/wp-content\/uploads\/2025\/09\/Screenshot_2-16.jpg\",\"datePublished\":\"2025-09-25T06:25:27+00:00\",\"author\":{\"@id\":\"https:\/\/veritasinfo.org\/#\/schema\/person\/bc442336e35414d04494ab8fb45db4c6\"},\"breadcrumb\":{\"@id\":\"https:\/\/veritasinfo.org\/?p=13655#breadcrumb\"},\"inLanguage\":\"en-US\",\"potentialAction\":[{\"@type\":\"ReadAction\",\"target\":[\"https:\/\/veritasinfo.org\/?p=13655\"]}]},{\"@type\":\"ImageObject\",\"inLanguage\":\"en-US\",\"@id\":\"https:\/\/veritasinfo.org\/?p=13655#primaryimage\",\"url\":\"https:\/\/veritasinfo.org\/wp-content\/uploads\/2025\/09\/Screenshot_2-16.jpg\",\"contentUrl\":\"https:\/\/veritasinfo.org\/wp-content\/uploads\/2025\/09\/Screenshot_2-16.jpg\",\"width\":776,\"height\":445},{\"@type\":\"BreadcrumbList\",\"@id\":\"https:\/\/veritasinfo.org\/?p=13655#breadcrumb\",\"itemListElement\":[{\"@type\":\"ListItem\",\"position\":1,\"name\":\"Home\",\"item\":\"https:\/\/veritasinfo.org\/\"},{\"@type\":\"ListItem\",\"position\":2,\"name\":\"Begaj k\u00ebrkon respektimin e t\u00eb drejtave t\u00eb shqiptar\u00ebve n\u00eb Lugin\u00eb dhe vend p\u00ebr Kosov\u00ebn n\u00eb OKB\"}]},{\"@type\":\"WebSite\",\"@id\":\"https:\/\/veritasinfo.org\/#website\",\"url\":\"https:\/\/veritasinfo.org\/\",\"name\":\"\",\"description\":\"\",\"potentialAction\":[{\"@type\":\"SearchAction\",\"target\":{\"@type\":\"EntryPoint\",\"urlTemplate\":\"https:\/\/veritasinfo.org\/?s={search_term_string}\"},\"query-input\":{\"@type\":\"PropertyValueSpecification\",\"valueRequired\":true,\"valueName\":\"search_term_string\"}}],\"inLanguage\":\"en-US\"},{\"@type\":\"Person\",\"@id\":\"https:\/\/veritasinfo.org\/#\/schema\/person\/bc442336e35414d04494ab8fb45db4c6\",\"name\":\"US5\",\"image\":{\"@type\":\"ImageObject\",\"inLanguage\":\"en-US\",\"@id\":\"https:\/\/veritasinfo.org\/#\/schema\/person\/image\/\",\"url\":\"https:\/\/secure.gravatar.com\/avatar\/16a61e7272a0c5d001121ebb9e60e925d5816e4ac1e443ed3e640d9a6ae55d0c?s=96&d=mm&r=g\",\"contentUrl\":\"https:\/\/secure.gravatar.com\/avatar\/16a61e7272a0c5d001121ebb9e60e925d5816e4ac1e443ed3e640d9a6ae55d0c?s=96&d=mm&r=g\",\"caption\":\"US5\"},\"url\":\"https:\/\/veritasinfo.org\/?author=6\"}]}<\/script>\n<!-- \/ Yoast SEO plugin. -->","yoast_head_json":{"title":"Begaj k\u00ebrkon respektimin e t\u00eb drejtave t\u00eb shqiptar\u00ebve n\u00eb Lugin\u00eb dhe vend p\u00ebr Kosov\u00ebn n\u00eb OKB -","robots":{"index":"index","follow":"follow","max-snippet":"max-snippet:-1","max-image-preview":"max-image-preview:large","max-video-preview":"max-video-preview:-1"},"canonical":"https:\/\/veritasinfo.org\/?p=13655","og_locale":"en_US","og_type":"article","og_title":"Begaj k\u00ebrkon respektimin e t\u00eb drejtave t\u00eb shqiptar\u00ebve n\u00eb Lugin\u00eb dhe vend p\u00ebr Kosov\u00ebn n\u00eb OKB -","og_description":"Prishtin\u00eb 25 Shtator 2025 Presidenti i Shqip\u00ebris\u00eb, Bajram Begaj, mbajti sot fjal\u00ebn e tij n\u00eb Debatin e P\u00ebrgjithsh\u00ebm t\u00eb Sesionit t\u00eb 80-t\u00eb t\u00eb Asambles\u00eb s\u00eb","og_url":"https:\/\/veritasinfo.org\/?p=13655","article_published_time":"2025-09-25T06:25:27+00:00","og_image":[{"width":776,"height":445,"url":"https:\/\/veritasinfo.org\/wp-content\/uploads\/2025\/09\/Screenshot_2-16.jpg","type":"image\/jpeg"}],"author":"US5","twitter_card":"summary_large_image","twitter_misc":{"Written by":"US5","Est. reading time":"3 minutes"},"schema":{"@context":"https:\/\/schema.org","@graph":[{"@type":"WebPage","@id":"https:\/\/veritasinfo.org\/?p=13655","url":"https:\/\/veritasinfo.org\/?p=13655","name":"Begaj k\u00ebrkon respektimin e t\u00eb drejtave t\u00eb shqiptar\u00ebve n\u00eb Lugin\u00eb dhe vend p\u00ebr Kosov\u00ebn n\u00eb OKB -","isPartOf":{"@id":"https:\/\/veritasinfo.org\/#website"},"primaryImageOfPage":{"@id":"https:\/\/veritasinfo.org\/?p=13655#primaryimage"},"image":{"@id":"https:\/\/veritasinfo.org\/?p=13655#primaryimage"},"thumbnailUrl":"https:\/\/veritasinfo.org\/wp-content\/uploads\/2025\/09\/Screenshot_2-16.jpg","datePublished":"2025-09-25T06:25:27+00:00","author":{"@id":"https:\/\/veritasinfo.org\/#\/schema\/person\/bc442336e35414d04494ab8fb45db4c6"},"breadcrumb":{"@id":"https:\/\/veritasinfo.org\/?p=13655#breadcrumb"},"inLanguage":"en-US","potentialAction":[{"@type":"ReadAction","target":["https:\/\/veritasinfo.org\/?p=13655"]}]},{"@type":"ImageObject","inLanguage":"en-US","@id":"https:\/\/veritasinfo.org\/?p=13655#primaryimage","url":"https:\/\/veritasinfo.org\/wp-content\/uploads\/2025\/09\/Screenshot_2-16.jpg","contentUrl":"https:\/\/veritasinfo.org\/wp-content\/uploads\/2025\/09\/Screenshot_2-16.jpg","width":776,"height":445},{"@type":"BreadcrumbList","@id":"https:\/\/veritasinfo.org\/?p=13655#breadcrumb","itemListElement":[{"@type":"ListItem","position":1,"name":"Home","item":"https:\/\/veritasinfo.org\/"},{"@type":"ListItem","position":2,"name":"Begaj k\u00ebrkon respektimin e t\u00eb drejtave t\u00eb shqiptar\u00ebve n\u00eb Lugin\u00eb dhe vend p\u00ebr Kosov\u00ebn n\u00eb OKB"}]},{"@type":"WebSite","@id":"https:\/\/veritasinfo.org\/#website","url":"https:\/\/veritasinfo.org\/","name":"","description":"","potentialAction":[{"@type":"SearchAction","target":{"@type":"EntryPoint","urlTemplate":"https:\/\/veritasinfo.org\/?s={search_term_string}"},"query-input":{"@type":"PropertyValueSpecification","valueRequired":true,"valueName":"search_term_string"}}],"inLanguage":"en-US"},{"@type":"Person","@id":"https:\/\/veritasinfo.org\/#\/schema\/person\/bc442336e35414d04494ab8fb45db4c6","name":"US5","image":{"@type":"ImageObject","inLanguage":"en-US","@id":"https:\/\/veritasinfo.org\/#\/schema\/person\/image\/","url":"https:\/\/secure.gravatar.com\/avatar\/16a61e7272a0c5d001121ebb9e60e925d5816e4ac1e443ed3e640d9a6ae55d0c?s=96&d=mm&r=g","contentUrl":"https:\/\/secure.gravatar.com\/avatar\/16a61e7272a0c5d001121ebb9e60e925d5816e4ac1e443ed3e640d9a6ae55d0c?s=96&d=mm&r=g","caption":"US5"},"url":"https:\/\/veritasinfo.org\/?author=6"}]}},"featured_image_urls":{"full":["https:\/\/veritasinfo.org\/wp-content\/uploads\/2025\/09\/Screenshot_2-16.jpg",776,445,false],"thumbnail":["https:\/\/veritasinfo.org\/wp-content\/uploads\/2025\/09\/Screenshot_2-16-150x150.jpg",150,150,true],"medium":["https:\/\/veritasinfo.org\/wp-content\/uploads\/2025\/09\/Screenshot_2-16-300x172.jpg",300,172,true],"medium_large":["https:\/\/veritasinfo.org\/wp-content\/uploads\/2025\/09\/Screenshot_2-16-768x440.jpg",640,367,true],"large":["https:\/\/veritasinfo.org\/wp-content\/uploads\/2025\/09\/Screenshot_2-16.jpg",640,367,false],"1536x1536":["https:\/\/veritasinfo.org\/wp-content\/uploads\/2025\/09\/Screenshot_2-16.jpg",776,445,false],"2048x2048":["https:\/\/veritasinfo.org\/wp-content\/uploads\/2025\/09\/Screenshot_2-16.jpg",776,445,false],"kreeti-slider-full":["https:\/\/veritasinfo.org\/wp-content\/uploads\/2025\/09\/Screenshot_2-16.jpg",776,445,false],"kreeti-featured":["https:\/\/veritasinfo.org\/wp-content\/uploads\/2025\/09\/Screenshot_2-16.jpg",776,445,false],"kreeti-medium":["https:\/\/veritasinfo.org\/wp-content\/uploads\/2025\/09\/Screenshot_2-16.jpg",720,413,false],"kreeti-medium-square":["https:\/\/veritasinfo.org\/wp-content\/uploads\/2025\/09\/Screenshot_2-16.jpg",350,201,false]},"author_info":{"info":["US5"]},"category_info":"<a href=\"https:\/\/veritasinfo.org\/?cat=60\" rel=\"category\">Shoq\u00ebrore<\/a>","tag_info":"Shoq\u00ebrore","comment_count":"0","_links":{"self":[{"href":"https:\/\/veritasinfo.org\/index.php?rest_route=\/wp\/v2\/posts\/13655","targetHints":{"allow":["GET"]}}],"collection":[{"href":"https:\/\/veritasinfo.org\/index.php?rest_route=\/wp\/v2\/posts"}],"about":[{"href":"https:\/\/veritasinfo.org\/index.php?rest_route=\/wp\/v2\/types\/post"}],"author":[{"embeddable":true,"href":"https:\/\/veritasinfo.org\/index.php?rest_route=\/wp\/v2\/users\/6"}],"replies":[{"embeddable":true,"href":"https:\/\/veritasinfo.org\/index.php?rest_route=%2Fwp%2Fv2%2Fcomments&post=13655"}],"version-history":[{"count":1,"href":"https:\/\/veritasinfo.org\/index.php?rest_route=\/wp\/v2\/posts\/13655\/revisions"}],"predecessor-version":[{"id":13657,"href":"https:\/\/veritasinfo.org\/index.php?rest_route=\/wp\/v2\/posts\/13655\/revisions\/13657"}],"wp:featuredmedia":[{"embeddable":true,"href":"https:\/\/veritasinfo.org\/index.php?rest_route=\/wp\/v2\/media\/13656"}],"wp:attachment":[{"href":"https:\/\/veritasinfo.org\/index.php?rest_route=%2Fwp%2Fv2%2Fmedia&parent=13655"}],"wp:term":[{"taxonomy":"category","embeddable":true,"href":"https:\/\/veritasinfo.org\/index.php?rest_route=%2Fwp%2Fv2%2Fcategories&post=13655"},{"taxonomy":"post_tag","embeddable":true,"href":"https:\/\/veritasinfo.org\/index.php?rest_route=%2Fwp%2Fv2%2Ftags&post=13655"}],"curies":[{"name":"wp","href":"https:\/\/api.w.org\/{rel}","templated":true}]}}