{"id":1365,"date":"2025-06-23T13:45:12","date_gmt":"2025-06-23T11:45:12","guid":{"rendered":"https:\/\/veritasinfo.org\/?p=1365"},"modified":"2025-06-23T13:45:12","modified_gmt":"2025-06-23T11:45:12","slug":"osudjen-na-godinu-i-pet-meseci-zatvora-zbog-nanosenja-lakih-telesnih-povreda-snimatelju-2022-godine-na-severu","status":"publish","type":"post","link":"https:\/\/veritasinfo.org\/?p=1365&lang=sr","title":{"rendered":"Osu\u0111en na godinu i pet meseci zatvora zbog nano\u0161enja lakih telesnih povreda snimatelju 2022. godine na severu"},"content":{"rendered":"<p>Mitrovica \u2013 Osnovni sud u Mitrovici, Op\u0161te odeljenje \u2013 Krivi\u010dno odeljenje, doneo je osu\u0111uju\u0107u presudu protiv optu\u017eenog I.M., izrekav\u0161i mu kaznu zatvora u trajanju od 1 godine i 5 meseci zbog optu\u017ebe da je 17. novembra 2022. godine u Severnoj Mitrovici, zajedno sa drugim osobama, naneo telesne povrede snimatelju J.M.<\/p>\n<p>U saop\u0161tenju suda se navodi da je, nakon odr\u017eanog pripremnog ro\u010di\u0161ta 19. juna 2025. godine, ovaj sud u ponedeljak, 23. juna 2025, u odsustvu svih stranaka u postupku, proglasio optu\u017eenog krivim i izrekao mu kaznu zatvora u trajanju od 1 godine i 5 meseci, prenosi \u201cBetimi p\u00ebr Drejt\u00ebsi\u201d.<\/p>\n<p>Prema navodima suda, kazna zatvora \u0107e optu\u017eenom po\u010deti da se izvr\u0161ava 15 dana od dana pravosna\u017enosti presude.<\/p>\n<p>I.M. je optu\u017een da je naneo telesne povrede snimatelju portala \u201cInsajderi\u201d \u2013 J.M., koji je sa svojim kolegom do\u0161ao da obavi intervju i bio na putu ka mostu na Ibru.<\/p>\n<p>\u201cOptu\u017eeni se tereti da je 17.11.2022. godine, oko 10:45 \u010dasova, u Severnoj Mitrovici, u ulici \u2018H. D. (V.C)\u2019, sa umi\u0161ljajem i u sau\u010desni\u0161tvu sa N.N. osobama, naneo telesne povrede o\u0161te\u0107enom J.M., snimatelju portala \u2018Insajderi\u2019, na na\u010din da su o\u0161te\u0107eni i njegov kolega V.D. bili u nameri da obave intervju i krenuli ka mostu na Ibru. Kada su stigli do mosta, o\u0161te\u0107eni je video grupu od 3\u20134 dece koja su dolazila sa severne strane mosta i koja su glasno tra\u017eila pomo\u0107 italijanskih pripadnika KFOR-a. O\u0161te\u0107eni J.M. je potr\u010dao da vidi \u0161ta se de\u0161ava, a nakon \u0161to je \u010duo sirenu ambulantnog vozila i stigao na oko 10\u201315 metara od ambulante, po\u010deo je da snima doga\u0111aj svojim telefonom. U trenutku kada se vozilo hitne pomo\u0107i udaljilo, optu\u017eeni i N.N. osobe su napali o\u0161te\u0107enog, pri \u010demu je I.M. udario o\u0161te\u0107enog J.M. u potiljak, nanev\u0161i mu lake telesne povrede. Tako\u0111e je poku\u0161ao da mu oduzme telefon, ali nije uspeo. Prema medicinsko-sudskom ve\u0161ta\u010denju, utvr\u0111eno je da se radi o lakim telesnim povredama sa privremenim o\u0161te\u0107enjem zdravlja\u201d, navodi se u saop\u0161tenju.<\/p>\n<p>&nbsp;<\/p>\n<p>Ovim radnjama, optu\u017eeni se tereti da je izvr\u0161io krivi\u010dno delo \u201eLaka telesna povreda\u201c iz \u010dlana 185, st. 1, ta\u010dka 1.4 u vezi sa \u010dlanom 31 Krivi\u010dnog zakona.<\/p>\n<p>Protiv ove presude stranke imaju pravo \u017ealbe u roku od 30 dana od dana prijema presude u pisanom obliku. \u017dalba se podnosi Apelacionom sudu u Pri\u0161tini, preko ovog suda.<\/p>\n<p>&nbsp;<\/p>\n<p>&nbsp;<\/p>\n","protected":false},"excerpt":{"rendered":"<p>Mitrovica \u2013 Osnovni sud u Mitrovici, Op\u0161te odeljenje \u2013 Krivi\u010dno odeljenje, doneo je osu\u0111uju\u0107u presudu protiv optu\u017eenog I.M., izrekav\u0161i mu kaznu zatvora u trajanju od<\/p>\n","protected":false},"author":1,"featured_media":1363,"comment_status":"open","ping_status":"open","sticky":false,"template":"","format":"standard","meta":{"footnotes":""},"categories":[30],"tags":[],"class_list":["post-1365","post","type-post","status-publish","format-standard","has-post-thumbnail","hentry","category-drustvo"],"yoast_head":"<!-- This site is optimized with the Yoast SEO plugin v25.3.1 - https:\/\/yoast.com\/wordpress\/plugins\/seo\/ -->\n<title>Osu\u0111en na godinu i pet meseci zatvora zbog nano\u0161enja lakih telesnih povreda snimatelju 2022. godine na severu -<\/title>\n<meta name=\"robots\" content=\"index, follow, max-snippet:-1, max-image-preview:large, max-video-preview:-1\" \/>\n<link rel=\"canonical\" href=\"https:\/\/veritasinfo.org\/?p=1365&lang=sr\" \/>\n<meta property=\"og:locale\" content=\"en_US\" \/>\n<meta property=\"og:type\" content=\"article\" \/>\n<meta property=\"og:title\" content=\"Osu\u0111en na godinu i pet meseci zatvora zbog nano\u0161enja lakih telesnih povreda snimatelju 2022. godine na severu -\" \/>\n<meta property=\"og:description\" content=\"Mitrovica \u2013 Osnovni sud u Mitrovici, Op\u0161te odeljenje \u2013 Krivi\u010dno odeljenje, doneo je osu\u0111uju\u0107u presudu protiv optu\u017eenog I.M., izrekav\u0161i mu kaznu zatvora u trajanju od\" \/>\n<meta property=\"og:url\" content=\"https:\/\/veritasinfo.org\/?p=1365&amp;lang=sr\" \/>\n<meta property=\"article:published_time\" content=\"2025-06-23T11:45:12+00:00\" \/>\n<meta property=\"og:image\" content=\"https:\/\/veritasinfo.org\/wp-content\/uploads\/2025\/06\/IMG_1530.jpeg\" \/>\n\t<meta property=\"og:image:width\" content=\"724\" \/>\n\t<meta property=\"og:image:height\" content=\"430\" \/>\n\t<meta property=\"og:image:type\" content=\"image\/jpeg\" \/>\n<meta name=\"author\" content=\"admin\" \/>\n<meta name=\"twitter:card\" content=\"summary_large_image\" \/>\n<meta name=\"twitter:label1\" content=\"Written by\" \/>\n\t<meta name=\"twitter:data1\" content=\"admin\" \/>\n\t<meta name=\"twitter:label2\" content=\"Est. reading time\" \/>\n\t<meta name=\"twitter:data2\" content=\"2 minutes\" \/>\n<script type=\"application\/ld+json\" class=\"yoast-schema-graph\">{\"@context\":\"https:\/\/schema.org\",\"@graph\":[{\"@type\":\"WebPage\",\"@id\":\"https:\/\/veritasinfo.org\/?p=1365&lang=sr\",\"url\":\"https:\/\/veritasinfo.org\/?p=1365&lang=sr\",\"name\":\"Osu\u0111en na godinu i pet meseci zatvora zbog nano\u0161enja lakih telesnih povreda snimatelju 2022. godine na severu -\",\"isPartOf\":{\"@id\":\"https:\/\/veritasinfo.org\/#website\"},\"primaryImageOfPage\":{\"@id\":\"https:\/\/veritasinfo.org\/?p=1365&lang=sr#primaryimage\"},\"image\":{\"@id\":\"https:\/\/veritasinfo.org\/?p=1365&lang=sr#primaryimage\"},\"thumbnailUrl\":\"https:\/\/veritasinfo.org\/wp-content\/uploads\/2025\/06\/IMG_1530.jpeg\",\"datePublished\":\"2025-06-23T11:45:12+00:00\",\"author\":{\"@id\":\"https:\/\/veritasinfo.org\/#\/schema\/person\/7701f8c088bece422266b100a712374f\"},\"breadcrumb\":{\"@id\":\"https:\/\/veritasinfo.org\/?p=1365&lang=sr#breadcrumb\"},\"inLanguage\":\"en-US\",\"potentialAction\":[{\"@type\":\"ReadAction\",\"target\":[\"https:\/\/veritasinfo.org\/?p=1365&lang=sr\"]}]},{\"@type\":\"ImageObject\",\"inLanguage\":\"en-US\",\"@id\":\"https:\/\/veritasinfo.org\/?p=1365&lang=sr#primaryimage\",\"url\":\"https:\/\/veritasinfo.org\/wp-content\/uploads\/2025\/06\/IMG_1530.jpeg\",\"contentUrl\":\"https:\/\/veritasinfo.org\/wp-content\/uploads\/2025\/06\/IMG_1530.jpeg\",\"width\":724,\"height\":430},{\"@type\":\"BreadcrumbList\",\"@id\":\"https:\/\/veritasinfo.org\/?p=1365&lang=sr#breadcrumb\",\"itemListElement\":[{\"@type\":\"ListItem\",\"position\":1,\"name\":\"Home\",\"item\":\"https:\/\/veritasinfo.org\/\"},{\"@type\":\"ListItem\",\"position\":2,\"name\":\"Osu\u0111en na godinu i pet meseci zatvora zbog nano\u0161enja lakih telesnih povreda snimatelju 2022. godine na severu\"}]},{\"@type\":\"WebSite\",\"@id\":\"https:\/\/veritasinfo.org\/#website\",\"url\":\"https:\/\/veritasinfo.org\/\",\"name\":\"\",\"description\":\"\",\"potentialAction\":[{\"@type\":\"SearchAction\",\"target\":{\"@type\":\"EntryPoint\",\"urlTemplate\":\"https:\/\/veritasinfo.org\/?s={search_term_string}\"},\"query-input\":{\"@type\":\"PropertyValueSpecification\",\"valueRequired\":true,\"valueName\":\"search_term_string\"}}],\"inLanguage\":\"en-US\"},{\"@type\":\"Person\",\"@id\":\"https:\/\/veritasinfo.org\/#\/schema\/person\/7701f8c088bece422266b100a712374f\",\"name\":\"admin\",\"image\":{\"@type\":\"ImageObject\",\"inLanguage\":\"en-US\",\"@id\":\"https:\/\/veritasinfo.org\/#\/schema\/person\/image\/\",\"url\":\"https:\/\/secure.gravatar.com\/avatar\/ea53aa3bf6c9a12d5fde8ce4deff43fef3885ae33cf60184161a50d6987cfd2f?s=96&d=mm&r=g\",\"contentUrl\":\"https:\/\/secure.gravatar.com\/avatar\/ea53aa3bf6c9a12d5fde8ce4deff43fef3885ae33cf60184161a50d6987cfd2f?s=96&d=mm&r=g\",\"caption\":\"admin\"},\"sameAs\":[\"https:\/\/veritasinfo.org\"],\"url\":\"https:\/\/veritasinfo.org\/?author=1\"}]}<\/script>\n<!-- \/ Yoast SEO plugin. -->","yoast_head_json":{"title":"Osu\u0111en na godinu i pet meseci zatvora zbog nano\u0161enja lakih telesnih povreda snimatelju 2022. godine na severu -","robots":{"index":"index","follow":"follow","max-snippet":"max-snippet:-1","max-image-preview":"max-image-preview:large","max-video-preview":"max-video-preview:-1"},"canonical":"https:\/\/veritasinfo.org\/?p=1365&lang=sr","og_locale":"en_US","og_type":"article","og_title":"Osu\u0111en na godinu i pet meseci zatvora zbog nano\u0161enja lakih telesnih povreda snimatelju 2022. godine na severu -","og_description":"Mitrovica \u2013 Osnovni sud u Mitrovici, Op\u0161te odeljenje \u2013 Krivi\u010dno odeljenje, doneo je osu\u0111uju\u0107u presudu protiv optu\u017eenog I.M., izrekav\u0161i mu kaznu zatvora u trajanju od","og_url":"https:\/\/veritasinfo.org\/?p=1365&lang=sr","article_published_time":"2025-06-23T11:45:12+00:00","og_image":[{"width":724,"height":430,"url":"https:\/\/veritasinfo.org\/wp-content\/uploads\/2025\/06\/IMG_1530.jpeg","type":"image\/jpeg"}],"author":"admin","twitter_card":"summary_large_image","twitter_misc":{"Written by":"admin","Est. reading time":"2 minutes"},"schema":{"@context":"https:\/\/schema.org","@graph":[{"@type":"WebPage","@id":"https:\/\/veritasinfo.org\/?p=1365&lang=sr","url":"https:\/\/veritasinfo.org\/?p=1365&lang=sr","name":"Osu\u0111en na godinu i pet meseci zatvora zbog nano\u0161enja lakih telesnih povreda snimatelju 2022. godine na severu -","isPartOf":{"@id":"https:\/\/veritasinfo.org\/#website"},"primaryImageOfPage":{"@id":"https:\/\/veritasinfo.org\/?p=1365&lang=sr#primaryimage"},"image":{"@id":"https:\/\/veritasinfo.org\/?p=1365&lang=sr#primaryimage"},"thumbnailUrl":"https:\/\/veritasinfo.org\/wp-content\/uploads\/2025\/06\/IMG_1530.jpeg","datePublished":"2025-06-23T11:45:12+00:00","author":{"@id":"https:\/\/veritasinfo.org\/#\/schema\/person\/7701f8c088bece422266b100a712374f"},"breadcrumb":{"@id":"https:\/\/veritasinfo.org\/?p=1365&lang=sr#breadcrumb"},"inLanguage":"en-US","potentialAction":[{"@type":"ReadAction","target":["https:\/\/veritasinfo.org\/?p=1365&lang=sr"]}]},{"@type":"ImageObject","inLanguage":"en-US","@id":"https:\/\/veritasinfo.org\/?p=1365&lang=sr#primaryimage","url":"https:\/\/veritasinfo.org\/wp-content\/uploads\/2025\/06\/IMG_1530.jpeg","contentUrl":"https:\/\/veritasinfo.org\/wp-content\/uploads\/2025\/06\/IMG_1530.jpeg","width":724,"height":430},{"@type":"BreadcrumbList","@id":"https:\/\/veritasinfo.org\/?p=1365&lang=sr#breadcrumb","itemListElement":[{"@type":"ListItem","position":1,"name":"Home","item":"https:\/\/veritasinfo.org\/"},{"@type":"ListItem","position":2,"name":"Osu\u0111en na godinu i pet meseci zatvora zbog nano\u0161enja lakih telesnih povreda snimatelju 2022. godine na severu"}]},{"@type":"WebSite","@id":"https:\/\/veritasinfo.org\/#website","url":"https:\/\/veritasinfo.org\/","name":"","description":"","potentialAction":[{"@type":"SearchAction","target":{"@type":"EntryPoint","urlTemplate":"https:\/\/veritasinfo.org\/?s={search_term_string}"},"query-input":{"@type":"PropertyValueSpecification","valueRequired":true,"valueName":"search_term_string"}}],"inLanguage":"en-US"},{"@type":"Person","@id":"https:\/\/veritasinfo.org\/#\/schema\/person\/7701f8c088bece422266b100a712374f","name":"admin","image":{"@type":"ImageObject","inLanguage":"en-US","@id":"https:\/\/veritasinfo.org\/#\/schema\/person\/image\/","url":"https:\/\/secure.gravatar.com\/avatar\/ea53aa3bf6c9a12d5fde8ce4deff43fef3885ae33cf60184161a50d6987cfd2f?s=96&d=mm&r=g","contentUrl":"https:\/\/secure.gravatar.com\/avatar\/ea53aa3bf6c9a12d5fde8ce4deff43fef3885ae33cf60184161a50d6987cfd2f?s=96&d=mm&r=g","caption":"admin"},"sameAs":["https:\/\/veritasinfo.org"],"url":"https:\/\/veritasinfo.org\/?author=1"}]}},"featured_image_urls":{"full":["https:\/\/veritasinfo.org\/wp-content\/uploads\/2025\/06\/IMG_1530.jpeg",724,430,false],"thumbnail":["https:\/\/veritasinfo.org\/wp-content\/uploads\/2025\/06\/IMG_1530-150x150.jpeg",150,150,true],"medium":["https:\/\/veritasinfo.org\/wp-content\/uploads\/2025\/06\/IMG_1530-300x178.jpeg",300,178,true],"medium_large":["https:\/\/veritasinfo.org\/wp-content\/uploads\/2025\/06\/IMG_1530.jpeg",640,380,false],"large":["https:\/\/veritasinfo.org\/wp-content\/uploads\/2025\/06\/IMG_1530.jpeg",640,380,false],"1536x1536":["https:\/\/veritasinfo.org\/wp-content\/uploads\/2025\/06\/IMG_1530.jpeg",724,430,false],"2048x2048":["https:\/\/veritasinfo.org\/wp-content\/uploads\/2025\/06\/IMG_1530.jpeg",724,430,false],"kreeti-slider-full":["https:\/\/veritasinfo.org\/wp-content\/uploads\/2025\/06\/IMG_1530.jpeg",724,430,false],"kreeti-featured":["https:\/\/veritasinfo.org\/wp-content\/uploads\/2025\/06\/IMG_1530.jpeg",724,430,false],"kreeti-medium":["https:\/\/veritasinfo.org\/wp-content\/uploads\/2025\/06\/IMG_1530.jpeg",720,428,false],"kreeti-medium-square":["https:\/\/veritasinfo.org\/wp-content\/uploads\/2025\/06\/IMG_1530.jpeg",350,208,false]},"author_info":{"info":["admin"]},"category_info":"<a href=\"https:\/\/veritasinfo.org\/?cat=30&#038;lang=sr\" rel=\"category\">Dru\u0161tvo<\/a>","tag_info":"Dru\u0161tvo","comment_count":"0","_links":{"self":[{"href":"https:\/\/veritasinfo.org\/index.php?rest_route=\/wp\/v2\/posts\/1365","targetHints":{"allow":["GET"]}}],"collection":[{"href":"https:\/\/veritasinfo.org\/index.php?rest_route=\/wp\/v2\/posts"}],"about":[{"href":"https:\/\/veritasinfo.org\/index.php?rest_route=\/wp\/v2\/types\/post"}],"author":[{"embeddable":true,"href":"https:\/\/veritasinfo.org\/index.php?rest_route=\/wp\/v2\/users\/1"}],"replies":[{"embeddable":true,"href":"https:\/\/veritasinfo.org\/index.php?rest_route=%2Fwp%2Fv2%2Fcomments&post=1365"}],"version-history":[{"count":1,"href":"https:\/\/veritasinfo.org\/index.php?rest_route=\/wp\/v2\/posts\/1365\/revisions"}],"predecessor-version":[{"id":1366,"href":"https:\/\/veritasinfo.org\/index.php?rest_route=\/wp\/v2\/posts\/1365\/revisions\/1366"}],"wp:featuredmedia":[{"embeddable":true,"href":"https:\/\/veritasinfo.org\/index.php?rest_route=\/wp\/v2\/media\/1363"}],"wp:attachment":[{"href":"https:\/\/veritasinfo.org\/index.php?rest_route=%2Fwp%2Fv2%2Fmedia&parent=1365"}],"wp:term":[{"taxonomy":"category","embeddable":true,"href":"https:\/\/veritasinfo.org\/index.php?rest_route=%2Fwp%2Fv2%2Fcategories&post=1365"},{"taxonomy":"post_tag","embeddable":true,"href":"https:\/\/veritasinfo.org\/index.php?rest_route=%2Fwp%2Fv2%2Ftags&post=1365"}],"curies":[{"name":"wp","href":"https:\/\/api.w.org\/{rel}","templated":true}]}}