{"id":13648,"date":"2025-09-25T08:01:52","date_gmt":"2025-09-25T06:01:52","guid":{"rendered":"https:\/\/veritasinfo.org\/?p=13648"},"modified":"2025-09-25T08:01:52","modified_gmt":"2025-09-25T06:01:52","slug":"nuhiu-i-kunderpergjigjet-gjuriqit-serbia-mund-te-bertase-sa-te-doje-presidentja-osmani-eshte-e-akredituar-ne-okb-si-cdo-kryetar-i-shtetit-tjeter","status":"publish","type":"post","link":"https:\/\/veritasinfo.org\/?p=13648","title":{"rendered":"Nuhiu i kund\u00ebrp\u00ebrgjigjet Gjuriqit: Serbia mund t\u00eb b\u00ebrtas\u00eb sa t\u00eb doj\u00eb, presidentja Osmani \u00ebsht\u00eb e akredituar n\u00eb OKB, si \u00e7do kryetar i shtetit tjet\u00ebr"},"content":{"rendered":"<p>Prishtin\u00eb 25 Shtator 2025<\/p>\n<p>Rinor Nuhiu, k\u00ebshilltar politik i presidentes Vjosa Osmani i \u00ebsht\u00eb kund\u00ebrp\u00ebrgjigjur ministrit t\u00eb Jasht\u00ebm t\u00eb Serbis\u00eb, Marko Gjuriq lidhur me deklaratat e tij p\u00ebr m\u00ebnyr\u00ebn se si presidentja Osmani ka hyr\u00eb n\u00eb Organizat\u00ebn e Kombeve t\u00eb Bashkuara.<\/p>\n<p>Nuhiu n\u00eb nj\u00eb postim n\u00eb platform\u00ebn X shkruan se fabrika e lajmeve t\u00eb rreme e Vu\u00e7iqit dhe Marko Gjuriqit po punon me orar t\u00eb zgjatur, gjersa shtoi se presidentja Osmani \u00ebsht\u00eb akredituar n\u00eb p\u00ebrputhje me procedurat standarde t\u00eb OKB-s\u00eb, si \u00e7do kryetar shteti tjet\u00ebr.<\/p>\n<p>\u201cG\u00ebnjeshtra pas g\u00ebnjeshtrash. Presidentja e Republik\u00ebs s\u00eb Kosov\u00ebs, Vjosa Osmani nuk u \u2018fut kontraband\u00eb\u2019 n\u00eb OKB nga \u2018nj\u00eb vend tjet\u00ebr\u2019, as nuk hyri si \u2018turiste\u2019. Ajo \u00ebsht\u00eb e akredituar n\u00eb p\u00ebrputhje me procedurat standarde t\u00eb OKB-s\u00eb\u2026 si \u00e7do kryetar shteti tjet\u00ebr. Serbia mund t\u00eb b\u00ebrtas\u00eb sa t\u00eb doj\u00eb. Faktet nuk ndryshojn\u00eb. Kosova \u00ebsht\u00eb k\u00ebtu. Dhe \u00ebsht\u00eb k\u00ebtu p\u00ebr t\u00eb q\u00ebndruar. P\u00ebrgjithmon\u00eb Kosova\u201d, shkruan Nuhiu.<\/p>\n","protected":false},"excerpt":{"rendered":"<p>Prishtin\u00eb 25 Shtator 2025 Rinor Nuhiu, k\u00ebshilltar politik i presidentes Vjosa Osmani i \u00ebsht\u00eb kund\u00ebrp\u00ebrgjigjur ministrit t\u00eb Jasht\u00ebm t\u00eb Serbis\u00eb, Marko Gjuriq lidhur me deklaratat<\/p>\n","protected":false},"author":6,"featured_media":13650,"comment_status":"open","ping_status":"open","sticky":false,"template":"","format":"standard","meta":{"footnotes":""},"categories":[93],"tags":[],"class_list":["post-13648","post","type-post","status-publish","format-standard","has-post-thumbnail","hentry","category-politika-sq"],"yoast_head":"<!-- This site is optimized with the Yoast SEO plugin v25.3.1 - https:\/\/yoast.com\/wordpress\/plugins\/seo\/ -->\n<title>Nuhiu i kund\u00ebrp\u00ebrgjigjet Gjuriqit: Serbia mund t\u00eb b\u00ebrtas\u00eb sa t\u00eb doj\u00eb, presidentja Osmani \u00ebsht\u00eb e akredituar n\u00eb OKB, si \u00e7do kryetar i shtetit tjet\u00ebr -<\/title>\n<meta name=\"robots\" content=\"index, follow, max-snippet:-1, max-image-preview:large, max-video-preview:-1\" \/>\n<link rel=\"canonical\" href=\"https:\/\/veritasinfo.org\/?p=13648\" \/>\n<meta property=\"og:locale\" content=\"en_US\" \/>\n<meta property=\"og:type\" content=\"article\" \/>\n<meta property=\"og:title\" content=\"Nuhiu i kund\u00ebrp\u00ebrgjigjet Gjuriqit: Serbia mund t\u00eb b\u00ebrtas\u00eb sa t\u00eb doj\u00eb, presidentja Osmani \u00ebsht\u00eb e akredituar n\u00eb OKB, si \u00e7do kryetar i shtetit tjet\u00ebr -\" \/>\n<meta property=\"og:description\" content=\"Prishtin\u00eb 25 Shtator 2025 Rinor Nuhiu, k\u00ebshilltar politik i presidentes Vjosa Osmani i \u00ebsht\u00eb kund\u00ebrp\u00ebrgjigjur ministrit t\u00eb Jasht\u00ebm t\u00eb Serbis\u00eb, Marko Gjuriq lidhur me deklaratat\" \/>\n<meta property=\"og:url\" content=\"https:\/\/veritasinfo.org\/?p=13648\" \/>\n<meta property=\"article:published_time\" content=\"2025-09-25T06:01:52+00:00\" \/>\n<meta property=\"og:image\" content=\"https:\/\/veritasinfo.org\/wp-content\/uploads\/2025\/09\/Vjosa-Osmani-19-1-780x439-1-770x433-1.jpg\" \/>\n\t<meta property=\"og:image:width\" content=\"770\" \/>\n\t<meta property=\"og:image:height\" content=\"433\" \/>\n\t<meta property=\"og:image:type\" content=\"image\/jpeg\" \/>\n<meta name=\"author\" content=\"US5\" \/>\n<meta name=\"twitter:card\" content=\"summary_large_image\" \/>\n<meta name=\"twitter:label1\" content=\"Written by\" \/>\n\t<meta name=\"twitter:data1\" content=\"US5\" \/>\n\t<meta name=\"twitter:label2\" content=\"Est. reading time\" \/>\n\t<meta name=\"twitter:data2\" content=\"1 minute\" \/>\n<script type=\"application\/ld+json\" class=\"yoast-schema-graph\">{\"@context\":\"https:\/\/schema.org\",\"@graph\":[{\"@type\":\"WebPage\",\"@id\":\"https:\/\/veritasinfo.org\/?p=13648\",\"url\":\"https:\/\/veritasinfo.org\/?p=13648\",\"name\":\"Nuhiu i kund\u00ebrp\u00ebrgjigjet Gjuriqit: Serbia mund t\u00eb b\u00ebrtas\u00eb sa t\u00eb doj\u00eb, presidentja Osmani \u00ebsht\u00eb e akredituar n\u00eb OKB, si \u00e7do kryetar i shtetit tjet\u00ebr -\",\"isPartOf\":{\"@id\":\"https:\/\/veritasinfo.org\/#website\"},\"primaryImageOfPage\":{\"@id\":\"https:\/\/veritasinfo.org\/?p=13648#primaryimage\"},\"image\":{\"@id\":\"https:\/\/veritasinfo.org\/?p=13648#primaryimage\"},\"thumbnailUrl\":\"https:\/\/veritasinfo.org\/wp-content\/uploads\/2025\/09\/Vjosa-Osmani-19-1-780x439-1-770x433-1.jpg\",\"datePublished\":\"2025-09-25T06:01:52+00:00\",\"author\":{\"@id\":\"https:\/\/veritasinfo.org\/#\/schema\/person\/bc442336e35414d04494ab8fb45db4c6\"},\"breadcrumb\":{\"@id\":\"https:\/\/veritasinfo.org\/?p=13648#breadcrumb\"},\"inLanguage\":\"en-US\",\"potentialAction\":[{\"@type\":\"ReadAction\",\"target\":[\"https:\/\/veritasinfo.org\/?p=13648\"]}]},{\"@type\":\"ImageObject\",\"inLanguage\":\"en-US\",\"@id\":\"https:\/\/veritasinfo.org\/?p=13648#primaryimage\",\"url\":\"https:\/\/veritasinfo.org\/wp-content\/uploads\/2025\/09\/Vjosa-Osmani-19-1-780x439-1-770x433-1.jpg\",\"contentUrl\":\"https:\/\/veritasinfo.org\/wp-content\/uploads\/2025\/09\/Vjosa-Osmani-19-1-780x439-1-770x433-1.jpg\",\"width\":770,\"height\":433},{\"@type\":\"BreadcrumbList\",\"@id\":\"https:\/\/veritasinfo.org\/?p=13648#breadcrumb\",\"itemListElement\":[{\"@type\":\"ListItem\",\"position\":1,\"name\":\"Home\",\"item\":\"https:\/\/veritasinfo.org\/\"},{\"@type\":\"ListItem\",\"position\":2,\"name\":\"Nuhiu i kund\u00ebrp\u00ebrgjigjet Gjuriqit: Serbia mund t\u00eb b\u00ebrtas\u00eb sa t\u00eb doj\u00eb, presidentja Osmani \u00ebsht\u00eb e akredituar n\u00eb OKB, si \u00e7do kryetar i shtetit tjet\u00ebr\"}]},{\"@type\":\"WebSite\",\"@id\":\"https:\/\/veritasinfo.org\/#website\",\"url\":\"https:\/\/veritasinfo.org\/\",\"name\":\"\",\"description\":\"\",\"potentialAction\":[{\"@type\":\"SearchAction\",\"target\":{\"@type\":\"EntryPoint\",\"urlTemplate\":\"https:\/\/veritasinfo.org\/?s={search_term_string}\"},\"query-input\":{\"@type\":\"PropertyValueSpecification\",\"valueRequired\":true,\"valueName\":\"search_term_string\"}}],\"inLanguage\":\"en-US\"},{\"@type\":\"Person\",\"@id\":\"https:\/\/veritasinfo.org\/#\/schema\/person\/bc442336e35414d04494ab8fb45db4c6\",\"name\":\"US5\",\"image\":{\"@type\":\"ImageObject\",\"inLanguage\":\"en-US\",\"@id\":\"https:\/\/veritasinfo.org\/#\/schema\/person\/image\/\",\"url\":\"https:\/\/secure.gravatar.com\/avatar\/16a61e7272a0c5d001121ebb9e60e925d5816e4ac1e443ed3e640d9a6ae55d0c?s=96&d=mm&r=g\",\"contentUrl\":\"https:\/\/secure.gravatar.com\/avatar\/16a61e7272a0c5d001121ebb9e60e925d5816e4ac1e443ed3e640d9a6ae55d0c?s=96&d=mm&r=g\",\"caption\":\"US5\"},\"url\":\"https:\/\/veritasinfo.org\/?author=6\"}]}<\/script>\n<!-- \/ Yoast SEO plugin. -->","yoast_head_json":{"title":"Nuhiu i kund\u00ebrp\u00ebrgjigjet Gjuriqit: Serbia mund t\u00eb b\u00ebrtas\u00eb sa t\u00eb doj\u00eb, presidentja Osmani \u00ebsht\u00eb e akredituar n\u00eb OKB, si \u00e7do kryetar i shtetit tjet\u00ebr -","robots":{"index":"index","follow":"follow","max-snippet":"max-snippet:-1","max-image-preview":"max-image-preview:large","max-video-preview":"max-video-preview:-1"},"canonical":"https:\/\/veritasinfo.org\/?p=13648","og_locale":"en_US","og_type":"article","og_title":"Nuhiu i kund\u00ebrp\u00ebrgjigjet Gjuriqit: Serbia mund t\u00eb b\u00ebrtas\u00eb sa t\u00eb doj\u00eb, presidentja Osmani \u00ebsht\u00eb e akredituar n\u00eb OKB, si \u00e7do kryetar i shtetit tjet\u00ebr -","og_description":"Prishtin\u00eb 25 Shtator 2025 Rinor Nuhiu, k\u00ebshilltar politik i presidentes Vjosa Osmani i \u00ebsht\u00eb kund\u00ebrp\u00ebrgjigjur ministrit t\u00eb Jasht\u00ebm t\u00eb Serbis\u00eb, Marko Gjuriq lidhur me deklaratat","og_url":"https:\/\/veritasinfo.org\/?p=13648","article_published_time":"2025-09-25T06:01:52+00:00","og_image":[{"width":770,"height":433,"url":"https:\/\/veritasinfo.org\/wp-content\/uploads\/2025\/09\/Vjosa-Osmani-19-1-780x439-1-770x433-1.jpg","type":"image\/jpeg"}],"author":"US5","twitter_card":"summary_large_image","twitter_misc":{"Written by":"US5","Est. reading time":"1 minute"},"schema":{"@context":"https:\/\/schema.org","@graph":[{"@type":"WebPage","@id":"https:\/\/veritasinfo.org\/?p=13648","url":"https:\/\/veritasinfo.org\/?p=13648","name":"Nuhiu i kund\u00ebrp\u00ebrgjigjet Gjuriqit: Serbia mund t\u00eb b\u00ebrtas\u00eb sa t\u00eb doj\u00eb, presidentja Osmani \u00ebsht\u00eb e akredituar n\u00eb OKB, si \u00e7do kryetar i shtetit tjet\u00ebr -","isPartOf":{"@id":"https:\/\/veritasinfo.org\/#website"},"primaryImageOfPage":{"@id":"https:\/\/veritasinfo.org\/?p=13648#primaryimage"},"image":{"@id":"https:\/\/veritasinfo.org\/?p=13648#primaryimage"},"thumbnailUrl":"https:\/\/veritasinfo.org\/wp-content\/uploads\/2025\/09\/Vjosa-Osmani-19-1-780x439-1-770x433-1.jpg","datePublished":"2025-09-25T06:01:52+00:00","author":{"@id":"https:\/\/veritasinfo.org\/#\/schema\/person\/bc442336e35414d04494ab8fb45db4c6"},"breadcrumb":{"@id":"https:\/\/veritasinfo.org\/?p=13648#breadcrumb"},"inLanguage":"en-US","potentialAction":[{"@type":"ReadAction","target":["https:\/\/veritasinfo.org\/?p=13648"]}]},{"@type":"ImageObject","inLanguage":"en-US","@id":"https:\/\/veritasinfo.org\/?p=13648#primaryimage","url":"https:\/\/veritasinfo.org\/wp-content\/uploads\/2025\/09\/Vjosa-Osmani-19-1-780x439-1-770x433-1.jpg","contentUrl":"https:\/\/veritasinfo.org\/wp-content\/uploads\/2025\/09\/Vjosa-Osmani-19-1-780x439-1-770x433-1.jpg","width":770,"height":433},{"@type":"BreadcrumbList","@id":"https:\/\/veritasinfo.org\/?p=13648#breadcrumb","itemListElement":[{"@type":"ListItem","position":1,"name":"Home","item":"https:\/\/veritasinfo.org\/"},{"@type":"ListItem","position":2,"name":"Nuhiu i kund\u00ebrp\u00ebrgjigjet Gjuriqit: Serbia mund t\u00eb b\u00ebrtas\u00eb sa t\u00eb doj\u00eb, presidentja Osmani \u00ebsht\u00eb e akredituar n\u00eb OKB, si \u00e7do kryetar i shtetit tjet\u00ebr"}]},{"@type":"WebSite","@id":"https:\/\/veritasinfo.org\/#website","url":"https:\/\/veritasinfo.org\/","name":"","description":"","potentialAction":[{"@type":"SearchAction","target":{"@type":"EntryPoint","urlTemplate":"https:\/\/veritasinfo.org\/?s={search_term_string}"},"query-input":{"@type":"PropertyValueSpecification","valueRequired":true,"valueName":"search_term_string"}}],"inLanguage":"en-US"},{"@type":"Person","@id":"https:\/\/veritasinfo.org\/#\/schema\/person\/bc442336e35414d04494ab8fb45db4c6","name":"US5","image":{"@type":"ImageObject","inLanguage":"en-US","@id":"https:\/\/veritasinfo.org\/#\/schema\/person\/image\/","url":"https:\/\/secure.gravatar.com\/avatar\/16a61e7272a0c5d001121ebb9e60e925d5816e4ac1e443ed3e640d9a6ae55d0c?s=96&d=mm&r=g","contentUrl":"https:\/\/secure.gravatar.com\/avatar\/16a61e7272a0c5d001121ebb9e60e925d5816e4ac1e443ed3e640d9a6ae55d0c?s=96&d=mm&r=g","caption":"US5"},"url":"https:\/\/veritasinfo.org\/?author=6"}]}},"featured_image_urls":{"full":["https:\/\/veritasinfo.org\/wp-content\/uploads\/2025\/09\/Vjosa-Osmani-19-1-780x439-1-770x433-1.jpg",770,433,false],"thumbnail":["https:\/\/veritasinfo.org\/wp-content\/uploads\/2025\/09\/Vjosa-Osmani-19-1-780x439-1-770x433-1-150x150.jpg",150,150,true],"medium":["https:\/\/veritasinfo.org\/wp-content\/uploads\/2025\/09\/Vjosa-Osmani-19-1-780x439-1-770x433-1-300x169.jpg",300,169,true],"medium_large":["https:\/\/veritasinfo.org\/wp-content\/uploads\/2025\/09\/Vjosa-Osmani-19-1-780x439-1-770x433-1-768x432.jpg",640,360,true],"large":["https:\/\/veritasinfo.org\/wp-content\/uploads\/2025\/09\/Vjosa-Osmani-19-1-780x439-1-770x433-1.jpg",640,360,false],"1536x1536":["https:\/\/veritasinfo.org\/wp-content\/uploads\/2025\/09\/Vjosa-Osmani-19-1-780x439-1-770x433-1.jpg",770,433,false],"2048x2048":["https:\/\/veritasinfo.org\/wp-content\/uploads\/2025\/09\/Vjosa-Osmani-19-1-780x439-1-770x433-1.jpg",770,433,false],"kreeti-slider-full":["https:\/\/veritasinfo.org\/wp-content\/uploads\/2025\/09\/Vjosa-Osmani-19-1-780x439-1-770x433-1.jpg",770,433,false],"kreeti-featured":["https:\/\/veritasinfo.org\/wp-content\/uploads\/2025\/09\/Vjosa-Osmani-19-1-780x439-1-770x433-1.jpg",770,433,false],"kreeti-medium":["https:\/\/veritasinfo.org\/wp-content\/uploads\/2025\/09\/Vjosa-Osmani-19-1-780x439-1-770x433-1.jpg",720,405,false],"kreeti-medium-square":["https:\/\/veritasinfo.org\/wp-content\/uploads\/2025\/09\/Vjosa-Osmani-19-1-780x439-1-770x433-1.jpg",350,197,false]},"author_info":{"info":["US5"]},"category_info":"<a href=\"https:\/\/veritasinfo.org\/?cat=93\" rel=\"category\">Politika<\/a>","tag_info":"Politika","comment_count":"0","_links":{"self":[{"href":"https:\/\/veritasinfo.org\/index.php?rest_route=\/wp\/v2\/posts\/13648","targetHints":{"allow":["GET"]}}],"collection":[{"href":"https:\/\/veritasinfo.org\/index.php?rest_route=\/wp\/v2\/posts"}],"about":[{"href":"https:\/\/veritasinfo.org\/index.php?rest_route=\/wp\/v2\/types\/post"}],"author":[{"embeddable":true,"href":"https:\/\/veritasinfo.org\/index.php?rest_route=\/wp\/v2\/users\/6"}],"replies":[{"embeddable":true,"href":"https:\/\/veritasinfo.org\/index.php?rest_route=%2Fwp%2Fv2%2Fcomments&post=13648"}],"version-history":[{"count":1,"href":"https:\/\/veritasinfo.org\/index.php?rest_route=\/wp\/v2\/posts\/13648\/revisions"}],"predecessor-version":[{"id":13651,"href":"https:\/\/veritasinfo.org\/index.php?rest_route=\/wp\/v2\/posts\/13648\/revisions\/13651"}],"wp:featuredmedia":[{"embeddable":true,"href":"https:\/\/veritasinfo.org\/index.php?rest_route=\/wp\/v2\/media\/13650"}],"wp:attachment":[{"href":"https:\/\/veritasinfo.org\/index.php?rest_route=%2Fwp%2Fv2%2Fmedia&parent=13648"}],"wp:term":[{"taxonomy":"category","embeddable":true,"href":"https:\/\/veritasinfo.org\/index.php?rest_route=%2Fwp%2Fv2%2Fcategories&post=13648"},{"taxonomy":"post_tag","embeddable":true,"href":"https:\/\/veritasinfo.org\/index.php?rest_route=%2Fwp%2Fv2%2Ftags&post=13648"}],"curies":[{"name":"wp","href":"https:\/\/api.w.org\/{rel}","templated":true}]}}