{"id":13642,"date":"2025-09-25T07:38:55","date_gmt":"2025-09-25T05:38:55","guid":{"rendered":"https:\/\/veritasinfo.org\/?p=13642"},"modified":"2025-09-25T07:38:55","modified_gmt":"2025-09-25T05:38:55","slug":"me-shume-se-18-mije-vezhgues-te-akredituar-per-zgjedhjet-lokale","status":"publish","type":"post","link":"https:\/\/veritasinfo.org\/?p=13642","title":{"rendered":"M\u00eb shum\u00eb se 18 mij\u00eb v\u00ebzhgues t\u00eb akredituar p\u00ebr zgjedhjet lokale"},"content":{"rendered":"<p>Prishtin\u00eb, 25 shtator 2025<\/p>\n<p>N\u00eb mbledhjen e mbajtur t\u00eb m\u00ebrkur\u00ebn nga KQZ-ja (Komisioni Qendror i Zgjedhjeve), \u00ebsht\u00eb paraqitur raporti mbi d\u00ebrgimin e pakove me flet\u00ebvotime p\u00ebr votuesit e regjistruar jasht\u00eb Kosov\u00ebs, q\u00eb do t\u00eb votojn\u00eb p\u00ebrmes post\u00ebs n\u00eb zgjedhjet e ardhshme lokale.<br \/>\nDrejtori i Sekretariatit t\u00eb KQZ-s\u00eb, Besnik Buzhala, tha se raporti p\u00ebrmban t\u00eb gjitha t\u00eb dh\u00ebnat mbi numrin e zarfeve t\u00eb d\u00ebrguara.<\/p>\n<p>&#8220;Raporti shpjegon t\u00eb gjith\u00eb procesin q\u00eb \u00ebsht\u00eb zbatuar. Gjithashtu p\u00ebrfshin t\u00eb dh\u00ebna t\u00eb p\u00ebrgjithshme mbi numrin e zarfeve q\u00eb Posta e Kosov\u00ebs ka pranuar nga KQZ-ja\u201c, deklaroi ai.<\/p>\n<p>Sipas raportit, KQZ-ja ka d\u00ebrguar p\u00ebrmes post\u00ebs rreth 44.000 pako me flet\u00ebvotime p\u00ebr votuesit e regjistruar n\u00eb disa shtete t\u00eb ndryshme, nd\u00ebrsa sh\u00ebrbimet postare ua dor\u00ebzojn\u00eb ato votuesve n\u00eb adresat q\u00eb kan\u00eb dh\u00ebn\u00eb gjat\u00eb procesit t\u00eb regjistrimit. Nga ky num\u00ebr, rreth 41.879 pako jan\u00eb d\u00ebrguar n\u00eb bashk\u00ebpunim me Post\u00ebn e Kosov\u00ebs, nd\u00ebrsa 2.050 t\u00eb tjera jan\u00eb d\u00ebrguar me post\u00eb t\u00eb shpejt\u00eb.<\/p>\n<p>Zarfi q\u00eb i d\u00ebrgohet votuesit p\u00ebrmban: flet\u00ebvotimet, nj\u00eb zarf p\u00ebr votimin e fsheht\u00eb, udh\u00ebzues me instruksione se si t\u00eb plot\u00ebsohen flet\u00ebvotimet dhe si t\u00eb votohet me post\u00eb, nj\u00eb zarf kthimi dhe ngjit\u00ebs (selotejp).<\/p>\n<p>Gjat\u00eb votimit nga jasht\u00eb Kosov\u00ebs p\u00ebrmes post\u00ebs n\u00eb zgjedhjet lokale, votuesi \u00ebsht\u00eb i detyruar ta d\u00ebrgoj\u00eb pakon me flet\u00ebvotime n\u00eb nj\u00ebr\u00ebn nga kutit\u00eb postare t\u00eb KQZ-s\u00eb. N\u00eb shumic\u00ebn e zarfeve, KQZ-ja ka sh\u00ebnuar paraprakisht adres\u00ebn e kutis\u00eb postare n\u00eb vendin ku \u00ebsht\u00eb regjistruar votuesi, nd\u00ebrsa n\u00eb rastet kur kjo nuk \u00ebsht\u00eb b\u00ebr\u00eb, votuesi vet\u00eb duhet t\u00eb shkruaj\u00eb adres\u00ebn e nj\u00eb prej kutive postare t\u00eb KQZ-s\u00eb.<\/p>\n<p>Periudha e votimit me post\u00eb, e cila ka filluar m\u00eb 17 shtator dhe p\u00ebrfundon m\u00eb 11 tetor 2025, vlen p\u00ebr 43.933 qytetar\u00eb q\u00eb jan\u00eb regjistruar me sukses si votues jasht\u00eb Kosov\u00ebs.<\/p>\n<p>N\u00eb t\u00eb nj\u00ebjt\u00ebn mbledhje, KQZ-ja mori vendim p\u00ebr akreditimin e 18.041 v\u00ebzhguesve nga 51 subjekte politike t\u00eb certifikuara p\u00ebr pjes\u00ebmarrje n\u00eb zgjedhjet lokale t\u00eb vitit 2025.<\/p>\n","protected":false},"excerpt":{"rendered":"<p>Prishtin\u00eb, 25 shtator 2025 N\u00eb mbledhjen e mbajtur t\u00eb m\u00ebrkur\u00ebn nga KQZ-ja (Komisioni Qendror i Zgjedhjeve), \u00ebsht\u00eb paraqitur raporti mbi d\u00ebrgimin e pakove me flet\u00ebvotime<\/p>\n","protected":false},"author":7,"featured_media":13643,"comment_status":"open","ping_status":"open","sticky":false,"template":"","format":"standard","meta":{"footnotes":""},"categories":[60],"tags":[],"class_list":["post-13642","post","type-post","status-publish","format-standard","has-post-thumbnail","hentry","category-shoqerore-sq"],"yoast_head":"<!-- This site is optimized with the Yoast SEO plugin v25.3.1 - https:\/\/yoast.com\/wordpress\/plugins\/seo\/ -->\n<title>M\u00eb shum\u00eb se 18 mij\u00eb v\u00ebzhgues t\u00eb akredituar p\u00ebr zgjedhjet lokale -<\/title>\n<meta name=\"robots\" content=\"index, follow, max-snippet:-1, max-image-preview:large, max-video-preview:-1\" \/>\n<link rel=\"canonical\" href=\"https:\/\/veritasinfo.org\/?p=13642\" \/>\n<meta property=\"og:locale\" content=\"en_US\" \/>\n<meta property=\"og:type\" content=\"article\" \/>\n<meta property=\"og:title\" content=\"M\u00eb shum\u00eb se 18 mij\u00eb v\u00ebzhgues t\u00eb akredituar p\u00ebr zgjedhjet lokale -\" \/>\n<meta property=\"og:description\" content=\"Prishtin\u00eb, 25 shtator 2025 N\u00eb mbledhjen e mbajtur t\u00eb m\u00ebrkur\u00ebn nga KQZ-ja (Komisioni Qendror i Zgjedhjeve), \u00ebsht\u00eb paraqitur raporti mbi d\u00ebrgimin e pakove me flet\u00ebvotime\" \/>\n<meta property=\"og:url\" content=\"https:\/\/veritasinfo.org\/?p=13642\" \/>\n<meta property=\"article:published_time\" content=\"2025-09-25T05:38:55+00:00\" \/>\n<meta property=\"og:image\" content=\"https:\/\/veritasinfo.org\/wp-content\/uploads\/2025\/09\/552618333_1184570980367984_848320292365258187_n.jpg\" \/>\n\t<meta property=\"og:image:width\" content=\"2048\" \/>\n\t<meta property=\"og:image:height\" content=\"1193\" \/>\n\t<meta property=\"og:image:type\" content=\"image\/jpeg\" \/>\n<meta name=\"author\" content=\"US6\" \/>\n<meta name=\"twitter:card\" content=\"summary_large_image\" \/>\n<meta name=\"twitter:label1\" content=\"Written by\" \/>\n\t<meta name=\"twitter:data1\" content=\"US6\" \/>\n\t<meta name=\"twitter:label2\" content=\"Est. reading time\" \/>\n\t<meta name=\"twitter:data2\" content=\"2 minutes\" \/>\n<script type=\"application\/ld+json\" class=\"yoast-schema-graph\">{\"@context\":\"https:\/\/schema.org\",\"@graph\":[{\"@type\":\"WebPage\",\"@id\":\"https:\/\/veritasinfo.org\/?p=13642\",\"url\":\"https:\/\/veritasinfo.org\/?p=13642\",\"name\":\"M\u00eb shum\u00eb se 18 mij\u00eb v\u00ebzhgues t\u00eb akredituar p\u00ebr zgjedhjet lokale -\",\"isPartOf\":{\"@id\":\"https:\/\/veritasinfo.org\/#website\"},\"primaryImageOfPage\":{\"@id\":\"https:\/\/veritasinfo.org\/?p=13642#primaryimage\"},\"image\":{\"@id\":\"https:\/\/veritasinfo.org\/?p=13642#primaryimage\"},\"thumbnailUrl\":\"https:\/\/veritasinfo.org\/wp-content\/uploads\/2025\/09\/552618333_1184570980367984_848320292365258187_n.jpg\",\"datePublished\":\"2025-09-25T05:38:55+00:00\",\"author\":{\"@id\":\"https:\/\/veritasinfo.org\/#\/schema\/person\/fe199eede04c3937362892b7444747cc\"},\"breadcrumb\":{\"@id\":\"https:\/\/veritasinfo.org\/?p=13642#breadcrumb\"},\"inLanguage\":\"en-US\",\"potentialAction\":[{\"@type\":\"ReadAction\",\"target\":[\"https:\/\/veritasinfo.org\/?p=13642\"]}]},{\"@type\":\"ImageObject\",\"inLanguage\":\"en-US\",\"@id\":\"https:\/\/veritasinfo.org\/?p=13642#primaryimage\",\"url\":\"https:\/\/veritasinfo.org\/wp-content\/uploads\/2025\/09\/552618333_1184570980367984_848320292365258187_n.jpg\",\"contentUrl\":\"https:\/\/veritasinfo.org\/wp-content\/uploads\/2025\/09\/552618333_1184570980367984_848320292365258187_n.jpg\",\"width\":2048,\"height\":1193},{\"@type\":\"BreadcrumbList\",\"@id\":\"https:\/\/veritasinfo.org\/?p=13642#breadcrumb\",\"itemListElement\":[{\"@type\":\"ListItem\",\"position\":1,\"name\":\"Home\",\"item\":\"https:\/\/veritasinfo.org\/\"},{\"@type\":\"ListItem\",\"position\":2,\"name\":\"M\u00eb shum\u00eb se 18 mij\u00eb v\u00ebzhgues t\u00eb akredituar p\u00ebr zgjedhjet lokale\"}]},{\"@type\":\"WebSite\",\"@id\":\"https:\/\/veritasinfo.org\/#website\",\"url\":\"https:\/\/veritasinfo.org\/\",\"name\":\"\",\"description\":\"\",\"potentialAction\":[{\"@type\":\"SearchAction\",\"target\":{\"@type\":\"EntryPoint\",\"urlTemplate\":\"https:\/\/veritasinfo.org\/?s={search_term_string}\"},\"query-input\":{\"@type\":\"PropertyValueSpecification\",\"valueRequired\":true,\"valueName\":\"search_term_string\"}}],\"inLanguage\":\"en-US\"},{\"@type\":\"Person\",\"@id\":\"https:\/\/veritasinfo.org\/#\/schema\/person\/fe199eede04c3937362892b7444747cc\",\"name\":\"US6\",\"image\":{\"@type\":\"ImageObject\",\"inLanguage\":\"en-US\",\"@id\":\"https:\/\/veritasinfo.org\/#\/schema\/person\/image\/\",\"url\":\"https:\/\/secure.gravatar.com\/avatar\/cb16c3c31c9d23b9b8c705964598220b3014e42ff51eb540ff23cefa3ae8c15f?s=96&d=mm&r=g\",\"contentUrl\":\"https:\/\/secure.gravatar.com\/avatar\/cb16c3c31c9d23b9b8c705964598220b3014e42ff51eb540ff23cefa3ae8c15f?s=96&d=mm&r=g\",\"caption\":\"US6\"},\"url\":\"https:\/\/veritasinfo.org\/?author=7\"}]}<\/script>\n<!-- \/ Yoast SEO plugin. -->","yoast_head_json":{"title":"M\u00eb shum\u00eb se 18 mij\u00eb v\u00ebzhgues t\u00eb akredituar p\u00ebr zgjedhjet lokale -","robots":{"index":"index","follow":"follow","max-snippet":"max-snippet:-1","max-image-preview":"max-image-preview:large","max-video-preview":"max-video-preview:-1"},"canonical":"https:\/\/veritasinfo.org\/?p=13642","og_locale":"en_US","og_type":"article","og_title":"M\u00eb shum\u00eb se 18 mij\u00eb v\u00ebzhgues t\u00eb akredituar p\u00ebr zgjedhjet lokale -","og_description":"Prishtin\u00eb, 25 shtator 2025 N\u00eb mbledhjen e mbajtur t\u00eb m\u00ebrkur\u00ebn nga KQZ-ja (Komisioni Qendror i Zgjedhjeve), \u00ebsht\u00eb paraqitur raporti mbi d\u00ebrgimin e pakove me flet\u00ebvotime","og_url":"https:\/\/veritasinfo.org\/?p=13642","article_published_time":"2025-09-25T05:38:55+00:00","og_image":[{"width":2048,"height":1193,"url":"https:\/\/veritasinfo.org\/wp-content\/uploads\/2025\/09\/552618333_1184570980367984_848320292365258187_n.jpg","type":"image\/jpeg"}],"author":"US6","twitter_card":"summary_large_image","twitter_misc":{"Written by":"US6","Est. reading time":"2 minutes"},"schema":{"@context":"https:\/\/schema.org","@graph":[{"@type":"WebPage","@id":"https:\/\/veritasinfo.org\/?p=13642","url":"https:\/\/veritasinfo.org\/?p=13642","name":"M\u00eb shum\u00eb se 18 mij\u00eb v\u00ebzhgues t\u00eb akredituar p\u00ebr zgjedhjet lokale -","isPartOf":{"@id":"https:\/\/veritasinfo.org\/#website"},"primaryImageOfPage":{"@id":"https:\/\/veritasinfo.org\/?p=13642#primaryimage"},"image":{"@id":"https:\/\/veritasinfo.org\/?p=13642#primaryimage"},"thumbnailUrl":"https:\/\/veritasinfo.org\/wp-content\/uploads\/2025\/09\/552618333_1184570980367984_848320292365258187_n.jpg","datePublished":"2025-09-25T05:38:55+00:00","author":{"@id":"https:\/\/veritasinfo.org\/#\/schema\/person\/fe199eede04c3937362892b7444747cc"},"breadcrumb":{"@id":"https:\/\/veritasinfo.org\/?p=13642#breadcrumb"},"inLanguage":"en-US","potentialAction":[{"@type":"ReadAction","target":["https:\/\/veritasinfo.org\/?p=13642"]}]},{"@type":"ImageObject","inLanguage":"en-US","@id":"https:\/\/veritasinfo.org\/?p=13642#primaryimage","url":"https:\/\/veritasinfo.org\/wp-content\/uploads\/2025\/09\/552618333_1184570980367984_848320292365258187_n.jpg","contentUrl":"https:\/\/veritasinfo.org\/wp-content\/uploads\/2025\/09\/552618333_1184570980367984_848320292365258187_n.jpg","width":2048,"height":1193},{"@type":"BreadcrumbList","@id":"https:\/\/veritasinfo.org\/?p=13642#breadcrumb","itemListElement":[{"@type":"ListItem","position":1,"name":"Home","item":"https:\/\/veritasinfo.org\/"},{"@type":"ListItem","position":2,"name":"M\u00eb shum\u00eb se 18 mij\u00eb v\u00ebzhgues t\u00eb akredituar p\u00ebr zgjedhjet lokale"}]},{"@type":"WebSite","@id":"https:\/\/veritasinfo.org\/#website","url":"https:\/\/veritasinfo.org\/","name":"","description":"","potentialAction":[{"@type":"SearchAction","target":{"@type":"EntryPoint","urlTemplate":"https:\/\/veritasinfo.org\/?s={search_term_string}"},"query-input":{"@type":"PropertyValueSpecification","valueRequired":true,"valueName":"search_term_string"}}],"inLanguage":"en-US"},{"@type":"Person","@id":"https:\/\/veritasinfo.org\/#\/schema\/person\/fe199eede04c3937362892b7444747cc","name":"US6","image":{"@type":"ImageObject","inLanguage":"en-US","@id":"https:\/\/veritasinfo.org\/#\/schema\/person\/image\/","url":"https:\/\/secure.gravatar.com\/avatar\/cb16c3c31c9d23b9b8c705964598220b3014e42ff51eb540ff23cefa3ae8c15f?s=96&d=mm&r=g","contentUrl":"https:\/\/secure.gravatar.com\/avatar\/cb16c3c31c9d23b9b8c705964598220b3014e42ff51eb540ff23cefa3ae8c15f?s=96&d=mm&r=g","caption":"US6"},"url":"https:\/\/veritasinfo.org\/?author=7"}]}},"featured_image_urls":{"full":["https:\/\/veritasinfo.org\/wp-content\/uploads\/2025\/09\/552618333_1184570980367984_848320292365258187_n.jpg",2048,1193,false],"thumbnail":["https:\/\/veritasinfo.org\/wp-content\/uploads\/2025\/09\/552618333_1184570980367984_848320292365258187_n-150x150.jpg",150,150,true],"medium":["https:\/\/veritasinfo.org\/wp-content\/uploads\/2025\/09\/552618333_1184570980367984_848320292365258187_n-300x175.jpg",300,175,true],"medium_large":["https:\/\/veritasinfo.org\/wp-content\/uploads\/2025\/09\/552618333_1184570980367984_848320292365258187_n-768x447.jpg",640,373,true],"large":["https:\/\/veritasinfo.org\/wp-content\/uploads\/2025\/09\/552618333_1184570980367984_848320292365258187_n-1024x597.jpg",640,373,true],"1536x1536":["https:\/\/veritasinfo.org\/wp-content\/uploads\/2025\/09\/552618333_1184570980367984_848320292365258187_n-1536x895.jpg",1536,895,true],"2048x2048":["https:\/\/veritasinfo.org\/wp-content\/uploads\/2025\/09\/552618333_1184570980367984_848320292365258187_n.jpg",2048,1193,false],"kreeti-slider-full":["https:\/\/veritasinfo.org\/wp-content\/uploads\/2025\/09\/552618333_1184570980367984_848320292365258187_n.jpg",1236,720,false],"kreeti-featured":["https:\/\/veritasinfo.org\/wp-content\/uploads\/2025\/09\/552618333_1184570980367984_848320292365258187_n.jpg",1024,597,false],"kreeti-medium":["https:\/\/veritasinfo.org\/wp-content\/uploads\/2025\/09\/552618333_1184570980367984_848320292365258187_n.jpg",720,419,false],"kreeti-medium-square":["https:\/\/veritasinfo.org\/wp-content\/uploads\/2025\/09\/552618333_1184570980367984_848320292365258187_n.jpg",350,204,false]},"author_info":{"info":["US6"]},"category_info":"<a href=\"https:\/\/veritasinfo.org\/?cat=60\" rel=\"category\">Shoq\u00ebrore<\/a>","tag_info":"Shoq\u00ebrore","comment_count":"0","_links":{"self":[{"href":"https:\/\/veritasinfo.org\/index.php?rest_route=\/wp\/v2\/posts\/13642","targetHints":{"allow":["GET"]}}],"collection":[{"href":"https:\/\/veritasinfo.org\/index.php?rest_route=\/wp\/v2\/posts"}],"about":[{"href":"https:\/\/veritasinfo.org\/index.php?rest_route=\/wp\/v2\/types\/post"}],"author":[{"embeddable":true,"href":"https:\/\/veritasinfo.org\/index.php?rest_route=\/wp\/v2\/users\/7"}],"replies":[{"embeddable":true,"href":"https:\/\/veritasinfo.org\/index.php?rest_route=%2Fwp%2Fv2%2Fcomments&post=13642"}],"version-history":[{"count":1,"href":"https:\/\/veritasinfo.org\/index.php?rest_route=\/wp\/v2\/posts\/13642\/revisions"}],"predecessor-version":[{"id":13644,"href":"https:\/\/veritasinfo.org\/index.php?rest_route=\/wp\/v2\/posts\/13642\/revisions\/13644"}],"wp:featuredmedia":[{"embeddable":true,"href":"https:\/\/veritasinfo.org\/index.php?rest_route=\/wp\/v2\/media\/13643"}],"wp:attachment":[{"href":"https:\/\/veritasinfo.org\/index.php?rest_route=%2Fwp%2Fv2%2Fmedia&parent=13642"}],"wp:term":[{"taxonomy":"category","embeddable":true,"href":"https:\/\/veritasinfo.org\/index.php?rest_route=%2Fwp%2Fv2%2Fcategories&post=13642"},{"taxonomy":"post_tag","embeddable":true,"href":"https:\/\/veritasinfo.org\/index.php?rest_route=%2Fwp%2Fv2%2Ftags&post=13642"}],"curies":[{"name":"wp","href":"https:\/\/api.w.org\/{rel}","templated":true}]}}