{"id":1362,"date":"2025-06-23T13:28:34","date_gmt":"2025-06-23T11:28:34","guid":{"rendered":"https:\/\/veritasinfo.org\/?p=1362"},"modified":"2025-06-23T13:29:23","modified_gmt":"2025-06-23T11:29:23","slug":"denohet-me-1-vit-e-5-muaj-burgim-i-akuzuari-per-lendim-te-lehte-trupor-ndaj-kameramanit-me-2022-ne-veri","status":"publish","type":"post","link":"https:\/\/veritasinfo.org\/?p=1362","title":{"rendered":"D\u00ebnohet me 1 vit e 5 muaj burgim i akuzuari p\u00ebr l\u00ebndim t\u00eb leht\u00eb trupor ndaj kameramanit m\u00eb 2022 n\u00eb veri"},"content":{"rendered":"<p>Mitrovic\u00eb, 23.06.2025<\/p>\n<p><strong>Gjykata Themelore n\u00eb Mitrovic\u00eb, Departamenti i P\u00ebrgjithsh\u00ebm \u2013 Divizioni Penal, ka shpallur aktgjykim d\u00ebnues ndaj t\u00eb pandehurit I.M., duke e d\u00ebnuar me 1 vit e 5 muaj burgim p\u00ebr akuz\u00ebn se m\u00eb 17 n\u00ebntor 2022 n\u00eb Mitrovic\u00eb t\u00eb Veriut bashk\u00eb me persona t\u00eb tjer\u00eb i shkaktoi l\u00ebndime trupore kameramanit J.M.<\/strong><\/p>\n<p>N\u00eb njoftimin e Gjykat\u00ebs, thuhet se pas shqyrtimit fillestar t\u00eb mbajtur m\u00eb 19 qershor 2025, kjo Gjykat\u00eb t\u00eb h\u00ebn\u00ebn m\u00eb 23 qershor 2025 n\u00eb munges\u00eb t\u00eb t\u00eb gjitha pal\u00ebve n\u00eb procedur\u00eb, shpalli t\u00eb pandehurin fajor dhe ndaj tij u shqiptua d\u00ebnim me burgim n\u00eb koh\u00ebzgjatje prej 1 vit e 5 muaj, raporton \u201c<strong>Betimi p\u00ebr Drejt\u00ebsi<\/strong>\u201c.<\/p>\n<p>Sipas Gjykat\u00ebs, d\u00ebnimi me burgim, t\u00eb akuzuarit i ekzekutohet 15 dit\u00eb nga dita e plotfuqishm\u00ebris\u00eb s\u00eb k\u00ebtij aktgjykimi.<\/p>\n<p>I.M., akuzohet se i shkaktoi l\u00ebndime kameramanit t\u00eb portalit \u201cInsajderi\u201d- J.M., i cili bashk\u00eb me kolegun e tij kishin shkuar t\u00eb zhvillojn\u00eb nj\u00eb inervist\u00eb dhe ishin nisur n\u00eb drejtim t\u00eb ur\u00ebs s\u00eb Ibrit.<\/p>\n<p>\u201cI pandehuri akuzohet se: me date 17.11.2022, rreth or\u00ebs 10:45, n\u00eb Mitrovice Veri, n\u00eb rrug\u00ebn \u201cH. D. (V.C), me dashje dhe n\u00eb bashk\u00ebkryerje me N.N persona i shkaktojn\u00eb l\u00ebndime trupore tani t\u00eb d\u00ebmtuarit J.M., kameraman i portalit \u201cInsajderi\u201d, ashtu q\u00eb deri sa i d\u00ebmtuari s\u00eb bashku me kolegun e tij V.D\u00a0 kishin pasur t\u00eb zhvillojn\u00eb nj\u00eb intervist\u00eb, ishin nisur n\u00eb drejtim t\u00eb ur\u00ebs s\u00eb Ibrit p\u00ebr t\u2019i realizuar intervistat, posa kishin arritur tek ura ai i kishte par\u00eb nj\u00eb grup prej 3-4 f\u00ebmij\u00ebsh t\u00eb cilit ishin duke ardhur n\u00eb drejtim t\u00eb ur\u00ebs nga pjesa veriore e Mitrovices dhe me z\u00eb t\u00eb lart\u00eb k\u00ebrkonin ndihm\u00eb polic\u00ebve \u2013KFOR-it Italian, i d\u00ebmtuari J. kishte vazhduar me vrap p\u00ebr t\u00eb par\u00eb se \u00e7ka ka kishte ndodhur,\u00a0 derisa e kishte d\u00ebgjuar siren\u00ebn e ambulantes dhe rreth 10-15 metra ku kishte qen\u00eb ambulanta ai kishte filluar ta incizon ngjarjen me telefon t\u00eb tij , ne \u00e7astin kur vetura e ambulantes ishte larguar, ai ishte sulmuar nga i pandehuri dhe N.N\u00a0 persona , ku i pandehuri I.M. e kishte godit t\u00eb d\u00ebmtuarin J. ne pjes\u00ebn prapa kok\u00ebs duke i shkaktuar l\u00ebndime t\u00eb lehta trupore dhe i nj\u00ebjti kishte tentuar q\u00eb t\u2019ia merr telefonin por se nuk kishte arritur kurse nga ekspertiza mjekoligjore jan\u00eb konstatuar l\u00ebndimet e te d\u00ebmtuarit si d\u00ebmtime t\u00eb lehta trupore me d\u00ebmtim t\u00eb p\u00ebrkohsh\u00ebm t\u00eb sh\u00ebndetit\u201d, thuhet n\u00eb njoftim.<\/p>\n<p>Me k\u00ebto veprime, i pandehuri akuzohet s ka kryer vepr\u00ebn penale \u201cL\u00ebndim i leht\u00eb trupore trupor\u201d nga neni 185, par.1, n\u00ebnpar 1.4 e lidhur me nenin 31 t\u00eb Kodit Penal.<\/p>\n<p>Kund\u00eb k\u00ebtij aktgjykimi, pal\u00ebt kan\u00eb t\u00eb drejt\u00eb ankese n\u00eb afat prej 30 dit\u00ebsh nga dita e pranimit t\u00eb aktgjykimit n\u00eb form\u00eb t\u00eb shkruar. Ankesa i drejtohet Gjykat\u00ebs s\u00eb Apelit n\u00eb Prishtin\u00eb, n\u00ebp\u00ebrmjet k\u00ebsaj gjykate. \/<strong>Betimip\u00ebrDrejt\u00ebsi<\/strong><\/p>\n","protected":false},"excerpt":{"rendered":"<p>Mitrovic\u00eb, 23.06.2025 Gjykata Themelore n\u00eb Mitrovic\u00eb, Departamenti i P\u00ebrgjithsh\u00ebm \u2013 Divizioni Penal, ka shpallur aktgjykim d\u00ebnues ndaj t\u00eb pandehurit I.M., duke e d\u00ebnuar me 1<\/p>\n","protected":false},"author":1,"featured_media":1363,"comment_status":"open","ping_status":"open","sticky":false,"template":"","format":"standard","meta":{"footnotes":""},"categories":[60],"tags":[],"class_list":["post-1362","post","type-post","status-publish","format-standard","has-post-thumbnail","hentry","category-shoqerore-sq"],"yoast_head":"<!-- This site is optimized with the Yoast SEO plugin v25.3.1 - https:\/\/yoast.com\/wordpress\/plugins\/seo\/ -->\n<title>D\u00ebnohet me 1 vit e 5 muaj burgim i akuzuari p\u00ebr l\u00ebndim t\u00eb leht\u00eb trupor ndaj kameramanit m\u00eb 2022 n\u00eb veri -<\/title>\n<meta name=\"robots\" content=\"index, follow, max-snippet:-1, max-image-preview:large, max-video-preview:-1\" \/>\n<link rel=\"canonical\" href=\"https:\/\/veritasinfo.org\/?p=1362\" \/>\n<meta property=\"og:locale\" content=\"en_US\" \/>\n<meta property=\"og:type\" content=\"article\" \/>\n<meta property=\"og:title\" content=\"D\u00ebnohet me 1 vit e 5 muaj burgim i akuzuari p\u00ebr l\u00ebndim t\u00eb leht\u00eb trupor ndaj kameramanit m\u00eb 2022 n\u00eb veri -\" \/>\n<meta property=\"og:description\" content=\"Mitrovic\u00eb, 23.06.2025 Gjykata Themelore n\u00eb Mitrovic\u00eb, Departamenti i P\u00ebrgjithsh\u00ebm \u2013 Divizioni Penal, ka shpallur aktgjykim d\u00ebnues ndaj t\u00eb pandehurit I.M., duke e d\u00ebnuar me 1\" \/>\n<meta property=\"og:url\" content=\"https:\/\/veritasinfo.org\/?p=1362\" \/>\n<meta property=\"article:published_time\" content=\"2025-06-23T11:28:34+00:00\" \/>\n<meta property=\"article:modified_time\" content=\"2025-06-23T11:29:23+00:00\" \/>\n<meta property=\"og:image\" content=\"https:\/\/veritasinfo.org\/wp-content\/uploads\/2025\/06\/IMG_1530.jpeg\" \/>\n\t<meta property=\"og:image:width\" content=\"724\" \/>\n\t<meta property=\"og:image:height\" content=\"430\" \/>\n\t<meta property=\"og:image:type\" content=\"image\/jpeg\" \/>\n<meta name=\"author\" content=\"admin\" \/>\n<meta name=\"twitter:card\" content=\"summary_large_image\" \/>\n<meta name=\"twitter:label1\" content=\"Written by\" \/>\n\t<meta name=\"twitter:data1\" content=\"admin\" \/>\n\t<meta name=\"twitter:label2\" content=\"Est. reading time\" \/>\n\t<meta name=\"twitter:data2\" content=\"3 minutes\" \/>\n<script type=\"application\/ld+json\" class=\"yoast-schema-graph\">{\"@context\":\"https:\/\/schema.org\",\"@graph\":[{\"@type\":\"WebPage\",\"@id\":\"https:\/\/veritasinfo.org\/?p=1362\",\"url\":\"https:\/\/veritasinfo.org\/?p=1362\",\"name\":\"D\u00ebnohet me 1 vit e 5 muaj burgim i akuzuari p\u00ebr l\u00ebndim t\u00eb leht\u00eb trupor ndaj kameramanit m\u00eb 2022 n\u00eb veri -\",\"isPartOf\":{\"@id\":\"https:\/\/veritasinfo.org\/#website\"},\"primaryImageOfPage\":{\"@id\":\"https:\/\/veritasinfo.org\/?p=1362#primaryimage\"},\"image\":{\"@id\":\"https:\/\/veritasinfo.org\/?p=1362#primaryimage\"},\"thumbnailUrl\":\"https:\/\/veritasinfo.org\/wp-content\/uploads\/2025\/06\/IMG_1530.jpeg\",\"datePublished\":\"2025-06-23T11:28:34+00:00\",\"dateModified\":\"2025-06-23T11:29:23+00:00\",\"author\":{\"@id\":\"https:\/\/veritasinfo.org\/#\/schema\/person\/7701f8c088bece422266b100a712374f\"},\"breadcrumb\":{\"@id\":\"https:\/\/veritasinfo.org\/?p=1362#breadcrumb\"},\"inLanguage\":\"en-US\",\"potentialAction\":[{\"@type\":\"ReadAction\",\"target\":[\"https:\/\/veritasinfo.org\/?p=1362\"]}]},{\"@type\":\"ImageObject\",\"inLanguage\":\"en-US\",\"@id\":\"https:\/\/veritasinfo.org\/?p=1362#primaryimage\",\"url\":\"https:\/\/veritasinfo.org\/wp-content\/uploads\/2025\/06\/IMG_1530.jpeg\",\"contentUrl\":\"https:\/\/veritasinfo.org\/wp-content\/uploads\/2025\/06\/IMG_1530.jpeg\",\"width\":724,\"height\":430},{\"@type\":\"BreadcrumbList\",\"@id\":\"https:\/\/veritasinfo.org\/?p=1362#breadcrumb\",\"itemListElement\":[{\"@type\":\"ListItem\",\"position\":1,\"name\":\"Home\",\"item\":\"https:\/\/veritasinfo.org\/\"},{\"@type\":\"ListItem\",\"position\":2,\"name\":\"D\u00ebnohet me 1 vit e 5 muaj burgim i akuzuari p\u00ebr l\u00ebndim t\u00eb leht\u00eb trupor ndaj kameramanit m\u00eb 2022 n\u00eb veri\"}]},{\"@type\":\"WebSite\",\"@id\":\"https:\/\/veritasinfo.org\/#website\",\"url\":\"https:\/\/veritasinfo.org\/\",\"name\":\"\",\"description\":\"\",\"potentialAction\":[{\"@type\":\"SearchAction\",\"target\":{\"@type\":\"EntryPoint\",\"urlTemplate\":\"https:\/\/veritasinfo.org\/?s={search_term_string}\"},\"query-input\":{\"@type\":\"PropertyValueSpecification\",\"valueRequired\":true,\"valueName\":\"search_term_string\"}}],\"inLanguage\":\"en-US\"},{\"@type\":\"Person\",\"@id\":\"https:\/\/veritasinfo.org\/#\/schema\/person\/7701f8c088bece422266b100a712374f\",\"name\":\"admin\",\"image\":{\"@type\":\"ImageObject\",\"inLanguage\":\"en-US\",\"@id\":\"https:\/\/veritasinfo.org\/#\/schema\/person\/image\/\",\"url\":\"https:\/\/secure.gravatar.com\/avatar\/ea53aa3bf6c9a12d5fde8ce4deff43fef3885ae33cf60184161a50d6987cfd2f?s=96&d=mm&r=g\",\"contentUrl\":\"https:\/\/secure.gravatar.com\/avatar\/ea53aa3bf6c9a12d5fde8ce4deff43fef3885ae33cf60184161a50d6987cfd2f?s=96&d=mm&r=g\",\"caption\":\"admin\"},\"sameAs\":[\"https:\/\/veritasinfo.org\"],\"url\":\"https:\/\/veritasinfo.org\/?author=1\"}]}<\/script>\n<!-- \/ Yoast SEO plugin. -->","yoast_head_json":{"title":"D\u00ebnohet me 1 vit e 5 muaj burgim i akuzuari p\u00ebr l\u00ebndim t\u00eb leht\u00eb trupor ndaj kameramanit m\u00eb 2022 n\u00eb veri -","robots":{"index":"index","follow":"follow","max-snippet":"max-snippet:-1","max-image-preview":"max-image-preview:large","max-video-preview":"max-video-preview:-1"},"canonical":"https:\/\/veritasinfo.org\/?p=1362","og_locale":"en_US","og_type":"article","og_title":"D\u00ebnohet me 1 vit e 5 muaj burgim i akuzuari p\u00ebr l\u00ebndim t\u00eb leht\u00eb trupor ndaj kameramanit m\u00eb 2022 n\u00eb veri -","og_description":"Mitrovic\u00eb, 23.06.2025 Gjykata Themelore n\u00eb Mitrovic\u00eb, Departamenti i P\u00ebrgjithsh\u00ebm \u2013 Divizioni Penal, ka shpallur aktgjykim d\u00ebnues ndaj t\u00eb pandehurit I.M., duke e d\u00ebnuar me 1","og_url":"https:\/\/veritasinfo.org\/?p=1362","article_published_time":"2025-06-23T11:28:34+00:00","article_modified_time":"2025-06-23T11:29:23+00:00","og_image":[{"width":724,"height":430,"url":"https:\/\/veritasinfo.org\/wp-content\/uploads\/2025\/06\/IMG_1530.jpeg","type":"image\/jpeg"}],"author":"admin","twitter_card":"summary_large_image","twitter_misc":{"Written by":"admin","Est. reading time":"3 minutes"},"schema":{"@context":"https:\/\/schema.org","@graph":[{"@type":"WebPage","@id":"https:\/\/veritasinfo.org\/?p=1362","url":"https:\/\/veritasinfo.org\/?p=1362","name":"D\u00ebnohet me 1 vit e 5 muaj burgim i akuzuari p\u00ebr l\u00ebndim t\u00eb leht\u00eb trupor ndaj kameramanit m\u00eb 2022 n\u00eb veri -","isPartOf":{"@id":"https:\/\/veritasinfo.org\/#website"},"primaryImageOfPage":{"@id":"https:\/\/veritasinfo.org\/?p=1362#primaryimage"},"image":{"@id":"https:\/\/veritasinfo.org\/?p=1362#primaryimage"},"thumbnailUrl":"https:\/\/veritasinfo.org\/wp-content\/uploads\/2025\/06\/IMG_1530.jpeg","datePublished":"2025-06-23T11:28:34+00:00","dateModified":"2025-06-23T11:29:23+00:00","author":{"@id":"https:\/\/veritasinfo.org\/#\/schema\/person\/7701f8c088bece422266b100a712374f"},"breadcrumb":{"@id":"https:\/\/veritasinfo.org\/?p=1362#breadcrumb"},"inLanguage":"en-US","potentialAction":[{"@type":"ReadAction","target":["https:\/\/veritasinfo.org\/?p=1362"]}]},{"@type":"ImageObject","inLanguage":"en-US","@id":"https:\/\/veritasinfo.org\/?p=1362#primaryimage","url":"https:\/\/veritasinfo.org\/wp-content\/uploads\/2025\/06\/IMG_1530.jpeg","contentUrl":"https:\/\/veritasinfo.org\/wp-content\/uploads\/2025\/06\/IMG_1530.jpeg","width":724,"height":430},{"@type":"BreadcrumbList","@id":"https:\/\/veritasinfo.org\/?p=1362#breadcrumb","itemListElement":[{"@type":"ListItem","position":1,"name":"Home","item":"https:\/\/veritasinfo.org\/"},{"@type":"ListItem","position":2,"name":"D\u00ebnohet me 1 vit e 5 muaj burgim i akuzuari p\u00ebr l\u00ebndim t\u00eb leht\u00eb trupor ndaj kameramanit m\u00eb 2022 n\u00eb veri"}]},{"@type":"WebSite","@id":"https:\/\/veritasinfo.org\/#website","url":"https:\/\/veritasinfo.org\/","name":"","description":"","potentialAction":[{"@type":"SearchAction","target":{"@type":"EntryPoint","urlTemplate":"https:\/\/veritasinfo.org\/?s={search_term_string}"},"query-input":{"@type":"PropertyValueSpecification","valueRequired":true,"valueName":"search_term_string"}}],"inLanguage":"en-US"},{"@type":"Person","@id":"https:\/\/veritasinfo.org\/#\/schema\/person\/7701f8c088bece422266b100a712374f","name":"admin","image":{"@type":"ImageObject","inLanguage":"en-US","@id":"https:\/\/veritasinfo.org\/#\/schema\/person\/image\/","url":"https:\/\/secure.gravatar.com\/avatar\/ea53aa3bf6c9a12d5fde8ce4deff43fef3885ae33cf60184161a50d6987cfd2f?s=96&d=mm&r=g","contentUrl":"https:\/\/secure.gravatar.com\/avatar\/ea53aa3bf6c9a12d5fde8ce4deff43fef3885ae33cf60184161a50d6987cfd2f?s=96&d=mm&r=g","caption":"admin"},"sameAs":["https:\/\/veritasinfo.org"],"url":"https:\/\/veritasinfo.org\/?author=1"}]}},"featured_image_urls":{"full":["https:\/\/veritasinfo.org\/wp-content\/uploads\/2025\/06\/IMG_1530.jpeg",724,430,false],"thumbnail":["https:\/\/veritasinfo.org\/wp-content\/uploads\/2025\/06\/IMG_1530-150x150.jpeg",150,150,true],"medium":["https:\/\/veritasinfo.org\/wp-content\/uploads\/2025\/06\/IMG_1530-300x178.jpeg",300,178,true],"medium_large":["https:\/\/veritasinfo.org\/wp-content\/uploads\/2025\/06\/IMG_1530.jpeg",640,380,false],"large":["https:\/\/veritasinfo.org\/wp-content\/uploads\/2025\/06\/IMG_1530.jpeg",640,380,false],"1536x1536":["https:\/\/veritasinfo.org\/wp-content\/uploads\/2025\/06\/IMG_1530.jpeg",724,430,false],"2048x2048":["https:\/\/veritasinfo.org\/wp-content\/uploads\/2025\/06\/IMG_1530.jpeg",724,430,false],"kreeti-slider-full":["https:\/\/veritasinfo.org\/wp-content\/uploads\/2025\/06\/IMG_1530.jpeg",724,430,false],"kreeti-featured":["https:\/\/veritasinfo.org\/wp-content\/uploads\/2025\/06\/IMG_1530.jpeg",724,430,false],"kreeti-medium":["https:\/\/veritasinfo.org\/wp-content\/uploads\/2025\/06\/IMG_1530.jpeg",720,428,false],"kreeti-medium-square":["https:\/\/veritasinfo.org\/wp-content\/uploads\/2025\/06\/IMG_1530.jpeg",350,208,false]},"author_info":{"info":["admin"]},"category_info":"<a href=\"https:\/\/veritasinfo.org\/?cat=60\" rel=\"category\">Shoq\u00ebrore<\/a>","tag_info":"Shoq\u00ebrore","comment_count":"0","_links":{"self":[{"href":"https:\/\/veritasinfo.org\/index.php?rest_route=\/wp\/v2\/posts\/1362","targetHints":{"allow":["GET"]}}],"collection":[{"href":"https:\/\/veritasinfo.org\/index.php?rest_route=\/wp\/v2\/posts"}],"about":[{"href":"https:\/\/veritasinfo.org\/index.php?rest_route=\/wp\/v2\/types\/post"}],"author":[{"embeddable":true,"href":"https:\/\/veritasinfo.org\/index.php?rest_route=\/wp\/v2\/users\/1"}],"replies":[{"embeddable":true,"href":"https:\/\/veritasinfo.org\/index.php?rest_route=%2Fwp%2Fv2%2Fcomments&post=1362"}],"version-history":[{"count":1,"href":"https:\/\/veritasinfo.org\/index.php?rest_route=\/wp\/v2\/posts\/1362\/revisions"}],"predecessor-version":[{"id":1364,"href":"https:\/\/veritasinfo.org\/index.php?rest_route=\/wp\/v2\/posts\/1362\/revisions\/1364"}],"wp:featuredmedia":[{"embeddable":true,"href":"https:\/\/veritasinfo.org\/index.php?rest_route=\/wp\/v2\/media\/1363"}],"wp:attachment":[{"href":"https:\/\/veritasinfo.org\/index.php?rest_route=%2Fwp%2Fv2%2Fmedia&parent=1362"}],"wp:term":[{"taxonomy":"category","embeddable":true,"href":"https:\/\/veritasinfo.org\/index.php?rest_route=%2Fwp%2Fv2%2Fcategories&post=1362"},{"taxonomy":"post_tag","embeddable":true,"href":"https:\/\/veritasinfo.org\/index.php?rest_route=%2Fwp%2Fv2%2Ftags&post=1362"}],"curies":[{"name":"wp","href":"https:\/\/api.w.org\/{rel}","templated":true}]}}