{"id":1360,"date":"2025-06-23T13:06:41","date_gmt":"2025-06-23T11:06:41","guid":{"rendered":"https:\/\/veritasinfo.org\/?p=1360"},"modified":"2025-06-23T13:07:05","modified_gmt":"2025-06-23T11:07:05","slug":"svecla-arsenijevic-je-trazen-bice-uhapsen-cim-se-nadje-na-kosovu","status":"publish","type":"post","link":"https:\/\/veritasinfo.org\/?p=1360&lang=sr","title":{"rendered":"Sve\u0107la: Arsenijevi\u0107 je tra\u017een, bi\u0107e uhap\u0161en \u010dim se na\u0111e na Kosovu"},"content":{"rendered":"<p>Vr\u0161ilac du\u017enosti ministra unutra\u0161njih poslova Kosova, D\u017eeljal Sve\u0107la, izjavio je da je srpski politi\u010dar Aleksandar Arsenijevi\u0107 u bekstvu i da se za njim traga, te da \u0107e biti uhap\u0161en \u010dim kro\u010di na teritoriju Kosova.<\/p>\n<p>Sve\u0107la je rekao da su, prema informacijama koje poseduje, dan ranije pretresene nekretnine Arsenijevi\u0107a i njegove porodice, i otkrio \u0161ta je prona\u0111eno tom prilikom.<\/p>\n<p>\u201eOn se trenutno ne nalazi na Kosovu, a organi gonjenja su u potrazi za njim. U trenutku kada se pojavi na teritoriji Kosova bi\u0107e uhap\u0161en, a dalje je to stvar policije i tu\u017eila\u0161tva. Prema informacijama koje sam dobio, ju\u010de su pretresene tri njegove i porodi\u010dne nekretnine, i tom prilikom su prona\u0111ene i opreme za rudarenje kriptovaluta, \u0161to je carinski prekr\u0161aj, jedan pancirni prsluk i jo\u0161 nekoliko manjih stvari, \u0161to sve ukazuje na to da je ve\u0107 du\u017ee vreme uklju\u010den u kriminal\u201c, izjavio je ministar Sve\u0107la.<\/p>\n<p>Na pitanje da li Arsenijevi\u0107 mo\u017ee biti povezan sa napadom u Banjskoj, Sve\u0107la je odgovorio da su to pitanja za istra\u017ene organe.<\/p>\n<p>Dan ranije, u zajedni\u010dkoj akciji Kosovske policije, Kosovske obave\u0161tajne agencije (AKI), tu\u017eila\u0161tva, uz nadzor KFOR-a i EULEX-a, izvr\u0161en je pretres u selu Vala\u010d kod Zve\u010dana, gde je prona\u0111en arsenal te\u0161kog naoru\u017eanja, uklju\u010duju\u0107i ru\u010dne baca\u010de raketa (zolja), ru\u010dne bombe, tromblone, vatreno oru\u017eje i municiju razli\u010ditih vrsta.<\/p>\n<p>Ministar Sve\u0107la je rekao da su oru\u017eje i oprema prona\u0111eni u objektu koji pripada srpskom politi\u010daru Aleksandru Arsenijevi\u0107u, oceniv\u0161i da je prona\u0111eni arsenal dovoljan za izvo\u0111enje teroristi\u010dkih aktivnosti.<\/p>\n<p>&nbsp;<\/p>\n<p>&nbsp;<\/p>\n","protected":false},"excerpt":{"rendered":"<p>Vr\u0161ilac du\u017enosti ministra unutra\u0161njih poslova Kosova, D\u017eeljal Sve\u0107la, izjavio je da je srpski politi\u010dar Aleksandar Arsenijevi\u0107 u bekstvu i da se za njim traga, te<\/p>\n","protected":false},"author":1,"featured_media":1358,"comment_status":"open","ping_status":"open","sticky":false,"template":"","format":"standard","meta":{"footnotes":""},"categories":[30],"tags":[],"class_list":["post-1360","post","type-post","status-publish","format-standard","has-post-thumbnail","hentry","category-drustvo"],"yoast_head":"<!-- This site is optimized with the Yoast SEO plugin v25.3.1 - https:\/\/yoast.com\/wordpress\/plugins\/seo\/ -->\n<title>Sve\u0107la: Arsenijevi\u0107 je tra\u017een, bi\u0107e uhap\u0161en \u010dim se na\u0111e na Kosovu -<\/title>\n<meta name=\"robots\" content=\"index, follow, max-snippet:-1, max-image-preview:large, max-video-preview:-1\" \/>\n<link rel=\"canonical\" href=\"https:\/\/veritasinfo.org\/?p=1360&lang=sr\" \/>\n<meta property=\"og:locale\" content=\"en_US\" \/>\n<meta property=\"og:type\" content=\"article\" \/>\n<meta property=\"og:title\" content=\"Sve\u0107la: Arsenijevi\u0107 je tra\u017een, bi\u0107e uhap\u0161en \u010dim se na\u0111e na Kosovu -\" \/>\n<meta property=\"og:description\" content=\"Vr\u0161ilac du\u017enosti ministra unutra\u0161njih poslova Kosova, D\u017eeljal Sve\u0107la, izjavio je da je srpski politi\u010dar Aleksandar Arsenijevi\u0107 u bekstvu i da se za njim traga, te\" \/>\n<meta property=\"og:url\" content=\"https:\/\/veritasinfo.org\/?p=1360&amp;lang=sr\" \/>\n<meta property=\"article:published_time\" content=\"2025-06-23T11:06:41+00:00\" \/>\n<meta property=\"article:modified_time\" content=\"2025-06-23T11:07:05+00:00\" \/>\n<meta property=\"og:image\" content=\"https:\/\/veritasinfo.org\/wp-content\/uploads\/2025\/06\/IMG_1529.jpeg\" \/>\n\t<meta property=\"og:image:width\" content=\"780\" \/>\n\t<meta property=\"og:image:height\" content=\"500\" \/>\n\t<meta property=\"og:image:type\" content=\"image\/jpeg\" \/>\n<meta name=\"author\" content=\"admin\" \/>\n<meta name=\"twitter:card\" content=\"summary_large_image\" \/>\n<meta name=\"twitter:label1\" content=\"Written by\" \/>\n\t<meta name=\"twitter:data1\" content=\"admin\" \/>\n\t<meta name=\"twitter:label2\" content=\"Est. reading time\" \/>\n\t<meta name=\"twitter:data2\" content=\"2 minutes\" \/>\n<script type=\"application\/ld+json\" class=\"yoast-schema-graph\">{\"@context\":\"https:\/\/schema.org\",\"@graph\":[{\"@type\":\"WebPage\",\"@id\":\"https:\/\/veritasinfo.org\/?p=1360&lang=sr\",\"url\":\"https:\/\/veritasinfo.org\/?p=1360&lang=sr\",\"name\":\"Sve\u0107la: Arsenijevi\u0107 je tra\u017een, bi\u0107e uhap\u0161en \u010dim se na\u0111e na Kosovu -\",\"isPartOf\":{\"@id\":\"https:\/\/veritasinfo.org\/#website\"},\"primaryImageOfPage\":{\"@id\":\"https:\/\/veritasinfo.org\/?p=1360&lang=sr#primaryimage\"},\"image\":{\"@id\":\"https:\/\/veritasinfo.org\/?p=1360&lang=sr#primaryimage\"},\"thumbnailUrl\":\"https:\/\/veritasinfo.org\/wp-content\/uploads\/2025\/06\/IMG_1529.jpeg\",\"datePublished\":\"2025-06-23T11:06:41+00:00\",\"dateModified\":\"2025-06-23T11:07:05+00:00\",\"author\":{\"@id\":\"https:\/\/veritasinfo.org\/#\/schema\/person\/7701f8c088bece422266b100a712374f\"},\"breadcrumb\":{\"@id\":\"https:\/\/veritasinfo.org\/?p=1360&lang=sr#breadcrumb\"},\"inLanguage\":\"en-US\",\"potentialAction\":[{\"@type\":\"ReadAction\",\"target\":[\"https:\/\/veritasinfo.org\/?p=1360&lang=sr\"]}]},{\"@type\":\"ImageObject\",\"inLanguage\":\"en-US\",\"@id\":\"https:\/\/veritasinfo.org\/?p=1360&lang=sr#primaryimage\",\"url\":\"https:\/\/veritasinfo.org\/wp-content\/uploads\/2025\/06\/IMG_1529.jpeg\",\"contentUrl\":\"https:\/\/veritasinfo.org\/wp-content\/uploads\/2025\/06\/IMG_1529.jpeg\",\"width\":780,\"height\":500},{\"@type\":\"BreadcrumbList\",\"@id\":\"https:\/\/veritasinfo.org\/?p=1360&lang=sr#breadcrumb\",\"itemListElement\":[{\"@type\":\"ListItem\",\"position\":1,\"name\":\"Home\",\"item\":\"https:\/\/veritasinfo.org\/\"},{\"@type\":\"ListItem\",\"position\":2,\"name\":\"Sve\u0107la: Arsenijevi\u0107 je tra\u017een, bi\u0107e uhap\u0161en \u010dim se na\u0111e na Kosovu\"}]},{\"@type\":\"WebSite\",\"@id\":\"https:\/\/veritasinfo.org\/#website\",\"url\":\"https:\/\/veritasinfo.org\/\",\"name\":\"\",\"description\":\"\",\"potentialAction\":[{\"@type\":\"SearchAction\",\"target\":{\"@type\":\"EntryPoint\",\"urlTemplate\":\"https:\/\/veritasinfo.org\/?s={search_term_string}\"},\"query-input\":{\"@type\":\"PropertyValueSpecification\",\"valueRequired\":true,\"valueName\":\"search_term_string\"}}],\"inLanguage\":\"en-US\"},{\"@type\":\"Person\",\"@id\":\"https:\/\/veritasinfo.org\/#\/schema\/person\/7701f8c088bece422266b100a712374f\",\"name\":\"admin\",\"image\":{\"@type\":\"ImageObject\",\"inLanguage\":\"en-US\",\"@id\":\"https:\/\/veritasinfo.org\/#\/schema\/person\/image\/\",\"url\":\"https:\/\/secure.gravatar.com\/avatar\/ea53aa3bf6c9a12d5fde8ce4deff43fef3885ae33cf60184161a50d6987cfd2f?s=96&d=mm&r=g\",\"contentUrl\":\"https:\/\/secure.gravatar.com\/avatar\/ea53aa3bf6c9a12d5fde8ce4deff43fef3885ae33cf60184161a50d6987cfd2f?s=96&d=mm&r=g\",\"caption\":\"admin\"},\"sameAs\":[\"https:\/\/veritasinfo.org\"],\"url\":\"https:\/\/veritasinfo.org\/?author=1\"}]}<\/script>\n<!-- \/ Yoast SEO plugin. -->","yoast_head_json":{"title":"Sve\u0107la: Arsenijevi\u0107 je tra\u017een, bi\u0107e uhap\u0161en \u010dim se na\u0111e na Kosovu -","robots":{"index":"index","follow":"follow","max-snippet":"max-snippet:-1","max-image-preview":"max-image-preview:large","max-video-preview":"max-video-preview:-1"},"canonical":"https:\/\/veritasinfo.org\/?p=1360&lang=sr","og_locale":"en_US","og_type":"article","og_title":"Sve\u0107la: Arsenijevi\u0107 je tra\u017een, bi\u0107e uhap\u0161en \u010dim se na\u0111e na Kosovu -","og_description":"Vr\u0161ilac du\u017enosti ministra unutra\u0161njih poslova Kosova, D\u017eeljal Sve\u0107la, izjavio je da je srpski politi\u010dar Aleksandar Arsenijevi\u0107 u bekstvu i da se za njim traga, te","og_url":"https:\/\/veritasinfo.org\/?p=1360&lang=sr","article_published_time":"2025-06-23T11:06:41+00:00","article_modified_time":"2025-06-23T11:07:05+00:00","og_image":[{"width":780,"height":500,"url":"https:\/\/veritasinfo.org\/wp-content\/uploads\/2025\/06\/IMG_1529.jpeg","type":"image\/jpeg"}],"author":"admin","twitter_card":"summary_large_image","twitter_misc":{"Written by":"admin","Est. reading time":"2 minutes"},"schema":{"@context":"https:\/\/schema.org","@graph":[{"@type":"WebPage","@id":"https:\/\/veritasinfo.org\/?p=1360&lang=sr","url":"https:\/\/veritasinfo.org\/?p=1360&lang=sr","name":"Sve\u0107la: Arsenijevi\u0107 je tra\u017een, bi\u0107e uhap\u0161en \u010dim se na\u0111e na Kosovu -","isPartOf":{"@id":"https:\/\/veritasinfo.org\/#website"},"primaryImageOfPage":{"@id":"https:\/\/veritasinfo.org\/?p=1360&lang=sr#primaryimage"},"image":{"@id":"https:\/\/veritasinfo.org\/?p=1360&lang=sr#primaryimage"},"thumbnailUrl":"https:\/\/veritasinfo.org\/wp-content\/uploads\/2025\/06\/IMG_1529.jpeg","datePublished":"2025-06-23T11:06:41+00:00","dateModified":"2025-06-23T11:07:05+00:00","author":{"@id":"https:\/\/veritasinfo.org\/#\/schema\/person\/7701f8c088bece422266b100a712374f"},"breadcrumb":{"@id":"https:\/\/veritasinfo.org\/?p=1360&lang=sr#breadcrumb"},"inLanguage":"en-US","potentialAction":[{"@type":"ReadAction","target":["https:\/\/veritasinfo.org\/?p=1360&lang=sr"]}]},{"@type":"ImageObject","inLanguage":"en-US","@id":"https:\/\/veritasinfo.org\/?p=1360&lang=sr#primaryimage","url":"https:\/\/veritasinfo.org\/wp-content\/uploads\/2025\/06\/IMG_1529.jpeg","contentUrl":"https:\/\/veritasinfo.org\/wp-content\/uploads\/2025\/06\/IMG_1529.jpeg","width":780,"height":500},{"@type":"BreadcrumbList","@id":"https:\/\/veritasinfo.org\/?p=1360&lang=sr#breadcrumb","itemListElement":[{"@type":"ListItem","position":1,"name":"Home","item":"https:\/\/veritasinfo.org\/"},{"@type":"ListItem","position":2,"name":"Sve\u0107la: Arsenijevi\u0107 je tra\u017een, bi\u0107e uhap\u0161en \u010dim se na\u0111e na Kosovu"}]},{"@type":"WebSite","@id":"https:\/\/veritasinfo.org\/#website","url":"https:\/\/veritasinfo.org\/","name":"","description":"","potentialAction":[{"@type":"SearchAction","target":{"@type":"EntryPoint","urlTemplate":"https:\/\/veritasinfo.org\/?s={search_term_string}"},"query-input":{"@type":"PropertyValueSpecification","valueRequired":true,"valueName":"search_term_string"}}],"inLanguage":"en-US"},{"@type":"Person","@id":"https:\/\/veritasinfo.org\/#\/schema\/person\/7701f8c088bece422266b100a712374f","name":"admin","image":{"@type":"ImageObject","inLanguage":"en-US","@id":"https:\/\/veritasinfo.org\/#\/schema\/person\/image\/","url":"https:\/\/secure.gravatar.com\/avatar\/ea53aa3bf6c9a12d5fde8ce4deff43fef3885ae33cf60184161a50d6987cfd2f?s=96&d=mm&r=g","contentUrl":"https:\/\/secure.gravatar.com\/avatar\/ea53aa3bf6c9a12d5fde8ce4deff43fef3885ae33cf60184161a50d6987cfd2f?s=96&d=mm&r=g","caption":"admin"},"sameAs":["https:\/\/veritasinfo.org"],"url":"https:\/\/veritasinfo.org\/?author=1"}]}},"featured_image_urls":{"full":["https:\/\/veritasinfo.org\/wp-content\/uploads\/2025\/06\/IMG_1529.jpeg",780,500,false],"thumbnail":["https:\/\/veritasinfo.org\/wp-content\/uploads\/2025\/06\/IMG_1529-150x150.jpeg",150,150,true],"medium":["https:\/\/veritasinfo.org\/wp-content\/uploads\/2025\/06\/IMG_1529-300x192.jpeg",300,192,true],"medium_large":["https:\/\/veritasinfo.org\/wp-content\/uploads\/2025\/06\/IMG_1529-768x492.jpeg",640,410,true],"large":["https:\/\/veritasinfo.org\/wp-content\/uploads\/2025\/06\/IMG_1529.jpeg",640,410,false],"1536x1536":["https:\/\/veritasinfo.org\/wp-content\/uploads\/2025\/06\/IMG_1529.jpeg",780,500,false],"2048x2048":["https:\/\/veritasinfo.org\/wp-content\/uploads\/2025\/06\/IMG_1529.jpeg",780,500,false],"kreeti-slider-full":["https:\/\/veritasinfo.org\/wp-content\/uploads\/2025\/06\/IMG_1529.jpeg",780,500,false],"kreeti-featured":["https:\/\/veritasinfo.org\/wp-content\/uploads\/2025\/06\/IMG_1529.jpeg",780,500,false],"kreeti-medium":["https:\/\/veritasinfo.org\/wp-content\/uploads\/2025\/06\/IMG_1529.jpeg",720,462,false],"kreeti-medium-square":["https:\/\/veritasinfo.org\/wp-content\/uploads\/2025\/06\/IMG_1529.jpeg",350,224,false]},"author_info":{"info":["admin"]},"category_info":"<a href=\"https:\/\/veritasinfo.org\/?cat=30&#038;lang=sr\" rel=\"category\">Dru\u0161tvo<\/a>","tag_info":"Dru\u0161tvo","comment_count":"0","_links":{"self":[{"href":"https:\/\/veritasinfo.org\/index.php?rest_route=\/wp\/v2\/posts\/1360","targetHints":{"allow":["GET"]}}],"collection":[{"href":"https:\/\/veritasinfo.org\/index.php?rest_route=\/wp\/v2\/posts"}],"about":[{"href":"https:\/\/veritasinfo.org\/index.php?rest_route=\/wp\/v2\/types\/post"}],"author":[{"embeddable":true,"href":"https:\/\/veritasinfo.org\/index.php?rest_route=\/wp\/v2\/users\/1"}],"replies":[{"embeddable":true,"href":"https:\/\/veritasinfo.org\/index.php?rest_route=%2Fwp%2Fv2%2Fcomments&post=1360"}],"version-history":[{"count":1,"href":"https:\/\/veritasinfo.org\/index.php?rest_route=\/wp\/v2\/posts\/1360\/revisions"}],"predecessor-version":[{"id":1361,"href":"https:\/\/veritasinfo.org\/index.php?rest_route=\/wp\/v2\/posts\/1360\/revisions\/1361"}],"wp:featuredmedia":[{"embeddable":true,"href":"https:\/\/veritasinfo.org\/index.php?rest_route=\/wp\/v2\/media\/1358"}],"wp:attachment":[{"href":"https:\/\/veritasinfo.org\/index.php?rest_route=%2Fwp%2Fv2%2Fmedia&parent=1360"}],"wp:term":[{"taxonomy":"category","embeddable":true,"href":"https:\/\/veritasinfo.org\/index.php?rest_route=%2Fwp%2Fv2%2Fcategories&post=1360"},{"taxonomy":"post_tag","embeddable":true,"href":"https:\/\/veritasinfo.org\/index.php?rest_route=%2Fwp%2Fv2%2Ftags&post=1360"}],"curies":[{"name":"wp","href":"https:\/\/api.w.org\/{rel}","templated":true}]}}