{"id":13597,"date":"2025-09-24T18:36:03","date_gmt":"2025-09-24T16:36:03","guid":{"rendered":"https:\/\/veritasinfo.org\/?p=13597"},"modified":"2025-09-24T18:36:03","modified_gmt":"2025-09-24T16:36:03","slug":"kurti-lavderon-policet-qe-e-mbrojten-kosoven-me-24-shtator-ne-banjske-historia-do-te-ju-kujtoje-per-profesionalizmin-e-guximin","status":"publish","type":"post","link":"https:\/\/veritasinfo.org\/?p=13597","title":{"rendered":"Kurti lavd\u00ebron polic\u00ebt q\u00eb e mbrojt\u00ebn Kosov\u00ebn m\u00eb 24 shtator n\u00eb Banjsk\u00eb: Historia do t\u00eb ju kujtoj\u00eb p\u00ebr profesionalizmin e guximin"},"content":{"rendered":"<p>Prishtin\u00eb 24 Shtator 2025<\/p>\n<div class=\"singleContent\">\n<p>Kryeministri n\u00eb detyr\u00eb i Kosov\u00ebs, Albin Kurti, ka lavd\u00ebruar polic\u00ebt q\u00eb mor\u00ebn pjes\u00eb n\u00eb operacionin pas sulmit terrorist t\u00eb 24 shtatorit n\u00eb Banjsk\u00eb t\u00eb Zve\u00e7anit.<\/p>\n<p>Ai theksoi se shteti i Kosov\u00ebs do t\u2019i nderoj\u00eb dhe do t\u2019i kujtoj\u00eb gjithmon\u00eb p\u00ebr profesionalizmin dhe guximin e treguar n\u00eb sh\u00ebrbim t\u00eb vendit.<\/p>\n<p>\u201cJu lumt\u00eb polic\u00ebve t\u00eb Kosov\u00ebs q\u00eb kan\u00eb marr\u00eb pjes\u00eb n\u00eb operacionin e 24 shtatorit 2023 p\u00ebr mbrojtjen e territorit t\u00eb Kosov\u00ebs nga Serbia, gjat\u00eb sulmit kriminal me q\u00ebllime aneksuese n\u00eb Banjsk\u00eb. Historia e shtetit t\u00eb Kosov\u00ebs do t\u2019ju nderoj\u00eb dhe do t\u2019ju kujtoj\u00eb p\u00ebr profesionalizmin dhe guximin tuaj, si dhe p\u00ebr sh\u00ebrbimin q\u00eb ia keni b\u00ebr\u00eb Republik\u00ebs. Lavdi heroit Afrim Bunjaku, d\u00ebshmorit t\u00eb liris\u00eb s\u00eb pacenueshme t\u00eb Republik\u00ebs s\u00eb Kosov\u00ebs!\u201d, ka shkruar Kurti<\/p>\n<\/div>\n","protected":false},"excerpt":{"rendered":"<p>Prishtin\u00eb 24 Shtator 2025 Kryeministri n\u00eb detyr\u00eb i Kosov\u00ebs, Albin Kurti, ka lavd\u00ebruar polic\u00ebt q\u00eb mor\u00ebn pjes\u00eb n\u00eb operacionin pas sulmit terrorist t\u00eb 24 shtatorit<\/p>\n","protected":false},"author":6,"featured_media":13598,"comment_status":"open","ping_status":"open","sticky":false,"template":"","format":"standard","meta":{"footnotes":""},"categories":[60],"tags":[],"class_list":["post-13597","post","type-post","status-publish","format-standard","has-post-thumbnail","hentry","category-shoqerore-sq"],"yoast_head":"<!-- This site is optimized with the Yoast SEO plugin v25.3.1 - https:\/\/yoast.com\/wordpress\/plugins\/seo\/ -->\n<title>Kurti lavd\u00ebron polic\u00ebt q\u00eb e mbrojt\u00ebn Kosov\u00ebn m\u00eb 24 shtator n\u00eb Banjsk\u00eb: Historia do t\u00eb ju kujtoj\u00eb p\u00ebr profesionalizmin e guximin -<\/title>\n<meta name=\"robots\" content=\"index, follow, max-snippet:-1, max-image-preview:large, max-video-preview:-1\" \/>\n<link rel=\"canonical\" href=\"https:\/\/veritasinfo.org\/?p=13597\" \/>\n<meta property=\"og:locale\" content=\"en_US\" \/>\n<meta property=\"og:type\" content=\"article\" \/>\n<meta property=\"og:title\" content=\"Kurti lavd\u00ebron polic\u00ebt q\u00eb e mbrojt\u00ebn Kosov\u00ebn m\u00eb 24 shtator n\u00eb Banjsk\u00eb: Historia do t\u00eb ju kujtoj\u00eb p\u00ebr profesionalizmin e guximin -\" \/>\n<meta property=\"og:description\" content=\"Prishtin\u00eb 24 Shtator 2025 Kryeministri n\u00eb detyr\u00eb i Kosov\u00ebs, Albin Kurti, ka lavd\u00ebruar polic\u00ebt q\u00eb mor\u00ebn pjes\u00eb n\u00eb operacionin pas sulmit terrorist t\u00eb 24 shtatorit\" \/>\n<meta property=\"og:url\" content=\"https:\/\/veritasinfo.org\/?p=13597\" \/>\n<meta property=\"article:published_time\" content=\"2025-09-24T16:36:03+00:00\" \/>\n<meta property=\"og:image\" content=\"https:\/\/veritasinfo.org\/wp-content\/uploads\/2025\/09\/baza1-2048x1365-1.jpg\" \/>\n\t<meta property=\"og:image:width\" content=\"2048\" \/>\n\t<meta property=\"og:image:height\" content=\"1365\" \/>\n\t<meta property=\"og:image:type\" content=\"image\/jpeg\" \/>\n<meta name=\"author\" content=\"US5\" \/>\n<meta name=\"twitter:card\" content=\"summary_large_image\" \/>\n<meta name=\"twitter:label1\" content=\"Written by\" \/>\n\t<meta name=\"twitter:data1\" content=\"US5\" \/>\n\t<meta name=\"twitter:label2\" content=\"Est. reading time\" \/>\n\t<meta name=\"twitter:data2\" content=\"1 minute\" \/>\n<script type=\"application\/ld+json\" class=\"yoast-schema-graph\">{\"@context\":\"https:\/\/schema.org\",\"@graph\":[{\"@type\":\"WebPage\",\"@id\":\"https:\/\/veritasinfo.org\/?p=13597\",\"url\":\"https:\/\/veritasinfo.org\/?p=13597\",\"name\":\"Kurti lavd\u00ebron polic\u00ebt q\u00eb e mbrojt\u00ebn Kosov\u00ebn m\u00eb 24 shtator n\u00eb Banjsk\u00eb: Historia do t\u00eb ju kujtoj\u00eb p\u00ebr profesionalizmin e guximin -\",\"isPartOf\":{\"@id\":\"https:\/\/veritasinfo.org\/#website\"},\"primaryImageOfPage\":{\"@id\":\"https:\/\/veritasinfo.org\/?p=13597#primaryimage\"},\"image\":{\"@id\":\"https:\/\/veritasinfo.org\/?p=13597#primaryimage\"},\"thumbnailUrl\":\"https:\/\/veritasinfo.org\/wp-content\/uploads\/2025\/09\/baza1-2048x1365-1.jpg\",\"datePublished\":\"2025-09-24T16:36:03+00:00\",\"author\":{\"@id\":\"https:\/\/veritasinfo.org\/#\/schema\/person\/bc442336e35414d04494ab8fb45db4c6\"},\"breadcrumb\":{\"@id\":\"https:\/\/veritasinfo.org\/?p=13597#breadcrumb\"},\"inLanguage\":\"en-US\",\"potentialAction\":[{\"@type\":\"ReadAction\",\"target\":[\"https:\/\/veritasinfo.org\/?p=13597\"]}]},{\"@type\":\"ImageObject\",\"inLanguage\":\"en-US\",\"@id\":\"https:\/\/veritasinfo.org\/?p=13597#primaryimage\",\"url\":\"https:\/\/veritasinfo.org\/wp-content\/uploads\/2025\/09\/baza1-2048x1365-1.jpg\",\"contentUrl\":\"https:\/\/veritasinfo.org\/wp-content\/uploads\/2025\/09\/baza1-2048x1365-1.jpg\",\"width\":2048,\"height\":1365},{\"@type\":\"BreadcrumbList\",\"@id\":\"https:\/\/veritasinfo.org\/?p=13597#breadcrumb\",\"itemListElement\":[{\"@type\":\"ListItem\",\"position\":1,\"name\":\"Home\",\"item\":\"https:\/\/veritasinfo.org\/\"},{\"@type\":\"ListItem\",\"position\":2,\"name\":\"Kurti lavd\u00ebron polic\u00ebt q\u00eb e mbrojt\u00ebn Kosov\u00ebn m\u00eb 24 shtator n\u00eb Banjsk\u00eb: Historia do t\u00eb ju kujtoj\u00eb p\u00ebr profesionalizmin e guximin\"}]},{\"@type\":\"WebSite\",\"@id\":\"https:\/\/veritasinfo.org\/#website\",\"url\":\"https:\/\/veritasinfo.org\/\",\"name\":\"\",\"description\":\"\",\"potentialAction\":[{\"@type\":\"SearchAction\",\"target\":{\"@type\":\"EntryPoint\",\"urlTemplate\":\"https:\/\/veritasinfo.org\/?s={search_term_string}\"},\"query-input\":{\"@type\":\"PropertyValueSpecification\",\"valueRequired\":true,\"valueName\":\"search_term_string\"}}],\"inLanguage\":\"en-US\"},{\"@type\":\"Person\",\"@id\":\"https:\/\/veritasinfo.org\/#\/schema\/person\/bc442336e35414d04494ab8fb45db4c6\",\"name\":\"US5\",\"image\":{\"@type\":\"ImageObject\",\"inLanguage\":\"en-US\",\"@id\":\"https:\/\/veritasinfo.org\/#\/schema\/person\/image\/\",\"url\":\"https:\/\/secure.gravatar.com\/avatar\/16a61e7272a0c5d001121ebb9e60e925d5816e4ac1e443ed3e640d9a6ae55d0c?s=96&d=mm&r=g\",\"contentUrl\":\"https:\/\/secure.gravatar.com\/avatar\/16a61e7272a0c5d001121ebb9e60e925d5816e4ac1e443ed3e640d9a6ae55d0c?s=96&d=mm&r=g\",\"caption\":\"US5\"},\"url\":\"https:\/\/veritasinfo.org\/?author=6\"}]}<\/script>\n<!-- \/ Yoast SEO plugin. -->","yoast_head_json":{"title":"Kurti lavd\u00ebron polic\u00ebt q\u00eb e mbrojt\u00ebn Kosov\u00ebn m\u00eb 24 shtator n\u00eb Banjsk\u00eb: Historia do t\u00eb ju kujtoj\u00eb p\u00ebr profesionalizmin e guximin -","robots":{"index":"index","follow":"follow","max-snippet":"max-snippet:-1","max-image-preview":"max-image-preview:large","max-video-preview":"max-video-preview:-1"},"canonical":"https:\/\/veritasinfo.org\/?p=13597","og_locale":"en_US","og_type":"article","og_title":"Kurti lavd\u00ebron polic\u00ebt q\u00eb e mbrojt\u00ebn Kosov\u00ebn m\u00eb 24 shtator n\u00eb Banjsk\u00eb: Historia do t\u00eb ju kujtoj\u00eb p\u00ebr profesionalizmin e guximin -","og_description":"Prishtin\u00eb 24 Shtator 2025 Kryeministri n\u00eb detyr\u00eb i Kosov\u00ebs, Albin Kurti, ka lavd\u00ebruar polic\u00ebt q\u00eb mor\u00ebn pjes\u00eb n\u00eb operacionin pas sulmit terrorist t\u00eb 24 shtatorit","og_url":"https:\/\/veritasinfo.org\/?p=13597","article_published_time":"2025-09-24T16:36:03+00:00","og_image":[{"width":2048,"height":1365,"url":"https:\/\/veritasinfo.org\/wp-content\/uploads\/2025\/09\/baza1-2048x1365-1.jpg","type":"image\/jpeg"}],"author":"US5","twitter_card":"summary_large_image","twitter_misc":{"Written by":"US5","Est. reading time":"1 minute"},"schema":{"@context":"https:\/\/schema.org","@graph":[{"@type":"WebPage","@id":"https:\/\/veritasinfo.org\/?p=13597","url":"https:\/\/veritasinfo.org\/?p=13597","name":"Kurti lavd\u00ebron polic\u00ebt q\u00eb e mbrojt\u00ebn Kosov\u00ebn m\u00eb 24 shtator n\u00eb Banjsk\u00eb: Historia do t\u00eb ju kujtoj\u00eb p\u00ebr profesionalizmin e guximin -","isPartOf":{"@id":"https:\/\/veritasinfo.org\/#website"},"primaryImageOfPage":{"@id":"https:\/\/veritasinfo.org\/?p=13597#primaryimage"},"image":{"@id":"https:\/\/veritasinfo.org\/?p=13597#primaryimage"},"thumbnailUrl":"https:\/\/veritasinfo.org\/wp-content\/uploads\/2025\/09\/baza1-2048x1365-1.jpg","datePublished":"2025-09-24T16:36:03+00:00","author":{"@id":"https:\/\/veritasinfo.org\/#\/schema\/person\/bc442336e35414d04494ab8fb45db4c6"},"breadcrumb":{"@id":"https:\/\/veritasinfo.org\/?p=13597#breadcrumb"},"inLanguage":"en-US","potentialAction":[{"@type":"ReadAction","target":["https:\/\/veritasinfo.org\/?p=13597"]}]},{"@type":"ImageObject","inLanguage":"en-US","@id":"https:\/\/veritasinfo.org\/?p=13597#primaryimage","url":"https:\/\/veritasinfo.org\/wp-content\/uploads\/2025\/09\/baza1-2048x1365-1.jpg","contentUrl":"https:\/\/veritasinfo.org\/wp-content\/uploads\/2025\/09\/baza1-2048x1365-1.jpg","width":2048,"height":1365},{"@type":"BreadcrumbList","@id":"https:\/\/veritasinfo.org\/?p=13597#breadcrumb","itemListElement":[{"@type":"ListItem","position":1,"name":"Home","item":"https:\/\/veritasinfo.org\/"},{"@type":"ListItem","position":2,"name":"Kurti lavd\u00ebron polic\u00ebt q\u00eb e mbrojt\u00ebn Kosov\u00ebn m\u00eb 24 shtator n\u00eb Banjsk\u00eb: Historia do t\u00eb ju kujtoj\u00eb p\u00ebr profesionalizmin e guximin"}]},{"@type":"WebSite","@id":"https:\/\/veritasinfo.org\/#website","url":"https:\/\/veritasinfo.org\/","name":"","description":"","potentialAction":[{"@type":"SearchAction","target":{"@type":"EntryPoint","urlTemplate":"https:\/\/veritasinfo.org\/?s={search_term_string}"},"query-input":{"@type":"PropertyValueSpecification","valueRequired":true,"valueName":"search_term_string"}}],"inLanguage":"en-US"},{"@type":"Person","@id":"https:\/\/veritasinfo.org\/#\/schema\/person\/bc442336e35414d04494ab8fb45db4c6","name":"US5","image":{"@type":"ImageObject","inLanguage":"en-US","@id":"https:\/\/veritasinfo.org\/#\/schema\/person\/image\/","url":"https:\/\/secure.gravatar.com\/avatar\/16a61e7272a0c5d001121ebb9e60e925d5816e4ac1e443ed3e640d9a6ae55d0c?s=96&d=mm&r=g","contentUrl":"https:\/\/secure.gravatar.com\/avatar\/16a61e7272a0c5d001121ebb9e60e925d5816e4ac1e443ed3e640d9a6ae55d0c?s=96&d=mm&r=g","caption":"US5"},"url":"https:\/\/veritasinfo.org\/?author=6"}]}},"featured_image_urls":{"full":["https:\/\/veritasinfo.org\/wp-content\/uploads\/2025\/09\/baza1-2048x1365-1.jpg",2048,1365,false],"thumbnail":["https:\/\/veritasinfo.org\/wp-content\/uploads\/2025\/09\/baza1-2048x1365-1-150x150.jpg",150,150,true],"medium":["https:\/\/veritasinfo.org\/wp-content\/uploads\/2025\/09\/baza1-2048x1365-1-300x200.jpg",300,200,true],"medium_large":["https:\/\/veritasinfo.org\/wp-content\/uploads\/2025\/09\/baza1-2048x1365-1-768x512.jpg",640,427,true],"large":["https:\/\/veritasinfo.org\/wp-content\/uploads\/2025\/09\/baza1-2048x1365-1-1024x683.jpg",640,427,true],"1536x1536":["https:\/\/veritasinfo.org\/wp-content\/uploads\/2025\/09\/baza1-2048x1365-1-1536x1024.jpg",1536,1024,true],"2048x2048":["https:\/\/veritasinfo.org\/wp-content\/uploads\/2025\/09\/baza1-2048x1365-1.jpg",2048,1365,false],"kreeti-slider-full":["https:\/\/veritasinfo.org\/wp-content\/uploads\/2025\/09\/baza1-2048x1365-1.jpg",1080,720,false],"kreeti-featured":["https:\/\/veritasinfo.org\/wp-content\/uploads\/2025\/09\/baza1-2048x1365-1.jpg",1024,683,false],"kreeti-medium":["https:\/\/veritasinfo.org\/wp-content\/uploads\/2025\/09\/baza1-2048x1365-1.jpg",720,480,false],"kreeti-medium-square":["https:\/\/veritasinfo.org\/wp-content\/uploads\/2025\/09\/baza1-2048x1365-1.jpg",350,233,false]},"author_info":{"info":["US5"]},"category_info":"<a href=\"https:\/\/veritasinfo.org\/?cat=60\" rel=\"category\">Shoq\u00ebrore<\/a>","tag_info":"Shoq\u00ebrore","comment_count":"0","_links":{"self":[{"href":"https:\/\/veritasinfo.org\/index.php?rest_route=\/wp\/v2\/posts\/13597","targetHints":{"allow":["GET"]}}],"collection":[{"href":"https:\/\/veritasinfo.org\/index.php?rest_route=\/wp\/v2\/posts"}],"about":[{"href":"https:\/\/veritasinfo.org\/index.php?rest_route=\/wp\/v2\/types\/post"}],"author":[{"embeddable":true,"href":"https:\/\/veritasinfo.org\/index.php?rest_route=\/wp\/v2\/users\/6"}],"replies":[{"embeddable":true,"href":"https:\/\/veritasinfo.org\/index.php?rest_route=%2Fwp%2Fv2%2Fcomments&post=13597"}],"version-history":[{"count":1,"href":"https:\/\/veritasinfo.org\/index.php?rest_route=\/wp\/v2\/posts\/13597\/revisions"}],"predecessor-version":[{"id":13599,"href":"https:\/\/veritasinfo.org\/index.php?rest_route=\/wp\/v2\/posts\/13597\/revisions\/13599"}],"wp:featuredmedia":[{"embeddable":true,"href":"https:\/\/veritasinfo.org\/index.php?rest_route=\/wp\/v2\/media\/13598"}],"wp:attachment":[{"href":"https:\/\/veritasinfo.org\/index.php?rest_route=%2Fwp%2Fv2%2Fmedia&parent=13597"}],"wp:term":[{"taxonomy":"category","embeddable":true,"href":"https:\/\/veritasinfo.org\/index.php?rest_route=%2Fwp%2Fv2%2Fcategories&post=13597"},{"taxonomy":"post_tag","embeddable":true,"href":"https:\/\/veritasinfo.org\/index.php?rest_route=%2Fwp%2Fv2%2Ftags&post=13597"}],"curies":[{"name":"wp","href":"https:\/\/api.w.org\/{rel}","templated":true}]}}