{"id":13584,"date":"2025-09-24T18:03:42","date_gmt":"2025-09-24T16:03:42","guid":{"rendered":"https:\/\/veritasinfo.org\/?p=13584"},"modified":"2025-09-24T18:03:42","modified_gmt":"2025-09-24T16:03:42","slug":"be-alarmohet-nga-pjesemarrja-e-autoreve-te-banjskes-ne-protestat-pro-regjimit-ne-serbi","status":"publish","type":"post","link":"https:\/\/veritasinfo.org\/?p=13584","title":{"rendered":"BE alarmohet nga pjes\u00ebmarrja e autor\u00ebve t\u00eb Banjsk\u00ebs n\u00eb protestat pro-regjimit n\u00eb Serbi"},"content":{"rendered":"<p>Prishtin\u00eb 24 Shtator 2025<\/p>\n<p><strong>Bashkimi Evropian ka theksuar se pret nga autoritetet serbe t\u00eb arrestojn\u00eb dhe ndjekin penalisht autor\u00ebt e sulmit terrorist n\u00eb Banjsk\u00eb, nd\u00ebrsa ka shprehur shqet\u00ebsim p\u00ebr pjes\u00ebmarrjen e disave prej tyre n\u00eb protesta n\u00eb Serbi.<\/strong><\/p>\n<p>Nj\u00eb z\u00ebdh\u00ebn\u00ebs i BE-s\u00eb ka th\u00ebn\u00eb p\u00ebr televizionin e pavarur serb\u00a0<a class=\"rm-stats-tracked\" href=\"https:\/\/n1info.rs\/vesti\/eu-srbija-banjska-protesti\/\" target=\"_blank\" rel=\"noopener\">N1<\/a>, se si nga ky sulm i r\u00ebnd\u00eb, nj\u00eb polic i Kosov\u00ebs mbeti i vrar\u00eb.<\/p>\n<p>\u201cDy vjet m\u00eb par\u00eb, sulmi n\u00eb Banjsk\u00eb m\u00eb 24 shtator 2023 nga sulmues t\u00eb armatosur serb t\u00eb Kosov\u00ebs kund\u00ebr policis\u00eb s\u00eb Kosov\u00ebs k\u00ebrc\u00ebnoi seriozisht sigurin\u00eb n\u00eb rajon. Sulmi i sh\u00ebmtuar at\u00eb dit\u00eb la nj\u00eb oficer policie t\u00eb vdekur dhe dy t\u00eb plagosur\u2026 Ne presim q\u00eb autoritetet n\u00eb Serbi t\u00eb arrestojn\u00eb dhe ndjekin penalisht ata q\u00eb gjenden n\u00eb Serbi, me akuza t\u00eb p\u00ebrshtatshme, para nj\u00eb gjykate n\u00eb Serbi\u201d, tha z\u00ebdh\u00ebn\u00ebsi i BE-s\u00eb.<\/p>\n<p>BE-ja u shpreh gjithashtu e shqet\u00ebsuar p\u00ebr \u201craportimet mbi pjes\u00ebmarrjen e personave t\u00eb dyshuar si autor\u00eb t\u00eb sulmit n\u00eb Banjsk\u00eb gjat\u00eb demonstratave\u201d n\u00eb Serbi.<\/p>\n<p>Sipas N1, n\u00eb mesin e tyre \u00ebsht\u00eb identifikuar Vlladimir Vu\u00e7etiq nga Mitrovica e Veriut, nj\u00ebri nga 45 personat e p\u00ebrfshir\u00eb n\u00eb aktakuz\u00ebn e Prokuroris\u00eb Speciale t\u00eb Kosov\u00ebs, i cili u pa n\u00eb nj\u00eb kamp protestues pro-regjimit n\u00eb qend\u00ebr t\u00eb Beogradit.<\/p>\n<p>N\u00eb list\u00eb mbetet edhe Millan Radoi\u00e7iq, ish-n\u00ebnkryetar i List\u00ebs Serbe, i shpallur n\u00eb k\u00ebrkim nd\u00ebrkomb\u00ebtar nga Interpoli dhe i konsideruar p\u00ebrgjegj\u00ebs p\u00ebr sulmin n\u00eb Banjsk\u00eb, i cili, si\u00e7 raporton N1, s\u00eb fundmi ka b\u00ebr\u00eb k\u00ebrc\u00ebnime ndaj qytetar\u00ebve n\u00eb Kosjeriq.<\/p>\n<aside class=\"placeholder-a-block\">\n<div id=\"00000001-7e8e37a0-f3ef-4c74-8648-52a818fda83b\" class=\"_ap_apex_ad\" data-section=\"00000001-7e8e37a0-f3ef-4c74-8648-52a818fda83b\" data-orig-id=\"4212a905-7bff-4e73-929e-44a71ba2a3b7\" data-render-time=\"1758729434131\" data-ap-network=\"adpTags\" data-timeout=\"28\">\n<div id=\"ADP_48070_300x250_00000001-7e8e37a0-f3ef-4c74-8648-52a818fda83b\" data-google-query-id=\"COTf5dnh8Y8DFSjzEQgdvskEgg\">\n<div id=\"google_ads_iframe_\/103512698,22646657118\/ADP_48070_300X250_4212a905-7bff-4e73-929e-44a71ba2a3b7_0__container__\">Z\u00ebdh\u00ebn\u00ebsi i BE-s\u00eb kujtoi se n\u00eb tetor 2023, P\u00ebrfaq\u00ebsuesi Special i BE-s\u00eb n\u00eb Kosov\u00eb kishte p\u00ebrcjell\u00eb nj\u00eb k\u00ebrkes\u00eb t\u00eb autoriteteve kosovare p\u00ebr asistenc\u00eb juridike n\u00eb drejtim t\u00eb Serbis\u00eb, por \u201cderi tani nuk \u00ebsht\u00eb marr\u00eb asnj\u00eb p\u00ebrgjigje nga autoritetet serbe\u201d.<\/div>\n<div>\n<div id=\"sPost_Default_Layout_0_0_22_0_0_7_1_1_0\" class=\"main-column col sm-mb-2 md-mb-4 s12 m12 l8\">\n<div id=\"sPost_Default_Layout_0_0_22_0_0_7_1_1_0_0\" class=\"post-with-sticky-share\">\n<div id=\"sPost_Default_Layout_0_0_22_0_0_7_1_1_0_0_0\" class=\"article-body\">\n<div id=\"sPost_Default_Layout_0_0_22_0_0_7_1_1_0_0_0_0\" class=\"mb-2 article\">\n<div class=\"posts-custom posts-custom-section section-holder clearfix\" data-block=\"None\" data-format=\"posts-custom\" data-source=\"current_post\" data-source-type=\"current_post\" data-source-unique=\"true\" data-section-id=\"\" data-is-reordable=\"false\" data-using-stickers=\"false\" data-has-more=\"false\" data-attr-format=\"posts-custom\" data-attr-posts_id=\"sPost_Default_Layout_0_0_22_0_0_7_1_1_0_0_0_0\" data-attr-layout_quality=\"5\" data-attr-header_template=\"jinja\/post\/custom-css.html\" data-attr-node_id=\"\/root\/blocks\/block[post_default_layout]\/abtests\/abtest[1]\/element_wrapper\/element_wrapper[1]\/row\/column[1]\/element_wrapper\/element_wrapper[1]\/current_post-\" data-attr-layout_all_headline_tag=\"h1\" data-attr-layout_all_subheadline_tag=\"h2\" data-attr-all_element_order=\"body,all_sections\" data-attr-layout_body=\"bottom\" data-attr-disable_a_tag=\"true\" data-attr-show_full_post_body=\"true\" data-attr-data-rm-advanced=\"true\" data-attr-use_smart_keep_reading=\"true\" data-attr-element_classes=\"article\" data-attr-all_share_buttons=\"Facebook,Twitter,Linkedin,Separator,Email,Tumblr,GooglePlus,Pinterest,Whatsapp,Reddit,CopyLink,Flipboard,SMS,Slack\" data-attr-layout_linkedin=\"inactive\" data-attr-layout_separator=\"inactive\" data-attr-layout_tumblr=\"inactive\" data-attr-layout_googleplus=\"inactive\" data-attr-layout_pinterest=\"inactive\" data-attr-layout_whatsapp=\"inactive\" data-attr-layout_reddit=\"inactive\" data-attr-layout_copylink=\"active\" data-attr-layout_flipboard=\"inactive\" data-attr-layout_sms=\"inactive\" data-attr-layout_slack=\"inactive\" data-attr-use_tag_image_for_lead_media=\"true\" data-attr-layout_all_image_crop=\"3x2\" data-attr-layout_all_date_format=\"%d\/%m\/%Y\" data-attr-layout_remove_image=\"true\" data-attr-layout_all_show_video=\"true\" data-attr-layout_all_sections=\"bottom\" data-attr-filters=\"\" data-attr-section_url=\"\" data-attr-source=\"\" data-attr-is_current_post=\"true\">\n<div class=\"posts-wrapper clearfix\">\n<div class=\"widget post-partial tag-aleksandar-vuciq tag-autoritetet-serbe tag-bashkimi-evropian tag-interpoli tag-milan-radoiciq tag-mitrovica-e-veriut tag-sulmi-terorist-ne-bansjke post-section--lajme\/kosove\" data-category=\"Kosov\u00eb\">\n<article class=\"clearfix image-article sm-mb-1 quality-HD post-2674029163\" data-frozen-sections=\"[]\" data-category=\"Kosov\u00eb\">\n<div class=\"row px10\">\n<div class=\"rm-col-center col sm-mb-1\">\n<div class=\"widget__body clearfix sm-mt-1\">\n<div class=\"body js-expandable clearfix js-listicle-body  css-listicle-body-2674029163\" data-headline=\"BE alarmohet nga pjes\u00ebmarrja e autor\u00ebve t\u00eb Banjsk\u00ebs n\u00eb protestat pro-regjimit n\u00eb Serbi\">\n<div class=\"body-description\" data-rm-calc-width=\"600\">\n<p>\u201cNe presim q\u00eb Serbia t\u00eb bashk\u00ebpunoj\u00eb plot\u00ebsisht p\u00ebrmes kanaleve t\u00eb asistenc\u00ebs juridike t\u00eb nd\u00ebrsjell\u00eb. P\u00ebrfaq\u00ebsuesja e Lart\u00eb e BE-s\u00eb e ka ngritur personalisht k\u00ebt\u00eb \u00e7\u00ebshtje me presidentin Vu\u00e7iq dhe do ta rikthej\u00eb n\u00eb agjend\u00eb edhe n\u00eb takimet me lider\u00ebt e Ballkanit Per\u00ebndimor n\u00eb Nju Jork\u201d, tha BE-ja.<\/p>\n<\/div>\n<\/div>\n<\/div>\n<\/div>\n<\/div>\n<\/article>\n<\/div>\n<\/div>\n<\/div>\n<\/div>\n<\/div>\n<div id=\"sPost_Default_Layout_0_0_22_0_0_7_1_1_0_0_1\" class=\"article article-author-share\">\n<div class=\"post-date\">\n<div class=\"social-date\"><\/div>\n<\/div>\n<div id=\"sPost_Default_Layout_0_0_22_0_0_7_1_1_0_0_1_1\" class=\"mb-2 sticky-share\">\n<div class=\"posts-custom posts-custom-section section-holder clearfix\" data-block=\"None\" data-format=\"posts-custom\" data-source=\"current_post\" data-source-type=\"current_post\" data-source-unique=\"true\" data-section-id=\"\" data-is-reordable=\"false\" data-using-stickers=\"false\" data-has-more=\"false\" data-attr-format=\"posts-custom\" data-attr-posts_id=\"sPost_Default_Layout_0_0_22_0_0_7_1_1_0_0_1_1\" data-attr-layout_quality=\"5\" data-attr-node_id=\"\/root\/blocks\/block[post_default_layout]\/abtests\/abtest[1]\/element_wrapper\/element_wrapper[1]\/row\/column[1]\/element_wrapper\/element_wrapper[2]\/current_post-\" data-attr-layout_all_headline_tag=\"h1\" data-attr-layout_all_subheadline_tag=\"h2\" data-attr-all_element_order=\"post_shares\" data-attr-show_around_the_web=\"true\" data-attr-disable_a_tag=\"true\" data-attr-show_full_post_body=\"true\" data-attr-data-rm-advanced=\"true\" data-attr-use_smart_keep_reading=\"true\" data-attr-element_classes=\"sticky-share\" data-attr-all_share_buttons=\"Facebook,Twitter,Linkedin,Separator,Email,Tumblr,GooglePlus,Pinterest,Whatsapp,Reddit,CopyLink,Flipboard,SMS,Slack\" data-attr-layout_linkedin=\"inactive\" data-attr-layout_separator=\"inactive\" data-attr-layout_tumblr=\"inactive\" data-attr-layout_googleplus=\"inactive\" data-attr-layout_pinterest=\"inactive\" data-attr-layout_whatsapp=\"inactive\" data-attr-layout_reddit=\"inactive\" data-attr-layout_copylink=\"active\" data-attr-layout_flipboard=\"inactive\" data-attr-layout_sms=\"inactive\" data-attr-layout_slack=\"inactive\" data-attr-use_tag_image_for_lead_media=\"true\" data-attr-layout_all_image_crop=\"3x2\" data-attr-layout_all_date_format=\"%d\/%m\/%Y\" data-attr-layout_remove_image=\"true\" data-attr-layout_post_shares=\"top\" data-attr-layout_email=\"active\" data-attr-filters=\"\" data-attr-section_url=\"\" data-attr-source=\"\" data-attr-is_current_post=\"true\">\n<div class=\"posts-wrapper clearfix\">\n<div class=\"widget post-partial tag-aleksandar-vuciq tag-autoritetet-serbe tag-bashkimi-evropian tag-interpoli tag-milan-radoiciq tag-mitrovica-e-veriut tag-sulmi-terorist-ne-bansjke post-section--lajme\/kosove\" data-category=\"Kosov\u00eb\">\n<article class=\"clearfix image-article sm-mb-1 quality-HD post-2674029163\" data-frozen-sections=\"[]\" data-category=\"Kosov\u00eb\">\n<div class=\"row px10\">\n<div class=\"rm-col-center col sm-mb-1\">\n<div class=\"widget__body clearfix sm-mt-1\">\n<div class=\"widget__shares share-panel\"><\/div>\n<\/div>\n<div class=\"widget__head\"><\/div>\n<\/div>\n<\/div>\n<\/article>\n<\/div>\n<\/div>\n<\/div>\n<\/div>\n<\/div>\n<\/div>\n<\/div>\n<div id=\"sPost_Default_Layout_0_0_22_0_0_7_1_1_1\" class=\"sidebar sticky-sidebar  col sm-mb-2 md-mb-4 s12 m12 l4\">\n<div id=\"sPost_Default_Layout_0_0_22_0_0_7_1_1_1_0_0\" class=\"\">\n<div class=\"module-headline component primary-accent-color border-bottom\"><\/div>\n<div id=\"scomponentGenericPostTeaser_0_0_38_0_0_0_0_0\" class=\"mb-2 generic-teaser image-on-left border-bottom  \">\n<div class=\"posts-custom posts-custom-section section-holder clearfix\" data-block=\"section_4\" data-format=\"posts-custom\" data-source=\"b4382e4a1a93b3c5909d0134c5070a57\" data-source-type=\"page\" data-source-unique=\"true\" data-section-id=\"\" data-is-reordable=\"false\" data-using-stickers=\"false\" data-has-more=\"true\" data-attr-from_regular_sections=\"lajme\" data-attr-format=\"posts-custom\" data-attr-posts_id=\"scomponentGenericPostTeaser_0_0_38_0_0_0_0_0\" data-attr-source_unique=\"true\" data-attr-layout_quality=\"1\" data-attr-node_id=\"\/root\/blocks\/block[componentgenericpostteaser]\/abtests\/abtest[1]\/component\/do\/posts-\" data-attr-source=\"filtered\" data-attr-use_tag_image_for_lead_media=\"true\" data-attr-all_element_order=\"headline,custom_field_show_author,author,section,date\" data-attr-layout_headline=\"bottom\" data-attr-layout_section=\"bottom\" data-attr-layout_all_image_crop=\"16x9\" data-attr-attribute_sets=\"sPost_Default_Layout_0_0_22_0_0_7_1_1_1_0_0_1_2_attribute_sets \" data-attr-element_classes=\"generic-teaser image-on-left border-bottom  \" data-attr-limit=\"5\" data-attr-layout_author=\"bottom\" data-attr-layout_date=\"bottom\" data-attr-layout_all_date_format=\"%d\/%m\/%Y\" data-attr-layout_custom_field_hide_author=\"bottom\" data-attr-without_current=\"true\" data-attr-layout_custom_field_show_author=\"bottom\" data-attr-source_site=\"parent_site\" data-re-calc-image-with=\"400\">\n<div class=\"posts-wrapper clearfix\">\n<div class=\"widget tag-aleksandar-vuciq tag-autoritetet-serbe tag-bashkimi-evropian tag-interpoli tag-milan-radoiciq tag-mitrovica-e-veriut tag-sulmi-terorist-ne-bansjke post-section--lajme\/kosove\" data-category=\"Kosov\u00eb\">\n<article class=\"clearfix image-article sm-mb-1 quality-HD post-2674029163 rm-stats-tracked\" data-frozen-sections=\"[]\" data-category=\"Kosov\u00eb\" data-rm-calc-width=\"400\">\n<div class=\"row px10\">\n<div class=\"rm-col-center col sm-mb-1\">\n<div class=\"widget__head\"><\/div>\n<div class=\"widget__body clearfix sm-mt-1\"><\/div>\n<\/div>\n<\/div>\n<\/article>\n<\/div>\n<\/div>\n<\/div>\n<\/div>\n<\/div>\n<\/div>\n<div id=\"sPost_Default_Layout_0_0_22_0_0_7_1_1_2\" class=\"main-column col sm-mb-2 md-mb-4 s12 m12 l8\">\n<div id=\"sPost_Default_Layout_0_0_22_0_0_7_1_1_2_0\" class=\"post-with-sticky-share\">\n<div id=\"sPost_Default_Layout_0_0_22_0_0_7_1_1_2_0_0\" class=\"\"><\/div>\n<div id=\"sPost_Default_Layout_0_0_22_0_0_7_1_1_2_0_1\" class=\"mb-2 article-tags\">\n<div class=\"posts-custom posts-custom-section section-holder clearfix\" data-block=\"None\" data-format=\"posts-custom\" data-source=\"current_post\" data-source-type=\"current_post\" data-source-unique=\"true\" data-section-id=\"\" data-is-reordable=\"false\" data-using-stickers=\"false\" data-has-more=\"false\" data-attr-format=\"posts-custom\" data-attr-posts_id=\"sPost_Default_Layout_0_0_22_0_0_7_1_1_2_0_1\" data-attr-layout_quality=\"5\" data-attr-node_id=\"\/root\/blocks\/block[post_default_layout]\/abtests\/abtest[1]\/element_wrapper\/element_wrapper[1]\/row\/column[3]\/element_wrapper\/current_post-\" data-attr-layout_all_headline_tag=\"h1\" data-attr-layout_all_subheadline_tag=\"h2\" data-attr-element_classes=\"article-tags\" data-attr-layout_tags=\"bottom\" data-attr-all_element_order=\"tags,post_shares\" data-attr-layout_remove_image=\"true\" data-attr-layout_post_shares=\"bottom\" data-attr-layout_linkedin=\"inactive\" data-attr-all_share_buttons=\"Facebook,Twitter,Linkedin,Separator,Email,Tumblr,GooglePlus,Pinterest,Whatsapp,Reddit,CopyLink,Flipboard,SMS,Slack\" data-attr-layout_separator=\"inactive\" data-attr-layout_tumblr=\"inactive\" data-attr-layout_googleplus=\"inactive\" data-attr-layout_pinterest=\"inactive\" data-attr-layout_whatsapp=\"inactive\" data-attr-layout_reddit=\"inactive\" data-attr-layout_copylink=\"active\" data-attr-layout_flipboard=\"inactive\" data-attr-layout_sms=\"inactive\" data-attr-layout_slack=\"inactive\" data-attr-filters=\"\" data-attr-section_url=\"\" data-attr-source=\"\" data-attr-is_current_post=\"true\">\n<div class=\"posts-wrapper clearfix\">\n<div class=\"widget post-partial tag-aleksandar-vuciq tag-autoritetet-serbe tag-bashkimi-evropian tag-interpoli tag-milan-radoiciq tag-mitrovica-e-veriut tag-sulmi-terorist-ne-bansjke post-section--lajme\/kosove\" data-category=\"Kosov\u00eb\">\n<article class=\"clearfix image-article sm-mb-1 quality-HD post-2674029163\" data-frozen-sections=\"[]\" data-category=\"Kosov\u00eb\">\n<div class=\"row px10\">\n<div class=\"rm-col-center col sm-mb-1\">\n<div class=\"widget__head\"><\/div>\n<div class=\"widget__body clearfix sm-mt-1\">\n<div class=\"tags\"><\/div>\n<\/div>\n<\/div>\n<\/div>\n<\/article>\n<\/div>\n<\/div>\n<\/div>\n<\/div>\n<\/div>\n<\/div>\n<\/div>\n<\/div>\n<\/div>\n<\/aside>\n","protected":false},"excerpt":{"rendered":"<p>Prishtin\u00eb 24 Shtator 2025 Bashkimi Evropian ka theksuar se pret nga autoritetet serbe t\u00eb arrestojn\u00eb dhe ndjekin penalisht autor\u00ebt e sulmit terrorist n\u00eb Banjsk\u00eb, nd\u00ebrsa<\/p>\n","protected":false},"author":6,"featured_media":13585,"comment_status":"open","ping_status":"open","sticky":false,"template":"","format":"standard","meta":{"footnotes":""},"categories":[60],"tags":[],"class_list":["post-13584","post","type-post","status-publish","format-standard","has-post-thumbnail","hentry","category-shoqerore-sq"],"yoast_head":"<!-- This site is optimized with the Yoast SEO plugin v25.3.1 - https:\/\/yoast.com\/wordpress\/plugins\/seo\/ -->\n<title>BE alarmohet nga pjes\u00ebmarrja e autor\u00ebve t\u00eb Banjsk\u00ebs n\u00eb protestat pro-regjimit n\u00eb Serbi -<\/title>\n<meta name=\"robots\" content=\"index, follow, max-snippet:-1, max-image-preview:large, max-video-preview:-1\" \/>\n<link rel=\"canonical\" href=\"https:\/\/veritasinfo.org\/?p=13584\" \/>\n<meta property=\"og:locale\" content=\"en_US\" \/>\n<meta property=\"og:type\" content=\"article\" \/>\n<meta property=\"og:title\" content=\"BE alarmohet nga pjes\u00ebmarrja e autor\u00ebve t\u00eb Banjsk\u00ebs n\u00eb protestat pro-regjimit n\u00eb Serbi -\" \/>\n<meta property=\"og:description\" content=\"Prishtin\u00eb 24 Shtator 2025 Bashkimi Evropian ka theksuar se pret nga autoritetet serbe t\u00eb arrestojn\u00eb dhe ndjekin penalisht autor\u00ebt e sulmit terrorist n\u00eb Banjsk\u00eb, nd\u00ebrsa\" \/>\n<meta property=\"og:url\" content=\"https:\/\/veritasinfo.org\/?p=13584\" \/>\n<meta property=\"article:published_time\" content=\"2025-09-24T16:03:42+00:00\" \/>\n<meta property=\"og:image\" content=\"https:\/\/veritasinfo.org\/wp-content\/uploads\/2025\/09\/aleksandar-vuciq-dhe-milan-radoiciq.webp\" \/>\n\t<meta property=\"og:image:width\" content=\"1245\" \/>\n\t<meta property=\"og:image:height\" content=\"700\" \/>\n\t<meta property=\"og:image:type\" content=\"image\/webp\" \/>\n<meta name=\"author\" content=\"US5\" \/>\n<meta name=\"twitter:card\" content=\"summary_large_image\" \/>\n<meta name=\"twitter:label1\" content=\"Written by\" \/>\n\t<meta name=\"twitter:data1\" content=\"US5\" \/>\n\t<meta name=\"twitter:label2\" content=\"Est. reading time\" \/>\n\t<meta name=\"twitter:data2\" content=\"2 minutes\" \/>\n<script type=\"application\/ld+json\" class=\"yoast-schema-graph\">{\"@context\":\"https:\/\/schema.org\",\"@graph\":[{\"@type\":\"WebPage\",\"@id\":\"https:\/\/veritasinfo.org\/?p=13584\",\"url\":\"https:\/\/veritasinfo.org\/?p=13584\",\"name\":\"BE alarmohet nga pjes\u00ebmarrja e autor\u00ebve t\u00eb Banjsk\u00ebs n\u00eb protestat pro-regjimit n\u00eb Serbi -\",\"isPartOf\":{\"@id\":\"https:\/\/veritasinfo.org\/#website\"},\"primaryImageOfPage\":{\"@id\":\"https:\/\/veritasinfo.org\/?p=13584#primaryimage\"},\"image\":{\"@id\":\"https:\/\/veritasinfo.org\/?p=13584#primaryimage\"},\"thumbnailUrl\":\"https:\/\/veritasinfo.org\/wp-content\/uploads\/2025\/09\/aleksandar-vuciq-dhe-milan-radoiciq.webp\",\"datePublished\":\"2025-09-24T16:03:42+00:00\",\"author\":{\"@id\":\"https:\/\/veritasinfo.org\/#\/schema\/person\/bc442336e35414d04494ab8fb45db4c6\"},\"breadcrumb\":{\"@id\":\"https:\/\/veritasinfo.org\/?p=13584#breadcrumb\"},\"inLanguage\":\"en-US\",\"potentialAction\":[{\"@type\":\"ReadAction\",\"target\":[\"https:\/\/veritasinfo.org\/?p=13584\"]}]},{\"@type\":\"ImageObject\",\"inLanguage\":\"en-US\",\"@id\":\"https:\/\/veritasinfo.org\/?p=13584#primaryimage\",\"url\":\"https:\/\/veritasinfo.org\/wp-content\/uploads\/2025\/09\/aleksandar-vuciq-dhe-milan-radoiciq.webp\",\"contentUrl\":\"https:\/\/veritasinfo.org\/wp-content\/uploads\/2025\/09\/aleksandar-vuciq-dhe-milan-radoiciq.webp\",\"width\":1245,\"height\":700},{\"@type\":\"BreadcrumbList\",\"@id\":\"https:\/\/veritasinfo.org\/?p=13584#breadcrumb\",\"itemListElement\":[{\"@type\":\"ListItem\",\"position\":1,\"name\":\"Home\",\"item\":\"https:\/\/veritasinfo.org\/\"},{\"@type\":\"ListItem\",\"position\":2,\"name\":\"BE alarmohet nga pjes\u00ebmarrja e autor\u00ebve t\u00eb Banjsk\u00ebs n\u00eb protestat pro-regjimit n\u00eb Serbi\"}]},{\"@type\":\"WebSite\",\"@id\":\"https:\/\/veritasinfo.org\/#website\",\"url\":\"https:\/\/veritasinfo.org\/\",\"name\":\"\",\"description\":\"\",\"potentialAction\":[{\"@type\":\"SearchAction\",\"target\":{\"@type\":\"EntryPoint\",\"urlTemplate\":\"https:\/\/veritasinfo.org\/?s={search_term_string}\"},\"query-input\":{\"@type\":\"PropertyValueSpecification\",\"valueRequired\":true,\"valueName\":\"search_term_string\"}}],\"inLanguage\":\"en-US\"},{\"@type\":\"Person\",\"@id\":\"https:\/\/veritasinfo.org\/#\/schema\/person\/bc442336e35414d04494ab8fb45db4c6\",\"name\":\"US5\",\"image\":{\"@type\":\"ImageObject\",\"inLanguage\":\"en-US\",\"@id\":\"https:\/\/veritasinfo.org\/#\/schema\/person\/image\/\",\"url\":\"https:\/\/secure.gravatar.com\/avatar\/16a61e7272a0c5d001121ebb9e60e925d5816e4ac1e443ed3e640d9a6ae55d0c?s=96&d=mm&r=g\",\"contentUrl\":\"https:\/\/secure.gravatar.com\/avatar\/16a61e7272a0c5d001121ebb9e60e925d5816e4ac1e443ed3e640d9a6ae55d0c?s=96&d=mm&r=g\",\"caption\":\"US5\"},\"url\":\"https:\/\/veritasinfo.org\/?author=6\"}]}<\/script>\n<!-- \/ Yoast SEO plugin. -->","yoast_head_json":{"title":"BE alarmohet nga pjes\u00ebmarrja e autor\u00ebve t\u00eb Banjsk\u00ebs n\u00eb protestat pro-regjimit n\u00eb Serbi -","robots":{"index":"index","follow":"follow","max-snippet":"max-snippet:-1","max-image-preview":"max-image-preview:large","max-video-preview":"max-video-preview:-1"},"canonical":"https:\/\/veritasinfo.org\/?p=13584","og_locale":"en_US","og_type":"article","og_title":"BE alarmohet nga pjes\u00ebmarrja e autor\u00ebve t\u00eb Banjsk\u00ebs n\u00eb protestat pro-regjimit n\u00eb Serbi -","og_description":"Prishtin\u00eb 24 Shtator 2025 Bashkimi Evropian ka theksuar se pret nga autoritetet serbe t\u00eb arrestojn\u00eb dhe ndjekin penalisht autor\u00ebt e sulmit terrorist n\u00eb Banjsk\u00eb, nd\u00ebrsa","og_url":"https:\/\/veritasinfo.org\/?p=13584","article_published_time":"2025-09-24T16:03:42+00:00","og_image":[{"width":1245,"height":700,"url":"https:\/\/veritasinfo.org\/wp-content\/uploads\/2025\/09\/aleksandar-vuciq-dhe-milan-radoiciq.webp","type":"image\/webp"}],"author":"US5","twitter_card":"summary_large_image","twitter_misc":{"Written by":"US5","Est. reading time":"2 minutes"},"schema":{"@context":"https:\/\/schema.org","@graph":[{"@type":"WebPage","@id":"https:\/\/veritasinfo.org\/?p=13584","url":"https:\/\/veritasinfo.org\/?p=13584","name":"BE alarmohet nga pjes\u00ebmarrja e autor\u00ebve t\u00eb Banjsk\u00ebs n\u00eb protestat pro-regjimit n\u00eb Serbi -","isPartOf":{"@id":"https:\/\/veritasinfo.org\/#website"},"primaryImageOfPage":{"@id":"https:\/\/veritasinfo.org\/?p=13584#primaryimage"},"image":{"@id":"https:\/\/veritasinfo.org\/?p=13584#primaryimage"},"thumbnailUrl":"https:\/\/veritasinfo.org\/wp-content\/uploads\/2025\/09\/aleksandar-vuciq-dhe-milan-radoiciq.webp","datePublished":"2025-09-24T16:03:42+00:00","author":{"@id":"https:\/\/veritasinfo.org\/#\/schema\/person\/bc442336e35414d04494ab8fb45db4c6"},"breadcrumb":{"@id":"https:\/\/veritasinfo.org\/?p=13584#breadcrumb"},"inLanguage":"en-US","potentialAction":[{"@type":"ReadAction","target":["https:\/\/veritasinfo.org\/?p=13584"]}]},{"@type":"ImageObject","inLanguage":"en-US","@id":"https:\/\/veritasinfo.org\/?p=13584#primaryimage","url":"https:\/\/veritasinfo.org\/wp-content\/uploads\/2025\/09\/aleksandar-vuciq-dhe-milan-radoiciq.webp","contentUrl":"https:\/\/veritasinfo.org\/wp-content\/uploads\/2025\/09\/aleksandar-vuciq-dhe-milan-radoiciq.webp","width":1245,"height":700},{"@type":"BreadcrumbList","@id":"https:\/\/veritasinfo.org\/?p=13584#breadcrumb","itemListElement":[{"@type":"ListItem","position":1,"name":"Home","item":"https:\/\/veritasinfo.org\/"},{"@type":"ListItem","position":2,"name":"BE alarmohet nga pjes\u00ebmarrja e autor\u00ebve t\u00eb Banjsk\u00ebs n\u00eb protestat pro-regjimit n\u00eb Serbi"}]},{"@type":"WebSite","@id":"https:\/\/veritasinfo.org\/#website","url":"https:\/\/veritasinfo.org\/","name":"","description":"","potentialAction":[{"@type":"SearchAction","target":{"@type":"EntryPoint","urlTemplate":"https:\/\/veritasinfo.org\/?s={search_term_string}"},"query-input":{"@type":"PropertyValueSpecification","valueRequired":true,"valueName":"search_term_string"}}],"inLanguage":"en-US"},{"@type":"Person","@id":"https:\/\/veritasinfo.org\/#\/schema\/person\/bc442336e35414d04494ab8fb45db4c6","name":"US5","image":{"@type":"ImageObject","inLanguage":"en-US","@id":"https:\/\/veritasinfo.org\/#\/schema\/person\/image\/","url":"https:\/\/secure.gravatar.com\/avatar\/16a61e7272a0c5d001121ebb9e60e925d5816e4ac1e443ed3e640d9a6ae55d0c?s=96&d=mm&r=g","contentUrl":"https:\/\/secure.gravatar.com\/avatar\/16a61e7272a0c5d001121ebb9e60e925d5816e4ac1e443ed3e640d9a6ae55d0c?s=96&d=mm&r=g","caption":"US5"},"url":"https:\/\/veritasinfo.org\/?author=6"}]}},"featured_image_urls":{"full":["https:\/\/veritasinfo.org\/wp-content\/uploads\/2025\/09\/aleksandar-vuciq-dhe-milan-radoiciq.webp",1245,700,false],"thumbnail":["https:\/\/veritasinfo.org\/wp-content\/uploads\/2025\/09\/aleksandar-vuciq-dhe-milan-radoiciq-150x150.webp",150,150,true],"medium":["https:\/\/veritasinfo.org\/wp-content\/uploads\/2025\/09\/aleksandar-vuciq-dhe-milan-radoiciq-300x169.webp",300,169,true],"medium_large":["https:\/\/veritasinfo.org\/wp-content\/uploads\/2025\/09\/aleksandar-vuciq-dhe-milan-radoiciq-768x432.webp",640,360,true],"large":["https:\/\/veritasinfo.org\/wp-content\/uploads\/2025\/09\/aleksandar-vuciq-dhe-milan-radoiciq-1024x576.webp",640,360,true],"1536x1536":["https:\/\/veritasinfo.org\/wp-content\/uploads\/2025\/09\/aleksandar-vuciq-dhe-milan-radoiciq.webp",1245,700,false],"2048x2048":["https:\/\/veritasinfo.org\/wp-content\/uploads\/2025\/09\/aleksandar-vuciq-dhe-milan-radoiciq.webp",1245,700,false],"kreeti-slider-full":["https:\/\/veritasinfo.org\/wp-content\/uploads\/2025\/09\/aleksandar-vuciq-dhe-milan-radoiciq.webp",1245,700,false],"kreeti-featured":["https:\/\/veritasinfo.org\/wp-content\/uploads\/2025\/09\/aleksandar-vuciq-dhe-milan-radoiciq.webp",1024,576,false],"kreeti-medium":["https:\/\/veritasinfo.org\/wp-content\/uploads\/2025\/09\/aleksandar-vuciq-dhe-milan-radoiciq.webp",720,405,false],"kreeti-medium-square":["https:\/\/veritasinfo.org\/wp-content\/uploads\/2025\/09\/aleksandar-vuciq-dhe-milan-radoiciq.webp",350,197,false]},"author_info":{"info":["US5"]},"category_info":"<a href=\"https:\/\/veritasinfo.org\/?cat=60\" rel=\"category\">Shoq\u00ebrore<\/a>","tag_info":"Shoq\u00ebrore","comment_count":"0","_links":{"self":[{"href":"https:\/\/veritasinfo.org\/index.php?rest_route=\/wp\/v2\/posts\/13584","targetHints":{"allow":["GET"]}}],"collection":[{"href":"https:\/\/veritasinfo.org\/index.php?rest_route=\/wp\/v2\/posts"}],"about":[{"href":"https:\/\/veritasinfo.org\/index.php?rest_route=\/wp\/v2\/types\/post"}],"author":[{"embeddable":true,"href":"https:\/\/veritasinfo.org\/index.php?rest_route=\/wp\/v2\/users\/6"}],"replies":[{"embeddable":true,"href":"https:\/\/veritasinfo.org\/index.php?rest_route=%2Fwp%2Fv2%2Fcomments&post=13584"}],"version-history":[{"count":1,"href":"https:\/\/veritasinfo.org\/index.php?rest_route=\/wp\/v2\/posts\/13584\/revisions"}],"predecessor-version":[{"id":13586,"href":"https:\/\/veritasinfo.org\/index.php?rest_route=\/wp\/v2\/posts\/13584\/revisions\/13586"}],"wp:featuredmedia":[{"embeddable":true,"href":"https:\/\/veritasinfo.org\/index.php?rest_route=\/wp\/v2\/media\/13585"}],"wp:attachment":[{"href":"https:\/\/veritasinfo.org\/index.php?rest_route=%2Fwp%2Fv2%2Fmedia&parent=13584"}],"wp:term":[{"taxonomy":"category","embeddable":true,"href":"https:\/\/veritasinfo.org\/index.php?rest_route=%2Fwp%2Fv2%2Fcategories&post=13584"},{"taxonomy":"post_tag","embeddable":true,"href":"https:\/\/veritasinfo.org\/index.php?rest_route=%2Fwp%2Fv2%2Ftags&post=13584"}],"curies":[{"name":"wp","href":"https:\/\/api.w.org\/{rel}","templated":true}]}}