{"id":13573,"date":"2025-09-24T17:17:11","date_gmt":"2025-09-24T15:17:11","guid":{"rendered":"https:\/\/veritasinfo.org\/?p=13573"},"modified":"2025-09-24T17:17:11","modified_gmt":"2025-09-24T15:17:11","slug":"ambasada-amerikane-nderon-rreshterin-afrim-bunjaku-ne-dyvjetorin-e-renies-se-tij","status":"publish","type":"post","link":"https:\/\/veritasinfo.org\/?p=13573","title":{"rendered":"Ambasada amerikane nderon rreshterin Afrim Bunjaku n\u00eb dyvjetorin e r\u00ebnies s\u00eb tij"},"content":{"rendered":"<p>Prishtin\u00eb 24 Shtator 2025<\/p>\n<p><strong>E ngarkuara me pun\u00eb n\u00eb Ambasad\u00ebn e Shteteve t\u00eb Bashkuara n\u00eb Kosov\u00eb, Anu Prattipati, ka marr\u00eb pjes\u00eb n\u00eb Akademin\u00eb P\u00ebrkujtimore p\u00ebr rreshterin e Policis\u00eb s\u00eb Kosov\u00ebs, Afrim Bunjaku, n\u00eb dyvjetorin e vrasjes s\u00eb tij gjat\u00eb sulmit n\u00eb Banjsk\u00eb t\u00eb Zve\u00e7anit.<\/strong><\/p>\n<p>Ambasada amerikane njoftoi se Prattipati iu bashkua p\u00ebrfaq\u00ebsuesve t\u00eb institucioneve t\u00eb Kosov\u00ebs dhe trupit diplomatik p\u00ebr t\u00eb nderuar kujtimin e rreshterit Bunjaku, i cili u vra n\u00eb krye t\u00eb detyr\u00ebs m\u00eb 24 shtator 2023.<\/p>\n","protected":false},"excerpt":{"rendered":"<p>Prishtin\u00eb 24 Shtator 2025 E ngarkuara me pun\u00eb n\u00eb Ambasad\u00ebn e Shteteve t\u00eb Bashkuara n\u00eb Kosov\u00eb, Anu Prattipati, ka marr\u00eb pjes\u00eb n\u00eb Akademin\u00eb P\u00ebrkujtimore p\u00ebr<\/p>\n","protected":false},"author":6,"featured_media":13574,"comment_status":"open","ping_status":"open","sticky":false,"template":"","format":"standard","meta":{"footnotes":""},"categories":[60],"tags":[],"class_list":["post-13573","post","type-post","status-publish","format-standard","has-post-thumbnail","hentry","category-shoqerore-sq"],"yoast_head":"<!-- This site is optimized with the Yoast SEO plugin v25.3.1 - https:\/\/yoast.com\/wordpress\/plugins\/seo\/ -->\n<title>Ambasada amerikane nderon rreshterin Afrim Bunjaku n\u00eb dyvjetorin e r\u00ebnies s\u00eb tij -<\/title>\n<meta name=\"robots\" content=\"index, follow, max-snippet:-1, max-image-preview:large, max-video-preview:-1\" \/>\n<link rel=\"canonical\" href=\"https:\/\/veritasinfo.org\/?p=13573\" \/>\n<meta property=\"og:locale\" content=\"en_US\" \/>\n<meta property=\"og:type\" content=\"article\" \/>\n<meta property=\"og:title\" content=\"Ambasada amerikane nderon rreshterin Afrim Bunjaku n\u00eb dyvjetorin e r\u00ebnies s\u00eb tij -\" \/>\n<meta property=\"og:description\" content=\"Prishtin\u00eb 24 Shtator 2025 E ngarkuara me pun\u00eb n\u00eb Ambasad\u00ebn e Shteteve t\u00eb Bashkuara n\u00eb Kosov\u00eb, Anu Prattipati, ka marr\u00eb pjes\u00eb n\u00eb Akademin\u00eb P\u00ebrkujtimore p\u00ebr\" \/>\n<meta property=\"og:url\" content=\"https:\/\/veritasinfo.org\/?p=13573\" \/>\n<meta property=\"article:published_time\" content=\"2025-09-24T15:17:11+00:00\" \/>\n<meta property=\"og:image\" content=\"https:\/\/veritasinfo.org\/wp-content\/uploads\/2025\/09\/image-7.webp\" \/>\n\t<meta property=\"og:image:width\" content=\"1245\" \/>\n\t<meta property=\"og:image:height\" content=\"700\" \/>\n\t<meta property=\"og:image:type\" content=\"image\/webp\" \/>\n<meta name=\"author\" content=\"US5\" \/>\n<meta name=\"twitter:card\" content=\"summary_large_image\" \/>\n<meta name=\"twitter:label1\" content=\"Written by\" \/>\n\t<meta name=\"twitter:data1\" content=\"US5\" \/>\n\t<meta name=\"twitter:label2\" content=\"Est. reading time\" \/>\n\t<meta name=\"twitter:data2\" content=\"1 minute\" \/>\n<script type=\"application\/ld+json\" class=\"yoast-schema-graph\">{\"@context\":\"https:\/\/schema.org\",\"@graph\":[{\"@type\":\"WebPage\",\"@id\":\"https:\/\/veritasinfo.org\/?p=13573\",\"url\":\"https:\/\/veritasinfo.org\/?p=13573\",\"name\":\"Ambasada amerikane nderon rreshterin Afrim Bunjaku n\u00eb dyvjetorin e r\u00ebnies s\u00eb tij -\",\"isPartOf\":{\"@id\":\"https:\/\/veritasinfo.org\/#website\"},\"primaryImageOfPage\":{\"@id\":\"https:\/\/veritasinfo.org\/?p=13573#primaryimage\"},\"image\":{\"@id\":\"https:\/\/veritasinfo.org\/?p=13573#primaryimage\"},\"thumbnailUrl\":\"https:\/\/veritasinfo.org\/wp-content\/uploads\/2025\/09\/image-7.webp\",\"datePublished\":\"2025-09-24T15:17:11+00:00\",\"author\":{\"@id\":\"https:\/\/veritasinfo.org\/#\/schema\/person\/bc442336e35414d04494ab8fb45db4c6\"},\"breadcrumb\":{\"@id\":\"https:\/\/veritasinfo.org\/?p=13573#breadcrumb\"},\"inLanguage\":\"en-US\",\"potentialAction\":[{\"@type\":\"ReadAction\",\"target\":[\"https:\/\/veritasinfo.org\/?p=13573\"]}]},{\"@type\":\"ImageObject\",\"inLanguage\":\"en-US\",\"@id\":\"https:\/\/veritasinfo.org\/?p=13573#primaryimage\",\"url\":\"https:\/\/veritasinfo.org\/wp-content\/uploads\/2025\/09\/image-7.webp\",\"contentUrl\":\"https:\/\/veritasinfo.org\/wp-content\/uploads\/2025\/09\/image-7.webp\",\"width\":1245,\"height\":700},{\"@type\":\"BreadcrumbList\",\"@id\":\"https:\/\/veritasinfo.org\/?p=13573#breadcrumb\",\"itemListElement\":[{\"@type\":\"ListItem\",\"position\":1,\"name\":\"Home\",\"item\":\"https:\/\/veritasinfo.org\/\"},{\"@type\":\"ListItem\",\"position\":2,\"name\":\"Ambasada amerikane nderon rreshterin Afrim Bunjaku n\u00eb dyvjetorin e r\u00ebnies s\u00eb tij\"}]},{\"@type\":\"WebSite\",\"@id\":\"https:\/\/veritasinfo.org\/#website\",\"url\":\"https:\/\/veritasinfo.org\/\",\"name\":\"\",\"description\":\"\",\"potentialAction\":[{\"@type\":\"SearchAction\",\"target\":{\"@type\":\"EntryPoint\",\"urlTemplate\":\"https:\/\/veritasinfo.org\/?s={search_term_string}\"},\"query-input\":{\"@type\":\"PropertyValueSpecification\",\"valueRequired\":true,\"valueName\":\"search_term_string\"}}],\"inLanguage\":\"en-US\"},{\"@type\":\"Person\",\"@id\":\"https:\/\/veritasinfo.org\/#\/schema\/person\/bc442336e35414d04494ab8fb45db4c6\",\"name\":\"US5\",\"image\":{\"@type\":\"ImageObject\",\"inLanguage\":\"en-US\",\"@id\":\"https:\/\/veritasinfo.org\/#\/schema\/person\/image\/\",\"url\":\"https:\/\/secure.gravatar.com\/avatar\/16a61e7272a0c5d001121ebb9e60e925d5816e4ac1e443ed3e640d9a6ae55d0c?s=96&d=mm&r=g\",\"contentUrl\":\"https:\/\/secure.gravatar.com\/avatar\/16a61e7272a0c5d001121ebb9e60e925d5816e4ac1e443ed3e640d9a6ae55d0c?s=96&d=mm&r=g\",\"caption\":\"US5\"},\"url\":\"https:\/\/veritasinfo.org\/?author=6\"}]}<\/script>\n<!-- \/ Yoast SEO plugin. -->","yoast_head_json":{"title":"Ambasada amerikane nderon rreshterin Afrim Bunjaku n\u00eb dyvjetorin e r\u00ebnies s\u00eb tij -","robots":{"index":"index","follow":"follow","max-snippet":"max-snippet:-1","max-image-preview":"max-image-preview:large","max-video-preview":"max-video-preview:-1"},"canonical":"https:\/\/veritasinfo.org\/?p=13573","og_locale":"en_US","og_type":"article","og_title":"Ambasada amerikane nderon rreshterin Afrim Bunjaku n\u00eb dyvjetorin e r\u00ebnies s\u00eb tij -","og_description":"Prishtin\u00eb 24 Shtator 2025 E ngarkuara me pun\u00eb n\u00eb Ambasad\u00ebn e Shteteve t\u00eb Bashkuara n\u00eb Kosov\u00eb, Anu Prattipati, ka marr\u00eb pjes\u00eb n\u00eb Akademin\u00eb P\u00ebrkujtimore p\u00ebr","og_url":"https:\/\/veritasinfo.org\/?p=13573","article_published_time":"2025-09-24T15:17:11+00:00","og_image":[{"width":1245,"height":700,"url":"https:\/\/veritasinfo.org\/wp-content\/uploads\/2025\/09\/image-7.webp","type":"image\/webp"}],"author":"US5","twitter_card":"summary_large_image","twitter_misc":{"Written by":"US5","Est. reading time":"1 minute"},"schema":{"@context":"https:\/\/schema.org","@graph":[{"@type":"WebPage","@id":"https:\/\/veritasinfo.org\/?p=13573","url":"https:\/\/veritasinfo.org\/?p=13573","name":"Ambasada amerikane nderon rreshterin Afrim Bunjaku n\u00eb dyvjetorin e r\u00ebnies s\u00eb tij -","isPartOf":{"@id":"https:\/\/veritasinfo.org\/#website"},"primaryImageOfPage":{"@id":"https:\/\/veritasinfo.org\/?p=13573#primaryimage"},"image":{"@id":"https:\/\/veritasinfo.org\/?p=13573#primaryimage"},"thumbnailUrl":"https:\/\/veritasinfo.org\/wp-content\/uploads\/2025\/09\/image-7.webp","datePublished":"2025-09-24T15:17:11+00:00","author":{"@id":"https:\/\/veritasinfo.org\/#\/schema\/person\/bc442336e35414d04494ab8fb45db4c6"},"breadcrumb":{"@id":"https:\/\/veritasinfo.org\/?p=13573#breadcrumb"},"inLanguage":"en-US","potentialAction":[{"@type":"ReadAction","target":["https:\/\/veritasinfo.org\/?p=13573"]}]},{"@type":"ImageObject","inLanguage":"en-US","@id":"https:\/\/veritasinfo.org\/?p=13573#primaryimage","url":"https:\/\/veritasinfo.org\/wp-content\/uploads\/2025\/09\/image-7.webp","contentUrl":"https:\/\/veritasinfo.org\/wp-content\/uploads\/2025\/09\/image-7.webp","width":1245,"height":700},{"@type":"BreadcrumbList","@id":"https:\/\/veritasinfo.org\/?p=13573#breadcrumb","itemListElement":[{"@type":"ListItem","position":1,"name":"Home","item":"https:\/\/veritasinfo.org\/"},{"@type":"ListItem","position":2,"name":"Ambasada amerikane nderon rreshterin Afrim Bunjaku n\u00eb dyvjetorin e r\u00ebnies s\u00eb tij"}]},{"@type":"WebSite","@id":"https:\/\/veritasinfo.org\/#website","url":"https:\/\/veritasinfo.org\/","name":"","description":"","potentialAction":[{"@type":"SearchAction","target":{"@type":"EntryPoint","urlTemplate":"https:\/\/veritasinfo.org\/?s={search_term_string}"},"query-input":{"@type":"PropertyValueSpecification","valueRequired":true,"valueName":"search_term_string"}}],"inLanguage":"en-US"},{"@type":"Person","@id":"https:\/\/veritasinfo.org\/#\/schema\/person\/bc442336e35414d04494ab8fb45db4c6","name":"US5","image":{"@type":"ImageObject","inLanguage":"en-US","@id":"https:\/\/veritasinfo.org\/#\/schema\/person\/image\/","url":"https:\/\/secure.gravatar.com\/avatar\/16a61e7272a0c5d001121ebb9e60e925d5816e4ac1e443ed3e640d9a6ae55d0c?s=96&d=mm&r=g","contentUrl":"https:\/\/secure.gravatar.com\/avatar\/16a61e7272a0c5d001121ebb9e60e925d5816e4ac1e443ed3e640d9a6ae55d0c?s=96&d=mm&r=g","caption":"US5"},"url":"https:\/\/veritasinfo.org\/?author=6"}]}},"featured_image_urls":{"full":["https:\/\/veritasinfo.org\/wp-content\/uploads\/2025\/09\/image-7.webp",1245,700,false],"thumbnail":["https:\/\/veritasinfo.org\/wp-content\/uploads\/2025\/09\/image-7-150x150.webp",150,150,true],"medium":["https:\/\/veritasinfo.org\/wp-content\/uploads\/2025\/09\/image-7-300x169.webp",300,169,true],"medium_large":["https:\/\/veritasinfo.org\/wp-content\/uploads\/2025\/09\/image-7-768x432.webp",640,360,true],"large":["https:\/\/veritasinfo.org\/wp-content\/uploads\/2025\/09\/image-7-1024x576.webp",640,360,true],"1536x1536":["https:\/\/veritasinfo.org\/wp-content\/uploads\/2025\/09\/image-7.webp",1245,700,false],"2048x2048":["https:\/\/veritasinfo.org\/wp-content\/uploads\/2025\/09\/image-7.webp",1245,700,false],"kreeti-slider-full":["https:\/\/veritasinfo.org\/wp-content\/uploads\/2025\/09\/image-7.webp",1245,700,false],"kreeti-featured":["https:\/\/veritasinfo.org\/wp-content\/uploads\/2025\/09\/image-7.webp",1024,576,false],"kreeti-medium":["https:\/\/veritasinfo.org\/wp-content\/uploads\/2025\/09\/image-7.webp",720,405,false],"kreeti-medium-square":["https:\/\/veritasinfo.org\/wp-content\/uploads\/2025\/09\/image-7.webp",350,197,false]},"author_info":{"info":["US5"]},"category_info":"<a href=\"https:\/\/veritasinfo.org\/?cat=60\" rel=\"category\">Shoq\u00ebrore<\/a>","tag_info":"Shoq\u00ebrore","comment_count":"0","_links":{"self":[{"href":"https:\/\/veritasinfo.org\/index.php?rest_route=\/wp\/v2\/posts\/13573","targetHints":{"allow":["GET"]}}],"collection":[{"href":"https:\/\/veritasinfo.org\/index.php?rest_route=\/wp\/v2\/posts"}],"about":[{"href":"https:\/\/veritasinfo.org\/index.php?rest_route=\/wp\/v2\/types\/post"}],"author":[{"embeddable":true,"href":"https:\/\/veritasinfo.org\/index.php?rest_route=\/wp\/v2\/users\/6"}],"replies":[{"embeddable":true,"href":"https:\/\/veritasinfo.org\/index.php?rest_route=%2Fwp%2Fv2%2Fcomments&post=13573"}],"version-history":[{"count":1,"href":"https:\/\/veritasinfo.org\/index.php?rest_route=\/wp\/v2\/posts\/13573\/revisions"}],"predecessor-version":[{"id":13575,"href":"https:\/\/veritasinfo.org\/index.php?rest_route=\/wp\/v2\/posts\/13573\/revisions\/13575"}],"wp:featuredmedia":[{"embeddable":true,"href":"https:\/\/veritasinfo.org\/index.php?rest_route=\/wp\/v2\/media\/13574"}],"wp:attachment":[{"href":"https:\/\/veritasinfo.org\/index.php?rest_route=%2Fwp%2Fv2%2Fmedia&parent=13573"}],"wp:term":[{"taxonomy":"category","embeddable":true,"href":"https:\/\/veritasinfo.org\/index.php?rest_route=%2Fwp%2Fv2%2Fcategories&post=13573"},{"taxonomy":"post_tag","embeddable":true,"href":"https:\/\/veritasinfo.org\/index.php?rest_route=%2Fwp%2Fv2%2Ftags&post=13573"}],"curies":[{"name":"wp","href":"https:\/\/api.w.org\/{rel}","templated":true}]}}