{"id":1357,"date":"2025-06-23T13:01:42","date_gmt":"2025-06-23T11:01:42","guid":{"rendered":"https:\/\/veritasinfo.org\/?p=1357"},"modified":"2025-06-23T13:01:42","modified_gmt":"2025-06-23T11:01:42","slug":"svecla-arsenijeviq-eshte-i-kerkuar-do-te-ndalohet-sapo-te-jete-ne-kosove","status":"publish","type":"post","link":"https:\/\/veritasinfo.org\/?p=1357","title":{"rendered":"Sve\u00e7la: Arsenijeviq \u00ebsht\u00eb i k\u00ebrkuar, do t\u00eb ndalohet sapo t\u00eb jet\u00eb n\u00eb Kosov\u00eb"},"content":{"rendered":"<p>Prishtin\u00eb, 23.06.2025<\/p>\n<p><strong>Ministri n\u00eb detyr\u00eb i Pun\u00ebve t\u00eb Brendshme, Xhelal Sve\u00e7la tha se politikani serb Aleksand\u00ebr Arseijeviq \u00ebsht\u00eb n\u00eb k\u00ebrkim nga organet e ndjekjes dhe do t\u00eb ndalohet sapo t\u00eb jet\u00eb n\u00eb territorin e Kosov\u00ebs.<\/strong><\/p>\n<p>Sve\u00e7la tha se nga informatat q\u00eb ka nj\u00eb dit\u00eb m\u00eb par\u00eb jan\u00eb bastisur prona t\u00eb tij dhe familjes s\u00eb politikanit serb ku tregoi se \u00e7ka \u00ebsht\u00eb gjetur aty.<\/p>\n<p>\u201cAi nuk ndodhet n\u00eb Kosov\u00eb, organet e ndjekjes jan\u00eb n\u00eb k\u00ebrkim. N\u00eb \u00a0momentin q\u00eb vije n\u00eb territorin e Kosov\u00ebs do t\u00eb ndalet, pastaj \u00ebsht\u00eb \u00e7\u00ebshtje e policis\u00eb e prokuroris\u00eb. Sipas informatave q\u00eb m\u00eb jan\u00eb dh\u00ebn\u00eb, tri prona t\u00eb tij dhe familjes s\u00eb tij bastisur dje, nd\u00ebr t\u00eb tjera jan\u00eb gjetur pajisje edhe p\u00ebr kriptovaluta q\u00eb \u00ebsht\u00eb shkelje doganore, nj\u00eb jelek antiplumb dhe disa gj\u00ebra t\u00eb tjera minore,por gj\u00eb q\u00eb tregon se ai ka qen\u00eb i ky\u00e7ur n\u00eb krim qe nj\u00eb koh\u00eb t\u00eb gjat\u00eb\u201d, deklaroi ministri n\u00eb detyr\u00eb Sve\u00e7la.<\/p>\n<p>I pyetur n\u00ebse Arsenijeviq mund t\u00eb jet\u00eb i p\u00ebrfshir\u00eb edhe n\u00eb sulmin e Banjsk\u00ebs, Sve\u00e7la tha se ato jan\u00eb \u00e7\u00ebshtje p\u00ebr hetim.<\/p>\n<p>Nj\u00eb dit\u00eb m\u00eb par\u00eb n\u00eb nj\u00eb operacion t\u00eb p\u00ebrbashk\u00ebt mes Policis\u00eb s\u00eb Kosov\u00ebs, Agjencis\u00eb Kosovare t\u00eb Inteligjenc\u00ebs (AKI), Prokuroris\u00eb, me mbik\u00ebqyrje nga KFOR dhe EULEX, \u00ebsht\u00eb kryer nj\u00eb bastisje n\u00eb fshatin Vallaq t\u00eb Zve\u00e7anit, ku jan\u00eb gjetur nj\u00eb arsenal arm\u00ebsh t\u00eb r\u00ebnda, p\u00ebrfshir\u00eb raketahedh\u00ebs dore (zolla), granata dore, tronblona, arm\u00eb dhe municion i llojeve t\u00eb ndryshme.<\/p>\n<p>Ndryshe ministri n\u00eb detyr\u00eb i Pun\u00ebve t\u00eb Brendshme, Xhelal Sve\u00e7la, tha se arm\u00ebt jan\u00eb sekuestruar n\u00eb nj\u00eb objekt q\u00eb i p\u00ebrket politikanit serb, Aleksandar Arsenijevic, duke e cil\u00ebsuar k\u00ebt\u00eb arsenal si mjaftuesh\u00ebm p\u00ebr veprime terroriste.<\/p>\n","protected":false},"excerpt":{"rendered":"<p>Prishtin\u00eb, 23.06.2025 Ministri n\u00eb detyr\u00eb i Pun\u00ebve t\u00eb Brendshme, Xhelal Sve\u00e7la tha se politikani serb Aleksand\u00ebr Arseijeviq \u00ebsht\u00eb n\u00eb k\u00ebrkim nga organet e ndjekjes dhe<\/p>\n","protected":false},"author":1,"featured_media":1358,"comment_status":"open","ping_status":"open","sticky":false,"template":"","format":"standard","meta":{"footnotes":""},"categories":[60],"tags":[],"class_list":["post-1357","post","type-post","status-publish","format-standard","has-post-thumbnail","hentry","category-shoqerore-sq"],"yoast_head":"<!-- This site is optimized with the Yoast SEO plugin v25.3.1 - https:\/\/yoast.com\/wordpress\/plugins\/seo\/ -->\n<title>Sve\u00e7la: Arsenijeviq \u00ebsht\u00eb i k\u00ebrkuar, do t\u00eb ndalohet sapo t\u00eb jet\u00eb n\u00eb Kosov\u00eb -<\/title>\n<meta name=\"robots\" content=\"index, follow, max-snippet:-1, max-image-preview:large, max-video-preview:-1\" \/>\n<link rel=\"canonical\" href=\"https:\/\/veritasinfo.org\/?p=1357\" \/>\n<meta property=\"og:locale\" content=\"en_US\" \/>\n<meta property=\"og:type\" content=\"article\" \/>\n<meta property=\"og:title\" content=\"Sve\u00e7la: Arsenijeviq \u00ebsht\u00eb i k\u00ebrkuar, do t\u00eb ndalohet sapo t\u00eb jet\u00eb n\u00eb Kosov\u00eb -\" \/>\n<meta property=\"og:description\" content=\"Prishtin\u00eb, 23.06.2025 Ministri n\u00eb detyr\u00eb i Pun\u00ebve t\u00eb Brendshme, Xhelal Sve\u00e7la tha se politikani serb Aleksand\u00ebr Arseijeviq \u00ebsht\u00eb n\u00eb k\u00ebrkim nga organet e ndjekjes dhe\" \/>\n<meta property=\"og:url\" content=\"https:\/\/veritasinfo.org\/?p=1357\" \/>\n<meta property=\"article:published_time\" content=\"2025-06-23T11:01:42+00:00\" \/>\n<meta property=\"og:image\" content=\"https:\/\/veritasinfo.org\/wp-content\/uploads\/2025\/06\/IMG_1529.jpeg\" \/>\n\t<meta property=\"og:image:width\" content=\"780\" \/>\n\t<meta property=\"og:image:height\" content=\"500\" \/>\n\t<meta property=\"og:image:type\" content=\"image\/jpeg\" \/>\n<meta name=\"author\" content=\"admin\" \/>\n<meta name=\"twitter:card\" content=\"summary_large_image\" \/>\n<meta name=\"twitter:label1\" content=\"Written by\" \/>\n\t<meta name=\"twitter:data1\" content=\"admin\" \/>\n\t<meta name=\"twitter:label2\" content=\"Est. reading time\" \/>\n\t<meta name=\"twitter:data2\" content=\"2 minutes\" \/>\n<script type=\"application\/ld+json\" class=\"yoast-schema-graph\">{\"@context\":\"https:\/\/schema.org\",\"@graph\":[{\"@type\":\"WebPage\",\"@id\":\"https:\/\/veritasinfo.org\/?p=1357\",\"url\":\"https:\/\/veritasinfo.org\/?p=1357\",\"name\":\"Sve\u00e7la: Arsenijeviq \u00ebsht\u00eb i k\u00ebrkuar, do t\u00eb ndalohet sapo t\u00eb jet\u00eb n\u00eb Kosov\u00eb -\",\"isPartOf\":{\"@id\":\"https:\/\/veritasinfo.org\/#website\"},\"primaryImageOfPage\":{\"@id\":\"https:\/\/veritasinfo.org\/?p=1357#primaryimage\"},\"image\":{\"@id\":\"https:\/\/veritasinfo.org\/?p=1357#primaryimage\"},\"thumbnailUrl\":\"https:\/\/veritasinfo.org\/wp-content\/uploads\/2025\/06\/IMG_1529.jpeg\",\"datePublished\":\"2025-06-23T11:01:42+00:00\",\"author\":{\"@id\":\"https:\/\/veritasinfo.org\/#\/schema\/person\/7701f8c088bece422266b100a712374f\"},\"breadcrumb\":{\"@id\":\"https:\/\/veritasinfo.org\/?p=1357#breadcrumb\"},\"inLanguage\":\"en-US\",\"potentialAction\":[{\"@type\":\"ReadAction\",\"target\":[\"https:\/\/veritasinfo.org\/?p=1357\"]}]},{\"@type\":\"ImageObject\",\"inLanguage\":\"en-US\",\"@id\":\"https:\/\/veritasinfo.org\/?p=1357#primaryimage\",\"url\":\"https:\/\/veritasinfo.org\/wp-content\/uploads\/2025\/06\/IMG_1529.jpeg\",\"contentUrl\":\"https:\/\/veritasinfo.org\/wp-content\/uploads\/2025\/06\/IMG_1529.jpeg\",\"width\":780,\"height\":500},{\"@type\":\"BreadcrumbList\",\"@id\":\"https:\/\/veritasinfo.org\/?p=1357#breadcrumb\",\"itemListElement\":[{\"@type\":\"ListItem\",\"position\":1,\"name\":\"Home\",\"item\":\"https:\/\/veritasinfo.org\/\"},{\"@type\":\"ListItem\",\"position\":2,\"name\":\"Sve\u00e7la: Arsenijeviq \u00ebsht\u00eb i k\u00ebrkuar, do t\u00eb ndalohet sapo t\u00eb jet\u00eb n\u00eb Kosov\u00eb\"}]},{\"@type\":\"WebSite\",\"@id\":\"https:\/\/veritasinfo.org\/#website\",\"url\":\"https:\/\/veritasinfo.org\/\",\"name\":\"\",\"description\":\"\",\"potentialAction\":[{\"@type\":\"SearchAction\",\"target\":{\"@type\":\"EntryPoint\",\"urlTemplate\":\"https:\/\/veritasinfo.org\/?s={search_term_string}\"},\"query-input\":{\"@type\":\"PropertyValueSpecification\",\"valueRequired\":true,\"valueName\":\"search_term_string\"}}],\"inLanguage\":\"en-US\"},{\"@type\":\"Person\",\"@id\":\"https:\/\/veritasinfo.org\/#\/schema\/person\/7701f8c088bece422266b100a712374f\",\"name\":\"admin\",\"image\":{\"@type\":\"ImageObject\",\"inLanguage\":\"en-US\",\"@id\":\"https:\/\/veritasinfo.org\/#\/schema\/person\/image\/\",\"url\":\"https:\/\/secure.gravatar.com\/avatar\/ea53aa3bf6c9a12d5fde8ce4deff43fef3885ae33cf60184161a50d6987cfd2f?s=96&d=mm&r=g\",\"contentUrl\":\"https:\/\/secure.gravatar.com\/avatar\/ea53aa3bf6c9a12d5fde8ce4deff43fef3885ae33cf60184161a50d6987cfd2f?s=96&d=mm&r=g\",\"caption\":\"admin\"},\"sameAs\":[\"https:\/\/veritasinfo.org\"],\"url\":\"https:\/\/veritasinfo.org\/?author=1\"}]}<\/script>\n<!-- \/ Yoast SEO plugin. -->","yoast_head_json":{"title":"Sve\u00e7la: Arsenijeviq \u00ebsht\u00eb i k\u00ebrkuar, do t\u00eb ndalohet sapo t\u00eb jet\u00eb n\u00eb Kosov\u00eb -","robots":{"index":"index","follow":"follow","max-snippet":"max-snippet:-1","max-image-preview":"max-image-preview:large","max-video-preview":"max-video-preview:-1"},"canonical":"https:\/\/veritasinfo.org\/?p=1357","og_locale":"en_US","og_type":"article","og_title":"Sve\u00e7la: Arsenijeviq \u00ebsht\u00eb i k\u00ebrkuar, do t\u00eb ndalohet sapo t\u00eb jet\u00eb n\u00eb Kosov\u00eb -","og_description":"Prishtin\u00eb, 23.06.2025 Ministri n\u00eb detyr\u00eb i Pun\u00ebve t\u00eb Brendshme, Xhelal Sve\u00e7la tha se politikani serb Aleksand\u00ebr Arseijeviq \u00ebsht\u00eb n\u00eb k\u00ebrkim nga organet e ndjekjes dhe","og_url":"https:\/\/veritasinfo.org\/?p=1357","article_published_time":"2025-06-23T11:01:42+00:00","og_image":[{"width":780,"height":500,"url":"https:\/\/veritasinfo.org\/wp-content\/uploads\/2025\/06\/IMG_1529.jpeg","type":"image\/jpeg"}],"author":"admin","twitter_card":"summary_large_image","twitter_misc":{"Written by":"admin","Est. reading time":"2 minutes"},"schema":{"@context":"https:\/\/schema.org","@graph":[{"@type":"WebPage","@id":"https:\/\/veritasinfo.org\/?p=1357","url":"https:\/\/veritasinfo.org\/?p=1357","name":"Sve\u00e7la: Arsenijeviq \u00ebsht\u00eb i k\u00ebrkuar, do t\u00eb ndalohet sapo t\u00eb jet\u00eb n\u00eb Kosov\u00eb -","isPartOf":{"@id":"https:\/\/veritasinfo.org\/#website"},"primaryImageOfPage":{"@id":"https:\/\/veritasinfo.org\/?p=1357#primaryimage"},"image":{"@id":"https:\/\/veritasinfo.org\/?p=1357#primaryimage"},"thumbnailUrl":"https:\/\/veritasinfo.org\/wp-content\/uploads\/2025\/06\/IMG_1529.jpeg","datePublished":"2025-06-23T11:01:42+00:00","author":{"@id":"https:\/\/veritasinfo.org\/#\/schema\/person\/7701f8c088bece422266b100a712374f"},"breadcrumb":{"@id":"https:\/\/veritasinfo.org\/?p=1357#breadcrumb"},"inLanguage":"en-US","potentialAction":[{"@type":"ReadAction","target":["https:\/\/veritasinfo.org\/?p=1357"]}]},{"@type":"ImageObject","inLanguage":"en-US","@id":"https:\/\/veritasinfo.org\/?p=1357#primaryimage","url":"https:\/\/veritasinfo.org\/wp-content\/uploads\/2025\/06\/IMG_1529.jpeg","contentUrl":"https:\/\/veritasinfo.org\/wp-content\/uploads\/2025\/06\/IMG_1529.jpeg","width":780,"height":500},{"@type":"BreadcrumbList","@id":"https:\/\/veritasinfo.org\/?p=1357#breadcrumb","itemListElement":[{"@type":"ListItem","position":1,"name":"Home","item":"https:\/\/veritasinfo.org\/"},{"@type":"ListItem","position":2,"name":"Sve\u00e7la: Arsenijeviq \u00ebsht\u00eb i k\u00ebrkuar, do t\u00eb ndalohet sapo t\u00eb jet\u00eb n\u00eb Kosov\u00eb"}]},{"@type":"WebSite","@id":"https:\/\/veritasinfo.org\/#website","url":"https:\/\/veritasinfo.org\/","name":"","description":"","potentialAction":[{"@type":"SearchAction","target":{"@type":"EntryPoint","urlTemplate":"https:\/\/veritasinfo.org\/?s={search_term_string}"},"query-input":{"@type":"PropertyValueSpecification","valueRequired":true,"valueName":"search_term_string"}}],"inLanguage":"en-US"},{"@type":"Person","@id":"https:\/\/veritasinfo.org\/#\/schema\/person\/7701f8c088bece422266b100a712374f","name":"admin","image":{"@type":"ImageObject","inLanguage":"en-US","@id":"https:\/\/veritasinfo.org\/#\/schema\/person\/image\/","url":"https:\/\/secure.gravatar.com\/avatar\/ea53aa3bf6c9a12d5fde8ce4deff43fef3885ae33cf60184161a50d6987cfd2f?s=96&d=mm&r=g","contentUrl":"https:\/\/secure.gravatar.com\/avatar\/ea53aa3bf6c9a12d5fde8ce4deff43fef3885ae33cf60184161a50d6987cfd2f?s=96&d=mm&r=g","caption":"admin"},"sameAs":["https:\/\/veritasinfo.org"],"url":"https:\/\/veritasinfo.org\/?author=1"}]}},"featured_image_urls":{"full":["https:\/\/veritasinfo.org\/wp-content\/uploads\/2025\/06\/IMG_1529.jpeg",780,500,false],"thumbnail":["https:\/\/veritasinfo.org\/wp-content\/uploads\/2025\/06\/IMG_1529-150x150.jpeg",150,150,true],"medium":["https:\/\/veritasinfo.org\/wp-content\/uploads\/2025\/06\/IMG_1529-300x192.jpeg",300,192,true],"medium_large":["https:\/\/veritasinfo.org\/wp-content\/uploads\/2025\/06\/IMG_1529-768x492.jpeg",640,410,true],"large":["https:\/\/veritasinfo.org\/wp-content\/uploads\/2025\/06\/IMG_1529.jpeg",640,410,false],"1536x1536":["https:\/\/veritasinfo.org\/wp-content\/uploads\/2025\/06\/IMG_1529.jpeg",780,500,false],"2048x2048":["https:\/\/veritasinfo.org\/wp-content\/uploads\/2025\/06\/IMG_1529.jpeg",780,500,false],"kreeti-slider-full":["https:\/\/veritasinfo.org\/wp-content\/uploads\/2025\/06\/IMG_1529.jpeg",780,500,false],"kreeti-featured":["https:\/\/veritasinfo.org\/wp-content\/uploads\/2025\/06\/IMG_1529.jpeg",780,500,false],"kreeti-medium":["https:\/\/veritasinfo.org\/wp-content\/uploads\/2025\/06\/IMG_1529.jpeg",720,462,false],"kreeti-medium-square":["https:\/\/veritasinfo.org\/wp-content\/uploads\/2025\/06\/IMG_1529.jpeg",350,224,false]},"author_info":{"info":["admin"]},"category_info":"<a href=\"https:\/\/veritasinfo.org\/?cat=60\" rel=\"category\">Shoq\u00ebrore<\/a>","tag_info":"Shoq\u00ebrore","comment_count":"0","_links":{"self":[{"href":"https:\/\/veritasinfo.org\/index.php?rest_route=\/wp\/v2\/posts\/1357","targetHints":{"allow":["GET"]}}],"collection":[{"href":"https:\/\/veritasinfo.org\/index.php?rest_route=\/wp\/v2\/posts"}],"about":[{"href":"https:\/\/veritasinfo.org\/index.php?rest_route=\/wp\/v2\/types\/post"}],"author":[{"embeddable":true,"href":"https:\/\/veritasinfo.org\/index.php?rest_route=\/wp\/v2\/users\/1"}],"replies":[{"embeddable":true,"href":"https:\/\/veritasinfo.org\/index.php?rest_route=%2Fwp%2Fv2%2Fcomments&post=1357"}],"version-history":[{"count":1,"href":"https:\/\/veritasinfo.org\/index.php?rest_route=\/wp\/v2\/posts\/1357\/revisions"}],"predecessor-version":[{"id":1359,"href":"https:\/\/veritasinfo.org\/index.php?rest_route=\/wp\/v2\/posts\/1357\/revisions\/1359"}],"wp:featuredmedia":[{"embeddable":true,"href":"https:\/\/veritasinfo.org\/index.php?rest_route=\/wp\/v2\/media\/1358"}],"wp:attachment":[{"href":"https:\/\/veritasinfo.org\/index.php?rest_route=%2Fwp%2Fv2%2Fmedia&parent=1357"}],"wp:term":[{"taxonomy":"category","embeddable":true,"href":"https:\/\/veritasinfo.org\/index.php?rest_route=%2Fwp%2Fv2%2Fcategories&post=1357"},{"taxonomy":"post_tag","embeddable":true,"href":"https:\/\/veritasinfo.org\/index.php?rest_route=%2Fwp%2Fv2%2Ftags&post=1357"}],"curies":[{"name":"wp","href":"https:\/\/api.w.org\/{rel}","templated":true}]}}