{"id":13567,"date":"2025-09-24T16:45:46","date_gmt":"2025-09-24T14:45:46","guid":{"rendered":"https:\/\/veritasinfo.org\/?p=13567"},"modified":"2025-09-24T16:45:46","modified_gmt":"2025-09-24T14:45:46","slug":"kurti-nuk-do-te-lejohet-te-hiqet-asnje-grime-nga-territori-sovraniteti-apo-nga-pavaresia-e-kosoves","status":"publish","type":"post","link":"https:\/\/veritasinfo.org\/?p=13567","title":{"rendered":"Kurti: Nuk do t\u00eb lejohet t\u00eb hiqet asnj\u00eb grim\u00eb nga territori, sovraniteti apo nga pavar\u00ebsia e Kosov\u00ebs"},"content":{"rendered":"<p>Prishtin\u00eb 24 Shtator 2025<\/p>\n<p><strong>Kryeministri n\u00eb detyr\u00eb, Albin Kurti, n\u00eb akademin\u00eb p\u00ebrkujtimore n\u00eb dyvjetorin e Afrim Bunjakut ka th\u00ebn\u00eb se edhe vidoexhirimet nga dron\u00ebt tregojn\u00eb se n\u00eb krye t\u00eb grupit kriminal ishte Millan Radoi\u00e7iqi.<\/strong><\/p>\n<p>Edhe p\u00ebrkund\u00ebr k\u00ebsaj, Kurti tha se Lista Serbe asnj\u00ebher\u00eb nuk e ka d\u00ebnuar sulmin terrorist serb n\u00eb Banjsk\u00eb t\u00eb Zve\u00e7anit.<\/p>\n<p>K\u00ebtu ai \u00e7oi mesazh se nuk do t\u00eb lejohet t\u00eb hiqet asnj\u00eb grim\u00eb nga territori, sovraniteti apo nga pavar\u00ebsia e Kosov\u00ebs.<\/p>\n<p>\u201cSi\u00e7 e kemi par\u00eb edhe nga videoxhirimet me dron, n\u00eb krye t\u00eb grupit kriminal ishte Milan Radoi\u00e7iq, q\u00eb n\u00eb at\u00eb koh\u00eb ishte n\u00ebnkryetar i partis\u00eb Lista Serbe. Pavar\u00ebsisht k\u00ebsaj, Lista Serbe asnj\u00ebher\u00eb nuk e ka d\u00ebnuar sulmin terrorist n\u00eb Banjsk\u00eb\u201d.<\/p>\n<p>\u201cN\u00eb k\u00ebt\u00eb pik\u00eb m\u00eb lejoni t\u00eb them sa m\u00eb qart\u00eb as Lista Serbe dhe asnj\u00eb parti apo organizat\u00eb e fsheht\u00eb apo legale, nuk do t\u00eb mund, sepse nuk do t\u00eb lejohet, ta heq\u00eb asnj\u00eb grim\u00eb nga territori, sovraniteti apo nga pavar\u00ebsia e Republik\u00ebs s\u00eb Kosov\u00ebs. Kjo sepse Kosova \u00ebsht\u00eb dhe do t\u00eb vazhdoj\u00eb q\u00eb t\u00eb mbetet histori e suksesshme e shtet-nd\u00ebrtimit, p\u00ebr t\u00eb cilin paraprakisht jan\u00eb mbajtur mij\u00ebra e mij\u00ebra vite burgosje politike, jan\u00eb vrar\u00eb mbi 2 mij\u00eb d\u00ebshmor\u00eb gjat\u00eb luft\u00ebs s\u00eb drejt\u00eb t\u00eb U\u00c7K-s\u00eb, jan\u00eb vrar\u00eb e masakruar mij\u00ebra viktima civile n\u00eb luft\u00eb pik\u00ebrisht me Serbin\u00eb\u201d, tha ai.<\/p>\n<p>&nbsp;<\/p>\n<div id=\"taboola-sponsored-mid-article\" class=\"trc_related_container tbl-trecs-container trc_spotlight_widget trc_elastic trc_elastic_sc-ma-sinjali\" data-placement-name=\"Sponsored Mid Article\">\n<div id=\"vtaboola-sponsored-mid-article-video\">\n<div id=\"_cm-css-reset\" class=\"_cm-single-inline\">\n<div class=\"_cm-inline-video\">\n<div id=\"_cm-css-reset\">\n<div id=\"_cm-css-reset\" class=\"_cm-video-ad vpaid-player-container\"><\/div>\n<\/div>\n<\/div>\n<\/div>\n<\/div>\n<\/div>\n<p>&nbsp;<\/p>\n","protected":false},"excerpt":{"rendered":"<p>Prishtin\u00eb 24 Shtator 2025 Kryeministri n\u00eb detyr\u00eb, Albin Kurti, n\u00eb akademin\u00eb p\u00ebrkujtimore n\u00eb dyvjetorin e Afrim Bunjakut ka th\u00ebn\u00eb se edhe vidoexhirimet nga dron\u00ebt tregojn\u00eb<\/p>\n","protected":false},"author":6,"featured_media":13568,"comment_status":"open","ping_status":"open","sticky":false,"template":"","format":"standard","meta":{"footnotes":""},"categories":[60],"tags":[],"class_list":["post-13567","post","type-post","status-publish","format-standard","has-post-thumbnail","hentry","category-shoqerore-sq"],"yoast_head":"<!-- This site is optimized with the Yoast SEO plugin v25.3.1 - https:\/\/yoast.com\/wordpress\/plugins\/seo\/ -->\n<title>Kurti: Nuk do t\u00eb lejohet t\u00eb hiqet asnj\u00eb grim\u00eb nga territori, sovraniteti apo nga pavar\u00ebsia e Kosov\u00ebs -<\/title>\n<meta name=\"robots\" content=\"index, follow, max-snippet:-1, max-image-preview:large, max-video-preview:-1\" \/>\n<link rel=\"canonical\" href=\"https:\/\/veritasinfo.org\/?p=13567\" \/>\n<meta property=\"og:locale\" content=\"en_US\" \/>\n<meta property=\"og:type\" content=\"article\" \/>\n<meta property=\"og:title\" content=\"Kurti: Nuk do t\u00eb lejohet t\u00eb hiqet asnj\u00eb grim\u00eb nga territori, sovraniteti apo nga pavar\u00ebsia e Kosov\u00ebs -\" \/>\n<meta property=\"og:description\" content=\"Prishtin\u00eb 24 Shtator 2025 Kryeministri n\u00eb detyr\u00eb, Albin Kurti, n\u00eb akademin\u00eb p\u00ebrkujtimore n\u00eb dyvjetorin e Afrim Bunjakut ka th\u00ebn\u00eb se edhe vidoexhirimet nga dron\u00ebt tregojn\u00eb\" \/>\n<meta property=\"og:url\" content=\"https:\/\/veritasinfo.org\/?p=13567\" \/>\n<meta property=\"article:published_time\" content=\"2025-09-24T14:45:46+00:00\" \/>\n<meta property=\"og:image\" content=\"https:\/\/veritasinfo.org\/wp-content\/uploads\/2025\/09\/albin-kurti-akademia-perkujtimore-1333x1000-1.jpg\" \/>\n\t<meta property=\"og:image:width\" content=\"1333\" \/>\n\t<meta property=\"og:image:height\" content=\"1000\" \/>\n\t<meta property=\"og:image:type\" content=\"image\/jpeg\" \/>\n<meta name=\"author\" content=\"US5\" \/>\n<meta name=\"twitter:card\" content=\"summary_large_image\" \/>\n<meta name=\"twitter:label1\" content=\"Written by\" \/>\n\t<meta name=\"twitter:data1\" content=\"US5\" \/>\n\t<meta name=\"twitter:label2\" content=\"Est. reading time\" \/>\n\t<meta name=\"twitter:data2\" content=\"2 minutes\" \/>\n<script type=\"application\/ld+json\" class=\"yoast-schema-graph\">{\"@context\":\"https:\/\/schema.org\",\"@graph\":[{\"@type\":\"WebPage\",\"@id\":\"https:\/\/veritasinfo.org\/?p=13567\",\"url\":\"https:\/\/veritasinfo.org\/?p=13567\",\"name\":\"Kurti: Nuk do t\u00eb lejohet t\u00eb hiqet asnj\u00eb grim\u00eb nga territori, sovraniteti apo nga pavar\u00ebsia e Kosov\u00ebs -\",\"isPartOf\":{\"@id\":\"https:\/\/veritasinfo.org\/#website\"},\"primaryImageOfPage\":{\"@id\":\"https:\/\/veritasinfo.org\/?p=13567#primaryimage\"},\"image\":{\"@id\":\"https:\/\/veritasinfo.org\/?p=13567#primaryimage\"},\"thumbnailUrl\":\"https:\/\/veritasinfo.org\/wp-content\/uploads\/2025\/09\/albin-kurti-akademia-perkujtimore-1333x1000-1.jpg\",\"datePublished\":\"2025-09-24T14:45:46+00:00\",\"author\":{\"@id\":\"https:\/\/veritasinfo.org\/#\/schema\/person\/bc442336e35414d04494ab8fb45db4c6\"},\"breadcrumb\":{\"@id\":\"https:\/\/veritasinfo.org\/?p=13567#breadcrumb\"},\"inLanguage\":\"en-US\",\"potentialAction\":[{\"@type\":\"ReadAction\",\"target\":[\"https:\/\/veritasinfo.org\/?p=13567\"]}]},{\"@type\":\"ImageObject\",\"inLanguage\":\"en-US\",\"@id\":\"https:\/\/veritasinfo.org\/?p=13567#primaryimage\",\"url\":\"https:\/\/veritasinfo.org\/wp-content\/uploads\/2025\/09\/albin-kurti-akademia-perkujtimore-1333x1000-1.jpg\",\"contentUrl\":\"https:\/\/veritasinfo.org\/wp-content\/uploads\/2025\/09\/albin-kurti-akademia-perkujtimore-1333x1000-1.jpg\",\"width\":1333,\"height\":1000},{\"@type\":\"BreadcrumbList\",\"@id\":\"https:\/\/veritasinfo.org\/?p=13567#breadcrumb\",\"itemListElement\":[{\"@type\":\"ListItem\",\"position\":1,\"name\":\"Home\",\"item\":\"https:\/\/veritasinfo.org\/\"},{\"@type\":\"ListItem\",\"position\":2,\"name\":\"Kurti: Nuk do t\u00eb lejohet t\u00eb hiqet asnj\u00eb grim\u00eb nga territori, sovraniteti apo nga pavar\u00ebsia e Kosov\u00ebs\"}]},{\"@type\":\"WebSite\",\"@id\":\"https:\/\/veritasinfo.org\/#website\",\"url\":\"https:\/\/veritasinfo.org\/\",\"name\":\"\",\"description\":\"\",\"potentialAction\":[{\"@type\":\"SearchAction\",\"target\":{\"@type\":\"EntryPoint\",\"urlTemplate\":\"https:\/\/veritasinfo.org\/?s={search_term_string}\"},\"query-input\":{\"@type\":\"PropertyValueSpecification\",\"valueRequired\":true,\"valueName\":\"search_term_string\"}}],\"inLanguage\":\"en-US\"},{\"@type\":\"Person\",\"@id\":\"https:\/\/veritasinfo.org\/#\/schema\/person\/bc442336e35414d04494ab8fb45db4c6\",\"name\":\"US5\",\"image\":{\"@type\":\"ImageObject\",\"inLanguage\":\"en-US\",\"@id\":\"https:\/\/veritasinfo.org\/#\/schema\/person\/image\/\",\"url\":\"https:\/\/secure.gravatar.com\/avatar\/16a61e7272a0c5d001121ebb9e60e925d5816e4ac1e443ed3e640d9a6ae55d0c?s=96&d=mm&r=g\",\"contentUrl\":\"https:\/\/secure.gravatar.com\/avatar\/16a61e7272a0c5d001121ebb9e60e925d5816e4ac1e443ed3e640d9a6ae55d0c?s=96&d=mm&r=g\",\"caption\":\"US5\"},\"url\":\"https:\/\/veritasinfo.org\/?author=6\"}]}<\/script>\n<!-- \/ Yoast SEO plugin. -->","yoast_head_json":{"title":"Kurti: Nuk do t\u00eb lejohet t\u00eb hiqet asnj\u00eb grim\u00eb nga territori, sovraniteti apo nga pavar\u00ebsia e Kosov\u00ebs -","robots":{"index":"index","follow":"follow","max-snippet":"max-snippet:-1","max-image-preview":"max-image-preview:large","max-video-preview":"max-video-preview:-1"},"canonical":"https:\/\/veritasinfo.org\/?p=13567","og_locale":"en_US","og_type":"article","og_title":"Kurti: Nuk do t\u00eb lejohet t\u00eb hiqet asnj\u00eb grim\u00eb nga territori, sovraniteti apo nga pavar\u00ebsia e Kosov\u00ebs -","og_description":"Prishtin\u00eb 24 Shtator 2025 Kryeministri n\u00eb detyr\u00eb, Albin Kurti, n\u00eb akademin\u00eb p\u00ebrkujtimore n\u00eb dyvjetorin e Afrim Bunjakut ka th\u00ebn\u00eb se edhe vidoexhirimet nga dron\u00ebt tregojn\u00eb","og_url":"https:\/\/veritasinfo.org\/?p=13567","article_published_time":"2025-09-24T14:45:46+00:00","og_image":[{"width":1333,"height":1000,"url":"https:\/\/veritasinfo.org\/wp-content\/uploads\/2025\/09\/albin-kurti-akademia-perkujtimore-1333x1000-1.jpg","type":"image\/jpeg"}],"author":"US5","twitter_card":"summary_large_image","twitter_misc":{"Written by":"US5","Est. reading time":"2 minutes"},"schema":{"@context":"https:\/\/schema.org","@graph":[{"@type":"WebPage","@id":"https:\/\/veritasinfo.org\/?p=13567","url":"https:\/\/veritasinfo.org\/?p=13567","name":"Kurti: Nuk do t\u00eb lejohet t\u00eb hiqet asnj\u00eb grim\u00eb nga territori, sovraniteti apo nga pavar\u00ebsia e Kosov\u00ebs -","isPartOf":{"@id":"https:\/\/veritasinfo.org\/#website"},"primaryImageOfPage":{"@id":"https:\/\/veritasinfo.org\/?p=13567#primaryimage"},"image":{"@id":"https:\/\/veritasinfo.org\/?p=13567#primaryimage"},"thumbnailUrl":"https:\/\/veritasinfo.org\/wp-content\/uploads\/2025\/09\/albin-kurti-akademia-perkujtimore-1333x1000-1.jpg","datePublished":"2025-09-24T14:45:46+00:00","author":{"@id":"https:\/\/veritasinfo.org\/#\/schema\/person\/bc442336e35414d04494ab8fb45db4c6"},"breadcrumb":{"@id":"https:\/\/veritasinfo.org\/?p=13567#breadcrumb"},"inLanguage":"en-US","potentialAction":[{"@type":"ReadAction","target":["https:\/\/veritasinfo.org\/?p=13567"]}]},{"@type":"ImageObject","inLanguage":"en-US","@id":"https:\/\/veritasinfo.org\/?p=13567#primaryimage","url":"https:\/\/veritasinfo.org\/wp-content\/uploads\/2025\/09\/albin-kurti-akademia-perkujtimore-1333x1000-1.jpg","contentUrl":"https:\/\/veritasinfo.org\/wp-content\/uploads\/2025\/09\/albin-kurti-akademia-perkujtimore-1333x1000-1.jpg","width":1333,"height":1000},{"@type":"BreadcrumbList","@id":"https:\/\/veritasinfo.org\/?p=13567#breadcrumb","itemListElement":[{"@type":"ListItem","position":1,"name":"Home","item":"https:\/\/veritasinfo.org\/"},{"@type":"ListItem","position":2,"name":"Kurti: Nuk do t\u00eb lejohet t\u00eb hiqet asnj\u00eb grim\u00eb nga territori, sovraniteti apo nga pavar\u00ebsia e Kosov\u00ebs"}]},{"@type":"WebSite","@id":"https:\/\/veritasinfo.org\/#website","url":"https:\/\/veritasinfo.org\/","name":"","description":"","potentialAction":[{"@type":"SearchAction","target":{"@type":"EntryPoint","urlTemplate":"https:\/\/veritasinfo.org\/?s={search_term_string}"},"query-input":{"@type":"PropertyValueSpecification","valueRequired":true,"valueName":"search_term_string"}}],"inLanguage":"en-US"},{"@type":"Person","@id":"https:\/\/veritasinfo.org\/#\/schema\/person\/bc442336e35414d04494ab8fb45db4c6","name":"US5","image":{"@type":"ImageObject","inLanguage":"en-US","@id":"https:\/\/veritasinfo.org\/#\/schema\/person\/image\/","url":"https:\/\/secure.gravatar.com\/avatar\/16a61e7272a0c5d001121ebb9e60e925d5816e4ac1e443ed3e640d9a6ae55d0c?s=96&d=mm&r=g","contentUrl":"https:\/\/secure.gravatar.com\/avatar\/16a61e7272a0c5d001121ebb9e60e925d5816e4ac1e443ed3e640d9a6ae55d0c?s=96&d=mm&r=g","caption":"US5"},"url":"https:\/\/veritasinfo.org\/?author=6"}]}},"featured_image_urls":{"full":["https:\/\/veritasinfo.org\/wp-content\/uploads\/2025\/09\/albin-kurti-akademia-perkujtimore-1333x1000-1.jpg",1333,1000,false],"thumbnail":["https:\/\/veritasinfo.org\/wp-content\/uploads\/2025\/09\/albin-kurti-akademia-perkujtimore-1333x1000-1-150x150.jpg",150,150,true],"medium":["https:\/\/veritasinfo.org\/wp-content\/uploads\/2025\/09\/albin-kurti-akademia-perkujtimore-1333x1000-1-300x225.jpg",300,225,true],"medium_large":["https:\/\/veritasinfo.org\/wp-content\/uploads\/2025\/09\/albin-kurti-akademia-perkujtimore-1333x1000-1-768x576.jpg",640,480,true],"large":["https:\/\/veritasinfo.org\/wp-content\/uploads\/2025\/09\/albin-kurti-akademia-perkujtimore-1333x1000-1-1024x768.jpg",640,480,true],"1536x1536":["https:\/\/veritasinfo.org\/wp-content\/uploads\/2025\/09\/albin-kurti-akademia-perkujtimore-1333x1000-1.jpg",1333,1000,false],"2048x2048":["https:\/\/veritasinfo.org\/wp-content\/uploads\/2025\/09\/albin-kurti-akademia-perkujtimore-1333x1000-1.jpg",1333,1000,false],"kreeti-slider-full":["https:\/\/veritasinfo.org\/wp-content\/uploads\/2025\/09\/albin-kurti-akademia-perkujtimore-1333x1000-1.jpg",960,720,false],"kreeti-featured":["https:\/\/veritasinfo.org\/wp-content\/uploads\/2025\/09\/albin-kurti-akademia-perkujtimore-1333x1000-1.jpg",1024,768,false],"kreeti-medium":["https:\/\/veritasinfo.org\/wp-content\/uploads\/2025\/09\/albin-kurti-akademia-perkujtimore-1333x1000-1.jpg",706,530,false],"kreeti-medium-square":["https:\/\/veritasinfo.org\/wp-content\/uploads\/2025\/09\/albin-kurti-akademia-perkujtimore-1333x1000-1.jpg",350,263,false]},"author_info":{"info":["US5"]},"category_info":"<a href=\"https:\/\/veritasinfo.org\/?cat=60\" rel=\"category\">Shoq\u00ebrore<\/a>","tag_info":"Shoq\u00ebrore","comment_count":"0","_links":{"self":[{"href":"https:\/\/veritasinfo.org\/index.php?rest_route=\/wp\/v2\/posts\/13567","targetHints":{"allow":["GET"]}}],"collection":[{"href":"https:\/\/veritasinfo.org\/index.php?rest_route=\/wp\/v2\/posts"}],"about":[{"href":"https:\/\/veritasinfo.org\/index.php?rest_route=\/wp\/v2\/types\/post"}],"author":[{"embeddable":true,"href":"https:\/\/veritasinfo.org\/index.php?rest_route=\/wp\/v2\/users\/6"}],"replies":[{"embeddable":true,"href":"https:\/\/veritasinfo.org\/index.php?rest_route=%2Fwp%2Fv2%2Fcomments&post=13567"}],"version-history":[{"count":1,"href":"https:\/\/veritasinfo.org\/index.php?rest_route=\/wp\/v2\/posts\/13567\/revisions"}],"predecessor-version":[{"id":13569,"href":"https:\/\/veritasinfo.org\/index.php?rest_route=\/wp\/v2\/posts\/13567\/revisions\/13569"}],"wp:featuredmedia":[{"embeddable":true,"href":"https:\/\/veritasinfo.org\/index.php?rest_route=\/wp\/v2\/media\/13568"}],"wp:attachment":[{"href":"https:\/\/veritasinfo.org\/index.php?rest_route=%2Fwp%2Fv2%2Fmedia&parent=13567"}],"wp:term":[{"taxonomy":"category","embeddable":true,"href":"https:\/\/veritasinfo.org\/index.php?rest_route=%2Fwp%2Fv2%2Fcategories&post=13567"},{"taxonomy":"post_tag","embeddable":true,"href":"https:\/\/veritasinfo.org\/index.php?rest_route=%2Fwp%2Fv2%2Ftags&post=13567"}],"curies":[{"name":"wp","href":"https:\/\/api.w.org\/{rel}","templated":true}]}}