{"id":13546,"date":"2025-09-24T16:04:00","date_gmt":"2025-09-24T14:04:00","guid":{"rendered":"https:\/\/veritasinfo.org\/?p=13546"},"modified":"2025-09-24T16:04:00","modified_gmt":"2025-09-24T14:04:00","slug":"basha-kerkon-nga-nderkombetaret-ti-bejne-trysni-serbise-per-ti-dorezuar-kriminelet-serbe","status":"publish","type":"post","link":"https:\/\/veritasinfo.org\/?p=13546","title":{"rendered":"Basha k\u00ebrkon nga nd\u00ebrkomb\u00ebtar\u00ebt t\u2019i b\u00ebjn\u00eb trysni Serbis\u00eb p\u00ebr t\u2019i dor\u00ebzuar kriminel\u00ebt serb\u00eb"},"content":{"rendered":"<p>Prishtin\u00eb 24 Shtator 2025<\/p>\n<p>Kryetari i Kuvendit t\u00eb Kosov\u00ebs, Dimal Basha, u ka b\u00ebr\u00eb thirrje nd\u00ebrkomb\u00ebtar\u00ebve t\u00eb b\u00ebjn\u00eb trysni te Serbia p\u00ebr t\u2019i dor\u00ebzuar kriminel\u00ebt serb\u00eb t\u00eb cil\u00ebt sulmuan Banjsk\u00ebn e Zve\u00e7anit e ku mbeti i vrar\u00eb rreshteri i Policis\u00eb s\u00eb Kosov\u00ebs, Afrim Bunjaku.<\/p>\n<p>K\u00ebt\u00eb thirrje ai e b\u00ebri gjat\u00eb Akademis\u00eb p\u00ebrkujtimore me rastin e dyvjetorit t\u00eb r\u00ebnies s\u00eb heroit Afrim Bunjaku.<\/p>\n<p>\u201cSot nderojm\u00eb heroizmin e nj\u00eb prej bijve m\u00eb t\u00eb devotsh\u00ebm t\u00eb republik\u00ebs son\u00eb, heroit ton\u00eb Afrim Bunajku. Me vepr\u00ebn e tij sublime ai u b\u00eb d\u00ebshmi dhe garanci e sovranitetit dhe integritetit territorial t\u00eb Kosov\u00ebs. Bashk\u00eb me koleg\u00ebt e tij polic\u00eb, dy vjet m\u00eb par\u00eb e n\u00eb vazhdim\u00ebsi u d\u00ebshmua se mbrojtja e republik\u00ebs p\u00ebrve\u00e7 detyr\u00eb profesionale, \u00ebsht\u00eb p\u00ebrkushtim e betim p\u00ebr mbrojtjen e bazamenteve t\u00eb Kushtetut\u00ebs son\u00eb q\u00eb Kosova t\u00eb mbetet gjithmon\u00eb shtet i pavarur, sovran, unik dhe i pandash\u00ebm. Akti terrorist i dy viteve m\u00eb par\u00eb q\u00eb i mori jet\u00ebn rreshterit Bunajku ishte i sponsorizuar, i financuar dhe i realizuar nga vet\u00eb shteti serb. Pasi fal\u00eb heroizmit e atdhedashuris\u00eb s\u00eb polic\u00ebve tan\u00eb q\u00eb mbrojt\u00ebn territorin duke ia d\u00ebshtuar planin Serbis\u00eb, ajo u b\u00eb streh\u00eb p\u00ebr ekzekutuesit e k\u00ebtij akti, duke d\u00ebshmuar q\u00eb vazhdon t\u00eb mbaj\u00eb gjall\u00eb politik\u00ebn destabilizuese dhe armiq\u00ebsore ndaj shtetit ton\u00eb\u201d, tha ai.<\/p>\n","protected":false},"excerpt":{"rendered":"<p>Prishtin\u00eb 24 Shtator 2025 Kryetari i Kuvendit t\u00eb Kosov\u00ebs, Dimal Basha, u ka b\u00ebr\u00eb thirrje nd\u00ebrkomb\u00ebtar\u00ebve t\u00eb b\u00ebjn\u00eb trysni te Serbia p\u00ebr t\u2019i dor\u00ebzuar kriminel\u00ebt<\/p>\n","protected":false},"author":6,"featured_media":13548,"comment_status":"open","ping_status":"open","sticky":false,"template":"","format":"standard","meta":{"footnotes":""},"categories":[60],"tags":[],"class_list":["post-13546","post","type-post","status-publish","format-standard","has-post-thumbnail","hentry","category-shoqerore-sq"],"yoast_head":"<!-- This site is optimized with the Yoast SEO plugin v25.3.1 - https:\/\/yoast.com\/wordpress\/plugins\/seo\/ -->\n<title>Basha k\u00ebrkon nga nd\u00ebrkomb\u00ebtar\u00ebt t\u2019i b\u00ebjn\u00eb trysni Serbis\u00eb p\u00ebr t\u2019i dor\u00ebzuar kriminel\u00ebt serb\u00eb -<\/title>\n<meta name=\"robots\" content=\"index, follow, max-snippet:-1, max-image-preview:large, max-video-preview:-1\" \/>\n<link rel=\"canonical\" href=\"https:\/\/veritasinfo.org\/?p=13546\" \/>\n<meta property=\"og:locale\" content=\"en_US\" \/>\n<meta property=\"og:type\" content=\"article\" \/>\n<meta property=\"og:title\" content=\"Basha k\u00ebrkon nga nd\u00ebrkomb\u00ebtar\u00ebt t\u2019i b\u00ebjn\u00eb trysni Serbis\u00eb p\u00ebr t\u2019i dor\u00ebzuar kriminel\u00ebt serb\u00eb -\" \/>\n<meta property=\"og:description\" content=\"Prishtin\u00eb 24 Shtator 2025 Kryetari i Kuvendit t\u00eb Kosov\u00ebs, Dimal Basha, u ka b\u00ebr\u00eb thirrje nd\u00ebrkomb\u00ebtar\u00ebve t\u00eb b\u00ebjn\u00eb trysni te Serbia p\u00ebr t\u2019i dor\u00ebzuar kriminel\u00ebt\" \/>\n<meta property=\"og:url\" content=\"https:\/\/veritasinfo.org\/?p=13546\" \/>\n<meta property=\"article:published_time\" content=\"2025-09-24T14:04:00+00:00\" \/>\n<meta property=\"og:image\" content=\"https:\/\/veritasinfo.org\/wp-content\/uploads\/2025\/09\/Imazh-i-WhatsApp-2025-09-24-ne-15.58.41_d5151d67.jpg\" \/>\n\t<meta property=\"og:image:width\" content=\"800\" \/>\n\t<meta property=\"og:image:height\" content=\"520\" \/>\n\t<meta property=\"og:image:type\" content=\"image\/jpeg\" \/>\n<meta name=\"author\" content=\"US5\" \/>\n<meta name=\"twitter:card\" content=\"summary_large_image\" \/>\n<meta name=\"twitter:label1\" content=\"Written by\" \/>\n\t<meta name=\"twitter:data1\" content=\"US5\" \/>\n\t<meta name=\"twitter:label2\" content=\"Est. reading time\" \/>\n\t<meta name=\"twitter:data2\" content=\"2 minutes\" \/>\n<script type=\"application\/ld+json\" class=\"yoast-schema-graph\">{\"@context\":\"https:\/\/schema.org\",\"@graph\":[{\"@type\":\"WebPage\",\"@id\":\"https:\/\/veritasinfo.org\/?p=13546\",\"url\":\"https:\/\/veritasinfo.org\/?p=13546\",\"name\":\"Basha k\u00ebrkon nga nd\u00ebrkomb\u00ebtar\u00ebt t\u2019i b\u00ebjn\u00eb trysni Serbis\u00eb p\u00ebr t\u2019i dor\u00ebzuar kriminel\u00ebt serb\u00eb -\",\"isPartOf\":{\"@id\":\"https:\/\/veritasinfo.org\/#website\"},\"primaryImageOfPage\":{\"@id\":\"https:\/\/veritasinfo.org\/?p=13546#primaryimage\"},\"image\":{\"@id\":\"https:\/\/veritasinfo.org\/?p=13546#primaryimage\"},\"thumbnailUrl\":\"https:\/\/veritasinfo.org\/wp-content\/uploads\/2025\/09\/Imazh-i-WhatsApp-2025-09-24-ne-15.58.41_d5151d67.jpg\",\"datePublished\":\"2025-09-24T14:04:00+00:00\",\"author\":{\"@id\":\"https:\/\/veritasinfo.org\/#\/schema\/person\/bc442336e35414d04494ab8fb45db4c6\"},\"breadcrumb\":{\"@id\":\"https:\/\/veritasinfo.org\/?p=13546#breadcrumb\"},\"inLanguage\":\"en-US\",\"potentialAction\":[{\"@type\":\"ReadAction\",\"target\":[\"https:\/\/veritasinfo.org\/?p=13546\"]}]},{\"@type\":\"ImageObject\",\"inLanguage\":\"en-US\",\"@id\":\"https:\/\/veritasinfo.org\/?p=13546#primaryimage\",\"url\":\"https:\/\/veritasinfo.org\/wp-content\/uploads\/2025\/09\/Imazh-i-WhatsApp-2025-09-24-ne-15.58.41_d5151d67.jpg\",\"contentUrl\":\"https:\/\/veritasinfo.org\/wp-content\/uploads\/2025\/09\/Imazh-i-WhatsApp-2025-09-24-ne-15.58.41_d5151d67.jpg\",\"width\":800,\"height\":520},{\"@type\":\"BreadcrumbList\",\"@id\":\"https:\/\/veritasinfo.org\/?p=13546#breadcrumb\",\"itemListElement\":[{\"@type\":\"ListItem\",\"position\":1,\"name\":\"Home\",\"item\":\"https:\/\/veritasinfo.org\/\"},{\"@type\":\"ListItem\",\"position\":2,\"name\":\"Basha k\u00ebrkon nga nd\u00ebrkomb\u00ebtar\u00ebt t\u2019i b\u00ebjn\u00eb trysni Serbis\u00eb p\u00ebr t\u2019i dor\u00ebzuar kriminel\u00ebt serb\u00eb\"}]},{\"@type\":\"WebSite\",\"@id\":\"https:\/\/veritasinfo.org\/#website\",\"url\":\"https:\/\/veritasinfo.org\/\",\"name\":\"\",\"description\":\"\",\"potentialAction\":[{\"@type\":\"SearchAction\",\"target\":{\"@type\":\"EntryPoint\",\"urlTemplate\":\"https:\/\/veritasinfo.org\/?s={search_term_string}\"},\"query-input\":{\"@type\":\"PropertyValueSpecification\",\"valueRequired\":true,\"valueName\":\"search_term_string\"}}],\"inLanguage\":\"en-US\"},{\"@type\":\"Person\",\"@id\":\"https:\/\/veritasinfo.org\/#\/schema\/person\/bc442336e35414d04494ab8fb45db4c6\",\"name\":\"US5\",\"image\":{\"@type\":\"ImageObject\",\"inLanguage\":\"en-US\",\"@id\":\"https:\/\/veritasinfo.org\/#\/schema\/person\/image\/\",\"url\":\"https:\/\/secure.gravatar.com\/avatar\/16a61e7272a0c5d001121ebb9e60e925d5816e4ac1e443ed3e640d9a6ae55d0c?s=96&d=mm&r=g\",\"contentUrl\":\"https:\/\/secure.gravatar.com\/avatar\/16a61e7272a0c5d001121ebb9e60e925d5816e4ac1e443ed3e640d9a6ae55d0c?s=96&d=mm&r=g\",\"caption\":\"US5\"},\"url\":\"https:\/\/veritasinfo.org\/?author=6\"}]}<\/script>\n<!-- \/ Yoast SEO plugin. -->","yoast_head_json":{"title":"Basha k\u00ebrkon nga nd\u00ebrkomb\u00ebtar\u00ebt t\u2019i b\u00ebjn\u00eb trysni Serbis\u00eb p\u00ebr t\u2019i dor\u00ebzuar kriminel\u00ebt serb\u00eb -","robots":{"index":"index","follow":"follow","max-snippet":"max-snippet:-1","max-image-preview":"max-image-preview:large","max-video-preview":"max-video-preview:-1"},"canonical":"https:\/\/veritasinfo.org\/?p=13546","og_locale":"en_US","og_type":"article","og_title":"Basha k\u00ebrkon nga nd\u00ebrkomb\u00ebtar\u00ebt t\u2019i b\u00ebjn\u00eb trysni Serbis\u00eb p\u00ebr t\u2019i dor\u00ebzuar kriminel\u00ebt serb\u00eb -","og_description":"Prishtin\u00eb 24 Shtator 2025 Kryetari i Kuvendit t\u00eb Kosov\u00ebs, Dimal Basha, u ka b\u00ebr\u00eb thirrje nd\u00ebrkomb\u00ebtar\u00ebve t\u00eb b\u00ebjn\u00eb trysni te Serbia p\u00ebr t\u2019i dor\u00ebzuar kriminel\u00ebt","og_url":"https:\/\/veritasinfo.org\/?p=13546","article_published_time":"2025-09-24T14:04:00+00:00","og_image":[{"width":800,"height":520,"url":"https:\/\/veritasinfo.org\/wp-content\/uploads\/2025\/09\/Imazh-i-WhatsApp-2025-09-24-ne-15.58.41_d5151d67.jpg","type":"image\/jpeg"}],"author":"US5","twitter_card":"summary_large_image","twitter_misc":{"Written by":"US5","Est. reading time":"2 minutes"},"schema":{"@context":"https:\/\/schema.org","@graph":[{"@type":"WebPage","@id":"https:\/\/veritasinfo.org\/?p=13546","url":"https:\/\/veritasinfo.org\/?p=13546","name":"Basha k\u00ebrkon nga nd\u00ebrkomb\u00ebtar\u00ebt t\u2019i b\u00ebjn\u00eb trysni Serbis\u00eb p\u00ebr t\u2019i dor\u00ebzuar kriminel\u00ebt serb\u00eb -","isPartOf":{"@id":"https:\/\/veritasinfo.org\/#website"},"primaryImageOfPage":{"@id":"https:\/\/veritasinfo.org\/?p=13546#primaryimage"},"image":{"@id":"https:\/\/veritasinfo.org\/?p=13546#primaryimage"},"thumbnailUrl":"https:\/\/veritasinfo.org\/wp-content\/uploads\/2025\/09\/Imazh-i-WhatsApp-2025-09-24-ne-15.58.41_d5151d67.jpg","datePublished":"2025-09-24T14:04:00+00:00","author":{"@id":"https:\/\/veritasinfo.org\/#\/schema\/person\/bc442336e35414d04494ab8fb45db4c6"},"breadcrumb":{"@id":"https:\/\/veritasinfo.org\/?p=13546#breadcrumb"},"inLanguage":"en-US","potentialAction":[{"@type":"ReadAction","target":["https:\/\/veritasinfo.org\/?p=13546"]}]},{"@type":"ImageObject","inLanguage":"en-US","@id":"https:\/\/veritasinfo.org\/?p=13546#primaryimage","url":"https:\/\/veritasinfo.org\/wp-content\/uploads\/2025\/09\/Imazh-i-WhatsApp-2025-09-24-ne-15.58.41_d5151d67.jpg","contentUrl":"https:\/\/veritasinfo.org\/wp-content\/uploads\/2025\/09\/Imazh-i-WhatsApp-2025-09-24-ne-15.58.41_d5151d67.jpg","width":800,"height":520},{"@type":"BreadcrumbList","@id":"https:\/\/veritasinfo.org\/?p=13546#breadcrumb","itemListElement":[{"@type":"ListItem","position":1,"name":"Home","item":"https:\/\/veritasinfo.org\/"},{"@type":"ListItem","position":2,"name":"Basha k\u00ebrkon nga nd\u00ebrkomb\u00ebtar\u00ebt t\u2019i b\u00ebjn\u00eb trysni Serbis\u00eb p\u00ebr t\u2019i dor\u00ebzuar kriminel\u00ebt serb\u00eb"}]},{"@type":"WebSite","@id":"https:\/\/veritasinfo.org\/#website","url":"https:\/\/veritasinfo.org\/","name":"","description":"","potentialAction":[{"@type":"SearchAction","target":{"@type":"EntryPoint","urlTemplate":"https:\/\/veritasinfo.org\/?s={search_term_string}"},"query-input":{"@type":"PropertyValueSpecification","valueRequired":true,"valueName":"search_term_string"}}],"inLanguage":"en-US"},{"@type":"Person","@id":"https:\/\/veritasinfo.org\/#\/schema\/person\/bc442336e35414d04494ab8fb45db4c6","name":"US5","image":{"@type":"ImageObject","inLanguage":"en-US","@id":"https:\/\/veritasinfo.org\/#\/schema\/person\/image\/","url":"https:\/\/secure.gravatar.com\/avatar\/16a61e7272a0c5d001121ebb9e60e925d5816e4ac1e443ed3e640d9a6ae55d0c?s=96&d=mm&r=g","contentUrl":"https:\/\/secure.gravatar.com\/avatar\/16a61e7272a0c5d001121ebb9e60e925d5816e4ac1e443ed3e640d9a6ae55d0c?s=96&d=mm&r=g","caption":"US5"},"url":"https:\/\/veritasinfo.org\/?author=6"}]}},"featured_image_urls":{"full":["https:\/\/veritasinfo.org\/wp-content\/uploads\/2025\/09\/Imazh-i-WhatsApp-2025-09-24-ne-15.58.41_d5151d67.jpg",800,520,false],"thumbnail":["https:\/\/veritasinfo.org\/wp-content\/uploads\/2025\/09\/Imazh-i-WhatsApp-2025-09-24-ne-15.58.41_d5151d67-150x150.jpg",150,150,true],"medium":["https:\/\/veritasinfo.org\/wp-content\/uploads\/2025\/09\/Imazh-i-WhatsApp-2025-09-24-ne-15.58.41_d5151d67-300x195.jpg",300,195,true],"medium_large":["https:\/\/veritasinfo.org\/wp-content\/uploads\/2025\/09\/Imazh-i-WhatsApp-2025-09-24-ne-15.58.41_d5151d67-768x499.jpg",640,416,true],"large":["https:\/\/veritasinfo.org\/wp-content\/uploads\/2025\/09\/Imazh-i-WhatsApp-2025-09-24-ne-15.58.41_d5151d67.jpg",640,416,false],"1536x1536":["https:\/\/veritasinfo.org\/wp-content\/uploads\/2025\/09\/Imazh-i-WhatsApp-2025-09-24-ne-15.58.41_d5151d67.jpg",800,520,false],"2048x2048":["https:\/\/veritasinfo.org\/wp-content\/uploads\/2025\/09\/Imazh-i-WhatsApp-2025-09-24-ne-15.58.41_d5151d67.jpg",800,520,false],"kreeti-slider-full":["https:\/\/veritasinfo.org\/wp-content\/uploads\/2025\/09\/Imazh-i-WhatsApp-2025-09-24-ne-15.58.41_d5151d67.jpg",800,520,false],"kreeti-featured":["https:\/\/veritasinfo.org\/wp-content\/uploads\/2025\/09\/Imazh-i-WhatsApp-2025-09-24-ne-15.58.41_d5151d67.jpg",800,520,false],"kreeti-medium":["https:\/\/veritasinfo.org\/wp-content\/uploads\/2025\/09\/Imazh-i-WhatsApp-2025-09-24-ne-15.58.41_d5151d67.jpg",720,468,false],"kreeti-medium-square":["https:\/\/veritasinfo.org\/wp-content\/uploads\/2025\/09\/Imazh-i-WhatsApp-2025-09-24-ne-15.58.41_d5151d67.jpg",350,228,false]},"author_info":{"info":["US5"]},"category_info":"<a href=\"https:\/\/veritasinfo.org\/?cat=60\" rel=\"category\">Shoq\u00ebrore<\/a>","tag_info":"Shoq\u00ebrore","comment_count":"0","_links":{"self":[{"href":"https:\/\/veritasinfo.org\/index.php?rest_route=\/wp\/v2\/posts\/13546","targetHints":{"allow":["GET"]}}],"collection":[{"href":"https:\/\/veritasinfo.org\/index.php?rest_route=\/wp\/v2\/posts"}],"about":[{"href":"https:\/\/veritasinfo.org\/index.php?rest_route=\/wp\/v2\/types\/post"}],"author":[{"embeddable":true,"href":"https:\/\/veritasinfo.org\/index.php?rest_route=\/wp\/v2\/users\/6"}],"replies":[{"embeddable":true,"href":"https:\/\/veritasinfo.org\/index.php?rest_route=%2Fwp%2Fv2%2Fcomments&post=13546"}],"version-history":[{"count":1,"href":"https:\/\/veritasinfo.org\/index.php?rest_route=\/wp\/v2\/posts\/13546\/revisions"}],"predecessor-version":[{"id":13549,"href":"https:\/\/veritasinfo.org\/index.php?rest_route=\/wp\/v2\/posts\/13546\/revisions\/13549"}],"wp:featuredmedia":[{"embeddable":true,"href":"https:\/\/veritasinfo.org\/index.php?rest_route=\/wp\/v2\/media\/13548"}],"wp:attachment":[{"href":"https:\/\/veritasinfo.org\/index.php?rest_route=%2Fwp%2Fv2%2Fmedia&parent=13546"}],"wp:term":[{"taxonomy":"category","embeddable":true,"href":"https:\/\/veritasinfo.org\/index.php?rest_route=%2Fwp%2Fv2%2Fcategories&post=13546"},{"taxonomy":"post_tag","embeddable":true,"href":"https:\/\/veritasinfo.org\/index.php?rest_route=%2Fwp%2Fv2%2Ftags&post=13546"}],"curies":[{"name":"wp","href":"https:\/\/api.w.org\/{rel}","templated":true}]}}