{"id":13525,"date":"2025-09-24T15:09:10","date_gmt":"2025-09-24T13:09:10","guid":{"rendered":"https:\/\/veritasinfo.org\/?p=13525"},"modified":"2025-09-24T15:09:10","modified_gmt":"2025-09-24T13:09:10","slug":"be-ja-e-shqetesuar-qe-kryeresit-e-sulmit-ne-banjske-ne-vend-te-denimit-marrin-pjese-ne-protesta-ne-serbi","status":"publish","type":"post","link":"https:\/\/veritasinfo.org\/?p=13525","title":{"rendered":"BE-ja e shqet\u00ebsuar q\u00eb kryer\u00ebsit e sulmit n\u00eb Banjsk\u00eb, n\u00eb vend t\u00eb d\u00ebnimit, marrin pjes\u00eb n\u00eb protesta n\u00eb Serbi"},"content":{"rendered":"<p>Prishtin\u00eb, 24 shtator 2025<\/p>\n<p>Bashkimi Evropian p\u00ebrs\u00ebrit thirrjen p\u00ebr mbajtjen p\u00ebrgjegj\u00ebs t\u00eb autor\u00ebve t\u00eb sulmit terrorist n\u00eb Banjsk\u00eb, i cili, sipas zyrtar\u00ebve t\u00eb Brukselit, ka k\u00ebrc\u00ebnuar seriozisht sigurin\u00eb n\u00eb rajon.<\/p>\n<p>\u00c7\u00ebshtja e p\u00ebrgjegj\u00ebsis\u00eb p\u00ebr Banjsk\u00ebn, dy vjet m\u00eb pas, ka qen\u00eb pjes\u00eb e bisedimeve q\u00eb shefja e diplomacis\u00eb evropiane, Kaja Kallas, ka zhvilluar n\u00eb Nju-Jork me presidentin serb, Aleksandar Vu\u00e7iq.<\/p>\n<p>K\u00ebt\u00eb e kan\u00eb konfirmuar zyrtar\u00eb evropian\u00eb, duke n\u00ebnvizuar se Kallasi do t\u00eb vazhdoj\u00eb ta ngrej\u00eb k\u00ebt\u00eb \u00e7\u00ebshtje edhe n\u00eb margjinat e takimeve t\u00eb saj me udh\u00ebheq\u00ebsit e Ballkanit Per\u00ebndimor.<\/p>\n<p>Nga zyra e shtypit t\u00eb BE-s\u00eb \u00ebsht\u00eb b\u00ebr\u00eb e ditur se pritet q\u00eb autoritetet n\u00eb Serbi t\u00eb arrestojn\u00eb dhe ndjekin penalisht, para gjykatave serbe, autor\u00ebt e sulmit q\u00eb ndodhen n\u00eb Serbi.<\/p>\n<p>\u201cNe gjithashtu mbetemi t\u00eb shqet\u00ebsuar nga raportet p\u00ebr pjes\u00ebmarrjen e autor\u00ebve t\u00eb dyshuar t\u00eb sulmit n\u00eb Banjsk\u00eb gjat\u00eb demonstratave n\u00eb Serbi\u201d, thuhet n\u00eb nj\u00eb p\u00ebrgjigje me shkrim p\u00ebr RTK-n\u00eb nga selia e BE-s\u00eb.<\/p>\n<p>Po ashtu, nga Zyra p\u00ebr shtyp e BE-s\u00eb n\u00ebnvizohet se, n\u00eb tetor 2023, p\u00ebrfaq\u00ebsuesi special i BE-s\u00eb n\u00eb Kosov\u00eb i ka p\u00ebrcjell\u00eb autoriteteve serbe nj\u00eb k\u00ebrkes\u00eb p\u00ebr ndihm\u00eb t\u00eb nd\u00ebrsjell\u00eb ligjore nga autoritetet e Kosov\u00ebs lidhur me k\u00ebt\u00eb \u00e7\u00ebshtje, nd\u00ebrsa konfirmohet se ende nuk ka asnj\u00eb p\u00ebrgjigje nga Beogradi zyrtar.<\/p>\n<p>Zyrtar\u00ebt evropian\u00eb presin q\u00eb Serbia t\u00eb bashk\u00ebpunoj\u00eb plot\u00ebsisht me k\u00ebto k\u00ebrkesa p\u00ebrmes kanalit t\u00eb krijuar p\u00ebr ndihm\u00eb t\u00eb nd\u00ebrsjell\u00eb ligjore.<\/p>\n","protected":false},"excerpt":{"rendered":"<p>Prishtin\u00eb, 24 shtator 2025 Bashkimi Evropian p\u00ebrs\u00ebrit thirrjen p\u00ebr mbajtjen p\u00ebrgjegj\u00ebs t\u00eb autor\u00ebve t\u00eb sulmit terrorist n\u00eb Banjsk\u00eb, i cili, sipas zyrtar\u00ebve t\u00eb Brukselit, ka<\/p>\n","protected":false},"author":7,"featured_media":13526,"comment_status":"open","ping_status":"open","sticky":false,"template":"","format":"standard","meta":{"footnotes":""},"categories":[93],"tags":[],"class_list":["post-13525","post","type-post","status-publish","format-standard","has-post-thumbnail","hentry","category-politika-sq"],"yoast_head":"<!-- This site is optimized with the Yoast SEO plugin v25.3.1 - https:\/\/yoast.com\/wordpress\/plugins\/seo\/ -->\n<title>BE-ja e shqet\u00ebsuar q\u00eb kryer\u00ebsit e sulmit n\u00eb Banjsk\u00eb, n\u00eb vend t\u00eb d\u00ebnimit, marrin pjes\u00eb n\u00eb protesta n\u00eb Serbi -<\/title>\n<meta name=\"robots\" content=\"index, follow, max-snippet:-1, max-image-preview:large, max-video-preview:-1\" \/>\n<link rel=\"canonical\" href=\"https:\/\/veritasinfo.org\/?p=13525\" \/>\n<meta property=\"og:locale\" content=\"en_US\" \/>\n<meta property=\"og:type\" content=\"article\" \/>\n<meta property=\"og:title\" content=\"BE-ja e shqet\u00ebsuar q\u00eb kryer\u00ebsit e sulmit n\u00eb Banjsk\u00eb, n\u00eb vend t\u00eb d\u00ebnimit, marrin pjes\u00eb n\u00eb protesta n\u00eb Serbi -\" \/>\n<meta property=\"og:description\" content=\"Prishtin\u00eb, 24 shtator 2025 Bashkimi Evropian p\u00ebrs\u00ebrit thirrjen p\u00ebr mbajtjen p\u00ebrgjegj\u00ebs t\u00eb autor\u00ebve t\u00eb sulmit terrorist n\u00eb Banjsk\u00eb, i cili, sipas zyrtar\u00ebve t\u00eb Brukselit, ka\" \/>\n<meta property=\"og:url\" content=\"https:\/\/veritasinfo.org\/?p=13525\" \/>\n<meta property=\"article:published_time\" content=\"2025-09-24T13:09:10+00:00\" \/>\n<meta property=\"og:image\" content=\"https:\/\/veritasinfo.org\/wp-content\/uploads\/2025\/09\/Screenshot-2025-09-24-150818.jpg\" \/>\n\t<meta property=\"og:image:width\" content=\"846\" \/>\n\t<meta property=\"og:image:height\" content=\"519\" \/>\n\t<meta property=\"og:image:type\" content=\"image\/jpeg\" \/>\n<meta name=\"author\" content=\"US6\" \/>\n<meta name=\"twitter:card\" content=\"summary_large_image\" \/>\n<meta name=\"twitter:label1\" content=\"Written by\" \/>\n\t<meta name=\"twitter:data1\" content=\"US6\" \/>\n\t<meta name=\"twitter:label2\" content=\"Est. reading time\" \/>\n\t<meta name=\"twitter:data2\" content=\"2 minutes\" \/>\n<script type=\"application\/ld+json\" class=\"yoast-schema-graph\">{\"@context\":\"https:\/\/schema.org\",\"@graph\":[{\"@type\":\"WebPage\",\"@id\":\"https:\/\/veritasinfo.org\/?p=13525\",\"url\":\"https:\/\/veritasinfo.org\/?p=13525\",\"name\":\"BE-ja e shqet\u00ebsuar q\u00eb kryer\u00ebsit e sulmit n\u00eb Banjsk\u00eb, n\u00eb vend t\u00eb d\u00ebnimit, marrin pjes\u00eb n\u00eb protesta n\u00eb Serbi -\",\"isPartOf\":{\"@id\":\"https:\/\/veritasinfo.org\/#website\"},\"primaryImageOfPage\":{\"@id\":\"https:\/\/veritasinfo.org\/?p=13525#primaryimage\"},\"image\":{\"@id\":\"https:\/\/veritasinfo.org\/?p=13525#primaryimage\"},\"thumbnailUrl\":\"https:\/\/veritasinfo.org\/wp-content\/uploads\/2025\/09\/Screenshot-2025-09-24-150818.jpg\",\"datePublished\":\"2025-09-24T13:09:10+00:00\",\"author\":{\"@id\":\"https:\/\/veritasinfo.org\/#\/schema\/person\/fe199eede04c3937362892b7444747cc\"},\"breadcrumb\":{\"@id\":\"https:\/\/veritasinfo.org\/?p=13525#breadcrumb\"},\"inLanguage\":\"en-US\",\"potentialAction\":[{\"@type\":\"ReadAction\",\"target\":[\"https:\/\/veritasinfo.org\/?p=13525\"]}]},{\"@type\":\"ImageObject\",\"inLanguage\":\"en-US\",\"@id\":\"https:\/\/veritasinfo.org\/?p=13525#primaryimage\",\"url\":\"https:\/\/veritasinfo.org\/wp-content\/uploads\/2025\/09\/Screenshot-2025-09-24-150818.jpg\",\"contentUrl\":\"https:\/\/veritasinfo.org\/wp-content\/uploads\/2025\/09\/Screenshot-2025-09-24-150818.jpg\",\"width\":846,\"height\":519},{\"@type\":\"BreadcrumbList\",\"@id\":\"https:\/\/veritasinfo.org\/?p=13525#breadcrumb\",\"itemListElement\":[{\"@type\":\"ListItem\",\"position\":1,\"name\":\"Home\",\"item\":\"https:\/\/veritasinfo.org\/\"},{\"@type\":\"ListItem\",\"position\":2,\"name\":\"BE-ja e shqet\u00ebsuar q\u00eb kryer\u00ebsit e sulmit n\u00eb Banjsk\u00eb, n\u00eb vend t\u00eb d\u00ebnimit, marrin pjes\u00eb n\u00eb protesta n\u00eb Serbi\"}]},{\"@type\":\"WebSite\",\"@id\":\"https:\/\/veritasinfo.org\/#website\",\"url\":\"https:\/\/veritasinfo.org\/\",\"name\":\"\",\"description\":\"\",\"potentialAction\":[{\"@type\":\"SearchAction\",\"target\":{\"@type\":\"EntryPoint\",\"urlTemplate\":\"https:\/\/veritasinfo.org\/?s={search_term_string}\"},\"query-input\":{\"@type\":\"PropertyValueSpecification\",\"valueRequired\":true,\"valueName\":\"search_term_string\"}}],\"inLanguage\":\"en-US\"},{\"@type\":\"Person\",\"@id\":\"https:\/\/veritasinfo.org\/#\/schema\/person\/fe199eede04c3937362892b7444747cc\",\"name\":\"US6\",\"image\":{\"@type\":\"ImageObject\",\"inLanguage\":\"en-US\",\"@id\":\"https:\/\/veritasinfo.org\/#\/schema\/person\/image\/\",\"url\":\"https:\/\/secure.gravatar.com\/avatar\/cb16c3c31c9d23b9b8c705964598220b3014e42ff51eb540ff23cefa3ae8c15f?s=96&d=mm&r=g\",\"contentUrl\":\"https:\/\/secure.gravatar.com\/avatar\/cb16c3c31c9d23b9b8c705964598220b3014e42ff51eb540ff23cefa3ae8c15f?s=96&d=mm&r=g\",\"caption\":\"US6\"},\"url\":\"https:\/\/veritasinfo.org\/?author=7\"}]}<\/script>\n<!-- \/ Yoast SEO plugin. -->","yoast_head_json":{"title":"BE-ja e shqet\u00ebsuar q\u00eb kryer\u00ebsit e sulmit n\u00eb Banjsk\u00eb, n\u00eb vend t\u00eb d\u00ebnimit, marrin pjes\u00eb n\u00eb protesta n\u00eb Serbi -","robots":{"index":"index","follow":"follow","max-snippet":"max-snippet:-1","max-image-preview":"max-image-preview:large","max-video-preview":"max-video-preview:-1"},"canonical":"https:\/\/veritasinfo.org\/?p=13525","og_locale":"en_US","og_type":"article","og_title":"BE-ja e shqet\u00ebsuar q\u00eb kryer\u00ebsit e sulmit n\u00eb Banjsk\u00eb, n\u00eb vend t\u00eb d\u00ebnimit, marrin pjes\u00eb n\u00eb protesta n\u00eb Serbi -","og_description":"Prishtin\u00eb, 24 shtator 2025 Bashkimi Evropian p\u00ebrs\u00ebrit thirrjen p\u00ebr mbajtjen p\u00ebrgjegj\u00ebs t\u00eb autor\u00ebve t\u00eb sulmit terrorist n\u00eb Banjsk\u00eb, i cili, sipas zyrtar\u00ebve t\u00eb Brukselit, ka","og_url":"https:\/\/veritasinfo.org\/?p=13525","article_published_time":"2025-09-24T13:09:10+00:00","og_image":[{"width":846,"height":519,"url":"https:\/\/veritasinfo.org\/wp-content\/uploads\/2025\/09\/Screenshot-2025-09-24-150818.jpg","type":"image\/jpeg"}],"author":"US6","twitter_card":"summary_large_image","twitter_misc":{"Written by":"US6","Est. reading time":"2 minutes"},"schema":{"@context":"https:\/\/schema.org","@graph":[{"@type":"WebPage","@id":"https:\/\/veritasinfo.org\/?p=13525","url":"https:\/\/veritasinfo.org\/?p=13525","name":"BE-ja e shqet\u00ebsuar q\u00eb kryer\u00ebsit e sulmit n\u00eb Banjsk\u00eb, n\u00eb vend t\u00eb d\u00ebnimit, marrin pjes\u00eb n\u00eb protesta n\u00eb Serbi -","isPartOf":{"@id":"https:\/\/veritasinfo.org\/#website"},"primaryImageOfPage":{"@id":"https:\/\/veritasinfo.org\/?p=13525#primaryimage"},"image":{"@id":"https:\/\/veritasinfo.org\/?p=13525#primaryimage"},"thumbnailUrl":"https:\/\/veritasinfo.org\/wp-content\/uploads\/2025\/09\/Screenshot-2025-09-24-150818.jpg","datePublished":"2025-09-24T13:09:10+00:00","author":{"@id":"https:\/\/veritasinfo.org\/#\/schema\/person\/fe199eede04c3937362892b7444747cc"},"breadcrumb":{"@id":"https:\/\/veritasinfo.org\/?p=13525#breadcrumb"},"inLanguage":"en-US","potentialAction":[{"@type":"ReadAction","target":["https:\/\/veritasinfo.org\/?p=13525"]}]},{"@type":"ImageObject","inLanguage":"en-US","@id":"https:\/\/veritasinfo.org\/?p=13525#primaryimage","url":"https:\/\/veritasinfo.org\/wp-content\/uploads\/2025\/09\/Screenshot-2025-09-24-150818.jpg","contentUrl":"https:\/\/veritasinfo.org\/wp-content\/uploads\/2025\/09\/Screenshot-2025-09-24-150818.jpg","width":846,"height":519},{"@type":"BreadcrumbList","@id":"https:\/\/veritasinfo.org\/?p=13525#breadcrumb","itemListElement":[{"@type":"ListItem","position":1,"name":"Home","item":"https:\/\/veritasinfo.org\/"},{"@type":"ListItem","position":2,"name":"BE-ja e shqet\u00ebsuar q\u00eb kryer\u00ebsit e sulmit n\u00eb Banjsk\u00eb, n\u00eb vend t\u00eb d\u00ebnimit, marrin pjes\u00eb n\u00eb protesta n\u00eb Serbi"}]},{"@type":"WebSite","@id":"https:\/\/veritasinfo.org\/#website","url":"https:\/\/veritasinfo.org\/","name":"","description":"","potentialAction":[{"@type":"SearchAction","target":{"@type":"EntryPoint","urlTemplate":"https:\/\/veritasinfo.org\/?s={search_term_string}"},"query-input":{"@type":"PropertyValueSpecification","valueRequired":true,"valueName":"search_term_string"}}],"inLanguage":"en-US"},{"@type":"Person","@id":"https:\/\/veritasinfo.org\/#\/schema\/person\/fe199eede04c3937362892b7444747cc","name":"US6","image":{"@type":"ImageObject","inLanguage":"en-US","@id":"https:\/\/veritasinfo.org\/#\/schema\/person\/image\/","url":"https:\/\/secure.gravatar.com\/avatar\/cb16c3c31c9d23b9b8c705964598220b3014e42ff51eb540ff23cefa3ae8c15f?s=96&d=mm&r=g","contentUrl":"https:\/\/secure.gravatar.com\/avatar\/cb16c3c31c9d23b9b8c705964598220b3014e42ff51eb540ff23cefa3ae8c15f?s=96&d=mm&r=g","caption":"US6"},"url":"https:\/\/veritasinfo.org\/?author=7"}]}},"featured_image_urls":{"full":["https:\/\/veritasinfo.org\/wp-content\/uploads\/2025\/09\/Screenshot-2025-09-24-150818.jpg",846,519,false],"thumbnail":["https:\/\/veritasinfo.org\/wp-content\/uploads\/2025\/09\/Screenshot-2025-09-24-150818-150x150.jpg",150,150,true],"medium":["https:\/\/veritasinfo.org\/wp-content\/uploads\/2025\/09\/Screenshot-2025-09-24-150818-300x184.jpg",300,184,true],"medium_large":["https:\/\/veritasinfo.org\/wp-content\/uploads\/2025\/09\/Screenshot-2025-09-24-150818-768x471.jpg",640,393,true],"large":["https:\/\/veritasinfo.org\/wp-content\/uploads\/2025\/09\/Screenshot-2025-09-24-150818.jpg",640,393,false],"1536x1536":["https:\/\/veritasinfo.org\/wp-content\/uploads\/2025\/09\/Screenshot-2025-09-24-150818.jpg",846,519,false],"2048x2048":["https:\/\/veritasinfo.org\/wp-content\/uploads\/2025\/09\/Screenshot-2025-09-24-150818.jpg",846,519,false],"kreeti-slider-full":["https:\/\/veritasinfo.org\/wp-content\/uploads\/2025\/09\/Screenshot-2025-09-24-150818.jpg",846,519,false],"kreeti-featured":["https:\/\/veritasinfo.org\/wp-content\/uploads\/2025\/09\/Screenshot-2025-09-24-150818.jpg",846,519,false],"kreeti-medium":["https:\/\/veritasinfo.org\/wp-content\/uploads\/2025\/09\/Screenshot-2025-09-24-150818.jpg",720,442,false],"kreeti-medium-square":["https:\/\/veritasinfo.org\/wp-content\/uploads\/2025\/09\/Screenshot-2025-09-24-150818.jpg",350,215,false]},"author_info":{"info":["US6"]},"category_info":"<a href=\"https:\/\/veritasinfo.org\/?cat=93\" rel=\"category\">Politika<\/a>","tag_info":"Politika","comment_count":"0","_links":{"self":[{"href":"https:\/\/veritasinfo.org\/index.php?rest_route=\/wp\/v2\/posts\/13525","targetHints":{"allow":["GET"]}}],"collection":[{"href":"https:\/\/veritasinfo.org\/index.php?rest_route=\/wp\/v2\/posts"}],"about":[{"href":"https:\/\/veritasinfo.org\/index.php?rest_route=\/wp\/v2\/types\/post"}],"author":[{"embeddable":true,"href":"https:\/\/veritasinfo.org\/index.php?rest_route=\/wp\/v2\/users\/7"}],"replies":[{"embeddable":true,"href":"https:\/\/veritasinfo.org\/index.php?rest_route=%2Fwp%2Fv2%2Fcomments&post=13525"}],"version-history":[{"count":1,"href":"https:\/\/veritasinfo.org\/index.php?rest_route=\/wp\/v2\/posts\/13525\/revisions"}],"predecessor-version":[{"id":13527,"href":"https:\/\/veritasinfo.org\/index.php?rest_route=\/wp\/v2\/posts\/13525\/revisions\/13527"}],"wp:featuredmedia":[{"embeddable":true,"href":"https:\/\/veritasinfo.org\/index.php?rest_route=\/wp\/v2\/media\/13526"}],"wp:attachment":[{"href":"https:\/\/veritasinfo.org\/index.php?rest_route=%2Fwp%2Fv2%2Fmedia&parent=13525"}],"wp:term":[{"taxonomy":"category","embeddable":true,"href":"https:\/\/veritasinfo.org\/index.php?rest_route=%2Fwp%2Fv2%2Fcategories&post=13525"},{"taxonomy":"post_tag","embeddable":true,"href":"https:\/\/veritasinfo.org\/index.php?rest_route=%2Fwp%2Fv2%2Ftags&post=13525"}],"curies":[{"name":"wp","href":"https:\/\/api.w.org\/{rel}","templated":true}]}}