{"id":1351,"date":"2025-06-23T10:59:41","date_gmt":"2025-06-23T08:59:41","guid":{"rendered":"https:\/\/veritasinfo.org\/?p=1351"},"modified":"2025-06-23T10:59:41","modified_gmt":"2025-06-23T08:59:41","slug":"cfare-fshihet-pas-vizites-fetare-ne-malin-e-shenjte-nga-petar-petkoviq-dhe-disa-anetare-te-listes-serbe","status":"publish","type":"post","link":"https:\/\/veritasinfo.org\/?p=1351","title":{"rendered":"\u00c7far\u00eb fshihet pas vizit\u00ebs fetare n\u00eb Malin e Shenjt\u00eb nga Petar Petkoviq dhe disa an\u00ebtar\u00eb t\u00eb List\u00ebs Serbe"},"content":{"rendered":"<p><strong>\u00c7far\u00eb fshihet pas vizit\u00ebs fetare n\u00eb Malin e Shenjt\u00eb nga Petar Petkoviq dhe disa an\u00ebtar\u00eb t\u00eb List\u00ebs Serbe<\/strong><\/p>\n<p><strong>Mitrovic\u00eb Veriore, 23 Qershor 2025<\/strong><\/p>\n<p><strong>P\u00ebrgatiur nga Veritas info<\/strong><\/p>\n<p>Publiku u informua p\u00ebr her\u00eb t\u00eb par\u00eb p\u00ebr vizit\u00ebn n\u00eb Hilandar nga vet\u00eb Petar Petkovic n\u00eb llogarin\u00eb e tij n\u00eb Instagram. N\u00eb shikim t\u00eb par\u00eb, gjith\u00e7ka dukej e natyrshme, por shpejt dol\u00ebn n\u00eb pah detaje t\u00eb reja interesante.<\/p>\n<p>An\u00ebtar\u00ebt e List\u00ebs Serbe ishin t\u00eb pranish\u00ebm aty pran\u00eb tij: Ivan Zaparozhac (kryetar i Organit t\u00eb p\u00ebrkohsh\u00ebm t\u00eb Mitrovic\u00ebs), Srdjan Vuloviq (kryetar i Organit t\u00eb p\u00ebrkohsh\u00ebm t\u00eb Zubin Potokut dhe ish-kryetar i Komun\u00ebs sipas sistemit t\u00eb Kosov\u00ebs, si dhe pronar i Kompanis\u00eb \u201cKollashin prevoz\u201d), Milan Kostiq (i njohur si Mima Maja, ish-deputet i Kuvendit t\u00eb Kosov\u00ebs dhe kryetar i Organit t\u00eb p\u00ebrkohsh\u00ebm t\u00eb Komun\u00ebs s\u00eb Vushtrris\u00eb, p\u00ebrndryshe i af\u00ebrm i Milan Radojiqiqt), Zoran Todiq (ish-kryetar i komun\u00ebs s\u00eb Leposavi\u00e7it dhe kryetar i Organit t\u00eb p\u00ebrkohsh\u00ebm t\u00eb pok\u00ebsaj komune), Bratisllav Nikoliq (i njohur si Milani i vog\u00ebl, kryetar i Organit t\u00eb p\u00ebrkohsh\u00ebm t\u00eb Novob\u00ebrd\u00ebs dhe njeriu q\u00eb, sipas burimit ton\u00eb, pyetet p\u00ebr gjith\u00e7ka n\u00eb Anamorav\u00eb). P\u00ebrve\u00e7 tyre, kishte edhe dy an\u00ebtar\u00eb t\u00eb tjer\u00eb me pozicione t\u00eb larta t\u00eb Zyr\u00ebs p\u00ebr Kosov\u00ebn.<\/p>\n<p><img fetchpriority=\"high\" decoding=\"async\" class=\"alignnone size-medium wp-image-1353\" src=\"https:\/\/veritasinfo.org\/wp-content\/uploads\/2025\/06\/Hilandar-1-1-300x186.jpg\" alt=\"\" width=\"300\" height=\"186\" srcset=\"https:\/\/veritasinfo.org\/wp-content\/uploads\/2025\/06\/Hilandar-1-1-300x186.jpg 300w, https:\/\/veritasinfo.org\/wp-content\/uploads\/2025\/06\/Hilandar-1-1-768x475.jpg 768w, https:\/\/veritasinfo.org\/wp-content\/uploads\/2025\/06\/Hilandar-1-1.jpg 1022w\" sizes=\"(max-width: 300px) 100vw, 300px\" \/>Sipas burimit ton\u00eb, vizita kishte nj\u00eb arsye krejt\u00ebsisht t\u00eb ndryshme. Para s\u00eb gjithash, duhet th\u00ebn\u00eb se kjo vizit\u00eb u iniciua dhe u financua nga Srdjan Vuloviq. Njeriu q\u00eb mori me qira stacionin e autobus\u00ebve n\u00eb Mitrovic\u00eb me nj\u00eb \u00e7mim prej 0.50 cent\u00ebsh p\u00ebr met\u00ebr katror. Edhe pse stacioni u nd\u00ebrtua me fondet e Bashkimit Evropian, ai tani e menaxhon at\u00eb plot\u00ebsisht dhe k\u00ebshtu saboton konkurrenc\u00ebn duke ndaluar parkimin e autobus\u00ebve nga transportuesit e tjer\u00eb t\u00eb autobus\u00ebve.<\/p>\n<p>Arsyeja kryesore p\u00ebr vizit\u00ebn &#8220;n\u00eb dukje&#8221; fetare ishin zgjedhjet lokale n\u00eb Kosov\u00eb, t\u00eb cilat ishin planifikuar p\u00ebr 12 tetor. Ata e shfryt\u00ebzuan vizit\u00ebn p\u00ebr t\u00eb r\u00ebn\u00eb dakord se kush do t\u00eb jen\u00eb kandidat\u00ebt p\u00ebr kryetar bashkie n\u00eb komunat me shumic\u00eb serbe.<\/p>\n<p>Gjithashtu, nj\u00eb nga temat ishte se si t\u00eb p\u00ebrdoren fondet e Zyr\u00ebs p\u00ebr Kosov\u00ebn n\u00eb m\u00ebnyr\u00eb q\u00eb t\u00eb fitohen zgjedhjet e ardhshme.<\/p>\n<p>Jozyrtarisht, gjat\u00eb k\u00ebsaj vizite, u mor\u00ebn vendime q\u00eb do t\u00eb ken\u00eb nj\u00eb ndikim t\u00eb drejtp\u00ebrdrejt\u00eb n\u00eb rezultatet e zgjedhjeve. Kjo nuk \u00ebsht\u00eb hera e par\u00eb q\u00eb k\u00ebta p\u00ebrfaq\u00ebsues t\u00eb &#8220;ashtuquajtur&#8221; t\u00eb popullit serb fshihen pas institucioneve t\u00eb Republik\u00ebs s\u00eb Serbis\u00eb dhe, p\u00ebrmes mekanizmave q\u00eb ajo ka n\u00eb Kosov\u00eb, ushtrojn\u00eb presion mbi qytetar\u00ebt q\u00eb ende varen nga t\u00eb ardhurat q\u00eb marrin.<\/p>\n<p>L\u00ebvizje t\u00eb tilla kan\u00eb nj\u00eb ndikim t\u00eb drejtp\u00ebrdrejt\u00eb n\u00eb vullnetin e votuesve dhe zvog\u00eblojn\u00eb hap\u00ebsir\u00ebn p\u00ebr manovrim t\u00eb konkurrent\u00ebve politik\u00eb nga k\u00ebto zona.<\/p>\n","protected":false},"excerpt":{"rendered":"<p>\u00c7far\u00eb fshihet pas vizit\u00ebs fetare n\u00eb Malin e Shenjt\u00eb nga Petar Petkoviq dhe disa an\u00ebtar\u00eb t\u00eb List\u00ebs Serbe Mitrovic\u00eb Veriore, 23 Qershor 2025 P\u00ebrgatiur nga<\/p>\n","protected":false},"author":2,"featured_media":1352,"comment_status":"open","ping_status":"open","sticky":false,"template":"","format":"standard","meta":{"footnotes":""},"categories":[58],"tags":[],"class_list":["post-1351","post","type-post","status-publish","format-standard","has-post-thumbnail","hentry","category-politike-sq"],"yoast_head":"<!-- This site is optimized with the Yoast SEO plugin v25.3.1 - https:\/\/yoast.com\/wordpress\/plugins\/seo\/ -->\n<title>\u00c7far\u00eb fshihet pas vizit\u00ebs fetare n\u00eb Malin e Shenjt\u00eb nga Petar Petkoviq dhe disa an\u00ebtar\u00eb t\u00eb List\u00ebs Serbe -<\/title>\n<meta name=\"robots\" content=\"index, follow, max-snippet:-1, max-image-preview:large, max-video-preview:-1\" \/>\n<link rel=\"canonical\" href=\"https:\/\/veritasinfo.org\/?p=1351\" \/>\n<meta property=\"og:locale\" content=\"en_US\" \/>\n<meta property=\"og:type\" content=\"article\" \/>\n<meta property=\"og:title\" content=\"\u00c7far\u00eb fshihet pas vizit\u00ebs fetare n\u00eb Malin e Shenjt\u00eb nga Petar Petkoviq dhe disa an\u00ebtar\u00eb t\u00eb List\u00ebs Serbe -\" \/>\n<meta property=\"og:description\" content=\"\u00c7far\u00eb fshihet pas vizit\u00ebs fetare n\u00eb Malin e Shenjt\u00eb nga Petar Petkoviq dhe disa an\u00ebtar\u00eb t\u00eb List\u00ebs Serbe Mitrovic\u00eb Veriore, 23 Qershor 2025 P\u00ebrgatiur nga\" \/>\n<meta property=\"og:url\" content=\"https:\/\/veritasinfo.org\/?p=1351\" \/>\n<meta property=\"article:published_time\" content=\"2025-06-23T08:59:41+00:00\" \/>\n<meta property=\"og:image\" content=\"https:\/\/veritasinfo.org\/wp-content\/uploads\/2025\/06\/Hilandar-1.jpg\" \/>\n\t<meta property=\"og:image:width\" content=\"1034\" \/>\n\t<meta property=\"og:image:height\" content=\"1280\" \/>\n\t<meta property=\"og:image:type\" content=\"image\/jpeg\" \/>\n<meta name=\"author\" content=\"US1\" \/>\n<meta name=\"twitter:card\" content=\"summary_large_image\" \/>\n<meta name=\"twitter:label1\" content=\"Written by\" \/>\n\t<meta name=\"twitter:data1\" content=\"US1\" \/>\n\t<meta name=\"twitter:label2\" content=\"Est. reading time\" \/>\n\t<meta name=\"twitter:data2\" content=\"3 minutes\" \/>\n<script type=\"application\/ld+json\" class=\"yoast-schema-graph\">{\"@context\":\"https:\/\/schema.org\",\"@graph\":[{\"@type\":\"WebPage\",\"@id\":\"https:\/\/veritasinfo.org\/?p=1351\",\"url\":\"https:\/\/veritasinfo.org\/?p=1351\",\"name\":\"\u00c7far\u00eb fshihet pas vizit\u00ebs fetare n\u00eb Malin e Shenjt\u00eb nga Petar Petkoviq dhe disa an\u00ebtar\u00eb t\u00eb List\u00ebs Serbe -\",\"isPartOf\":{\"@id\":\"https:\/\/veritasinfo.org\/#website\"},\"primaryImageOfPage\":{\"@id\":\"https:\/\/veritasinfo.org\/?p=1351#primaryimage\"},\"image\":{\"@id\":\"https:\/\/veritasinfo.org\/?p=1351#primaryimage\"},\"thumbnailUrl\":\"https:\/\/veritasinfo.org\/wp-content\/uploads\/2025\/06\/Hilandar-1.jpg\",\"datePublished\":\"2025-06-23T08:59:41+00:00\",\"author\":{\"@id\":\"https:\/\/veritasinfo.org\/#\/schema\/person\/c2b8be262ea994d0995addca692c5e98\"},\"breadcrumb\":{\"@id\":\"https:\/\/veritasinfo.org\/?p=1351#breadcrumb\"},\"inLanguage\":\"en-US\",\"potentialAction\":[{\"@type\":\"ReadAction\",\"target\":[\"https:\/\/veritasinfo.org\/?p=1351\"]}]},{\"@type\":\"ImageObject\",\"inLanguage\":\"en-US\",\"@id\":\"https:\/\/veritasinfo.org\/?p=1351#primaryimage\",\"url\":\"https:\/\/veritasinfo.org\/wp-content\/uploads\/2025\/06\/Hilandar-1.jpg\",\"contentUrl\":\"https:\/\/veritasinfo.org\/wp-content\/uploads\/2025\/06\/Hilandar-1.jpg\",\"width\":1034,\"height\":1280},{\"@type\":\"BreadcrumbList\",\"@id\":\"https:\/\/veritasinfo.org\/?p=1351#breadcrumb\",\"itemListElement\":[{\"@type\":\"ListItem\",\"position\":1,\"name\":\"Home\",\"item\":\"https:\/\/veritasinfo.org\/\"},{\"@type\":\"ListItem\",\"position\":2,\"name\":\"\u00c7far\u00eb fshihet pas vizit\u00ebs fetare n\u00eb Malin e Shenjt\u00eb nga Petar Petkoviq dhe disa an\u00ebtar\u00eb t\u00eb List\u00ebs Serbe\"}]},{\"@type\":\"WebSite\",\"@id\":\"https:\/\/veritasinfo.org\/#website\",\"url\":\"https:\/\/veritasinfo.org\/\",\"name\":\"\",\"description\":\"\",\"potentialAction\":[{\"@type\":\"SearchAction\",\"target\":{\"@type\":\"EntryPoint\",\"urlTemplate\":\"https:\/\/veritasinfo.org\/?s={search_term_string}\"},\"query-input\":{\"@type\":\"PropertyValueSpecification\",\"valueRequired\":true,\"valueName\":\"search_term_string\"}}],\"inLanguage\":\"en-US\"},{\"@type\":\"Person\",\"@id\":\"https:\/\/veritasinfo.org\/#\/schema\/person\/c2b8be262ea994d0995addca692c5e98\",\"name\":\"US1\",\"image\":{\"@type\":\"ImageObject\",\"inLanguage\":\"en-US\",\"@id\":\"https:\/\/veritasinfo.org\/#\/schema\/person\/image\/\",\"url\":\"https:\/\/secure.gravatar.com\/avatar\/4e96a59bd256abf9956eb9963ac891a47461ffb364d47b0e9aab113328fdb75b?s=96&d=mm&r=g\",\"contentUrl\":\"https:\/\/secure.gravatar.com\/avatar\/4e96a59bd256abf9956eb9963ac891a47461ffb364d47b0e9aab113328fdb75b?s=96&d=mm&r=g\",\"caption\":\"US1\"},\"url\":\"https:\/\/veritasinfo.org\/?author=2\"}]}<\/script>\n<!-- \/ Yoast SEO plugin. -->","yoast_head_json":{"title":"\u00c7far\u00eb fshihet pas vizit\u00ebs fetare n\u00eb Malin e Shenjt\u00eb nga Petar Petkoviq dhe disa an\u00ebtar\u00eb t\u00eb List\u00ebs Serbe -","robots":{"index":"index","follow":"follow","max-snippet":"max-snippet:-1","max-image-preview":"max-image-preview:large","max-video-preview":"max-video-preview:-1"},"canonical":"https:\/\/veritasinfo.org\/?p=1351","og_locale":"en_US","og_type":"article","og_title":"\u00c7far\u00eb fshihet pas vizit\u00ebs fetare n\u00eb Malin e Shenjt\u00eb nga Petar Petkoviq dhe disa an\u00ebtar\u00eb t\u00eb List\u00ebs Serbe -","og_description":"\u00c7far\u00eb fshihet pas vizit\u00ebs fetare n\u00eb Malin e Shenjt\u00eb nga Petar Petkoviq dhe disa an\u00ebtar\u00eb t\u00eb List\u00ebs Serbe Mitrovic\u00eb Veriore, 23 Qershor 2025 P\u00ebrgatiur nga","og_url":"https:\/\/veritasinfo.org\/?p=1351","article_published_time":"2025-06-23T08:59:41+00:00","og_image":[{"width":1034,"height":1280,"url":"https:\/\/veritasinfo.org\/wp-content\/uploads\/2025\/06\/Hilandar-1.jpg","type":"image\/jpeg"}],"author":"US1","twitter_card":"summary_large_image","twitter_misc":{"Written by":"US1","Est. reading time":"3 minutes"},"schema":{"@context":"https:\/\/schema.org","@graph":[{"@type":"WebPage","@id":"https:\/\/veritasinfo.org\/?p=1351","url":"https:\/\/veritasinfo.org\/?p=1351","name":"\u00c7far\u00eb fshihet pas vizit\u00ebs fetare n\u00eb Malin e Shenjt\u00eb nga Petar Petkoviq dhe disa an\u00ebtar\u00eb t\u00eb List\u00ebs Serbe -","isPartOf":{"@id":"https:\/\/veritasinfo.org\/#website"},"primaryImageOfPage":{"@id":"https:\/\/veritasinfo.org\/?p=1351#primaryimage"},"image":{"@id":"https:\/\/veritasinfo.org\/?p=1351#primaryimage"},"thumbnailUrl":"https:\/\/veritasinfo.org\/wp-content\/uploads\/2025\/06\/Hilandar-1.jpg","datePublished":"2025-06-23T08:59:41+00:00","author":{"@id":"https:\/\/veritasinfo.org\/#\/schema\/person\/c2b8be262ea994d0995addca692c5e98"},"breadcrumb":{"@id":"https:\/\/veritasinfo.org\/?p=1351#breadcrumb"},"inLanguage":"en-US","potentialAction":[{"@type":"ReadAction","target":["https:\/\/veritasinfo.org\/?p=1351"]}]},{"@type":"ImageObject","inLanguage":"en-US","@id":"https:\/\/veritasinfo.org\/?p=1351#primaryimage","url":"https:\/\/veritasinfo.org\/wp-content\/uploads\/2025\/06\/Hilandar-1.jpg","contentUrl":"https:\/\/veritasinfo.org\/wp-content\/uploads\/2025\/06\/Hilandar-1.jpg","width":1034,"height":1280},{"@type":"BreadcrumbList","@id":"https:\/\/veritasinfo.org\/?p=1351#breadcrumb","itemListElement":[{"@type":"ListItem","position":1,"name":"Home","item":"https:\/\/veritasinfo.org\/"},{"@type":"ListItem","position":2,"name":"\u00c7far\u00eb fshihet pas vizit\u00ebs fetare n\u00eb Malin e Shenjt\u00eb nga Petar Petkoviq dhe disa an\u00ebtar\u00eb t\u00eb List\u00ebs Serbe"}]},{"@type":"WebSite","@id":"https:\/\/veritasinfo.org\/#website","url":"https:\/\/veritasinfo.org\/","name":"","description":"","potentialAction":[{"@type":"SearchAction","target":{"@type":"EntryPoint","urlTemplate":"https:\/\/veritasinfo.org\/?s={search_term_string}"},"query-input":{"@type":"PropertyValueSpecification","valueRequired":true,"valueName":"search_term_string"}}],"inLanguage":"en-US"},{"@type":"Person","@id":"https:\/\/veritasinfo.org\/#\/schema\/person\/c2b8be262ea994d0995addca692c5e98","name":"US1","image":{"@type":"ImageObject","inLanguage":"en-US","@id":"https:\/\/veritasinfo.org\/#\/schema\/person\/image\/","url":"https:\/\/secure.gravatar.com\/avatar\/4e96a59bd256abf9956eb9963ac891a47461ffb364d47b0e9aab113328fdb75b?s=96&d=mm&r=g","contentUrl":"https:\/\/secure.gravatar.com\/avatar\/4e96a59bd256abf9956eb9963ac891a47461ffb364d47b0e9aab113328fdb75b?s=96&d=mm&r=g","caption":"US1"},"url":"https:\/\/veritasinfo.org\/?author=2"}]}},"featured_image_urls":{"full":["https:\/\/veritasinfo.org\/wp-content\/uploads\/2025\/06\/Hilandar-1.jpg",1034,1280,false],"thumbnail":["https:\/\/veritasinfo.org\/wp-content\/uploads\/2025\/06\/Hilandar-1-150x150.jpg",150,150,true],"medium":["https:\/\/veritasinfo.org\/wp-content\/uploads\/2025\/06\/Hilandar-1-242x300.jpg",242,300,true],"medium_large":["https:\/\/veritasinfo.org\/wp-content\/uploads\/2025\/06\/Hilandar-1-768x951.jpg",640,793,true],"large":["https:\/\/veritasinfo.org\/wp-content\/uploads\/2025\/06\/Hilandar-1-827x1024.jpg",640,792,true],"1536x1536":["https:\/\/veritasinfo.org\/wp-content\/uploads\/2025\/06\/Hilandar-1.jpg",1034,1280,false],"2048x2048":["https:\/\/veritasinfo.org\/wp-content\/uploads\/2025\/06\/Hilandar-1.jpg",1034,1280,false],"kreeti-slider-full":["https:\/\/veritasinfo.org\/wp-content\/uploads\/2025\/06\/Hilandar-1.jpg",582,720,false],"kreeti-featured":["https:\/\/veritasinfo.org\/wp-content\/uploads\/2025\/06\/Hilandar-1.jpg",1024,1268,false],"kreeti-medium":["https:\/\/veritasinfo.org\/wp-content\/uploads\/2025\/06\/Hilandar-1.jpg",428,530,false],"kreeti-medium-square":["https:\/\/veritasinfo.org\/wp-content\/uploads\/2025\/06\/Hilandar-1.jpg",283,350,false]},"author_info":{"info":["US1"]},"category_info":"<a href=\"https:\/\/veritasinfo.org\/?cat=58\" rel=\"category\">Politik\u00eb<\/a>","tag_info":"Politik\u00eb","comment_count":"0","_links":{"self":[{"href":"https:\/\/veritasinfo.org\/index.php?rest_route=\/wp\/v2\/posts\/1351","targetHints":{"allow":["GET"]}}],"collection":[{"href":"https:\/\/veritasinfo.org\/index.php?rest_route=\/wp\/v2\/posts"}],"about":[{"href":"https:\/\/veritasinfo.org\/index.php?rest_route=\/wp\/v2\/types\/post"}],"author":[{"embeddable":true,"href":"https:\/\/veritasinfo.org\/index.php?rest_route=\/wp\/v2\/users\/2"}],"replies":[{"embeddable":true,"href":"https:\/\/veritasinfo.org\/index.php?rest_route=%2Fwp%2Fv2%2Fcomments&post=1351"}],"version-history":[{"count":1,"href":"https:\/\/veritasinfo.org\/index.php?rest_route=\/wp\/v2\/posts\/1351\/revisions"}],"predecessor-version":[{"id":1354,"href":"https:\/\/veritasinfo.org\/index.php?rest_route=\/wp\/v2\/posts\/1351\/revisions\/1354"}],"wp:featuredmedia":[{"embeddable":true,"href":"https:\/\/veritasinfo.org\/index.php?rest_route=\/wp\/v2\/media\/1352"}],"wp:attachment":[{"href":"https:\/\/veritasinfo.org\/index.php?rest_route=%2Fwp%2Fv2%2Fmedia&parent=1351"}],"wp:term":[{"taxonomy":"category","embeddable":true,"href":"https:\/\/veritasinfo.org\/index.php?rest_route=%2Fwp%2Fv2%2Fcategories&post=1351"},{"taxonomy":"post_tag","embeddable":true,"href":"https:\/\/veritasinfo.org\/index.php?rest_route=%2Fwp%2Fv2%2Ftags&post=1351"}],"curies":[{"name":"wp","href":"https:\/\/api.w.org\/{rel}","templated":true}]}}