{"id":13508,"date":"2025-09-24T13:18:38","date_gmt":"2025-09-24T11:18:38","guid":{"rendered":"https:\/\/veritasinfo.org\/?p=13508"},"modified":"2025-09-24T13:18:38","modified_gmt":"2025-09-24T11:18:38","slug":"kurti-viziton-familjen-bunjaku-ne-pervjetorin-e-sulmit-ne-banjske-e-perqafon-djalin-e-rreshterit-te-vrare","status":"publish","type":"post","link":"https:\/\/veritasinfo.org\/?p=13508","title":{"rendered":"Kurti viziton familjen Bunjaku n\u00eb p\u00ebrvjetorin e sulmit n\u00eb Banjsk\u00eb, e p\u00ebrqafon djalin e rreshterit t\u00eb vrar\u00eb"},"content":{"rendered":"<p>Prishtin\u00eb, 24 shtator 2025<\/p>\n<p>Kryeministri n\u00eb detyr\u00eb i Republik\u00ebs s\u00eb Kosov\u00ebs, Albin Kurti, i shoq\u00ebruar nga kryetari i Kuvendit, Dimal Basha, ministri n\u00eb detyr\u00eb i Pun\u00ebve t\u00eb Brendshme, Xhelal Sve\u00e7la, drejtues t\u00eb institucioneve t\u00eb siguris\u00eb e deputet\u00eb t\u00eb Kuvendit, vizitoi sot familjen Bunjaku, p\u00ebr t\u00eb vazhduar pastaj bashk\u00eb me z\u00ebvend\u00ebskryeministrin n\u00eb detyr\u00eb, Besnik Bislimin, an\u00ebtar\u00eb tjer\u00eb t\u00eb kabinetit qeveritar, deputet\u00eb t\u00eb Kuvendit dhe me familjar\u00eb t\u00eb Heroit t\u00eb Kosov\u00ebs, Afrim Bunjaku, p\u00ebr homazhe te varri tij, n\u00eb dyvjetorin e r\u00ebnies n\u00eb Basnjk\u00eb t\u00eb Zve\u00e7anit.<\/p>\n<p>Duke kujtuar r\u00ebnien heroike t\u00eb rreshterit Afrim Bunjaku, kryeministri Kurti tha se ishte nj\u00eb r\u00ebnie, e cila e ngriti Republik\u00ebn e Kosov\u00ebs, shtetin ton\u00eb t\u00eb pavarur edhe s\u00eb brendshmi, por edhe n\u00eb reputacionin e saj nd\u00ebrkomb\u00ebtar, sepse kemi t\u00eb b\u00ebjm\u00eb me nj\u00eb shtet, i cili i del zot vetvetes dhe, i cili ka polic\u00eb q\u00eb sakrifikohen p\u00ebr t\u00eb mbrojtur qytetar\u00ebt pa dallim, duke e mir\u00ebmbajtur rendin publik dhe sundimin e ligjit.<\/p>\n<p><img fetchpriority=\"high\" decoding=\"async\" class=\"alignnone  wp-image-13510\" src=\"https:\/\/veritasinfo.org\/wp-content\/uploads\/2025\/09\/DSC_6901-1200x800-1-300x200.jpg\" alt=\"\" width=\"542\" height=\"361\" srcset=\"https:\/\/veritasinfo.org\/wp-content\/uploads\/2025\/09\/DSC_6901-1200x800-1-300x200.jpg 300w, https:\/\/veritasinfo.org\/wp-content\/uploads\/2025\/09\/DSC_6901-1200x800-1-1024x683.jpg 1024w, https:\/\/veritasinfo.org\/wp-content\/uploads\/2025\/09\/DSC_6901-1200x800-1-768x512.jpg 768w, https:\/\/veritasinfo.org\/wp-content\/uploads\/2025\/09\/DSC_6901-1200x800-1.jpg 1200w\" sizes=\"(max-width: 542px) 100vw, 542px\" \/><\/p>\n<p>\u201cTash, t\u00eb gjith\u00eb ne bashk\u00eb, jemi pjes\u00eb e familjes Bunjaku, t\u00eb bashk\u00ebshortes Lumnije, t\u00eb f\u00ebmij\u00ebve, Arbenit\u00ebs, Jetlumit e Fatlumit, sepse Afrim Bunjaku i p\u00ebrket Republik\u00ebs s\u00eb Kosov\u00ebs dhe gjith\u00eb popullit, q\u00eb do ta mbaj\u00eb p\u00ebr jet\u00eb e mot n\u00eb zemrat e veta k\u00ebt\u00eb hero t\u00eb Kosov\u00ebs\u201d, u shpreh kryeministri Kurti.<\/p>\n<p>Ai u b\u00ebri thirrje faktor\u00ebve nd\u00ebrkomb\u00ebtar\u00eb, q\u00eb t\u00eb mos e konsiderojn\u00eb Serbin\u00eb shtet normal, p\u00ebrderisa ajo nuk i dor\u00ebzon kriminel\u00ebt e Serbis\u00eb, t\u00eb organizuar dhe udh\u00ebhequr nga Millan Radoj\u00e7iq dhe t\u00eb financuar e t\u00eb mb\u00ebshtetur nga Beogradi zyrtar dhe presidenti atje, Aleksander Vu\u00e7iq.<\/p>\n<p><img decoding=\"async\" class=\"alignnone  wp-image-13511 lazyload\" data-src=\"https:\/\/veritasinfo.org\/wp-content\/uploads\/2025\/09\/DSC_6898-1200x800-1-300x200.jpg\" alt=\"\" width=\"542\" height=\"361\" data-srcset=\"https:\/\/veritasinfo.org\/wp-content\/uploads\/2025\/09\/DSC_6898-1200x800-1-300x200.jpg 300w, https:\/\/veritasinfo.org\/wp-content\/uploads\/2025\/09\/DSC_6898-1200x800-1-1024x683.jpg 1024w, https:\/\/veritasinfo.org\/wp-content\/uploads\/2025\/09\/DSC_6898-1200x800-1-768x512.jpg 768w, https:\/\/veritasinfo.org\/wp-content\/uploads\/2025\/09\/DSC_6898-1200x800-1.jpg 1200w\" data-sizes=\"(max-width: 542px) 100vw, 542px\" src=\"data:image\/gif;base64,R0lGODlhAQABAAAAACH5BAEKAAEALAAAAAABAAEAAAICTAEAOw==\" style=\"--smush-placeholder-width: 542px; --smush-placeholder-aspect-ratio: 542\/361;\" \/><\/p>\n<p>\u201cAktakuza i p\u00ebrfshin\u00eb 45 persona. K\u00ebta duhet t\u00eb dor\u00ebzohen menj\u00ebher\u00eb shtetit t\u00eb Kosov\u00ebs, ku ka aktakuz\u00eb p\u00ebr ta dhe panum\u00ebr fakte e argumente p\u00ebr p\u00ebrfshirjen e tyre n\u00eb k\u00ebt\u00eb vrasje t\u00eb Afrim Bunjakut dhe n\u00eb k\u00ebt\u00eb sulm agresor e terrorist t\u00eb tyre. N\u00eb t\u00eb nj\u00ebjt\u00ebn koh\u00eb, duhet t\u00eb theksojm\u00eb edhe faktin tjet\u00ebr, q\u00eb kjo \u00ebsht\u00eb nj\u00eb betej\u00eb e fituar nga Policia e Kosov\u00ebs p\u00ebr Republik\u00ebn e Kosov\u00ebs dhe gjith\u00eb qytetar\u00ebt pa dallim.<\/p>\n<p>Nd\u00ebrkaq, ministri n\u00eb detyr\u00eb i Pun\u00ebve t\u00eb Brendshme, Xhelal Sve\u00e7la, tha se nj\u00eb dit\u00eb si kjo para dy vitesh q\u00eb filloi si jasht\u00ebzakonisht e r\u00ebnd\u00eb, por edhe e dhimbshme, p\u00ebrfundoi nd\u00ebr m\u00eb krenaret n\u00eb historin\u00eb e Republik\u00ebs s\u00eb Kosov\u00ebs.<\/p>\n<p>\u201cLavdi Afrim Bunjakut! Lavdi t\u00eb gjith\u00eb d\u00ebshmor\u00ebve t\u00eb Republik\u00ebs s\u00eb Kosov\u00ebs, e mir\u00ebnjohje pafund p\u00ebr t\u00eb gjith\u00eb ata q\u00eb soll\u00ebn q\u00eb kjo dit\u00eb me t\u00eb v\u00ebrtet\u00eb t\u00eb mbetet dit\u00eb e sh\u00ebnuar ku integriteti dhe sovraniteti i Republik\u00ebs s\u00eb Kosov\u00ebs ve\u00e7se u forcuan\u201d, tha ministri Sve\u00e7la.<\/p>\n<p>N\u00eb k\u00ebt\u00eb p\u00ebrvjetor, sot nga ora15:00, n\u00eb Prishtin\u00eb do t\u00eb organizohet akademi p\u00ebrkujtimore n\u00eb nderim dhe kujtim t\u00eb heroit Afrim Bunjaku.<\/p>\n<p>&nbsp;<\/p>\n","protected":false},"excerpt":{"rendered":"<p>Prishtin\u00eb, 24 shtator 2025 Kryeministri n\u00eb detyr\u00eb i Republik\u00ebs s\u00eb Kosov\u00ebs, Albin Kurti, i shoq\u00ebruar nga kryetari i Kuvendit, Dimal Basha, ministri n\u00eb detyr\u00eb i<\/p>\n","protected":false},"author":7,"featured_media":13509,"comment_status":"open","ping_status":"open","sticky":false,"template":"","format":"standard","meta":{"footnotes":""},"categories":[60],"tags":[],"class_list":["post-13508","post","type-post","status-publish","format-standard","has-post-thumbnail","hentry","category-shoqerore-sq"],"yoast_head":"<!-- This site is optimized with the Yoast SEO plugin v25.3.1 - https:\/\/yoast.com\/wordpress\/plugins\/seo\/ -->\n<title>Kurti viziton familjen Bunjaku n\u00eb p\u00ebrvjetorin e sulmit n\u00eb Banjsk\u00eb, e p\u00ebrqafon djalin e rreshterit t\u00eb vrar\u00eb -<\/title>\n<meta name=\"robots\" content=\"index, follow, max-snippet:-1, max-image-preview:large, max-video-preview:-1\" \/>\n<link rel=\"canonical\" href=\"https:\/\/veritasinfo.org\/?p=13508\" \/>\n<meta property=\"og:locale\" content=\"en_US\" \/>\n<meta property=\"og:type\" content=\"article\" \/>\n<meta property=\"og:title\" content=\"Kurti viziton familjen Bunjaku n\u00eb p\u00ebrvjetorin e sulmit n\u00eb Banjsk\u00eb, e p\u00ebrqafon djalin e rreshterit t\u00eb vrar\u00eb -\" \/>\n<meta property=\"og:description\" content=\"Prishtin\u00eb, 24 shtator 2025 Kryeministri n\u00eb detyr\u00eb i Republik\u00ebs s\u00eb Kosov\u00ebs, Albin Kurti, i shoq\u00ebruar nga kryetari i Kuvendit, Dimal Basha, ministri n\u00eb detyr\u00eb i\" \/>\n<meta property=\"og:url\" content=\"https:\/\/veritasinfo.org\/?p=13508\" \/>\n<meta property=\"article:published_time\" content=\"2025-09-24T11:18:38+00:00\" \/>\n<meta property=\"og:image\" content=\"https:\/\/veritasinfo.org\/wp-content\/uploads\/2025\/09\/albin-kurti-dhe-fatlumi1.jpg\" \/>\n\t<meta property=\"og:image:width\" content=\"549\" \/>\n\t<meta property=\"og:image:height\" content=\"543\" \/>\n\t<meta property=\"og:image:type\" content=\"image\/jpeg\" \/>\n<meta name=\"author\" content=\"US6\" \/>\n<meta name=\"twitter:card\" content=\"summary_large_image\" \/>\n<meta name=\"twitter:label1\" content=\"Written by\" \/>\n\t<meta name=\"twitter:data1\" content=\"US6\" \/>\n\t<meta name=\"twitter:label2\" content=\"Est. reading time\" \/>\n\t<meta name=\"twitter:data2\" content=\"3 minutes\" \/>\n<script type=\"application\/ld+json\" class=\"yoast-schema-graph\">{\"@context\":\"https:\/\/schema.org\",\"@graph\":[{\"@type\":\"WebPage\",\"@id\":\"https:\/\/veritasinfo.org\/?p=13508\",\"url\":\"https:\/\/veritasinfo.org\/?p=13508\",\"name\":\"Kurti viziton familjen Bunjaku n\u00eb p\u00ebrvjetorin e sulmit n\u00eb Banjsk\u00eb, e p\u00ebrqafon djalin e rreshterit t\u00eb vrar\u00eb -\",\"isPartOf\":{\"@id\":\"https:\/\/veritasinfo.org\/#website\"},\"primaryImageOfPage\":{\"@id\":\"https:\/\/veritasinfo.org\/?p=13508#primaryimage\"},\"image\":{\"@id\":\"https:\/\/veritasinfo.org\/?p=13508#primaryimage\"},\"thumbnailUrl\":\"https:\/\/veritasinfo.org\/wp-content\/uploads\/2025\/09\/albin-kurti-dhe-fatlumi1.jpg\",\"datePublished\":\"2025-09-24T11:18:38+00:00\",\"author\":{\"@id\":\"https:\/\/veritasinfo.org\/#\/schema\/person\/fe199eede04c3937362892b7444747cc\"},\"breadcrumb\":{\"@id\":\"https:\/\/veritasinfo.org\/?p=13508#breadcrumb\"},\"inLanguage\":\"en-US\",\"potentialAction\":[{\"@type\":\"ReadAction\",\"target\":[\"https:\/\/veritasinfo.org\/?p=13508\"]}]},{\"@type\":\"ImageObject\",\"inLanguage\":\"en-US\",\"@id\":\"https:\/\/veritasinfo.org\/?p=13508#primaryimage\",\"url\":\"https:\/\/veritasinfo.org\/wp-content\/uploads\/2025\/09\/albin-kurti-dhe-fatlumi1.jpg\",\"contentUrl\":\"https:\/\/veritasinfo.org\/wp-content\/uploads\/2025\/09\/albin-kurti-dhe-fatlumi1.jpg\",\"width\":549,\"height\":543},{\"@type\":\"BreadcrumbList\",\"@id\":\"https:\/\/veritasinfo.org\/?p=13508#breadcrumb\",\"itemListElement\":[{\"@type\":\"ListItem\",\"position\":1,\"name\":\"Home\",\"item\":\"https:\/\/veritasinfo.org\/\"},{\"@type\":\"ListItem\",\"position\":2,\"name\":\"Kurti viziton familjen Bunjaku n\u00eb p\u00ebrvjetorin e sulmit n\u00eb Banjsk\u00eb, e p\u00ebrqafon djalin e rreshterit t\u00eb vrar\u00eb\"}]},{\"@type\":\"WebSite\",\"@id\":\"https:\/\/veritasinfo.org\/#website\",\"url\":\"https:\/\/veritasinfo.org\/\",\"name\":\"\",\"description\":\"\",\"potentialAction\":[{\"@type\":\"SearchAction\",\"target\":{\"@type\":\"EntryPoint\",\"urlTemplate\":\"https:\/\/veritasinfo.org\/?s={search_term_string}\"},\"query-input\":{\"@type\":\"PropertyValueSpecification\",\"valueRequired\":true,\"valueName\":\"search_term_string\"}}],\"inLanguage\":\"en-US\"},{\"@type\":\"Person\",\"@id\":\"https:\/\/veritasinfo.org\/#\/schema\/person\/fe199eede04c3937362892b7444747cc\",\"name\":\"US6\",\"image\":{\"@type\":\"ImageObject\",\"inLanguage\":\"en-US\",\"@id\":\"https:\/\/veritasinfo.org\/#\/schema\/person\/image\/\",\"url\":\"https:\/\/secure.gravatar.com\/avatar\/cb16c3c31c9d23b9b8c705964598220b3014e42ff51eb540ff23cefa3ae8c15f?s=96&d=mm&r=g\",\"contentUrl\":\"https:\/\/secure.gravatar.com\/avatar\/cb16c3c31c9d23b9b8c705964598220b3014e42ff51eb540ff23cefa3ae8c15f?s=96&d=mm&r=g\",\"caption\":\"US6\"},\"url\":\"https:\/\/veritasinfo.org\/?author=7\"}]}<\/script>\n<!-- \/ Yoast SEO plugin. -->","yoast_head_json":{"title":"Kurti viziton familjen Bunjaku n\u00eb p\u00ebrvjetorin e sulmit n\u00eb Banjsk\u00eb, e p\u00ebrqafon djalin e rreshterit t\u00eb vrar\u00eb -","robots":{"index":"index","follow":"follow","max-snippet":"max-snippet:-1","max-image-preview":"max-image-preview:large","max-video-preview":"max-video-preview:-1"},"canonical":"https:\/\/veritasinfo.org\/?p=13508","og_locale":"en_US","og_type":"article","og_title":"Kurti viziton familjen Bunjaku n\u00eb p\u00ebrvjetorin e sulmit n\u00eb Banjsk\u00eb, e p\u00ebrqafon djalin e rreshterit t\u00eb vrar\u00eb -","og_description":"Prishtin\u00eb, 24 shtator 2025 Kryeministri n\u00eb detyr\u00eb i Republik\u00ebs s\u00eb Kosov\u00ebs, Albin Kurti, i shoq\u00ebruar nga kryetari i Kuvendit, Dimal Basha, ministri n\u00eb detyr\u00eb i","og_url":"https:\/\/veritasinfo.org\/?p=13508","article_published_time":"2025-09-24T11:18:38+00:00","og_image":[{"width":549,"height":543,"url":"https:\/\/veritasinfo.org\/wp-content\/uploads\/2025\/09\/albin-kurti-dhe-fatlumi1.jpg","type":"image\/jpeg"}],"author":"US6","twitter_card":"summary_large_image","twitter_misc":{"Written by":"US6","Est. reading time":"3 minutes"},"schema":{"@context":"https:\/\/schema.org","@graph":[{"@type":"WebPage","@id":"https:\/\/veritasinfo.org\/?p=13508","url":"https:\/\/veritasinfo.org\/?p=13508","name":"Kurti viziton familjen Bunjaku n\u00eb p\u00ebrvjetorin e sulmit n\u00eb Banjsk\u00eb, e p\u00ebrqafon djalin e rreshterit t\u00eb vrar\u00eb -","isPartOf":{"@id":"https:\/\/veritasinfo.org\/#website"},"primaryImageOfPage":{"@id":"https:\/\/veritasinfo.org\/?p=13508#primaryimage"},"image":{"@id":"https:\/\/veritasinfo.org\/?p=13508#primaryimage"},"thumbnailUrl":"https:\/\/veritasinfo.org\/wp-content\/uploads\/2025\/09\/albin-kurti-dhe-fatlumi1.jpg","datePublished":"2025-09-24T11:18:38+00:00","author":{"@id":"https:\/\/veritasinfo.org\/#\/schema\/person\/fe199eede04c3937362892b7444747cc"},"breadcrumb":{"@id":"https:\/\/veritasinfo.org\/?p=13508#breadcrumb"},"inLanguage":"en-US","potentialAction":[{"@type":"ReadAction","target":["https:\/\/veritasinfo.org\/?p=13508"]}]},{"@type":"ImageObject","inLanguage":"en-US","@id":"https:\/\/veritasinfo.org\/?p=13508#primaryimage","url":"https:\/\/veritasinfo.org\/wp-content\/uploads\/2025\/09\/albin-kurti-dhe-fatlumi1.jpg","contentUrl":"https:\/\/veritasinfo.org\/wp-content\/uploads\/2025\/09\/albin-kurti-dhe-fatlumi1.jpg","width":549,"height":543},{"@type":"BreadcrumbList","@id":"https:\/\/veritasinfo.org\/?p=13508#breadcrumb","itemListElement":[{"@type":"ListItem","position":1,"name":"Home","item":"https:\/\/veritasinfo.org\/"},{"@type":"ListItem","position":2,"name":"Kurti viziton familjen Bunjaku n\u00eb p\u00ebrvjetorin e sulmit n\u00eb Banjsk\u00eb, e p\u00ebrqafon djalin e rreshterit t\u00eb vrar\u00eb"}]},{"@type":"WebSite","@id":"https:\/\/veritasinfo.org\/#website","url":"https:\/\/veritasinfo.org\/","name":"","description":"","potentialAction":[{"@type":"SearchAction","target":{"@type":"EntryPoint","urlTemplate":"https:\/\/veritasinfo.org\/?s={search_term_string}"},"query-input":{"@type":"PropertyValueSpecification","valueRequired":true,"valueName":"search_term_string"}}],"inLanguage":"en-US"},{"@type":"Person","@id":"https:\/\/veritasinfo.org\/#\/schema\/person\/fe199eede04c3937362892b7444747cc","name":"US6","image":{"@type":"ImageObject","inLanguage":"en-US","@id":"https:\/\/veritasinfo.org\/#\/schema\/person\/image\/","url":"https:\/\/secure.gravatar.com\/avatar\/cb16c3c31c9d23b9b8c705964598220b3014e42ff51eb540ff23cefa3ae8c15f?s=96&d=mm&r=g","contentUrl":"https:\/\/secure.gravatar.com\/avatar\/cb16c3c31c9d23b9b8c705964598220b3014e42ff51eb540ff23cefa3ae8c15f?s=96&d=mm&r=g","caption":"US6"},"url":"https:\/\/veritasinfo.org\/?author=7"}]}},"featured_image_urls":{"full":["https:\/\/veritasinfo.org\/wp-content\/uploads\/2025\/09\/albin-kurti-dhe-fatlumi1.jpg",549,543,false],"thumbnail":["https:\/\/veritasinfo.org\/wp-content\/uploads\/2025\/09\/albin-kurti-dhe-fatlumi1-150x150.jpg",150,150,true],"medium":["https:\/\/veritasinfo.org\/wp-content\/uploads\/2025\/09\/albin-kurti-dhe-fatlumi1-300x297.jpg",300,297,true],"medium_large":["https:\/\/veritasinfo.org\/wp-content\/uploads\/2025\/09\/albin-kurti-dhe-fatlumi1.jpg",549,543,false],"large":["https:\/\/veritasinfo.org\/wp-content\/uploads\/2025\/09\/albin-kurti-dhe-fatlumi1.jpg",549,543,false],"1536x1536":["https:\/\/veritasinfo.org\/wp-content\/uploads\/2025\/09\/albin-kurti-dhe-fatlumi1.jpg",549,543,false],"2048x2048":["https:\/\/veritasinfo.org\/wp-content\/uploads\/2025\/09\/albin-kurti-dhe-fatlumi1.jpg",549,543,false],"kreeti-slider-full":["https:\/\/veritasinfo.org\/wp-content\/uploads\/2025\/09\/albin-kurti-dhe-fatlumi1.jpg",549,543,false],"kreeti-featured":["https:\/\/veritasinfo.org\/wp-content\/uploads\/2025\/09\/albin-kurti-dhe-fatlumi1.jpg",549,543,false],"kreeti-medium":["https:\/\/veritasinfo.org\/wp-content\/uploads\/2025\/09\/albin-kurti-dhe-fatlumi1.jpg",536,530,false],"kreeti-medium-square":["https:\/\/veritasinfo.org\/wp-content\/uploads\/2025\/09\/albin-kurti-dhe-fatlumi1.jpg",350,346,false]},"author_info":{"info":["US6"]},"category_info":"<a href=\"https:\/\/veritasinfo.org\/?cat=60\" rel=\"category\">Shoq\u00ebrore<\/a>","tag_info":"Shoq\u00ebrore","comment_count":"0","_links":{"self":[{"href":"https:\/\/veritasinfo.org\/index.php?rest_route=\/wp\/v2\/posts\/13508","targetHints":{"allow":["GET"]}}],"collection":[{"href":"https:\/\/veritasinfo.org\/index.php?rest_route=\/wp\/v2\/posts"}],"about":[{"href":"https:\/\/veritasinfo.org\/index.php?rest_route=\/wp\/v2\/types\/post"}],"author":[{"embeddable":true,"href":"https:\/\/veritasinfo.org\/index.php?rest_route=\/wp\/v2\/users\/7"}],"replies":[{"embeddable":true,"href":"https:\/\/veritasinfo.org\/index.php?rest_route=%2Fwp%2Fv2%2Fcomments&post=13508"}],"version-history":[{"count":1,"href":"https:\/\/veritasinfo.org\/index.php?rest_route=\/wp\/v2\/posts\/13508\/revisions"}],"predecessor-version":[{"id":13512,"href":"https:\/\/veritasinfo.org\/index.php?rest_route=\/wp\/v2\/posts\/13508\/revisions\/13512"}],"wp:featuredmedia":[{"embeddable":true,"href":"https:\/\/veritasinfo.org\/index.php?rest_route=\/wp\/v2\/media\/13509"}],"wp:attachment":[{"href":"https:\/\/veritasinfo.org\/index.php?rest_route=%2Fwp%2Fv2%2Fmedia&parent=13508"}],"wp:term":[{"taxonomy":"category","embeddable":true,"href":"https:\/\/veritasinfo.org\/index.php?rest_route=%2Fwp%2Fv2%2Fcategories&post=13508"},{"taxonomy":"post_tag","embeddable":true,"href":"https:\/\/veritasinfo.org\/index.php?rest_route=%2Fwp%2Fv2%2Ftags&post=13508"}],"curies":[{"name":"wp","href":"https:\/\/api.w.org\/{rel}","templated":true}]}}