{"id":13497,"date":"2025-09-24T12:46:52","date_gmt":"2025-09-24T10:46:52","guid":{"rendered":"https:\/\/veritasinfo.org\/?p=13497"},"modified":"2025-09-24T12:46:52","modified_gmt":"2025-09-24T10:46:52","slug":"kurti-nderkombetaret-te-mos-e-trajtojne-serbine-si-shtet-normal-pa-dorezimin-e-radoiciqit","status":"publish","type":"post","link":"https:\/\/veritasinfo.org\/?p=13497","title":{"rendered":"Kurti: Nd\u00ebrkomb\u00ebtar\u00ebt t\u00eb mos e trajtojn\u00eb Serbin\u00eb si shtet normal pa dor\u00ebzimin e Radoi\u00e7iqit"},"content":{"rendered":"<p>Prishtin\u00eb, 24 shtator 2025<\/p>\n<p>Kryeministri n\u00eb detyr\u00eb i Kosov\u00ebs, Albin Kurti i ka b\u00ebr\u00eb thirrje faktorit nd\u00ebrkomb\u00ebtar\u00eb q\u00eb mos ta konsiderojn\u00eb Serbin\u00eb \u201cshtet normal\u201d p\u00ebrderisa nuk i dor\u00ebzon pjes\u00ebtar\u00ebt e grupit terrorist\u00eb q\u00eb kryen sulmin n\u00eb Banjsk\u00eb t\u00eb Zve\u00e7anit dy vjet m\u00eb par\u00eb.<\/p>\n<p>Kurti ka th\u00ebn\u00eb se Milan Radoi\u00e7iq dhe pjes\u00ebtar\u00ebt tjer\u00eb t\u00eb k\u00ebtij grupi ndaj t\u00eb cil\u00ebve \u00ebsht\u00eb ngritur edhe aktakuz\u00eb duhet t\u00eb dor\u00ebzohen n\u00eb Kosov\u00eb.<\/p>\n<p>\u201cI b\u00ebj\u00eb thirrje faktorit nd\u00ebrkomb\u00ebtar\u00eb q\u00eb mos ta konsiderojn\u00eb Serbin\u00eb, shtet normal derisa nuk i dor\u00ebzon kriminel\u00ebt t\u00eb udh\u00ebhequr nga Milan Radociqi dhe t\u00eb mb\u00ebshtetur nga presidenti i Serbis\u00eb, Aleksander Vu\u00e7iq. K\u00ebta duhet t\u2019i dor\u00ebzohen Kosov\u00ebs\u201d, ka th\u00ebn\u00eb Kurti pas homazheve t\u00eb b\u00ebra tek varri i heroit Afrim Bunjaku n\u00eb dy vjetorin e vrasjes s\u00eb tij n\u00eb Banjsk\u00eb.<\/p>\n<p>Kurti ka th\u00ebn\u00eb r\u00ebnia e rreshterit Bunjaku nuk ishte e kot, pasi Kosova pas k\u00ebtij sulmi doli m\u00eb e fort\u00eb si n\u00eb aspektin e brendsh\u00ebm, por edhe n\u00eb at\u00eb nd\u00ebrkomb\u00ebtar\u00eb.<\/p>\n<p>\u201cR\u00ebnia heroike e Afrim Bunjakut nuk ishte e kot, ishte nj\u00eb r\u00ebnie e cila e ngriti Republik\u00ebn Kosov\u00ebs, shtetin ton\u00eb t\u00eb pavarur edhe se brendshmi edhe n\u00eb reputacionin e saj nd\u00ebrkomb\u00ebtar\u00eb , se kemi t\u00eb b\u00ebjm\u00eb me nj\u00eb shtet i cili i del zot vetvetes dhe ka polic\u00eb q\u00eb sakrifikohen p\u00ebr t\u00eb mbrojtur qytetar\u00ebt pa dallim\u201d, ka th\u00ebn\u00eb Kurti.<\/p>\n<p>&nbsp;<\/p>\n","protected":false},"excerpt":{"rendered":"<p>Prishtin\u00eb, 24 shtator 2025 Kryeministri n\u00eb detyr\u00eb i Kosov\u00ebs, Albin Kurti i ka b\u00ebr\u00eb thirrje faktorit nd\u00ebrkomb\u00ebtar\u00eb q\u00eb mos ta konsiderojn\u00eb Serbin\u00eb \u201cshtet normal\u201d p\u00ebrderisa<\/p>\n","protected":false},"author":7,"featured_media":13498,"comment_status":"open","ping_status":"open","sticky":false,"template":"","format":"standard","meta":{"footnotes":""},"categories":[93],"tags":[],"class_list":["post-13497","post","type-post","status-publish","format-standard","has-post-thumbnail","hentry","category-politika-sq"],"yoast_head":"<!-- This site is optimized with the Yoast SEO plugin v25.3.1 - https:\/\/yoast.com\/wordpress\/plugins\/seo\/ -->\n<title>Kurti: Nd\u00ebrkomb\u00ebtar\u00ebt t\u00eb mos e trajtojn\u00eb Serbin\u00eb si shtet normal pa dor\u00ebzimin e Radoi\u00e7iqit -<\/title>\n<meta name=\"robots\" content=\"index, follow, max-snippet:-1, max-image-preview:large, max-video-preview:-1\" \/>\n<link rel=\"canonical\" href=\"https:\/\/veritasinfo.org\/?p=13497\" \/>\n<meta property=\"og:locale\" content=\"en_US\" \/>\n<meta property=\"og:type\" content=\"article\" \/>\n<meta property=\"og:title\" content=\"Kurti: Nd\u00ebrkomb\u00ebtar\u00ebt t\u00eb mos e trajtojn\u00eb Serbin\u00eb si shtet normal pa dor\u00ebzimin e Radoi\u00e7iqit -\" \/>\n<meta property=\"og:description\" content=\"Prishtin\u00eb, 24 shtator 2025 Kryeministri n\u00eb detyr\u00eb i Kosov\u00ebs, Albin Kurti i ka b\u00ebr\u00eb thirrje faktorit nd\u00ebrkomb\u00ebtar\u00eb q\u00eb mos ta konsiderojn\u00eb Serbin\u00eb \u201cshtet normal\u201d p\u00ebrderisa\" \/>\n<meta property=\"og:url\" content=\"https:\/\/veritasinfo.org\/?p=13497\" \/>\n<meta property=\"article:published_time\" content=\"2025-09-24T10:46:52+00:00\" \/>\n<meta property=\"og:image\" content=\"https:\/\/veritasinfo.org\/wp-content\/uploads\/2025\/09\/1-41.jpg\" \/>\n\t<meta property=\"og:image:width\" content=\"877\" \/>\n\t<meta property=\"og:image:height\" content=\"447\" \/>\n\t<meta property=\"og:image:type\" content=\"image\/jpeg\" \/>\n<meta name=\"author\" content=\"US6\" \/>\n<meta name=\"twitter:card\" content=\"summary_large_image\" \/>\n<meta name=\"twitter:label1\" content=\"Written by\" \/>\n\t<meta name=\"twitter:data1\" content=\"US6\" \/>\n\t<meta name=\"twitter:label2\" content=\"Est. reading time\" \/>\n\t<meta name=\"twitter:data2\" content=\"2 minutes\" \/>\n<script type=\"application\/ld+json\" class=\"yoast-schema-graph\">{\"@context\":\"https:\/\/schema.org\",\"@graph\":[{\"@type\":\"WebPage\",\"@id\":\"https:\/\/veritasinfo.org\/?p=13497\",\"url\":\"https:\/\/veritasinfo.org\/?p=13497\",\"name\":\"Kurti: Nd\u00ebrkomb\u00ebtar\u00ebt t\u00eb mos e trajtojn\u00eb Serbin\u00eb si shtet normal pa dor\u00ebzimin e Radoi\u00e7iqit -\",\"isPartOf\":{\"@id\":\"https:\/\/veritasinfo.org\/#website\"},\"primaryImageOfPage\":{\"@id\":\"https:\/\/veritasinfo.org\/?p=13497#primaryimage\"},\"image\":{\"@id\":\"https:\/\/veritasinfo.org\/?p=13497#primaryimage\"},\"thumbnailUrl\":\"https:\/\/veritasinfo.org\/wp-content\/uploads\/2025\/09\/1-41.jpg\",\"datePublished\":\"2025-09-24T10:46:52+00:00\",\"author\":{\"@id\":\"https:\/\/veritasinfo.org\/#\/schema\/person\/fe199eede04c3937362892b7444747cc\"},\"breadcrumb\":{\"@id\":\"https:\/\/veritasinfo.org\/?p=13497#breadcrumb\"},\"inLanguage\":\"en-US\",\"potentialAction\":[{\"@type\":\"ReadAction\",\"target\":[\"https:\/\/veritasinfo.org\/?p=13497\"]}]},{\"@type\":\"ImageObject\",\"inLanguage\":\"en-US\",\"@id\":\"https:\/\/veritasinfo.org\/?p=13497#primaryimage\",\"url\":\"https:\/\/veritasinfo.org\/wp-content\/uploads\/2025\/09\/1-41.jpg\",\"contentUrl\":\"https:\/\/veritasinfo.org\/wp-content\/uploads\/2025\/09\/1-41.jpg\",\"width\":877,\"height\":447},{\"@type\":\"BreadcrumbList\",\"@id\":\"https:\/\/veritasinfo.org\/?p=13497#breadcrumb\",\"itemListElement\":[{\"@type\":\"ListItem\",\"position\":1,\"name\":\"Home\",\"item\":\"https:\/\/veritasinfo.org\/\"},{\"@type\":\"ListItem\",\"position\":2,\"name\":\"Kurti: Nd\u00ebrkomb\u00ebtar\u00ebt t\u00eb mos e trajtojn\u00eb Serbin\u00eb si shtet normal pa dor\u00ebzimin e Radoi\u00e7iqit\"}]},{\"@type\":\"WebSite\",\"@id\":\"https:\/\/veritasinfo.org\/#website\",\"url\":\"https:\/\/veritasinfo.org\/\",\"name\":\"\",\"description\":\"\",\"potentialAction\":[{\"@type\":\"SearchAction\",\"target\":{\"@type\":\"EntryPoint\",\"urlTemplate\":\"https:\/\/veritasinfo.org\/?s={search_term_string}\"},\"query-input\":{\"@type\":\"PropertyValueSpecification\",\"valueRequired\":true,\"valueName\":\"search_term_string\"}}],\"inLanguage\":\"en-US\"},{\"@type\":\"Person\",\"@id\":\"https:\/\/veritasinfo.org\/#\/schema\/person\/fe199eede04c3937362892b7444747cc\",\"name\":\"US6\",\"image\":{\"@type\":\"ImageObject\",\"inLanguage\":\"en-US\",\"@id\":\"https:\/\/veritasinfo.org\/#\/schema\/person\/image\/\",\"url\":\"https:\/\/secure.gravatar.com\/avatar\/cb16c3c31c9d23b9b8c705964598220b3014e42ff51eb540ff23cefa3ae8c15f?s=96&d=mm&r=g\",\"contentUrl\":\"https:\/\/secure.gravatar.com\/avatar\/cb16c3c31c9d23b9b8c705964598220b3014e42ff51eb540ff23cefa3ae8c15f?s=96&d=mm&r=g\",\"caption\":\"US6\"},\"url\":\"https:\/\/veritasinfo.org\/?author=7\"}]}<\/script>\n<!-- \/ Yoast SEO plugin. -->","yoast_head_json":{"title":"Kurti: Nd\u00ebrkomb\u00ebtar\u00ebt t\u00eb mos e trajtojn\u00eb Serbin\u00eb si shtet normal pa dor\u00ebzimin e Radoi\u00e7iqit -","robots":{"index":"index","follow":"follow","max-snippet":"max-snippet:-1","max-image-preview":"max-image-preview:large","max-video-preview":"max-video-preview:-1"},"canonical":"https:\/\/veritasinfo.org\/?p=13497","og_locale":"en_US","og_type":"article","og_title":"Kurti: Nd\u00ebrkomb\u00ebtar\u00ebt t\u00eb mos e trajtojn\u00eb Serbin\u00eb si shtet normal pa dor\u00ebzimin e Radoi\u00e7iqit -","og_description":"Prishtin\u00eb, 24 shtator 2025 Kryeministri n\u00eb detyr\u00eb i Kosov\u00ebs, Albin Kurti i ka b\u00ebr\u00eb thirrje faktorit nd\u00ebrkomb\u00ebtar\u00eb q\u00eb mos ta konsiderojn\u00eb Serbin\u00eb \u201cshtet normal\u201d p\u00ebrderisa","og_url":"https:\/\/veritasinfo.org\/?p=13497","article_published_time":"2025-09-24T10:46:52+00:00","og_image":[{"width":877,"height":447,"url":"https:\/\/veritasinfo.org\/wp-content\/uploads\/2025\/09\/1-41.jpg","type":"image\/jpeg"}],"author":"US6","twitter_card":"summary_large_image","twitter_misc":{"Written by":"US6","Est. reading time":"2 minutes"},"schema":{"@context":"https:\/\/schema.org","@graph":[{"@type":"WebPage","@id":"https:\/\/veritasinfo.org\/?p=13497","url":"https:\/\/veritasinfo.org\/?p=13497","name":"Kurti: Nd\u00ebrkomb\u00ebtar\u00ebt t\u00eb mos e trajtojn\u00eb Serbin\u00eb si shtet normal pa dor\u00ebzimin e Radoi\u00e7iqit -","isPartOf":{"@id":"https:\/\/veritasinfo.org\/#website"},"primaryImageOfPage":{"@id":"https:\/\/veritasinfo.org\/?p=13497#primaryimage"},"image":{"@id":"https:\/\/veritasinfo.org\/?p=13497#primaryimage"},"thumbnailUrl":"https:\/\/veritasinfo.org\/wp-content\/uploads\/2025\/09\/1-41.jpg","datePublished":"2025-09-24T10:46:52+00:00","author":{"@id":"https:\/\/veritasinfo.org\/#\/schema\/person\/fe199eede04c3937362892b7444747cc"},"breadcrumb":{"@id":"https:\/\/veritasinfo.org\/?p=13497#breadcrumb"},"inLanguage":"en-US","potentialAction":[{"@type":"ReadAction","target":["https:\/\/veritasinfo.org\/?p=13497"]}]},{"@type":"ImageObject","inLanguage":"en-US","@id":"https:\/\/veritasinfo.org\/?p=13497#primaryimage","url":"https:\/\/veritasinfo.org\/wp-content\/uploads\/2025\/09\/1-41.jpg","contentUrl":"https:\/\/veritasinfo.org\/wp-content\/uploads\/2025\/09\/1-41.jpg","width":877,"height":447},{"@type":"BreadcrumbList","@id":"https:\/\/veritasinfo.org\/?p=13497#breadcrumb","itemListElement":[{"@type":"ListItem","position":1,"name":"Home","item":"https:\/\/veritasinfo.org\/"},{"@type":"ListItem","position":2,"name":"Kurti: Nd\u00ebrkomb\u00ebtar\u00ebt t\u00eb mos e trajtojn\u00eb Serbin\u00eb si shtet normal pa dor\u00ebzimin e Radoi\u00e7iqit"}]},{"@type":"WebSite","@id":"https:\/\/veritasinfo.org\/#website","url":"https:\/\/veritasinfo.org\/","name":"","description":"","potentialAction":[{"@type":"SearchAction","target":{"@type":"EntryPoint","urlTemplate":"https:\/\/veritasinfo.org\/?s={search_term_string}"},"query-input":{"@type":"PropertyValueSpecification","valueRequired":true,"valueName":"search_term_string"}}],"inLanguage":"en-US"},{"@type":"Person","@id":"https:\/\/veritasinfo.org\/#\/schema\/person\/fe199eede04c3937362892b7444747cc","name":"US6","image":{"@type":"ImageObject","inLanguage":"en-US","@id":"https:\/\/veritasinfo.org\/#\/schema\/person\/image\/","url":"https:\/\/secure.gravatar.com\/avatar\/cb16c3c31c9d23b9b8c705964598220b3014e42ff51eb540ff23cefa3ae8c15f?s=96&d=mm&r=g","contentUrl":"https:\/\/secure.gravatar.com\/avatar\/cb16c3c31c9d23b9b8c705964598220b3014e42ff51eb540ff23cefa3ae8c15f?s=96&d=mm&r=g","caption":"US6"},"url":"https:\/\/veritasinfo.org\/?author=7"}]}},"featured_image_urls":{"full":["https:\/\/veritasinfo.org\/wp-content\/uploads\/2025\/09\/1-41.jpg",877,447,false],"thumbnail":["https:\/\/veritasinfo.org\/wp-content\/uploads\/2025\/09\/1-41-150x150.jpg",150,150,true],"medium":["https:\/\/veritasinfo.org\/wp-content\/uploads\/2025\/09\/1-41-300x153.jpg",300,153,true],"medium_large":["https:\/\/veritasinfo.org\/wp-content\/uploads\/2025\/09\/1-41-768x391.jpg",640,326,true],"large":["https:\/\/veritasinfo.org\/wp-content\/uploads\/2025\/09\/1-41.jpg",640,326,false],"1536x1536":["https:\/\/veritasinfo.org\/wp-content\/uploads\/2025\/09\/1-41.jpg",877,447,false],"2048x2048":["https:\/\/veritasinfo.org\/wp-content\/uploads\/2025\/09\/1-41.jpg",877,447,false],"kreeti-slider-full":["https:\/\/veritasinfo.org\/wp-content\/uploads\/2025\/09\/1-41.jpg",877,447,false],"kreeti-featured":["https:\/\/veritasinfo.org\/wp-content\/uploads\/2025\/09\/1-41.jpg",877,447,false],"kreeti-medium":["https:\/\/veritasinfo.org\/wp-content\/uploads\/2025\/09\/1-41.jpg",720,367,false],"kreeti-medium-square":["https:\/\/veritasinfo.org\/wp-content\/uploads\/2025\/09\/1-41.jpg",350,178,false]},"author_info":{"info":["US6"]},"category_info":"<a href=\"https:\/\/veritasinfo.org\/?cat=93\" rel=\"category\">Politika<\/a>","tag_info":"Politika","comment_count":"0","_links":{"self":[{"href":"https:\/\/veritasinfo.org\/index.php?rest_route=\/wp\/v2\/posts\/13497","targetHints":{"allow":["GET"]}}],"collection":[{"href":"https:\/\/veritasinfo.org\/index.php?rest_route=\/wp\/v2\/posts"}],"about":[{"href":"https:\/\/veritasinfo.org\/index.php?rest_route=\/wp\/v2\/types\/post"}],"author":[{"embeddable":true,"href":"https:\/\/veritasinfo.org\/index.php?rest_route=\/wp\/v2\/users\/7"}],"replies":[{"embeddable":true,"href":"https:\/\/veritasinfo.org\/index.php?rest_route=%2Fwp%2Fv2%2Fcomments&post=13497"}],"version-history":[{"count":1,"href":"https:\/\/veritasinfo.org\/index.php?rest_route=\/wp\/v2\/posts\/13497\/revisions"}],"predecessor-version":[{"id":13499,"href":"https:\/\/veritasinfo.org\/index.php?rest_route=\/wp\/v2\/posts\/13497\/revisions\/13499"}],"wp:featuredmedia":[{"embeddable":true,"href":"https:\/\/veritasinfo.org\/index.php?rest_route=\/wp\/v2\/media\/13498"}],"wp:attachment":[{"href":"https:\/\/veritasinfo.org\/index.php?rest_route=%2Fwp%2Fv2%2Fmedia&parent=13497"}],"wp:term":[{"taxonomy":"category","embeddable":true,"href":"https:\/\/veritasinfo.org\/index.php?rest_route=%2Fwp%2Fv2%2Fcategories&post=13497"},{"taxonomy":"post_tag","embeddable":true,"href":"https:\/\/veritasinfo.org\/index.php?rest_route=%2Fwp%2Fv2%2Ftags&post=13497"}],"curies":[{"name":"wp","href":"https:\/\/api.w.org\/{rel}","templated":true}]}}