{"id":13479,"date":"2025-09-24T11:14:19","date_gmt":"2025-09-24T09:14:19","guid":{"rendered":"https:\/\/veritasinfo.org\/?p=13479"},"modified":"2025-09-24T11:14:19","modified_gmt":"2025-09-24T09:14:19","slug":"shendetesi-arsim-e-mbrojtje-kosova-dhe-kroacia-thellojne-bashkepunimin","status":"publish","type":"post","link":"https:\/\/veritasinfo.org\/?p=13479","title":{"rendered":"Sh\u00ebndet\u00ebsi, arsim e mbrojtje: Kosova dhe Kroacia thellojn\u00eb bashk\u00ebpunimin"},"content":{"rendered":"<p>Prishtin\u00eb 24 Shtator 2025<\/p>\n<p><strong>Z\u00ebvend\u00ebskryeministrja dhe ministrja n\u00eb detyr\u00eb e Pun\u00ebve t\u00eb Jashtme dhe Diaspor\u00ebs, Donika G\u00ebrvalla, ka zhvilluar nj\u00eb takim me ministrin e Jasht\u00ebm t\u00eb Kroacis\u00eb, Gordan Grli\u0107 Radman, n\u00eb Nju Jork, n\u00eb kuad\u00ebr t\u00eb Asambles\u00eb s\u00eb P\u00ebrgjithshme t\u00eb OKB-s\u00eb.<\/strong><\/p>\n<p>&nbsp;<\/p>\n<p>N\u00eb takim u diskutua p\u00ebr thellimin e bashk\u00ebpunimit dypal\u00ebsh, p\u00ebrfshir\u00eb finalizimin e marr\u00ebveshjeve n\u00eb proces si njohja e nd\u00ebrsjell\u00eb e patent\u00eb-shofer\u00ebve, bashk\u00ebpunimi n\u00eb sh\u00ebndet\u00ebsi, arsim dhe mbrojtje civile.<\/p>\n<p>Pal\u00ebt ran\u00eb dakord p\u00ebr krijimin e nj\u00eb Komisioni t\u00eb p\u00ebrbashk\u00ebt p\u00ebr tregti dhe ekonomi, me synim q\u00eb miq\u00ebsia mes dy vendeve t\u00eb reflektohet drejtp\u00ebrdrejt n\u00eb zhvillim p\u00ebr qytetar\u00ebt, njofton MPJD.<\/p>\n<p>Nj\u00eb pjes\u00eb e bised\u00ebs iu kushtua edhe p\u00ebrfshirjes s\u00eb t\u00eb rinjve n\u00eb proceset demokratike.<\/p>\n<p>Ministrja G\u00ebrvalla ka th\u00ebn\u00eb se \u201cforcimi i demokracis\u00eb kalon p\u00ebrmes p\u00ebrfshirjes s\u00eb t\u00eb rinjve\u201d, duke n\u00ebnvizuar p\u00ebrkushtimin e Kosov\u00ebs dhe Kroacis\u00eb p\u00ebr t\u2019i dh\u00ebn\u00eb brezit t\u00eb ri hap\u00ebsir\u00ebn q\u00eb meriton.<\/p>\n<p>N\u00eb fund t\u00eb takimit, G\u00ebrvalla shprehu mir\u00ebnjohje p\u00ebr mb\u00ebshtetjen e vazhdueshme t\u00eb Kroacis\u00eb n\u00eb shtetnd\u00ebrtimin e Kosov\u00ebs, duke e konsideruar Zagrebin nj\u00eb partner t\u00eb \u00e7muar dhe mik t\u00eb p\u00ebrhersh\u00ebm.<\/p>\n","protected":false},"excerpt":{"rendered":"<p>Prishtin\u00eb 24 Shtator 2025 Z\u00ebvend\u00ebskryeministrja dhe ministrja n\u00eb detyr\u00eb e Pun\u00ebve t\u00eb Jashtme dhe Diaspor\u00ebs, Donika G\u00ebrvalla, ka zhvilluar nj\u00eb takim me ministrin e Jasht\u00ebm<\/p>\n","protected":false},"author":6,"featured_media":13480,"comment_status":"open","ping_status":"open","sticky":false,"template":"","format":"standard","meta":{"footnotes":""},"categories":[60],"tags":[],"class_list":["post-13479","post","type-post","status-publish","format-standard","has-post-thumbnail","hentry","category-shoqerore-sq"],"yoast_head":"<!-- This site is optimized with the Yoast SEO plugin v25.3.1 - https:\/\/yoast.com\/wordpress\/plugins\/seo\/ -->\n<title>Sh\u00ebndet\u00ebsi, arsim e mbrojtje: Kosova dhe Kroacia thellojn\u00eb bashk\u00ebpunimin -<\/title>\n<meta name=\"robots\" content=\"index, follow, max-snippet:-1, max-image-preview:large, max-video-preview:-1\" \/>\n<link rel=\"canonical\" href=\"https:\/\/veritasinfo.org\/?p=13479\" \/>\n<meta property=\"og:locale\" content=\"en_US\" \/>\n<meta property=\"og:type\" content=\"article\" \/>\n<meta property=\"og:title\" content=\"Sh\u00ebndet\u00ebsi, arsim e mbrojtje: Kosova dhe Kroacia thellojn\u00eb bashk\u00ebpunimin -\" \/>\n<meta property=\"og:description\" content=\"Prishtin\u00eb 24 Shtator 2025 Z\u00ebvend\u00ebskryeministrja dhe ministrja n\u00eb detyr\u00eb e Pun\u00ebve t\u00eb Jashtme dhe Diaspor\u00ebs, Donika G\u00ebrvalla, ka zhvilluar nj\u00eb takim me ministrin e Jasht\u00ebm\" \/>\n<meta property=\"og:url\" content=\"https:\/\/veritasinfo.org\/?p=13479\" \/>\n<meta property=\"article:published_time\" content=\"2025-09-24T09:14:19+00:00\" \/>\n<meta property=\"og:image\" content=\"https:\/\/veritasinfo.org\/wp-content\/uploads\/2025\/09\/704907-ZOWXezCPFf.jpg\" \/>\n\t<meta property=\"og:image:width\" content=\"780\" \/>\n\t<meta property=\"og:image:height\" content=\"500\" \/>\n\t<meta property=\"og:image:type\" content=\"image\/jpeg\" \/>\n<meta name=\"author\" content=\"US5\" \/>\n<meta name=\"twitter:card\" content=\"summary_large_image\" \/>\n<meta name=\"twitter:label1\" content=\"Written by\" \/>\n\t<meta name=\"twitter:data1\" content=\"US5\" \/>\n\t<meta name=\"twitter:label2\" content=\"Est. reading time\" \/>\n\t<meta name=\"twitter:data2\" content=\"1 minute\" \/>\n<script type=\"application\/ld+json\" class=\"yoast-schema-graph\">{\"@context\":\"https:\/\/schema.org\",\"@graph\":[{\"@type\":\"WebPage\",\"@id\":\"https:\/\/veritasinfo.org\/?p=13479\",\"url\":\"https:\/\/veritasinfo.org\/?p=13479\",\"name\":\"Sh\u00ebndet\u00ebsi, arsim e mbrojtje: Kosova dhe Kroacia thellojn\u00eb bashk\u00ebpunimin -\",\"isPartOf\":{\"@id\":\"https:\/\/veritasinfo.org\/#website\"},\"primaryImageOfPage\":{\"@id\":\"https:\/\/veritasinfo.org\/?p=13479#primaryimage\"},\"image\":{\"@id\":\"https:\/\/veritasinfo.org\/?p=13479#primaryimage\"},\"thumbnailUrl\":\"https:\/\/veritasinfo.org\/wp-content\/uploads\/2025\/09\/704907-ZOWXezCPFf.jpg\",\"datePublished\":\"2025-09-24T09:14:19+00:00\",\"author\":{\"@id\":\"https:\/\/veritasinfo.org\/#\/schema\/person\/bc442336e35414d04494ab8fb45db4c6\"},\"breadcrumb\":{\"@id\":\"https:\/\/veritasinfo.org\/?p=13479#breadcrumb\"},\"inLanguage\":\"en-US\",\"potentialAction\":[{\"@type\":\"ReadAction\",\"target\":[\"https:\/\/veritasinfo.org\/?p=13479\"]}]},{\"@type\":\"ImageObject\",\"inLanguage\":\"en-US\",\"@id\":\"https:\/\/veritasinfo.org\/?p=13479#primaryimage\",\"url\":\"https:\/\/veritasinfo.org\/wp-content\/uploads\/2025\/09\/704907-ZOWXezCPFf.jpg\",\"contentUrl\":\"https:\/\/veritasinfo.org\/wp-content\/uploads\/2025\/09\/704907-ZOWXezCPFf.jpg\",\"width\":780,\"height\":500},{\"@type\":\"BreadcrumbList\",\"@id\":\"https:\/\/veritasinfo.org\/?p=13479#breadcrumb\",\"itemListElement\":[{\"@type\":\"ListItem\",\"position\":1,\"name\":\"Home\",\"item\":\"https:\/\/veritasinfo.org\/\"},{\"@type\":\"ListItem\",\"position\":2,\"name\":\"Sh\u00ebndet\u00ebsi, arsim e mbrojtje: Kosova dhe Kroacia thellojn\u00eb bashk\u00ebpunimin\"}]},{\"@type\":\"WebSite\",\"@id\":\"https:\/\/veritasinfo.org\/#website\",\"url\":\"https:\/\/veritasinfo.org\/\",\"name\":\"\",\"description\":\"\",\"potentialAction\":[{\"@type\":\"SearchAction\",\"target\":{\"@type\":\"EntryPoint\",\"urlTemplate\":\"https:\/\/veritasinfo.org\/?s={search_term_string}\"},\"query-input\":{\"@type\":\"PropertyValueSpecification\",\"valueRequired\":true,\"valueName\":\"search_term_string\"}}],\"inLanguage\":\"en-US\"},{\"@type\":\"Person\",\"@id\":\"https:\/\/veritasinfo.org\/#\/schema\/person\/bc442336e35414d04494ab8fb45db4c6\",\"name\":\"US5\",\"image\":{\"@type\":\"ImageObject\",\"inLanguage\":\"en-US\",\"@id\":\"https:\/\/veritasinfo.org\/#\/schema\/person\/image\/\",\"url\":\"https:\/\/secure.gravatar.com\/avatar\/16a61e7272a0c5d001121ebb9e60e925d5816e4ac1e443ed3e640d9a6ae55d0c?s=96&d=mm&r=g\",\"contentUrl\":\"https:\/\/secure.gravatar.com\/avatar\/16a61e7272a0c5d001121ebb9e60e925d5816e4ac1e443ed3e640d9a6ae55d0c?s=96&d=mm&r=g\",\"caption\":\"US5\"},\"url\":\"https:\/\/veritasinfo.org\/?author=6\"}]}<\/script>\n<!-- \/ Yoast SEO plugin. -->","yoast_head_json":{"title":"Sh\u00ebndet\u00ebsi, arsim e mbrojtje: Kosova dhe Kroacia thellojn\u00eb bashk\u00ebpunimin -","robots":{"index":"index","follow":"follow","max-snippet":"max-snippet:-1","max-image-preview":"max-image-preview:large","max-video-preview":"max-video-preview:-1"},"canonical":"https:\/\/veritasinfo.org\/?p=13479","og_locale":"en_US","og_type":"article","og_title":"Sh\u00ebndet\u00ebsi, arsim e mbrojtje: Kosova dhe Kroacia thellojn\u00eb bashk\u00ebpunimin -","og_description":"Prishtin\u00eb 24 Shtator 2025 Z\u00ebvend\u00ebskryeministrja dhe ministrja n\u00eb detyr\u00eb e Pun\u00ebve t\u00eb Jashtme dhe Diaspor\u00ebs, Donika G\u00ebrvalla, ka zhvilluar nj\u00eb takim me ministrin e Jasht\u00ebm","og_url":"https:\/\/veritasinfo.org\/?p=13479","article_published_time":"2025-09-24T09:14:19+00:00","og_image":[{"width":780,"height":500,"url":"https:\/\/veritasinfo.org\/wp-content\/uploads\/2025\/09\/704907-ZOWXezCPFf.jpg","type":"image\/jpeg"}],"author":"US5","twitter_card":"summary_large_image","twitter_misc":{"Written by":"US5","Est. reading time":"1 minute"},"schema":{"@context":"https:\/\/schema.org","@graph":[{"@type":"WebPage","@id":"https:\/\/veritasinfo.org\/?p=13479","url":"https:\/\/veritasinfo.org\/?p=13479","name":"Sh\u00ebndet\u00ebsi, arsim e mbrojtje: Kosova dhe Kroacia thellojn\u00eb bashk\u00ebpunimin -","isPartOf":{"@id":"https:\/\/veritasinfo.org\/#website"},"primaryImageOfPage":{"@id":"https:\/\/veritasinfo.org\/?p=13479#primaryimage"},"image":{"@id":"https:\/\/veritasinfo.org\/?p=13479#primaryimage"},"thumbnailUrl":"https:\/\/veritasinfo.org\/wp-content\/uploads\/2025\/09\/704907-ZOWXezCPFf.jpg","datePublished":"2025-09-24T09:14:19+00:00","author":{"@id":"https:\/\/veritasinfo.org\/#\/schema\/person\/bc442336e35414d04494ab8fb45db4c6"},"breadcrumb":{"@id":"https:\/\/veritasinfo.org\/?p=13479#breadcrumb"},"inLanguage":"en-US","potentialAction":[{"@type":"ReadAction","target":["https:\/\/veritasinfo.org\/?p=13479"]}]},{"@type":"ImageObject","inLanguage":"en-US","@id":"https:\/\/veritasinfo.org\/?p=13479#primaryimage","url":"https:\/\/veritasinfo.org\/wp-content\/uploads\/2025\/09\/704907-ZOWXezCPFf.jpg","contentUrl":"https:\/\/veritasinfo.org\/wp-content\/uploads\/2025\/09\/704907-ZOWXezCPFf.jpg","width":780,"height":500},{"@type":"BreadcrumbList","@id":"https:\/\/veritasinfo.org\/?p=13479#breadcrumb","itemListElement":[{"@type":"ListItem","position":1,"name":"Home","item":"https:\/\/veritasinfo.org\/"},{"@type":"ListItem","position":2,"name":"Sh\u00ebndet\u00ebsi, arsim e mbrojtje: Kosova dhe Kroacia thellojn\u00eb bashk\u00ebpunimin"}]},{"@type":"WebSite","@id":"https:\/\/veritasinfo.org\/#website","url":"https:\/\/veritasinfo.org\/","name":"","description":"","potentialAction":[{"@type":"SearchAction","target":{"@type":"EntryPoint","urlTemplate":"https:\/\/veritasinfo.org\/?s={search_term_string}"},"query-input":{"@type":"PropertyValueSpecification","valueRequired":true,"valueName":"search_term_string"}}],"inLanguage":"en-US"},{"@type":"Person","@id":"https:\/\/veritasinfo.org\/#\/schema\/person\/bc442336e35414d04494ab8fb45db4c6","name":"US5","image":{"@type":"ImageObject","inLanguage":"en-US","@id":"https:\/\/veritasinfo.org\/#\/schema\/person\/image\/","url":"https:\/\/secure.gravatar.com\/avatar\/16a61e7272a0c5d001121ebb9e60e925d5816e4ac1e443ed3e640d9a6ae55d0c?s=96&d=mm&r=g","contentUrl":"https:\/\/secure.gravatar.com\/avatar\/16a61e7272a0c5d001121ebb9e60e925d5816e4ac1e443ed3e640d9a6ae55d0c?s=96&d=mm&r=g","caption":"US5"},"url":"https:\/\/veritasinfo.org\/?author=6"}]}},"featured_image_urls":{"full":["https:\/\/veritasinfo.org\/wp-content\/uploads\/2025\/09\/704907-ZOWXezCPFf.jpg",780,500,false],"thumbnail":["https:\/\/veritasinfo.org\/wp-content\/uploads\/2025\/09\/704907-ZOWXezCPFf-150x150.jpg",150,150,true],"medium":["https:\/\/veritasinfo.org\/wp-content\/uploads\/2025\/09\/704907-ZOWXezCPFf-300x192.jpg",300,192,true],"medium_large":["https:\/\/veritasinfo.org\/wp-content\/uploads\/2025\/09\/704907-ZOWXezCPFf-768x492.jpg",640,410,true],"large":["https:\/\/veritasinfo.org\/wp-content\/uploads\/2025\/09\/704907-ZOWXezCPFf.jpg",640,410,false],"1536x1536":["https:\/\/veritasinfo.org\/wp-content\/uploads\/2025\/09\/704907-ZOWXezCPFf.jpg",780,500,false],"2048x2048":["https:\/\/veritasinfo.org\/wp-content\/uploads\/2025\/09\/704907-ZOWXezCPFf.jpg",780,500,false],"kreeti-slider-full":["https:\/\/veritasinfo.org\/wp-content\/uploads\/2025\/09\/704907-ZOWXezCPFf.jpg",780,500,false],"kreeti-featured":["https:\/\/veritasinfo.org\/wp-content\/uploads\/2025\/09\/704907-ZOWXezCPFf.jpg",780,500,false],"kreeti-medium":["https:\/\/veritasinfo.org\/wp-content\/uploads\/2025\/09\/704907-ZOWXezCPFf.jpg",720,462,false],"kreeti-medium-square":["https:\/\/veritasinfo.org\/wp-content\/uploads\/2025\/09\/704907-ZOWXezCPFf.jpg",350,224,false]},"author_info":{"info":["US5"]},"category_info":"<a href=\"https:\/\/veritasinfo.org\/?cat=60\" rel=\"category\">Shoq\u00ebrore<\/a>","tag_info":"Shoq\u00ebrore","comment_count":"0","_links":{"self":[{"href":"https:\/\/veritasinfo.org\/index.php?rest_route=\/wp\/v2\/posts\/13479","targetHints":{"allow":["GET"]}}],"collection":[{"href":"https:\/\/veritasinfo.org\/index.php?rest_route=\/wp\/v2\/posts"}],"about":[{"href":"https:\/\/veritasinfo.org\/index.php?rest_route=\/wp\/v2\/types\/post"}],"author":[{"embeddable":true,"href":"https:\/\/veritasinfo.org\/index.php?rest_route=\/wp\/v2\/users\/6"}],"replies":[{"embeddable":true,"href":"https:\/\/veritasinfo.org\/index.php?rest_route=%2Fwp%2Fv2%2Fcomments&post=13479"}],"version-history":[{"count":1,"href":"https:\/\/veritasinfo.org\/index.php?rest_route=\/wp\/v2\/posts\/13479\/revisions"}],"predecessor-version":[{"id":13481,"href":"https:\/\/veritasinfo.org\/index.php?rest_route=\/wp\/v2\/posts\/13479\/revisions\/13481"}],"wp:featuredmedia":[{"embeddable":true,"href":"https:\/\/veritasinfo.org\/index.php?rest_route=\/wp\/v2\/media\/13480"}],"wp:attachment":[{"href":"https:\/\/veritasinfo.org\/index.php?rest_route=%2Fwp%2Fv2%2Fmedia&parent=13479"}],"wp:term":[{"taxonomy":"category","embeddable":true,"href":"https:\/\/veritasinfo.org\/index.php?rest_route=%2Fwp%2Fv2%2Fcategories&post=13479"},{"taxonomy":"post_tag","embeddable":true,"href":"https:\/\/veritasinfo.org\/index.php?rest_route=%2Fwp%2Fv2%2Ftags&post=13479"}],"curies":[{"name":"wp","href":"https:\/\/api.w.org\/{rel}","templated":true}]}}