{"id":13451,"date":"2025-09-24T10:01:59","date_gmt":"2025-09-24T08:01:59","guid":{"rendered":"https:\/\/veritasinfo.org\/?p=13451"},"modified":"2025-09-24T10:01:59","modified_gmt":"2025-09-24T08:01:59","slug":"maqedonci-situata-ne-veri-teme-e-rendesishme-ne-ministerial","status":"publish","type":"post","link":"https:\/\/veritasinfo.org\/?p=13451","title":{"rendered":"Maqedonci: Situata n\u00eb veri, tem\u00eb e r\u00ebnd\u00ebsishme n\u00eb Ministerial"},"content":{"rendered":"<p>Prishtin\u00eb, 24 shtator 2025<\/p>\n<p>Ministri i Mbrojtjes i Kosov\u00ebs, Ejup Maqedonci, nga Sllovakia, ka folur p\u00ebr planet e bashk\u00ebpunimit ushtarak mes Kosov\u00ebs, Shqip\u00ebris\u00eb dhe Kroacis\u00eb.<\/p>\n<p>Ai tha se tashm\u00eb \u00ebsht\u00eb faza p\u00ebrfundimtare p\u00ebr nj\u00eb plan t\u00eb p\u00ebrbashk\u00ebt q\u00eb pritet t\u00eb konkretizohet n\u00eb muajt n\u00eb vijim.<\/p>\n<p>\u201cNe jemi vet\u00ebm n\u00eb faz\u00ebn p\u00ebrfundimtare. S\u00eb bashku me ministrin P\u00ebllumb Veliu dhe p\u00ebrfaq\u00ebsuesin kroat e diskutuam \u00e7\u00ebshtjen e k\u00ebtij plani dhe t\u00eb tri pal\u00ebt jemi dakorduar q\u00eb t\u00eb vazhdojm\u00eb. Do t\u00eb kemi edhe risi t\u00eb reja n\u00eb kuad\u00ebr t\u00eb k\u00ebtij plani, t\u00eb cilat do t\u00eb b\u00ebhen publike n\u00eb muajt n\u00eb vijim, sidomos n\u00eb aspektin e angazhimit p\u00ebr blerje t\u00eb p\u00ebrbashk\u00ebt dhe mund\u00ebsis\u00eb s\u00eb bashk\u00eb-investimit p\u00ebr prodhimin e arm\u00ebve,\u201d tha Maqedonci.<\/p>\n<p>I pyetur p\u00ebr p\u00ebrfshirjen e shteteve t\u00eb tjera, Maqedonci sqaroi se Bullgaria nuk \u00ebsht\u00eb pjes\u00eb e forumit ku po zhvillohen diskutimet, por Kosova mbetet e hapur p\u00ebr bashk\u00ebpunime t\u00eb reja.<\/p>\n<p>\u201cN\u00eb ministrialin e Evrop\u00ebs Qendrore dhe Ballkanit Per\u00ebndimor nuk \u00ebsht\u00eb pjes\u00eb Bullgaria, prandaj nuk kemi pasur mund\u00ebsi p\u00ebr diskutim me ta. Ata kan\u00eb qen\u00eb prezent gjat\u00eb koh\u00ebs s\u00eb n\u00ebnshkrimeve, por ne mbetemi t\u00eb hapur jo vet\u00ebm p\u00ebr Bullgarin\u00eb, por edhe p\u00ebr vende t\u00eb tjera\u201d, shtoi Maqedonci.<\/p>\n<p>N\u00eb lidhje me situat\u00ebn e siguris\u00eb n\u00eb veri t\u00eb Kosov\u00ebs, sidomos n\u00eb prag t\u00eb dyvjetorit t\u00eb sulmit terrorist n\u00eb Banjsk\u00eb, Maqedonci tha se kjo tem\u00eb nuk ka munguar n\u00eb tryez\u00ebn e diskutimeve.<\/p>\n<p>\u201cSiguria n\u00eb Ballkanin Per\u00ebndimor ka qen\u00eb nd\u00ebr temat kryesore. T\u00eb gjith\u00eb aktor\u00ebt pjes\u00ebmarr\u00ebs u pajtuan se integrimi i vendeve t\u00eb rajonit n\u00eb BE \u00ebsht\u00eb nd\u00ebr mjetet m\u00eb t\u00eb r\u00ebnd\u00ebsishme p\u00ebr t\u00eb shmangur tensionet n\u00eb t\u00eb ardhmen. Ne, si Kosov\u00eb, n\u00eb \u00e7do takim bilateral e theksojm\u00eb pak\u00ebnaq\u00ebsin\u00eb ton\u00eb p\u00ebr mosdor\u00ebzimin e personave q\u00eb realizuan aktin terrorist n\u00eb veri t\u00eb vendit\u201d, theksoi Maqedonci.<\/p>\n","protected":false},"excerpt":{"rendered":"<p>Prishtin\u00eb, 24 shtator 2025 Ministri i Mbrojtjes i Kosov\u00ebs, Ejup Maqedonci, nga Sllovakia, ka folur p\u00ebr planet e bashk\u00ebpunimit ushtarak mes Kosov\u00ebs, Shqip\u00ebris\u00eb dhe Kroacis\u00eb.<\/p>\n","protected":false},"author":7,"featured_media":13452,"comment_status":"open","ping_status":"open","sticky":false,"template":"","format":"standard","meta":{"footnotes":""},"categories":[58],"tags":[],"class_list":["post-13451","post","type-post","status-publish","format-standard","has-post-thumbnail","hentry","category-politike-sq"],"yoast_head":"<!-- This site is optimized with the Yoast SEO plugin v25.3.1 - https:\/\/yoast.com\/wordpress\/plugins\/seo\/ -->\n<title>Maqedonci: Situata n\u00eb veri, tem\u00eb e r\u00ebnd\u00ebsishme n\u00eb Ministerial -<\/title>\n<meta name=\"robots\" content=\"index, follow, max-snippet:-1, max-image-preview:large, max-video-preview:-1\" \/>\n<link rel=\"canonical\" href=\"https:\/\/veritasinfo.org\/?p=13451\" \/>\n<meta property=\"og:locale\" content=\"en_US\" \/>\n<meta property=\"og:type\" content=\"article\" \/>\n<meta property=\"og:title\" content=\"Maqedonci: Situata n\u00eb veri, tem\u00eb e r\u00ebnd\u00ebsishme n\u00eb Ministerial -\" \/>\n<meta property=\"og:description\" content=\"Prishtin\u00eb, 24 shtator 2025 Ministri i Mbrojtjes i Kosov\u00ebs, Ejup Maqedonci, nga Sllovakia, ka folur p\u00ebr planet e bashk\u00ebpunimit ushtarak mes Kosov\u00ebs, Shqip\u00ebris\u00eb dhe Kroacis\u00eb.\" \/>\n<meta property=\"og:url\" content=\"https:\/\/veritasinfo.org\/?p=13451\" \/>\n<meta property=\"article:published_time\" content=\"2025-09-24T08:01:59+00:00\" \/>\n<meta property=\"og:image\" content=\"https:\/\/veritasinfo.org\/wp-content\/uploads\/2025\/09\/553411841_122273328992011792_6079970052984441588_n.jpg\" \/>\n\t<meta property=\"og:image:width\" content=\"2048\" \/>\n\t<meta property=\"og:image:height\" content=\"1366\" \/>\n\t<meta property=\"og:image:type\" content=\"image\/jpeg\" \/>\n<meta name=\"author\" content=\"US6\" \/>\n<meta name=\"twitter:card\" content=\"summary_large_image\" \/>\n<meta name=\"twitter:label1\" content=\"Written by\" \/>\n\t<meta name=\"twitter:data1\" content=\"US6\" \/>\n\t<meta name=\"twitter:label2\" content=\"Est. reading time\" \/>\n\t<meta name=\"twitter:data2\" content=\"2 minutes\" \/>\n<script type=\"application\/ld+json\" class=\"yoast-schema-graph\">{\"@context\":\"https:\/\/schema.org\",\"@graph\":[{\"@type\":\"WebPage\",\"@id\":\"https:\/\/veritasinfo.org\/?p=13451\",\"url\":\"https:\/\/veritasinfo.org\/?p=13451\",\"name\":\"Maqedonci: Situata n\u00eb veri, tem\u00eb e r\u00ebnd\u00ebsishme n\u00eb Ministerial -\",\"isPartOf\":{\"@id\":\"https:\/\/veritasinfo.org\/#website\"},\"primaryImageOfPage\":{\"@id\":\"https:\/\/veritasinfo.org\/?p=13451#primaryimage\"},\"image\":{\"@id\":\"https:\/\/veritasinfo.org\/?p=13451#primaryimage\"},\"thumbnailUrl\":\"https:\/\/veritasinfo.org\/wp-content\/uploads\/2025\/09\/553411841_122273328992011792_6079970052984441588_n.jpg\",\"datePublished\":\"2025-09-24T08:01:59+00:00\",\"author\":{\"@id\":\"https:\/\/veritasinfo.org\/#\/schema\/person\/fe199eede04c3937362892b7444747cc\"},\"breadcrumb\":{\"@id\":\"https:\/\/veritasinfo.org\/?p=13451#breadcrumb\"},\"inLanguage\":\"en-US\",\"potentialAction\":[{\"@type\":\"ReadAction\",\"target\":[\"https:\/\/veritasinfo.org\/?p=13451\"]}]},{\"@type\":\"ImageObject\",\"inLanguage\":\"en-US\",\"@id\":\"https:\/\/veritasinfo.org\/?p=13451#primaryimage\",\"url\":\"https:\/\/veritasinfo.org\/wp-content\/uploads\/2025\/09\/553411841_122273328992011792_6079970052984441588_n.jpg\",\"contentUrl\":\"https:\/\/veritasinfo.org\/wp-content\/uploads\/2025\/09\/553411841_122273328992011792_6079970052984441588_n.jpg\",\"width\":2048,\"height\":1366},{\"@type\":\"BreadcrumbList\",\"@id\":\"https:\/\/veritasinfo.org\/?p=13451#breadcrumb\",\"itemListElement\":[{\"@type\":\"ListItem\",\"position\":1,\"name\":\"Home\",\"item\":\"https:\/\/veritasinfo.org\/\"},{\"@type\":\"ListItem\",\"position\":2,\"name\":\"Maqedonci: Situata n\u00eb veri, tem\u00eb e r\u00ebnd\u00ebsishme n\u00eb Ministerial\"}]},{\"@type\":\"WebSite\",\"@id\":\"https:\/\/veritasinfo.org\/#website\",\"url\":\"https:\/\/veritasinfo.org\/\",\"name\":\"\",\"description\":\"\",\"potentialAction\":[{\"@type\":\"SearchAction\",\"target\":{\"@type\":\"EntryPoint\",\"urlTemplate\":\"https:\/\/veritasinfo.org\/?s={search_term_string}\"},\"query-input\":{\"@type\":\"PropertyValueSpecification\",\"valueRequired\":true,\"valueName\":\"search_term_string\"}}],\"inLanguage\":\"en-US\"},{\"@type\":\"Person\",\"@id\":\"https:\/\/veritasinfo.org\/#\/schema\/person\/fe199eede04c3937362892b7444747cc\",\"name\":\"US6\",\"image\":{\"@type\":\"ImageObject\",\"inLanguage\":\"en-US\",\"@id\":\"https:\/\/veritasinfo.org\/#\/schema\/person\/image\/\",\"url\":\"https:\/\/secure.gravatar.com\/avatar\/cb16c3c31c9d23b9b8c705964598220b3014e42ff51eb540ff23cefa3ae8c15f?s=96&d=mm&r=g\",\"contentUrl\":\"https:\/\/secure.gravatar.com\/avatar\/cb16c3c31c9d23b9b8c705964598220b3014e42ff51eb540ff23cefa3ae8c15f?s=96&d=mm&r=g\",\"caption\":\"US6\"},\"url\":\"https:\/\/veritasinfo.org\/?author=7\"}]}<\/script>\n<!-- \/ Yoast SEO plugin. -->","yoast_head_json":{"title":"Maqedonci: Situata n\u00eb veri, tem\u00eb e r\u00ebnd\u00ebsishme n\u00eb Ministerial -","robots":{"index":"index","follow":"follow","max-snippet":"max-snippet:-1","max-image-preview":"max-image-preview:large","max-video-preview":"max-video-preview:-1"},"canonical":"https:\/\/veritasinfo.org\/?p=13451","og_locale":"en_US","og_type":"article","og_title":"Maqedonci: Situata n\u00eb veri, tem\u00eb e r\u00ebnd\u00ebsishme n\u00eb Ministerial -","og_description":"Prishtin\u00eb, 24 shtator 2025 Ministri i Mbrojtjes i Kosov\u00ebs, Ejup Maqedonci, nga Sllovakia, ka folur p\u00ebr planet e bashk\u00ebpunimit ushtarak mes Kosov\u00ebs, Shqip\u00ebris\u00eb dhe Kroacis\u00eb.","og_url":"https:\/\/veritasinfo.org\/?p=13451","article_published_time":"2025-09-24T08:01:59+00:00","og_image":[{"width":2048,"height":1366,"url":"https:\/\/veritasinfo.org\/wp-content\/uploads\/2025\/09\/553411841_122273328992011792_6079970052984441588_n.jpg","type":"image\/jpeg"}],"author":"US6","twitter_card":"summary_large_image","twitter_misc":{"Written by":"US6","Est. reading time":"2 minutes"},"schema":{"@context":"https:\/\/schema.org","@graph":[{"@type":"WebPage","@id":"https:\/\/veritasinfo.org\/?p=13451","url":"https:\/\/veritasinfo.org\/?p=13451","name":"Maqedonci: Situata n\u00eb veri, tem\u00eb e r\u00ebnd\u00ebsishme n\u00eb Ministerial -","isPartOf":{"@id":"https:\/\/veritasinfo.org\/#website"},"primaryImageOfPage":{"@id":"https:\/\/veritasinfo.org\/?p=13451#primaryimage"},"image":{"@id":"https:\/\/veritasinfo.org\/?p=13451#primaryimage"},"thumbnailUrl":"https:\/\/veritasinfo.org\/wp-content\/uploads\/2025\/09\/553411841_122273328992011792_6079970052984441588_n.jpg","datePublished":"2025-09-24T08:01:59+00:00","author":{"@id":"https:\/\/veritasinfo.org\/#\/schema\/person\/fe199eede04c3937362892b7444747cc"},"breadcrumb":{"@id":"https:\/\/veritasinfo.org\/?p=13451#breadcrumb"},"inLanguage":"en-US","potentialAction":[{"@type":"ReadAction","target":["https:\/\/veritasinfo.org\/?p=13451"]}]},{"@type":"ImageObject","inLanguage":"en-US","@id":"https:\/\/veritasinfo.org\/?p=13451#primaryimage","url":"https:\/\/veritasinfo.org\/wp-content\/uploads\/2025\/09\/553411841_122273328992011792_6079970052984441588_n.jpg","contentUrl":"https:\/\/veritasinfo.org\/wp-content\/uploads\/2025\/09\/553411841_122273328992011792_6079970052984441588_n.jpg","width":2048,"height":1366},{"@type":"BreadcrumbList","@id":"https:\/\/veritasinfo.org\/?p=13451#breadcrumb","itemListElement":[{"@type":"ListItem","position":1,"name":"Home","item":"https:\/\/veritasinfo.org\/"},{"@type":"ListItem","position":2,"name":"Maqedonci: Situata n\u00eb veri, tem\u00eb e r\u00ebnd\u00ebsishme n\u00eb Ministerial"}]},{"@type":"WebSite","@id":"https:\/\/veritasinfo.org\/#website","url":"https:\/\/veritasinfo.org\/","name":"","description":"","potentialAction":[{"@type":"SearchAction","target":{"@type":"EntryPoint","urlTemplate":"https:\/\/veritasinfo.org\/?s={search_term_string}"},"query-input":{"@type":"PropertyValueSpecification","valueRequired":true,"valueName":"search_term_string"}}],"inLanguage":"en-US"},{"@type":"Person","@id":"https:\/\/veritasinfo.org\/#\/schema\/person\/fe199eede04c3937362892b7444747cc","name":"US6","image":{"@type":"ImageObject","inLanguage":"en-US","@id":"https:\/\/veritasinfo.org\/#\/schema\/person\/image\/","url":"https:\/\/secure.gravatar.com\/avatar\/cb16c3c31c9d23b9b8c705964598220b3014e42ff51eb540ff23cefa3ae8c15f?s=96&d=mm&r=g","contentUrl":"https:\/\/secure.gravatar.com\/avatar\/cb16c3c31c9d23b9b8c705964598220b3014e42ff51eb540ff23cefa3ae8c15f?s=96&d=mm&r=g","caption":"US6"},"url":"https:\/\/veritasinfo.org\/?author=7"}]}},"featured_image_urls":{"full":["https:\/\/veritasinfo.org\/wp-content\/uploads\/2025\/09\/553411841_122273328992011792_6079970052984441588_n.jpg",2048,1366,false],"thumbnail":["https:\/\/veritasinfo.org\/wp-content\/uploads\/2025\/09\/553411841_122273328992011792_6079970052984441588_n-150x150.jpg",150,150,true],"medium":["https:\/\/veritasinfo.org\/wp-content\/uploads\/2025\/09\/553411841_122273328992011792_6079970052984441588_n-300x200.jpg",300,200,true],"medium_large":["https:\/\/veritasinfo.org\/wp-content\/uploads\/2025\/09\/553411841_122273328992011792_6079970052984441588_n-768x512.jpg",640,427,true],"large":["https:\/\/veritasinfo.org\/wp-content\/uploads\/2025\/09\/553411841_122273328992011792_6079970052984441588_n-1024x683.jpg",640,427,true],"1536x1536":["https:\/\/veritasinfo.org\/wp-content\/uploads\/2025\/09\/553411841_122273328992011792_6079970052984441588_n-1536x1025.jpg",1536,1025,true],"2048x2048":["https:\/\/veritasinfo.org\/wp-content\/uploads\/2025\/09\/553411841_122273328992011792_6079970052984441588_n.jpg",2048,1366,false],"kreeti-slider-full":["https:\/\/veritasinfo.org\/wp-content\/uploads\/2025\/09\/553411841_122273328992011792_6079970052984441588_n.jpg",1079,720,false],"kreeti-featured":["https:\/\/veritasinfo.org\/wp-content\/uploads\/2025\/09\/553411841_122273328992011792_6079970052984441588_n.jpg",1024,683,false],"kreeti-medium":["https:\/\/veritasinfo.org\/wp-content\/uploads\/2025\/09\/553411841_122273328992011792_6079970052984441588_n.jpg",720,480,false],"kreeti-medium-square":["https:\/\/veritasinfo.org\/wp-content\/uploads\/2025\/09\/553411841_122273328992011792_6079970052984441588_n.jpg",350,233,false]},"author_info":{"info":["US6"]},"category_info":"<a href=\"https:\/\/veritasinfo.org\/?cat=58\" rel=\"category\">Politik\u00eb<\/a>","tag_info":"Politik\u00eb","comment_count":"0","_links":{"self":[{"href":"https:\/\/veritasinfo.org\/index.php?rest_route=\/wp\/v2\/posts\/13451","targetHints":{"allow":["GET"]}}],"collection":[{"href":"https:\/\/veritasinfo.org\/index.php?rest_route=\/wp\/v2\/posts"}],"about":[{"href":"https:\/\/veritasinfo.org\/index.php?rest_route=\/wp\/v2\/types\/post"}],"author":[{"embeddable":true,"href":"https:\/\/veritasinfo.org\/index.php?rest_route=\/wp\/v2\/users\/7"}],"replies":[{"embeddable":true,"href":"https:\/\/veritasinfo.org\/index.php?rest_route=%2Fwp%2Fv2%2Fcomments&post=13451"}],"version-history":[{"count":1,"href":"https:\/\/veritasinfo.org\/index.php?rest_route=\/wp\/v2\/posts\/13451\/revisions"}],"predecessor-version":[{"id":13453,"href":"https:\/\/veritasinfo.org\/index.php?rest_route=\/wp\/v2\/posts\/13451\/revisions\/13453"}],"wp:featuredmedia":[{"embeddable":true,"href":"https:\/\/veritasinfo.org\/index.php?rest_route=\/wp\/v2\/media\/13452"}],"wp:attachment":[{"href":"https:\/\/veritasinfo.org\/index.php?rest_route=%2Fwp%2Fv2%2Fmedia&parent=13451"}],"wp:term":[{"taxonomy":"category","embeddable":true,"href":"https:\/\/veritasinfo.org\/index.php?rest_route=%2Fwp%2Fv2%2Fcategories&post=13451"},{"taxonomy":"post_tag","embeddable":true,"href":"https:\/\/veritasinfo.org\/index.php?rest_route=%2Fwp%2Fv2%2Ftags&post=13451"}],"curies":[{"name":"wp","href":"https:\/\/api.w.org\/{rel}","templated":true}]}}