{"id":13424,"date":"2025-09-24T08:25:53","date_gmt":"2025-09-24T06:25:53","guid":{"rendered":"https:\/\/veritasinfo.org\/?p=13424"},"modified":"2025-09-24T08:25:53","modified_gmt":"2025-09-24T06:25:53","slug":"ne-dyvjetorin-e-renies-nderohet-heroi-afrim-bunjaku","status":"publish","type":"post","link":"https:\/\/veritasinfo.org\/?p=13424","title":{"rendered":"N\u00eb dyvjetorin e r\u00ebnies, nderohet heroi Afrim Bunjaku"},"content":{"rendered":"<p>Prishtin\u00eb 24 Shtator 2025<\/p>\n<p><strong>N\u00ebn patronatin e Ministrit n\u00eb detyr\u00eb t\u00eb Pun\u00ebve t\u00eb Brendshme, Xhelal Sve\u00e7la, dhe Drejtorit t\u00eb P\u00ebrgjithsh\u00ebm t\u00eb Policis\u00eb s\u00eb Kosov\u00ebs, Gazmend Hoxha, sot organizohen aktivitete p\u00ebrkujtimore n\u00eb nderim t\u00eb dyvjetorit t\u00eb r\u00ebnies heroike t\u00eb pjes\u00ebtarit t\u00eb Policis\u00eb s\u00eb Kosov\u00ebs, Afrim Bunjaku.<\/strong><\/p>\n<p>&nbsp;<\/p>\n<p>Ceremonit\u00eb p\u00ebrkujtimore fillojn\u00eb me homazhe te varri i heroit Afrim Bunjaku, ku do t\u00eb marrin pjes\u00eb edhe Kryeministri n\u00eb detyr\u00eb, Albin Kurti, Ministri n\u00eb detyr\u00eb i Pun\u00ebve t\u00eb Brendshme, Xhelal Sve\u00e7la, dhe Drejtori i P\u00ebrgjithsh\u00ebm i Policis\u00eb, Gazmend Hoxha.<\/p>\n<p>&nbsp;<\/p>\n<p>N\u00eb or\u00ebn 15:00, do t\u00eb mbahet akademi p\u00ebrkujtimore me rastin e dyvjetorit t\u00eb r\u00ebnies s\u00eb Afrim Bunjakut, ku pritet t\u00eb jen\u00eb t\u00eb pranish\u00ebm po ashtu Kurti, Sve\u00e7la dhe Hoxha, t\u00eb cil\u00ebt do t\u00eb nderojn\u00eb sakrific\u00ebn dhe p\u00ebrkushtimin e heroit p\u00ebr vendin dhe komunitetin.<\/p>\n","protected":false},"excerpt":{"rendered":"<p>Prishtin\u00eb 24 Shtator 2025 N\u00ebn patronatin e Ministrit n\u00eb detyr\u00eb t\u00eb Pun\u00ebve t\u00eb Brendshme, Xhelal Sve\u00e7la, dhe Drejtorit t\u00eb P\u00ebrgjithsh\u00ebm t\u00eb Policis\u00eb s\u00eb Kosov\u00ebs, Gazmend<\/p>\n","protected":false},"author":6,"featured_media":13425,"comment_status":"open","ping_status":"open","sticky":false,"template":"","format":"standard","meta":{"footnotes":""},"categories":[60],"tags":[],"class_list":["post-13424","post","type-post","status-publish","format-standard","has-post-thumbnail","hentry","category-shoqerore-sq"],"yoast_head":"<!-- This site is optimized with the Yoast SEO plugin v25.3.1 - https:\/\/yoast.com\/wordpress\/plugins\/seo\/ -->\n<title>N\u00eb dyvjetorin e r\u00ebnies, nderohet heroi Afrim Bunjaku -<\/title>\n<meta name=\"robots\" content=\"index, follow, max-snippet:-1, max-image-preview:large, max-video-preview:-1\" \/>\n<link rel=\"canonical\" href=\"https:\/\/veritasinfo.org\/?p=13424\" \/>\n<meta property=\"og:locale\" content=\"en_US\" \/>\n<meta property=\"og:type\" content=\"article\" \/>\n<meta property=\"og:title\" content=\"N\u00eb dyvjetorin e r\u00ebnies, nderohet heroi Afrim Bunjaku -\" \/>\n<meta property=\"og:description\" content=\"Prishtin\u00eb 24 Shtator 2025 N\u00ebn patronatin e Ministrit n\u00eb detyr\u00eb t\u00eb Pun\u00ebve t\u00eb Brendshme, Xhelal Sve\u00e7la, dhe Drejtorit t\u00eb P\u00ebrgjithsh\u00ebm t\u00eb Policis\u00eb s\u00eb Kosov\u00ebs, Gazmend\" \/>\n<meta property=\"og:url\" content=\"https:\/\/veritasinfo.org\/?p=13424\" \/>\n<meta property=\"article:published_time\" content=\"2025-09-24T06:25:53+00:00\" \/>\n<meta property=\"og:image\" content=\"https:\/\/veritasinfo.org\/wp-content\/uploads\/2025\/09\/704888-FOSfTYqUVv.jpg\" \/>\n\t<meta property=\"og:image:width\" content=\"780\" \/>\n\t<meta property=\"og:image:height\" content=\"500\" \/>\n\t<meta property=\"og:image:type\" content=\"image\/jpeg\" \/>\n<meta name=\"author\" content=\"US5\" \/>\n<meta name=\"twitter:card\" content=\"summary_large_image\" \/>\n<meta name=\"twitter:label1\" content=\"Written by\" \/>\n\t<meta name=\"twitter:data1\" content=\"US5\" \/>\n\t<meta name=\"twitter:label2\" content=\"Est. reading time\" \/>\n\t<meta name=\"twitter:data2\" content=\"1 minute\" \/>\n<script type=\"application\/ld+json\" class=\"yoast-schema-graph\">{\"@context\":\"https:\/\/schema.org\",\"@graph\":[{\"@type\":\"WebPage\",\"@id\":\"https:\/\/veritasinfo.org\/?p=13424\",\"url\":\"https:\/\/veritasinfo.org\/?p=13424\",\"name\":\"N\u00eb dyvjetorin e r\u00ebnies, nderohet heroi Afrim Bunjaku -\",\"isPartOf\":{\"@id\":\"https:\/\/veritasinfo.org\/#website\"},\"primaryImageOfPage\":{\"@id\":\"https:\/\/veritasinfo.org\/?p=13424#primaryimage\"},\"image\":{\"@id\":\"https:\/\/veritasinfo.org\/?p=13424#primaryimage\"},\"thumbnailUrl\":\"https:\/\/veritasinfo.org\/wp-content\/uploads\/2025\/09\/704888-FOSfTYqUVv.jpg\",\"datePublished\":\"2025-09-24T06:25:53+00:00\",\"author\":{\"@id\":\"https:\/\/veritasinfo.org\/#\/schema\/person\/bc442336e35414d04494ab8fb45db4c6\"},\"breadcrumb\":{\"@id\":\"https:\/\/veritasinfo.org\/?p=13424#breadcrumb\"},\"inLanguage\":\"en-US\",\"potentialAction\":[{\"@type\":\"ReadAction\",\"target\":[\"https:\/\/veritasinfo.org\/?p=13424\"]}]},{\"@type\":\"ImageObject\",\"inLanguage\":\"en-US\",\"@id\":\"https:\/\/veritasinfo.org\/?p=13424#primaryimage\",\"url\":\"https:\/\/veritasinfo.org\/wp-content\/uploads\/2025\/09\/704888-FOSfTYqUVv.jpg\",\"contentUrl\":\"https:\/\/veritasinfo.org\/wp-content\/uploads\/2025\/09\/704888-FOSfTYqUVv.jpg\",\"width\":780,\"height\":500},{\"@type\":\"BreadcrumbList\",\"@id\":\"https:\/\/veritasinfo.org\/?p=13424#breadcrumb\",\"itemListElement\":[{\"@type\":\"ListItem\",\"position\":1,\"name\":\"Home\",\"item\":\"https:\/\/veritasinfo.org\/\"},{\"@type\":\"ListItem\",\"position\":2,\"name\":\"N\u00eb dyvjetorin e r\u00ebnies, nderohet heroi Afrim Bunjaku\"}]},{\"@type\":\"WebSite\",\"@id\":\"https:\/\/veritasinfo.org\/#website\",\"url\":\"https:\/\/veritasinfo.org\/\",\"name\":\"\",\"description\":\"\",\"potentialAction\":[{\"@type\":\"SearchAction\",\"target\":{\"@type\":\"EntryPoint\",\"urlTemplate\":\"https:\/\/veritasinfo.org\/?s={search_term_string}\"},\"query-input\":{\"@type\":\"PropertyValueSpecification\",\"valueRequired\":true,\"valueName\":\"search_term_string\"}}],\"inLanguage\":\"en-US\"},{\"@type\":\"Person\",\"@id\":\"https:\/\/veritasinfo.org\/#\/schema\/person\/bc442336e35414d04494ab8fb45db4c6\",\"name\":\"US5\",\"image\":{\"@type\":\"ImageObject\",\"inLanguage\":\"en-US\",\"@id\":\"https:\/\/veritasinfo.org\/#\/schema\/person\/image\/\",\"url\":\"https:\/\/secure.gravatar.com\/avatar\/16a61e7272a0c5d001121ebb9e60e925d5816e4ac1e443ed3e640d9a6ae55d0c?s=96&d=mm&r=g\",\"contentUrl\":\"https:\/\/secure.gravatar.com\/avatar\/16a61e7272a0c5d001121ebb9e60e925d5816e4ac1e443ed3e640d9a6ae55d0c?s=96&d=mm&r=g\",\"caption\":\"US5\"},\"url\":\"https:\/\/veritasinfo.org\/?author=6\"}]}<\/script>\n<!-- \/ Yoast SEO plugin. -->","yoast_head_json":{"title":"N\u00eb dyvjetorin e r\u00ebnies, nderohet heroi Afrim Bunjaku -","robots":{"index":"index","follow":"follow","max-snippet":"max-snippet:-1","max-image-preview":"max-image-preview:large","max-video-preview":"max-video-preview:-1"},"canonical":"https:\/\/veritasinfo.org\/?p=13424","og_locale":"en_US","og_type":"article","og_title":"N\u00eb dyvjetorin e r\u00ebnies, nderohet heroi Afrim Bunjaku -","og_description":"Prishtin\u00eb 24 Shtator 2025 N\u00ebn patronatin e Ministrit n\u00eb detyr\u00eb t\u00eb Pun\u00ebve t\u00eb Brendshme, Xhelal Sve\u00e7la, dhe Drejtorit t\u00eb P\u00ebrgjithsh\u00ebm t\u00eb Policis\u00eb s\u00eb Kosov\u00ebs, Gazmend","og_url":"https:\/\/veritasinfo.org\/?p=13424","article_published_time":"2025-09-24T06:25:53+00:00","og_image":[{"width":780,"height":500,"url":"https:\/\/veritasinfo.org\/wp-content\/uploads\/2025\/09\/704888-FOSfTYqUVv.jpg","type":"image\/jpeg"}],"author":"US5","twitter_card":"summary_large_image","twitter_misc":{"Written by":"US5","Est. reading time":"1 minute"},"schema":{"@context":"https:\/\/schema.org","@graph":[{"@type":"WebPage","@id":"https:\/\/veritasinfo.org\/?p=13424","url":"https:\/\/veritasinfo.org\/?p=13424","name":"N\u00eb dyvjetorin e r\u00ebnies, nderohet heroi Afrim Bunjaku -","isPartOf":{"@id":"https:\/\/veritasinfo.org\/#website"},"primaryImageOfPage":{"@id":"https:\/\/veritasinfo.org\/?p=13424#primaryimage"},"image":{"@id":"https:\/\/veritasinfo.org\/?p=13424#primaryimage"},"thumbnailUrl":"https:\/\/veritasinfo.org\/wp-content\/uploads\/2025\/09\/704888-FOSfTYqUVv.jpg","datePublished":"2025-09-24T06:25:53+00:00","author":{"@id":"https:\/\/veritasinfo.org\/#\/schema\/person\/bc442336e35414d04494ab8fb45db4c6"},"breadcrumb":{"@id":"https:\/\/veritasinfo.org\/?p=13424#breadcrumb"},"inLanguage":"en-US","potentialAction":[{"@type":"ReadAction","target":["https:\/\/veritasinfo.org\/?p=13424"]}]},{"@type":"ImageObject","inLanguage":"en-US","@id":"https:\/\/veritasinfo.org\/?p=13424#primaryimage","url":"https:\/\/veritasinfo.org\/wp-content\/uploads\/2025\/09\/704888-FOSfTYqUVv.jpg","contentUrl":"https:\/\/veritasinfo.org\/wp-content\/uploads\/2025\/09\/704888-FOSfTYqUVv.jpg","width":780,"height":500},{"@type":"BreadcrumbList","@id":"https:\/\/veritasinfo.org\/?p=13424#breadcrumb","itemListElement":[{"@type":"ListItem","position":1,"name":"Home","item":"https:\/\/veritasinfo.org\/"},{"@type":"ListItem","position":2,"name":"N\u00eb dyvjetorin e r\u00ebnies, nderohet heroi Afrim Bunjaku"}]},{"@type":"WebSite","@id":"https:\/\/veritasinfo.org\/#website","url":"https:\/\/veritasinfo.org\/","name":"","description":"","potentialAction":[{"@type":"SearchAction","target":{"@type":"EntryPoint","urlTemplate":"https:\/\/veritasinfo.org\/?s={search_term_string}"},"query-input":{"@type":"PropertyValueSpecification","valueRequired":true,"valueName":"search_term_string"}}],"inLanguage":"en-US"},{"@type":"Person","@id":"https:\/\/veritasinfo.org\/#\/schema\/person\/bc442336e35414d04494ab8fb45db4c6","name":"US5","image":{"@type":"ImageObject","inLanguage":"en-US","@id":"https:\/\/veritasinfo.org\/#\/schema\/person\/image\/","url":"https:\/\/secure.gravatar.com\/avatar\/16a61e7272a0c5d001121ebb9e60e925d5816e4ac1e443ed3e640d9a6ae55d0c?s=96&d=mm&r=g","contentUrl":"https:\/\/secure.gravatar.com\/avatar\/16a61e7272a0c5d001121ebb9e60e925d5816e4ac1e443ed3e640d9a6ae55d0c?s=96&d=mm&r=g","caption":"US5"},"url":"https:\/\/veritasinfo.org\/?author=6"}]}},"featured_image_urls":{"full":["https:\/\/veritasinfo.org\/wp-content\/uploads\/2025\/09\/704888-FOSfTYqUVv.jpg",780,500,false],"thumbnail":["https:\/\/veritasinfo.org\/wp-content\/uploads\/2025\/09\/704888-FOSfTYqUVv-150x150.jpg",150,150,true],"medium":["https:\/\/veritasinfo.org\/wp-content\/uploads\/2025\/09\/704888-FOSfTYqUVv-300x192.jpg",300,192,true],"medium_large":["https:\/\/veritasinfo.org\/wp-content\/uploads\/2025\/09\/704888-FOSfTYqUVv-768x492.jpg",640,410,true],"large":["https:\/\/veritasinfo.org\/wp-content\/uploads\/2025\/09\/704888-FOSfTYqUVv.jpg",640,410,false],"1536x1536":["https:\/\/veritasinfo.org\/wp-content\/uploads\/2025\/09\/704888-FOSfTYqUVv.jpg",780,500,false],"2048x2048":["https:\/\/veritasinfo.org\/wp-content\/uploads\/2025\/09\/704888-FOSfTYqUVv.jpg",780,500,false],"kreeti-slider-full":["https:\/\/veritasinfo.org\/wp-content\/uploads\/2025\/09\/704888-FOSfTYqUVv.jpg",780,500,false],"kreeti-featured":["https:\/\/veritasinfo.org\/wp-content\/uploads\/2025\/09\/704888-FOSfTYqUVv.jpg",780,500,false],"kreeti-medium":["https:\/\/veritasinfo.org\/wp-content\/uploads\/2025\/09\/704888-FOSfTYqUVv.jpg",720,462,false],"kreeti-medium-square":["https:\/\/veritasinfo.org\/wp-content\/uploads\/2025\/09\/704888-FOSfTYqUVv.jpg",350,224,false]},"author_info":{"info":["US5"]},"category_info":"<a href=\"https:\/\/veritasinfo.org\/?cat=60\" rel=\"category\">Shoq\u00ebrore<\/a>","tag_info":"Shoq\u00ebrore","comment_count":"0","_links":{"self":[{"href":"https:\/\/veritasinfo.org\/index.php?rest_route=\/wp\/v2\/posts\/13424","targetHints":{"allow":["GET"]}}],"collection":[{"href":"https:\/\/veritasinfo.org\/index.php?rest_route=\/wp\/v2\/posts"}],"about":[{"href":"https:\/\/veritasinfo.org\/index.php?rest_route=\/wp\/v2\/types\/post"}],"author":[{"embeddable":true,"href":"https:\/\/veritasinfo.org\/index.php?rest_route=\/wp\/v2\/users\/6"}],"replies":[{"embeddable":true,"href":"https:\/\/veritasinfo.org\/index.php?rest_route=%2Fwp%2Fv2%2Fcomments&post=13424"}],"version-history":[{"count":1,"href":"https:\/\/veritasinfo.org\/index.php?rest_route=\/wp\/v2\/posts\/13424\/revisions"}],"predecessor-version":[{"id":13426,"href":"https:\/\/veritasinfo.org\/index.php?rest_route=\/wp\/v2\/posts\/13424\/revisions\/13426"}],"wp:featuredmedia":[{"embeddable":true,"href":"https:\/\/veritasinfo.org\/index.php?rest_route=\/wp\/v2\/media\/13425"}],"wp:attachment":[{"href":"https:\/\/veritasinfo.org\/index.php?rest_route=%2Fwp%2Fv2%2Fmedia&parent=13424"}],"wp:term":[{"taxonomy":"category","embeddable":true,"href":"https:\/\/veritasinfo.org\/index.php?rest_route=%2Fwp%2Fv2%2Fcategories&post=13424"},{"taxonomy":"post_tag","embeddable":true,"href":"https:\/\/veritasinfo.org\/index.php?rest_route=%2Fwp%2Fv2%2Ftags&post=13424"}],"curies":[{"name":"wp","href":"https:\/\/api.w.org\/{rel}","templated":true}]}}