{"id":13418,"date":"2025-09-24T08:18:15","date_gmt":"2025-09-24T06:18:15","guid":{"rendered":"https:\/\/veritasinfo.org\/?p=13418"},"modified":"2025-09-24T08:18:15","modified_gmt":"2025-09-24T06:18:15","slug":"dy-vjet-pa-aktakuze-per-banjsken-ne-serbi-radoiciq-me-adrese-ne-beograd","status":"publish","type":"post","link":"https:\/\/veritasinfo.org\/?p=13418","title":{"rendered":"Dy vjet pa aktakuz\u00eb p\u00ebr Banjsk\u00ebn n\u00eb Serbi, Radoi\u00e7iq me adres\u00eb n\u00eb Beograd"},"content":{"rendered":"<p>Banjsk\u00eb\u00a0 24 Shtator 2025<\/p>\n<p><strong>Dy vjet pasi mori p\u00ebrgjegj\u00ebsin\u00eb p\u00ebr sulmin e armatosur ndaj Policis\u00eb s\u00eb Kosov\u00ebs n\u00eb Banjsk\u00eb Millan Radoi\u00e7iq \u00ebsht\u00eb ende i lir\u00eb dhe me vendbanim t\u00eb regjistruar n\u00eb Beograd.<\/strong><\/p>\n<p>K\u00ebt\u00eb e konfirmon nj\u00eb p\u00ebrgjigje e Gjykat\u00ebs s\u00eb Lart\u00eb n\u00eb Beograd, dh\u00ebn\u00eb Radios\u00a0<a class=\"rm-stats-tracked\" href=\"https:\/\/www.evropaelire.org\/a\/rasti-banjska-ende-pa-aktakuze-ne-serbi-\/33538897.html\" target=\"_blank\" rel=\"noopener\">Evropa e Lir\u00eb<\/a>, ku thuhet se Radoi\u00e7iqit i \u00ebsht\u00eb zgjatur masa e ndalimit t\u00eb largimit nga Serbia, me detyrimin q\u00eb t\u00eb paraqitet n\u00eb polici m\u00eb 1 dhe 15 t\u00eb \u00e7do muaji.<\/p>\n<p>\u201cVendimet gjyq\u00ebsore i dor\u00ebzohen t\u00eb pandehurit rregullisht n\u00eb adres\u00ebn e regjistruar t\u00eb vendbanimit, n\u00eb territorin e qytetit t\u00eb Beogradit\u201d, thuhet n\u00eb p\u00ebrgjigjen e Gjykat\u00ebs s\u00eb Lart\u00eb.<\/p>\n<aside class=\"placeholder-a-block\">\n<div id=\"00000001-58bf8797-7ed8-4268-a6ea-aaa9f91b6d91\" class=\"_ap_apex_ad\" data-section=\"00000001-58bf8797-7ed8-4268-a6ea-aaa9f91b6d91\" data-orig-id=\"2a7c753c-ed9f-49ca-bdda-f261d990f47c\" data-render-time=\"1758693660168\" data-ap-network=\"adpTags\" data-timeout=\"24\" data-refresh-time=\"1758693796321\">\n<div id=\"ADP_48070_300x250_00000001-58bf8797-7ed8-4268-a6ea-aaa9f91b6d91\" data-google-query-id=\"CLjcofjc8I8DFeGyJwIdNWMoFw\">\n<div id=\"google_ads_iframe_\/103512698,22646657118\/ADP_48070_300X250_2a7c753c-ed9f-49ca-bdda-f261d990f47c_0__container__\">\n<div id=\"sPost_Default_Layout_0_0_22_0_0_7_1_1_0\" class=\"main-column col sm-mb-2 md-mb-4 s12 m12 l8\">\n<div id=\"sPost_Default_Layout_0_0_22_0_0_7_1_1_0_0\" class=\"post-with-sticky-share\">\n<div id=\"sPost_Default_Layout_0_0_22_0_0_7_1_1_0_0_0\" class=\"article-body\">\n<div id=\"sPost_Default_Layout_0_0_22_0_0_7_1_1_0_0_0_0\" class=\"mb-2 article\">\n<div class=\"posts-custom posts-custom-section section-holder clearfix\" data-block=\"None\" data-format=\"posts-custom\" data-source=\"current_post\" data-source-type=\"current_post\" data-source-unique=\"true\" data-section-id=\"\" data-is-reordable=\"false\" data-using-stickers=\"false\" data-has-more=\"false\" data-attr-format=\"posts-custom\" data-attr-posts_id=\"sPost_Default_Layout_0_0_22_0_0_7_1_1_0_0_0_0\" data-attr-layout_quality=\"5\" data-attr-header_template=\"jinja\/post\/custom-css.html\" data-attr-node_id=\"\/root\/blocks\/block[post_default_layout]\/abtests\/abtest[1]\/element_wrapper\/element_wrapper[1]\/row\/column[1]\/element_wrapper\/element_wrapper[1]\/current_post-\" data-attr-layout_all_headline_tag=\"h1\" data-attr-layout_all_subheadline_tag=\"h2\" data-attr-all_element_order=\"body,all_sections\" data-attr-layout_body=\"bottom\" data-attr-disable_a_tag=\"true\" data-attr-show_full_post_body=\"true\" data-attr-data-rm-advanced=\"true\" data-attr-use_smart_keep_reading=\"true\" data-attr-element_classes=\"article\" data-attr-all_share_buttons=\"Facebook,Twitter,Linkedin,Separator,Email,Tumblr,GooglePlus,Pinterest,Whatsapp,Reddit,CopyLink,Flipboard,SMS,Slack\" data-attr-layout_linkedin=\"inactive\" data-attr-layout_separator=\"inactive\" data-attr-layout_tumblr=\"inactive\" data-attr-layout_googleplus=\"inactive\" data-attr-layout_pinterest=\"inactive\" data-attr-layout_whatsapp=\"inactive\" data-attr-layout_reddit=\"inactive\" data-attr-layout_copylink=\"active\" data-attr-layout_flipboard=\"inactive\" data-attr-layout_sms=\"inactive\" data-attr-layout_slack=\"inactive\" data-attr-use_tag_image_for_lead_media=\"true\" data-attr-layout_all_image_crop=\"3x2\" data-attr-layout_all_date_format=\"%d\/%m\/%Y\" data-attr-layout_remove_image=\"true\" data-attr-layout_all_show_video=\"true\" data-attr-layout_all_sections=\"bottom\" data-attr-filters=\"\" data-attr-section_url=\"\" data-attr-source=\"\" data-attr-is_current_post=\"true\">\n<div class=\"posts-wrapper clearfix\">\n<div class=\"widget post-partial tag-milan-radoiciq tag-veriu-i-kosoves tag-banjske tag-sulmi-terrorist-ne-veri post-section--lajme\/kosove\" data-category=\"Kosov\u00eb\">\n<article class=\"clearfix image-article sm-mb-1 quality-HD post-2674027434\" data-frozen-sections=\"[]\" data-category=\"Kosov\u00eb\">\n<div class=\"row px10\">\n<div class=\"rm-col-center col sm-mb-1\">\n<div class=\"widget__body clearfix sm-mt-1\">\n<div class=\"body js-expandable clearfix js-listicle-body  css-listicle-body-2674027434\" data-headline=\"Dy vjet pa aktakuz\u00eb p\u00ebr Banjsk\u00ebn n\u00eb Serbi, Radoi\u00e7iq me adres\u00eb n\u00eb Beograd\">\n<div class=\"body-description\" data-rm-calc-width=\"600\">\n<p>Aty thuhet, po ashtu, se Radoi\u00e7iq i respekton masat dhe se p\u00ebr her\u00eb t\u00eb fundit \u00ebsht\u00eb paraqitur n\u00eb \u201cstacionin kompetent policor, Savski Venac\u201d, m\u00eb 15 shtator t\u00eb k\u00ebtij viti.<\/p>\n<p>N\u00eb p\u00ebrgjigje nuk specifikohet adresa e Radoi\u00e7iqit, por n\u00eb territorin e k\u00ebsaj komune qendrore t\u00eb Beogradit gjenden vila luksoze dhe nd\u00ebrtesa n\u00eb pron\u00ebsi t\u00eb kompanive dhe personave t\u00eb lidhur me t\u00eb.<\/p>\n<p>Ish-n\u00ebnkryetari i List\u00ebs Serbe &#8211; partis\u00eb m\u00eb t\u00eb madhe t\u00eb serb\u00ebve n\u00eb Kosov\u00eb &#8211; u la i lir\u00eb pas marrjes n\u00eb pyetje n\u00eb Beograd n\u00eb tetor t\u00eb vitit 2023, nd\u00ebrsa n\u00eb fund t\u00eb vitit 2024, kryeprokurori paralajm\u00ebroi ngritjen e aktakuz\u00ebs.<\/p>\n<p>Gati nj\u00eb vit m\u00eb von\u00eb, prokuroria nuk iu p\u00ebrgjigj pyetjes s\u00eb Radios Evropa e Lir\u00eb se \u00e7ka e ka penguar marrjen e vendimit.<\/p>\n<aside class=\"placeholder-a-block\">\n<div id=\"00000001-507a9738-c6da-469b-9552-409cd4919fd3\" class=\"_ap_apex_ad\" data-section=\"00000001-507a9738-c6da-469b-9552-409cd4919fd3\" data-orig-id=\"4212a905-7bff-4e73-929e-44a71ba2a3b7\" data-render-time=\"1758693660182\" data-ap-network=\"adpTags\">\n<div id=\"ADP_48070_300x250_00000001-507a9738-c6da-469b-9552-409cd4919fd3\" data-google-query-id=\"CNuIjLjc8I8DFbRW9ggdieghdw\">\n<div id=\"google_ads_iframe_\/103512698,22646657118\/ADP_48070_300X250_4212a905-7bff-4e73-929e-44a71ba2a3b7_0__container__\">\n<p>\u201cZyra e Prokurorit punon n\u00ebn presion politik dhe n\u00ebn ndikimin e autoriteteve. Kjo \u00ebsht\u00eb sigurisht nj\u00eb nga arsyet p\u00ebrse nuk kemi ende aktakuz\u00eb\u201d, thot\u00eb p\u00ebr REL-in Maja Bjellosh nga Qendra e Beogradit p\u00ebr Politikat e Siguris\u00eb.<\/p>\n<p>Ndryshe nga Radoi\u00e7iq, i cili nuk u shfaq n\u00eb publik q\u00eb kur pranoi organizimin e sulmit n\u00eb Banjsk\u00eb, n\u00eb t\u00eb cilin mbeti i vrar\u00eb rreshteri Afrim Bunjaku.<\/p>\n<p>Persona t\u00eb tjer\u00eb nga aktakuza e Kosov\u00ebs p\u00ebr k\u00ebt\u00eb sulm, u pan\u00eb k\u00ebt\u00eb ver\u00eb \u201cduke ruajtur\u201d vendin e pun\u00ebs s\u00eb presidentit t\u00eb Serbis\u00eb, Aleksandar Vu\u00e7iq, gjat\u00eb protestave masive antiqeveritare.<\/p>\n<p><strong>Heshtje n\u00eb Beograd<\/strong><\/p>\n<p>\u201cVendimi p\u00ebr aktakuz\u00ebn do t\u00eb merret n\u00eb fund t\u00eb k\u00ebtij viti ose n\u00eb fillim t\u00eb vitit t\u00eb ardhsh\u00ebm\u201d, tha kryeprokurori i Prokuroris\u00eb s\u00eb Lart\u00eb n\u00eb Beograd, Nenad Stefanoviq, n\u00eb fillim t\u00eb dhjetorit t\u00eb vitit 2024.<\/p>\n<p>Ai pohoi p\u00ebr portalin \u201cKosovo Online\u201d se gjat\u00eb hetimit p\u00ebr \u201cngjarjen n\u00eb Banjsk\u00eb\u201d, Prokuroria n\u00eb Serbi ka kryer mbi 40 veprime procedurale.<\/p>\n<p>Q\u00eb at\u00ebher\u00eb, ai nuk b\u00ebri ndonj\u00eb deklarat\u00eb tjet\u00ebr, nd\u00ebrsa Prokuroria nuk iu p\u00ebrgjigj pyetjeve t\u00eb vazhdueshme t\u00eb REL-it se kur mund t\u00eb pritet vendimi p\u00ebr aktakuz\u00ebn, \u00e7far\u00eb \u00ebsht\u00eb zbuluar gjat\u00eb hetimeve dhe cilat masa jan\u00eb nd\u00ebrmarr\u00eb.<\/p>\n<p>N\u00eb Serbi, Radoi\u00e7iq dyshohet p\u00ebr \u201cnj\u00eb krim t\u00eb r\u00ebnd\u00eb kund\u00ebr siguris\u00eb s\u00eb p\u00ebrgjithshme\u201d, si dhe \u201cprodhim, mbajtje dhe trafikim t\u00eb paligjsh\u00ebm t\u00eb arm\u00ebve\u201d.<\/p>\n<p>Kosova, n\u00eb an\u00ebn tjet\u00ebr, e karakterizon si terrorist sulmin n\u00eb Banjsk\u00eb, ku u vra nj\u00eb polic.<\/p>\n<p>Sipas aktakuz\u00ebs s\u00eb ngritur n\u00eb Kosov\u00eb, Radoi\u00e7iq dhe t\u00eb tjer\u00ebt t\u00eb p\u00ebrfshir\u00eb n\u00eb sulm, akuzohen p\u00ebr shkelje t\u00eb rendit kushtetues dhe veprime kund\u00ebr sistemit ligjor t\u00eb Kosov\u00ebs.<\/p>\n<p>Aktakuza p\u00ebrfshin 45 persona, dhe vet\u00ebm tre prej tyre q\u00eb u arrestuan n\u00eb Kosov\u00eb, po gjykohen para gjykat\u00ebs n\u00eb Prishtin\u00eb.<\/p>\n<\/div>\n<\/div>\n<\/div>\n<\/aside>\n<\/div>\n<\/div>\n<\/div>\n<\/div>\n<\/div>\n<\/article>\n<\/div>\n<\/div>\n<\/div>\n<\/div>\n<\/div>\n<\/div>\n<\/div>\n<div id=\"sPost_Default_Layout_0_0_22_0_0_7_1_1_2\" class=\"main-column col sm-mb-2 md-mb-4 s12 m12 l8\">\n<div id=\"sPost_Default_Layout_0_0_22_0_0_7_1_1_2_0\" class=\"post-with-sticky-share\">\n<div id=\"sPost_Default_Layout_0_0_22_0_0_7_1_1_2_0_1\" class=\"mb-2 article-tags\">\n<div class=\"posts-custom posts-custom-section section-holder clearfix\" data-block=\"None\" data-format=\"posts-custom\" data-source=\"current_post\" data-source-type=\"current_post\" data-source-unique=\"true\" data-section-id=\"\" data-is-reordable=\"false\" data-using-stickers=\"false\" data-has-more=\"false\" data-attr-format=\"posts-custom\" data-attr-posts_id=\"sPost_Default_Layout_0_0_22_0_0_7_1_1_2_0_1\" data-attr-layout_quality=\"5\" data-attr-node_id=\"\/root\/blocks\/block[post_default_layout]\/abtests\/abtest[1]\/element_wrapper\/element_wrapper[1]\/row\/column[3]\/element_wrapper\/current_post-\" data-attr-layout_all_headline_tag=\"h1\" data-attr-layout_all_subheadline_tag=\"h2\" data-attr-element_classes=\"article-tags\" data-attr-layout_tags=\"bottom\" data-attr-all_element_order=\"tags,post_shares\" data-attr-layout_remove_image=\"true\" data-attr-layout_post_shares=\"bottom\" data-attr-layout_linkedin=\"inactive\" data-attr-all_share_buttons=\"Facebook,Twitter,Linkedin,Separator,Email,Tumblr,GooglePlus,Pinterest,Whatsapp,Reddit,CopyLink,Flipboard,SMS,Slack\" data-attr-layout_separator=\"inactive\" data-attr-layout_tumblr=\"inactive\" data-attr-layout_googleplus=\"inactive\" data-attr-layout_pinterest=\"inactive\" data-attr-layout_whatsapp=\"inactive\" data-attr-layout_reddit=\"inactive\" data-attr-layout_copylink=\"active\" data-attr-layout_flipboard=\"inactive\" data-attr-layout_sms=\"inactive\" data-attr-layout_slack=\"inactive\" data-attr-filters=\"\" data-attr-section_url=\"\" data-attr-source=\"\" data-attr-is_current_post=\"true\">\n<div class=\"posts-wrapper clearfix\">\n<div class=\"widget post-partial tag-milan-radoiciq tag-veriu-i-kosoves tag-banjske tag-sulmi-terrorist-ne-veri post-section--lajme\/kosove\" data-category=\"Kosov\u00eb\">\n<article class=\"clearfix image-article sm-mb-1 quality-HD post-2674027434\" data-frozen-sections=\"[]\" data-category=\"Kosov\u00eb\">\n<div class=\"row px10\">\n<div class=\"rm-col-center col sm-mb-1\">\n<div class=\"widget__body clearfix sm-mt-1\">\n<div class=\"tags\">\n<p>T\u00eb tjer\u00ebt jan\u00eb n\u00eb arrati dhe Interpol-i l\u00ebshoi fletarrestim p\u00ebr ta n\u00eb dhjetor t\u00eb vitit 2023.<\/p>\n<p>Edhe pse Kosova i k\u00ebrkon bashk\u00ebsis\u00eb nd\u00ebrkomb\u00ebtare q\u00eb t\u00eb b\u00ebj\u00eb trysni mbi Serbin\u00eb, Beogradi refuzon t\u2019i ekstradoj\u00eb t\u00eb akuzuarit, duke th\u00ebn\u00eb se ata do t\u00eb gjykohen n\u00eb Serbi.<\/p>\n<p>\u201cNuk pres q\u00eb k\u00ebta persona t\u00eb ndiqen penalisht n\u00eb nj\u00eb t\u00eb ardhme t\u00eb af\u00ebrt, pasi rezulton se ata g\u00ebzojn\u00eb mbrojtje nga shteti dhe jan\u00eb disa nga partner\u00ebt kryesor\u00eb t\u00eb Qeveris\u00eb n\u00eb zbatimin e projekteve t\u00eb ndryshme infrastrukturore\u201d, thot\u00eb Bjellosh.<\/p>\n<p>\u201cKemi par\u00eb, gjithashtu, se ata q\u00eb kan\u00eb marr\u00eb pjes\u00eb n\u00eb sulmin n\u00eb Banjsk\u00eb, sot udh\u00ebheqin grupe q\u00eb i frik\u00ebsojn\u00eb qytetar\u00ebt e Serbis\u00eb\u201d, shton ajo.<\/p>\n<p><strong>Personat n\u00eb k\u00ebrkim, para selis\u00eb s\u00eb presidentit t\u00eb Serbis\u00eb<\/strong><\/p>\n<p>Gjat\u00eb nj\u00eb proteste antiqeveritare n\u00eb Serbi &#8211; t\u00eb cilat vazhdojn\u00eb q\u00eb nga aksidenti vdekjeprur\u00ebs n\u00eb Stacionin Hekurudhor t\u00eb Novi Sadit, n\u00eb n\u00ebntor t\u00eb vitit t\u00eb kaluar &#8211; policia ruante nd\u00ebrtes\u00ebn e Presidenc\u00ebs s\u00eb Serbis\u00eb dhe parkun p\u00ebrreth n\u00eb qend\u00ebr t\u00eb Beogradit, ku p\u00ebr muaj t\u00eb t\u00ebr\u00eb q\u00ebndruan mb\u00ebshtet\u00ebs t\u00eb pushtetit.<\/p>\n<\/div>\n<div>\n<p>Pik\u00ebrisht pran\u00eb tyre ndodheshin edhe grupe burrash me k\u00ebmisha ngjyr\u00eb ulliri.<\/p>\n<p>Radio Evropa e Lir\u00eb identifikoi n\u00eb k\u00ebt\u00eb grup Vlladimir Vu\u00e7etiqin nga Mitrovica e Veriut, i cili akuzohet nga Prokuroria e Kosov\u00ebs p\u00ebr sulmin n\u00eb Banjsk\u00eb.<\/p>\n<p>Ministria e Pun\u00ebve t\u00eb Brendshme e Serbis\u00eb nuk iu p\u00ebrgjigj pyetjeve t\u00eb REL-it n\u00eb lidhje me Vu\u00e7etiqin, e as p\u00ebr pretendimet se n\u00eb grupin p\u00ebrpara nd\u00ebrtes\u00ebs s\u00eb Presidenc\u00ebs ishin edhe tre persona t\u00eb tjer\u00eb nga t\u00eb k\u00ebrkuarit n\u00eb Kosov\u00eb: Millorad Jevtiq Miqko, Zharko Cvetkoviq dhe Vukashin Jarediq.<\/p>\n<aside class=\"placeholder-a-block\">\n<div id=\"00000001-74e157d6-d8b8-4e92-b27a-764ec8ae0dbb\" class=\"_ap_apex_ad\" data-section=\"00000001-74e157d6-d8b8-4e92-b27a-764ec8ae0dbb\" data-orig-id=\"442e29e4-62b9-44bc-a840-0eec1481e0b3\" data-render-time=\"1758693660220\" data-ap-network=\"adpTags\" data-timeout=\"205\">\n<div id=\"ADP_48070_300x250_00000001-74e157d6-d8b8-4e92-b27a-764ec8ae0dbb\" data-google-query-id=\"COKIjLjc8I8DFbRW9ggdieghdw\">\n<div id=\"google_ads_iframe_\/103512698,22646657118\/ADP_48070_300X250_442e29e4-62b9-44bc-a840-0eec1481e0b3_0__container__\">\n<div id=\"sPost_Default_Layout_0_0_22_0_0_7_1_1_0\" class=\"main-column col sm-mb-2 md-mb-4 s12 m12 l8\">\n<div id=\"sPost_Default_Layout_0_0_22_0_0_7_1_1_0_0\" class=\"post-with-sticky-share\">\n<div id=\"sPost_Default_Layout_0_0_22_0_0_7_1_1_0_0_0\" class=\"article-body\">\n<div id=\"sPost_Default_Layout_0_0_22_0_0_7_1_1_0_0_0_0\" class=\"mb-2 article\">\n<div class=\"posts-custom posts-custom-section section-holder clearfix\" data-block=\"None\" data-format=\"posts-custom\" data-source=\"current_post\" data-source-type=\"current_post\" data-source-unique=\"true\" data-section-id=\"\" data-is-reordable=\"false\" data-using-stickers=\"false\" data-has-more=\"false\" data-attr-format=\"posts-custom\" data-attr-posts_id=\"sPost_Default_Layout_0_0_22_0_0_7_1_1_0_0_0_0\" data-attr-layout_quality=\"5\" data-attr-header_template=\"jinja\/post\/custom-css.html\" data-attr-node_id=\"\/root\/blocks\/block[post_default_layout]\/abtests\/abtest[1]\/element_wrapper\/element_wrapper[1]\/row\/column[1]\/element_wrapper\/element_wrapper[1]\/current_post-\" data-attr-layout_all_headline_tag=\"h1\" data-attr-layout_all_subheadline_tag=\"h2\" data-attr-all_element_order=\"body,all_sections\" data-attr-layout_body=\"bottom\" data-attr-disable_a_tag=\"true\" data-attr-show_full_post_body=\"true\" data-attr-data-rm-advanced=\"true\" data-attr-use_smart_keep_reading=\"true\" data-attr-element_classes=\"article\" data-attr-all_share_buttons=\"Facebook,Twitter,Linkedin,Separator,Email,Tumblr,GooglePlus,Pinterest,Whatsapp,Reddit,CopyLink,Flipboard,SMS,Slack\" data-attr-layout_linkedin=\"inactive\" data-attr-layout_separator=\"inactive\" data-attr-layout_tumblr=\"inactive\" data-attr-layout_googleplus=\"inactive\" data-attr-layout_pinterest=\"inactive\" data-attr-layout_whatsapp=\"inactive\" data-attr-layout_reddit=\"inactive\" data-attr-layout_copylink=\"active\" data-attr-layout_flipboard=\"inactive\" data-attr-layout_sms=\"inactive\" data-attr-layout_slack=\"inactive\" data-attr-use_tag_image_for_lead_media=\"true\" data-attr-layout_all_image_crop=\"3x2\" data-attr-layout_all_date_format=\"%d\/%m\/%Y\" data-attr-layout_remove_image=\"true\" data-attr-layout_all_show_video=\"true\" data-attr-layout_all_sections=\"bottom\" data-attr-filters=\"\" data-attr-section_url=\"\" data-attr-source=\"\" data-attr-is_current_post=\"true\">\n<div class=\"posts-wrapper clearfix\">\n<div class=\"widget post-partial tag-milan-radoiciq tag-veriu-i-kosoves tag-banjske tag-sulmi-terrorist-ne-veri post-section--lajme\/kosove\" data-category=\"Kosov\u00eb\">\n<article class=\"clearfix image-article sm-mb-1 quality-HD post-2674027434\" data-frozen-sections=\"[]\" data-category=\"Kosov\u00eb\">\n<div class=\"row px10\">\n<div class=\"rm-col-center col sm-mb-1\">\n<div class=\"widget__body clearfix sm-mt-1\">\n<div class=\"body js-expandable clearfix js-listicle-body  css-listicle-body-2674027434\" data-headline=\"Dy vjet pa aktakuz\u00eb p\u00ebr Banjsk\u00ebn n\u00eb Serbi, Radoi\u00e7iq me adres\u00eb n\u00eb Beograd\">\n<div class=\"body-description\" data-rm-calc-width=\"600\">\n<p>\u201cKam p\u00ebrshtypjen se shteti, n\u00eb thelb, mb\u00ebshtet kriminel\u00ebt, jo drejt\u00ebsin\u00eb\u201d, thot\u00eb Bjellosh.<\/p>\n<p><strong>Bizneset shtet\u00ebrore t\u00eb t\u00eb akuzuarve<\/strong><\/p>\n<p>Nj\u00eb hulumtim i REL-it nxori n\u00eb pah se miliona euro nga buxheti i Serbis\u00eb &#8211; edhe pas sulmit n\u00eb Banjsk\u00eb &#8211; kan\u00eb shkuar n\u00eb llogarin\u00eb e kompanis\u00eb s\u00eb nj\u00ebrit prej t\u00eb akuzuarve p\u00ebr p\u00ebrfshirje n\u00eb sulmin e armatosur n\u00eb Kosov\u00eb.<\/p>\n<p>Kompania \u201cRad 028\u201d, e cila \u00ebsht\u00eb n\u00eb pron\u00ebsi t\u00eb biznesmenit nga veriu i Kosov\u00ebs, Radulle Steviq, mori rreth 30 milion\u00eb euro kontrata shtet\u00ebrore, kryesisht p\u00ebr projekte infrastrukturore dhe t\u00eb tjera n\u00eb komunat me shumic\u00eb serbe n\u00eb Kosov\u00eb.<\/p>\n<p>Rreth 65 tender\u00eb iu dhan\u00eb k\u00ebsaj kompanie nga organet e p\u00ebrkohshme komunale serbe, t\u00eb cilat vepronin n\u00eb Kosov\u00eb deri n\u00eb vitin 2024.<\/p>\n<p>Autoritetet e Kosov\u00ebs, m\u00eb pas, i mbyll\u00ebn ato, pasi i konsideronin si t\u00eb paligjshme, por kompania vazhdoi aktivitetet e saj nga lokacione alternative n\u00eb qytetet kufitare t\u00eb Serbis\u00eb.<\/p>\n<aside class=\"placeholder-a-block\">\n<div id=\"00000001-ce346e40-a94b-4d67-9fc1-6abb36abf57f\" class=\"_ap_apex_ad\" data-section=\"00000001-ce346e40-a94b-4d67-9fc1-6abb36abf57f\" data-orig-id=\"d5f9e224-9f83-4925-8864-18a5350d24a2\" data-render-time=\"1758693660235\" data-ap-network=\"adpTags\" data-timeout=\"145\">\n<div id=\"ADP_48070_300x250_00000001-ce346e40-a94b-4d67-9fc1-6abb36abf57f\" data-google-query-id=\"CL2jv7jc8I8DFdBGHQkdJ1ccoA\">\u00a0Steviq k\u00ebrkohet nga Interpol-i, nd\u00ebrsa Prokuroria Speciale e Kosov\u00ebs e akuzon p\u00ebr pastrim parash. Ai, sipas aktakuz\u00ebs n\u00eb Kosov\u00eb, e ka ndihmuar Radoi\u00e7iqin t\u00eb fsheh\u00eb origjin\u00ebn e parave, p\u00ebrmes kompanis\u00eb s\u00eb tij.<\/div>\n<\/div>\n<\/aside>\n<p>Vet\u00eb Radoi\u00e7iq, sipas t\u00eb dh\u00ebnave zyrtare t\u00eb Regjistrit tregtar n\u00eb Serbi, aktualisht nuk ka asnj\u00eb kompani n\u00eb emrin e tij n\u00eb k\u00ebt\u00eb vend.<\/p>\n<p>Ai doli nga pron\u00ebsia e kompanis\u00eb \u201cInkop\u201d dhe firmave t\u00eb saj filiale n\u00eb vitin 2023, pasi publikisht pranoi se ishte organizator i sulmit t\u00eb armatosur n\u00eb Banjsk\u00eb.<\/p>\n<p>Pjes\u00ebn e tij n\u00eb \u201cInkop\u201d dhe kompanit\u00eb e lidhura ua dhuroi partner\u00ebve t\u00eb biznesit, v\u00ebllez\u00ebrve Zvonko dhe Zharko Vesellinoviq.<\/p>\n<p>Hulumtimi i REL-it tregoi se k\u00ebto kompani, gjat\u00eb viteve, kan\u00eb marr\u00eb kontrata fitimprur\u00ebse nd\u00ebrtimore, t\u00eb cilat gjithashtu paguheshin nga buxheti shtet\u00ebror.<\/p>\n<p>Radoi\u00e7iq, Steviq dhe v\u00ebllez\u00ebrit Vesellinoviq jan\u00eb n\u00ebn sanksione t\u00eb Shteteve t\u00eb Bashkuara, pasi dyshohen p\u00ebr lidhje me krimin e organizuar nd\u00ebrkomb\u00ebtar.<\/p>\n<aside class=\"placeholder-a-block\">\n<div id=\"00000001-aab6b6e8-0263-4e3b-b0e2-7179506ed2ba\" class=\"_ap_apex_ad\" data-section=\"00000001-aab6b6e8-0263-4e3b-b0e2-7179506ed2ba\" data-orig-id=\"c4acd906-5c28-4a39-8349-81f6d5288317\" data-render-time=\"1758693660240\" data-ap-network=\"adpTags\">\n<div id=\"ADP_48070_300x250_00000001-aab6b6e8-0263-4e3b-b0e2-7179506ed2ba\" data-google-query-id=\"CL-jv7jc8I8DFdBGHQkdJ1ccoA\">\n<div id=\"google_ads_iframe_\/103512698,22646657118\/ADP_48070_300X250_c4acd906-5c28-4a39-8349-81f6d5288317_0__container__\"><\/div>\n<\/div>\n<\/div>\n<\/aside>\n<\/div>\n<\/div>\n<\/div>\n<\/div>\n<\/div>\n<\/article>\n<\/div>\n<\/div>\n<\/div>\n<\/div>\n<\/div>\n<\/div>\n<\/div>\n<div id=\"sPost_Default_Layout_0_0_22_0_0_7_1_1_1\" class=\"sidebar sticky-sidebar  col sm-mb-2 md-mb-4 s12 m12 l4\">\n<div id=\"sPost_Default_Layout_0_0_22_0_0_7_1_1_1_0_1\" class=\"sticky-item\">\n<div id=\"scomponentAdDiv_0_0_37_0_0_0_3_0\" class=\"placeholder-a-block  \">\n<div id=\"00000001-78ba0391-a474-4b21-bf6d-afc70354db6c\" class=\"_ap_apex_ad\" data-section=\"00000001-78ba0391-a474-4b21-bf6d-afc70354db6c\" data-orig-id=\"52d66032-20cc-4889-ba18-b7f5b2b8ca0f\" data-render-time=\"1758693660252\" data-ap-network=\"adpTags\" data-timeout=\"221\" data-refresh-time=\"1758694136680\">\n<div id=\"ADP_48070_300x600_00000001-78ba0391-a474-4b21-bf6d-afc70354db6c\" data-google-query-id=\"CJDrvpre8I8DFYYuBgAdmOQg7A\">\n<p><strong>Disa fletarrestime nga Kosova<\/strong><\/p>\n<p>P\u00ebrve\u00e7 me sulmin n\u00eb Banjsk\u00eb, Radoi\u00e7iq \u00ebsht\u00eb i lidhur edhe me disa krime n\u00eb Kosov\u00eb, p\u00ebrfshir\u00eb vrasjen e politikanit serb t\u00eb opozit\u00ebs, Oliver Ivanoviq.<\/p>\n<p>Prishtina, deri m\u00eb tani, ka l\u00ebshuar pes\u00eb fletarrestime p\u00ebr t\u00eb &#8211; i fundit n\u00eb qershor, p\u00ebr ngritjen e barrikadave n\u00eb kat\u00ebr komuna me shumic\u00eb serbe n\u00eb veri t\u00eb Kosov\u00ebs, n\u00eb vitin 2022.<\/p>\n<p>Kosova e k\u00ebrkon Radoi\u00e7iqin edhe p\u00ebr krime gjat\u00eb luft\u00ebs s\u00eb vitit 1999.<\/p>\n<p>Radoi\u00e7iq dyshohet se ka qen\u00eb n\u00eb nj\u00eb grup serb\u00ebsh q\u00eb kan\u00eb vrar\u00eb 106 civil\u00eb shqiptar\u00eb n\u00eb Gjakov\u00eb.<\/p>\n<p>Trupat e tyre u gjet\u00ebn m\u00eb von\u00eb n\u00eb nj\u00eb varr masiv pran\u00eb Beogradit.<\/p>\n<p>Zyra e Prokurorit n\u00eb Serbi p\u00ebr Krime Lufte nuk iu p\u00ebrgjigj pyetjes s\u00eb Radios Evropa e Lir\u00eb n\u00ebse i ka hetuar k\u00ebto akuza.<\/p>\n<p><strong>Arrestim n\u00eb Serbi p\u00ebr \u201cvrasjen e sulmuesit\u201d<\/strong><\/p>\n<p>Nd\u00ebrsa Radoi\u00e7iq dhe autor\u00ebt e tjer\u00eb t\u00eb sulmit n\u00eb Banjsk\u00eb mbeten t\u00eb lir\u00eb, shtetasi i Kosov\u00ebs, Arbnor Spahiu, \u00ebsht\u00eb n\u00eb burg n\u00eb Serbi.<\/p>\n<p>Ai u arrestua m\u00eb 7 qershor n\u00eb pik\u00ebn kufitare midis Hungaris\u00eb dhe Serbis\u00eb, nd\u00ebrsa po kthehej me autobus nga Austria n\u00eb Kosov\u00eb, bashk\u00eb me familjen e tij.<\/p>\n<p>Gjykata e Lart\u00eb n\u00eb Subotic\u00eb urdh\u00ebroi paraburgimin e tij, n\u00ebn dyshimet p\u00ebr \u201cvrasje t\u00eb r\u00ebnd\u00eb\u201d n\u00eb fshatin Banjsk\u00eb n\u00eb veri t\u00eb Kosov\u00ebs.<\/p>\n<p>N\u00eb shk\u00ebmbimin e zjarrit q\u00eb pasoi sulmin n\u00eb Banjsk\u00eb, Policia e Kosov\u00ebs vrau tre sulmues serb\u00eb, dhe Beogradi e akuzon Spahiun p\u00ebr vrasjen e tyre.<\/p>\n<p>\u201cSh\u00ebrbimet tona duhet t\u00eb ken\u00eb nj\u00eb regjist\u00ebr t\u00eb secilit prej tyre&#8230; t\u00eb k\u00ebtyre terrorist\u00ebve nga Kosova. Duhet t\u2019i gjejm\u00eb kudo q\u00eb jan\u00eb\u201d, tha ish-kryeministri i Serbis\u00eb dhe kreu i Partis\u00eb P\u00ebrparimtare Serbe n\u00eb pushtet n\u00eb Serbi, Millosh Vu\u00e7eviq, pas arrestimit.<\/p>\n<p>Megjithat\u00eb, ai nuk dha prova p\u00ebr akuzat kund\u00ebr Spahiut.<\/p>\n<p>Policia e Kosov\u00ebs konfirmoi p\u00ebr Radion Evropa e Lir\u00eb se Spahiu \u00ebsht\u00eb larguar vullnetarisht nga policia n\u00eb vitin 2022, nd\u00ebrsa autoritetet kosovare b\u00ebn\u00eb thirrje p\u00ebr lirimin e tij.<\/p>\n<p>Familja e Arbnor Spahiut u k\u00ebrkoi institucioneve t\u00eb Kosov\u00ebs dhe bashk\u00ebsis\u00eb nd\u00ebrkomb\u00ebtare q\u00eb t\u00eb ushtrojn\u00eb presion mbi Beogradin.<\/p>\n<p>\u201cShpresojm\u00eb q\u00eb ai t\u00eb lirohet sa m\u00eb shpejt q\u00eb t\u00eb jet\u00eb e mundur, sepse akuzat kund\u00ebr tij nuk q\u00ebndrojn\u00eb. Ne k\u00ebrkojm\u00eb q\u00eb institucionet e Kosov\u00ebs dhe faktor\u00ebt nd\u00ebrkomb\u00ebtar\u00eb t\u00eb p\u00ebrfshihen n\u00eb k\u00ebt\u00eb \u00e7\u00ebshtje, n\u00eb m\u00ebnyr\u00eb q\u00eb t\u00eb ushtrojn\u00eb presion mbi Beogradin p\u00ebr ta liruar Arbnorin\u201d, tha nj\u00eb nga an\u00ebtar\u00ebt e familjes s\u00eb tij p\u00ebr Radion Evropa e Lir\u00eb.<\/p>\n<p>Spahiu \u00ebsht\u00eb nj\u00ebri prej disa polic\u00ebve dhe ish-polic\u00ebve t\u00eb Kosov\u00ebs q\u00eb jan\u00eb arrestuar n\u00eb Serbi, viteve t\u00eb fundit.<\/p>\n<p><strong>\u00c7ka thon\u00eb n\u00eb Bruksel dhe n\u00eb Uashington?<\/strong><\/p>\n<p>Q\u00eb nga sulmi n\u00eb Banjsk\u00eb, Bashkimi Evropian i k\u00ebrkon Serbis\u00eb t\u2019i ndjek\u00eb penalisht p\u00ebrgjegj\u00ebsit.<\/p>\n<p>Ai nuk iu p\u00ebrgjigj k\u00ebrkes\u00ebs s\u00eb Radios Evropa e Lir\u00eb p\u00ebr t\u00eb komentuar faktin q\u00eb Serbia nuk ka ngritur ndonj\u00eb aktakuz\u00eb tash e dy vjet.<\/p>\n<p>Pyetjeve t\u00eb REL-it p\u00ebr k\u00ebt\u00eb \u00e7\u00ebshtje nuk iu p\u00ebrgjigj\u00ebn as nga Departamenti amerikan i Shtetit.<\/p>\n<p>Ish-z\u00ebvend\u00ebsi i ndihm\u00ebsit t\u00eb sekretarit amerikan t\u00eb Shtetit, Gabriel Escobar, deklaroi n\u00eb mars t\u00eb vitit 2024 se SHBA-ja po heton lidhjet e Serbis\u00eb me sulmin n\u00eb Banjsk\u00eb.<\/p>\n<p>\u201cNe mendojm\u00eb se Serbia ka disa lidhje financiare dhe organizative, por po e hetojm\u00eb k\u00ebt\u00eb n\u00eb m\u00eb shum\u00eb detaje\u201d, tha Escobar n\u00eb nj\u00eb intervist\u00eb p\u00ebr Radion Evropa e Lir\u00eb.<\/p>\n<p>Ai tha se Serbis\u00eb nuk i k\u00ebrkohet t\u00eb kryej\u00eb hetime, por p\u00ebrgjegj\u00ebsi.<\/p>\n<p>Nikolla Burazer, nga Qendra joqeveritare p\u00ebr Politik\u00eb Bashk\u00ebkohore n\u00eb Serbi, vler\u00ebson se kjo tem\u00eb \u201cnuk \u00ebsht\u00eb larguar nga rendi i dit\u00ebs\u201d.<\/p>\n<p>\u201cMund t\u00eb thuhet se \u00e7\u00ebshtja e Banjsk\u00ebs ka qen\u00eb gjithmon\u00eb shum\u00eb m\u00eb e r\u00ebnd\u00ebsishme p\u00ebr aktor\u00ebt evropian\u00eb sesa p\u00ebr Serbin\u00eb\u201d, thot\u00eb ai p\u00ebr Radion Evropa e Lir\u00eb.<\/p>\n<p>Burazer, gjithashtu, kujton se disa shtete an\u00ebtare t\u00eb BE-s\u00eb k\u00ebmb\u00ebngulin n\u00eb gjykimin e Radoi\u00e7iqit dhe t\u00eb tjer\u00ebve q\u00eb jan\u00eb p\u00ebrgjegj\u00ebs p\u00ebr Banjsk\u00ebn, si kusht p\u00ebr zhbllokimin e negociatave t\u00eb an\u00ebtar\u00ebsimit t\u00eb Serbis\u00eb n\u00eb BE.<\/p>\n<p>Serbia nuk ka hapur asnj\u00eb kapitull q\u00eb nga dhjetori i vitit 2021.<\/p>\n<p>Penges\u00eb kryesore \u00ebsht\u00eb refuzimi i Beogradit p\u00ebr t\u00eb mb\u00ebshtetur sanksionet kund\u00ebr Rusis\u00eb, p\u00ebr shkak t\u00eb pushtimit t\u00eb Ukrain\u00ebs.<\/p>\n<p>\u201cBanjska \u00ebsht\u00eb nj\u00eb nga disa problemet kryesore n\u00eb marr\u00ebdh\u00ebniet midis Serbis\u00eb dhe Bashkimit Evropian &#8211; p\u00ebrfshir\u00eb m\u00ebnyr\u00ebn se si funksionojn\u00eb institucionet demokratike k\u00ebtu, mosp\u00ebrputhjen e politik\u00ebs s\u00eb jashtme me politik\u00ebn e Bashkimit Evropian, marr\u00ebdh\u00ebniet me Rusin\u00eb dhe Kin\u00ebn, e k\u00ebshtu me radh\u00eb\u201d, thot\u00eb Burazer.<\/p>\n<p>Raportuesi evropian p\u00ebr Serbin\u00eb, Tonino Picula, paralajm\u00ebroi n\u00eb nj\u00eb raport drejtuar Parlamentit Evropian n\u00eb shkurt, se \u201cduhet t\u00eb vendoset drejt\u00ebsi e menj\u00ebhershme p\u00ebr autor\u00ebt e sulmit terrorist n\u00eb Banjsk\u00eb, duke p\u00ebrfshir\u00eb edhe ndjekjen penale t\u00eb Radoi\u00e7iqit\u201d.<\/p>\n<p>Burazer nuk pret m\u00eb shum\u00eb presion nga Brukseli, e as vendosjen e masave nd\u00ebshkuese kund\u00ebr Serbis\u00eb, n\u00eb t\u00eb cilat Kosova k\u00ebmb\u00ebngul.<\/p>\n<p>\u201cKa shum\u00eb gj\u00ebra q\u00eb shtetet an\u00ebtare presin nga Serbia dhe ajo nuk ka kurrfar\u00eb pasojash &#8211; p\u00ebrve\u00e7se nuk hapen kapitujt e bisedimeve [p\u00ebr an\u00ebtar\u00ebsim n\u00eb BE]. Autoritetet n\u00eb Serbi, deri m\u00eb tani, kan\u00eb d\u00ebshmuar t\u00eb jen\u00eb mjaft imune ndaj k\u00ebtyre llojeve t\u00eb presioneve, sepse angazhimi p\u00ebr integrimin evropian \u00ebsht\u00eb kryesisht deklarativ\u201d, thot\u00eb Burazer.<\/p>\n<p>Nj\u00eb nga kushtet p\u00ebr p\u00ebrparimin e Serbis\u00eb drejt an\u00ebtar\u00ebsimit n\u00eb BE \u00ebsht\u00eb normalizimi i marr\u00ebdh\u00ebnieve me Kosov\u00ebn.<\/p>\n<p>Q\u00eb nga sulmi n\u00eb Banjsk\u00eb, m\u00eb 24 shtator t\u00eb vitit 2023, n\u00eb Bruksel nuk u zhvillua asnj\u00eb takim mes lider\u00ebve t\u00eb Kosov\u00ebs dhe Serbis\u00eb, n\u00eb kuad\u00ebr t\u00eb negociatave t\u00eb nd\u00ebrmjet\u00ebsuara nga Bashkimi Evropian.<\/p>\n<p>Rundi i fundit i dialogut n\u00eb nivel kryenegociator\u00ebsh p\u00ebrfundoi n\u00eb mes t\u00eb shtatorit pa ndonj\u00eb p\u00ebrparim.<\/p>\n<\/div>\n<\/div>\n<\/div>\n<\/div>\n<\/div>\n<\/div>\n<\/div>\n<\/div>\n<\/aside>\n<\/div>\n<\/div>\n<\/div>\n<\/div>\n<\/article>\n<\/div>\n<\/div>\n<\/div>\n<\/div>\n<\/div>\n<\/div>\n<\/div>\n<\/div>\n<\/div>\n<\/aside>\n","protected":false},"excerpt":{"rendered":"<p>Banjsk\u00eb\u00a0 24 Shtator 2025 Dy vjet pasi mori p\u00ebrgjegj\u00ebsin\u00eb p\u00ebr sulmin e armatosur ndaj Policis\u00eb s\u00eb Kosov\u00ebs n\u00eb Banjsk\u00eb Millan Radoi\u00e7iq \u00ebsht\u00eb ende i lir\u00eb<\/p>\n","protected":false},"author":6,"featured_media":13419,"comment_status":"open","ping_status":"open","sticky":false,"template":"","format":"standard","meta":{"footnotes":""},"categories":[60],"tags":[],"class_list":["post-13418","post","type-post","status-publish","format-standard","has-post-thumbnail","hentry","category-shoqerore-sq"],"yoast_head":"<!-- This site is optimized with the Yoast SEO plugin v25.3.1 - https:\/\/yoast.com\/wordpress\/plugins\/seo\/ -->\n<title>Dy vjet pa aktakuz\u00eb p\u00ebr Banjsk\u00ebn n\u00eb Serbi, Radoi\u00e7iq me adres\u00eb n\u00eb Beograd -<\/title>\n<meta name=\"robots\" content=\"index, follow, max-snippet:-1, max-image-preview:large, max-video-preview:-1\" \/>\n<link rel=\"canonical\" href=\"https:\/\/veritasinfo.org\/?p=13418\" \/>\n<meta property=\"og:locale\" content=\"en_US\" \/>\n<meta property=\"og:type\" content=\"article\" \/>\n<meta property=\"og:title\" content=\"Dy vjet pa aktakuz\u00eb p\u00ebr Banjsk\u00ebn n\u00eb Serbi, Radoi\u00e7iq me adres\u00eb n\u00eb Beograd -\" \/>\n<meta property=\"og:description\" content=\"Banjsk\u00eb\u00a0 24 Shtator 2025 Dy vjet pasi mori p\u00ebrgjegj\u00ebsin\u00eb p\u00ebr sulmin e armatosur ndaj Policis\u00eb s\u00eb Kosov\u00ebs n\u00eb Banjsk\u00eb Millan Radoi\u00e7iq \u00ebsht\u00eb ende i lir\u00eb\" \/>\n<meta property=\"og:url\" content=\"https:\/\/veritasinfo.org\/?p=13418\" \/>\n<meta property=\"article:published_time\" content=\"2025-09-24T06:18:15+00:00\" \/>\n<meta property=\"og:image\" content=\"https:\/\/veritasinfo.org\/wp-content\/uploads\/2025\/09\/image-5.webp\" \/>\n\t<meta property=\"og:image:width\" content=\"1245\" \/>\n\t<meta property=\"og:image:height\" content=\"700\" \/>\n\t<meta property=\"og:image:type\" content=\"image\/webp\" \/>\n<meta name=\"author\" content=\"US5\" \/>\n<meta name=\"twitter:card\" content=\"summary_large_image\" \/>\n<meta name=\"twitter:label1\" content=\"Written by\" \/>\n\t<meta name=\"twitter:data1\" content=\"US5\" \/>\n\t<meta name=\"twitter:label2\" content=\"Est. reading time\" \/>\n\t<meta name=\"twitter:data2\" content=\"9 minutes\" \/>\n<script type=\"application\/ld+json\" class=\"yoast-schema-graph\">{\"@context\":\"https:\/\/schema.org\",\"@graph\":[{\"@type\":\"WebPage\",\"@id\":\"https:\/\/veritasinfo.org\/?p=13418\",\"url\":\"https:\/\/veritasinfo.org\/?p=13418\",\"name\":\"Dy vjet pa aktakuz\u00eb p\u00ebr Banjsk\u00ebn n\u00eb Serbi, Radoi\u00e7iq me adres\u00eb n\u00eb Beograd -\",\"isPartOf\":{\"@id\":\"https:\/\/veritasinfo.org\/#website\"},\"primaryImageOfPage\":{\"@id\":\"https:\/\/veritasinfo.org\/?p=13418#primaryimage\"},\"image\":{\"@id\":\"https:\/\/veritasinfo.org\/?p=13418#primaryimage\"},\"thumbnailUrl\":\"https:\/\/veritasinfo.org\/wp-content\/uploads\/2025\/09\/image-5.webp\",\"datePublished\":\"2025-09-24T06:18:15+00:00\",\"author\":{\"@id\":\"https:\/\/veritasinfo.org\/#\/schema\/person\/bc442336e35414d04494ab8fb45db4c6\"},\"breadcrumb\":{\"@id\":\"https:\/\/veritasinfo.org\/?p=13418#breadcrumb\"},\"inLanguage\":\"en-US\",\"potentialAction\":[{\"@type\":\"ReadAction\",\"target\":[\"https:\/\/veritasinfo.org\/?p=13418\"]}]},{\"@type\":\"ImageObject\",\"inLanguage\":\"en-US\",\"@id\":\"https:\/\/veritasinfo.org\/?p=13418#primaryimage\",\"url\":\"https:\/\/veritasinfo.org\/wp-content\/uploads\/2025\/09\/image-5.webp\",\"contentUrl\":\"https:\/\/veritasinfo.org\/wp-content\/uploads\/2025\/09\/image-5.webp\",\"width\":1245,\"height\":700},{\"@type\":\"BreadcrumbList\",\"@id\":\"https:\/\/veritasinfo.org\/?p=13418#breadcrumb\",\"itemListElement\":[{\"@type\":\"ListItem\",\"position\":1,\"name\":\"Home\",\"item\":\"https:\/\/veritasinfo.org\/\"},{\"@type\":\"ListItem\",\"position\":2,\"name\":\"Dy vjet pa aktakuz\u00eb p\u00ebr Banjsk\u00ebn n\u00eb Serbi, Radoi\u00e7iq me adres\u00eb n\u00eb Beograd\"}]},{\"@type\":\"WebSite\",\"@id\":\"https:\/\/veritasinfo.org\/#website\",\"url\":\"https:\/\/veritasinfo.org\/\",\"name\":\"\",\"description\":\"\",\"potentialAction\":[{\"@type\":\"SearchAction\",\"target\":{\"@type\":\"EntryPoint\",\"urlTemplate\":\"https:\/\/veritasinfo.org\/?s={search_term_string}\"},\"query-input\":{\"@type\":\"PropertyValueSpecification\",\"valueRequired\":true,\"valueName\":\"search_term_string\"}}],\"inLanguage\":\"en-US\"},{\"@type\":\"Person\",\"@id\":\"https:\/\/veritasinfo.org\/#\/schema\/person\/bc442336e35414d04494ab8fb45db4c6\",\"name\":\"US5\",\"image\":{\"@type\":\"ImageObject\",\"inLanguage\":\"en-US\",\"@id\":\"https:\/\/veritasinfo.org\/#\/schema\/person\/image\/\",\"url\":\"https:\/\/secure.gravatar.com\/avatar\/16a61e7272a0c5d001121ebb9e60e925d5816e4ac1e443ed3e640d9a6ae55d0c?s=96&d=mm&r=g\",\"contentUrl\":\"https:\/\/secure.gravatar.com\/avatar\/16a61e7272a0c5d001121ebb9e60e925d5816e4ac1e443ed3e640d9a6ae55d0c?s=96&d=mm&r=g\",\"caption\":\"US5\"},\"url\":\"https:\/\/veritasinfo.org\/?author=6\"}]}<\/script>\n<!-- \/ Yoast SEO plugin. -->","yoast_head_json":{"title":"Dy vjet pa aktakuz\u00eb p\u00ebr Banjsk\u00ebn n\u00eb Serbi, Radoi\u00e7iq me adres\u00eb n\u00eb Beograd -","robots":{"index":"index","follow":"follow","max-snippet":"max-snippet:-1","max-image-preview":"max-image-preview:large","max-video-preview":"max-video-preview:-1"},"canonical":"https:\/\/veritasinfo.org\/?p=13418","og_locale":"en_US","og_type":"article","og_title":"Dy vjet pa aktakuz\u00eb p\u00ebr Banjsk\u00ebn n\u00eb Serbi, Radoi\u00e7iq me adres\u00eb n\u00eb Beograd -","og_description":"Banjsk\u00eb\u00a0 24 Shtator 2025 Dy vjet pasi mori p\u00ebrgjegj\u00ebsin\u00eb p\u00ebr sulmin e armatosur ndaj Policis\u00eb s\u00eb Kosov\u00ebs n\u00eb Banjsk\u00eb Millan Radoi\u00e7iq \u00ebsht\u00eb ende i lir\u00eb","og_url":"https:\/\/veritasinfo.org\/?p=13418","article_published_time":"2025-09-24T06:18:15+00:00","og_image":[{"width":1245,"height":700,"url":"https:\/\/veritasinfo.org\/wp-content\/uploads\/2025\/09\/image-5.webp","type":"image\/webp"}],"author":"US5","twitter_card":"summary_large_image","twitter_misc":{"Written by":"US5","Est. reading time":"9 minutes"},"schema":{"@context":"https:\/\/schema.org","@graph":[{"@type":"WebPage","@id":"https:\/\/veritasinfo.org\/?p=13418","url":"https:\/\/veritasinfo.org\/?p=13418","name":"Dy vjet pa aktakuz\u00eb p\u00ebr Banjsk\u00ebn n\u00eb Serbi, Radoi\u00e7iq me adres\u00eb n\u00eb Beograd -","isPartOf":{"@id":"https:\/\/veritasinfo.org\/#website"},"primaryImageOfPage":{"@id":"https:\/\/veritasinfo.org\/?p=13418#primaryimage"},"image":{"@id":"https:\/\/veritasinfo.org\/?p=13418#primaryimage"},"thumbnailUrl":"https:\/\/veritasinfo.org\/wp-content\/uploads\/2025\/09\/image-5.webp","datePublished":"2025-09-24T06:18:15+00:00","author":{"@id":"https:\/\/veritasinfo.org\/#\/schema\/person\/bc442336e35414d04494ab8fb45db4c6"},"breadcrumb":{"@id":"https:\/\/veritasinfo.org\/?p=13418#breadcrumb"},"inLanguage":"en-US","potentialAction":[{"@type":"ReadAction","target":["https:\/\/veritasinfo.org\/?p=13418"]}]},{"@type":"ImageObject","inLanguage":"en-US","@id":"https:\/\/veritasinfo.org\/?p=13418#primaryimage","url":"https:\/\/veritasinfo.org\/wp-content\/uploads\/2025\/09\/image-5.webp","contentUrl":"https:\/\/veritasinfo.org\/wp-content\/uploads\/2025\/09\/image-5.webp","width":1245,"height":700},{"@type":"BreadcrumbList","@id":"https:\/\/veritasinfo.org\/?p=13418#breadcrumb","itemListElement":[{"@type":"ListItem","position":1,"name":"Home","item":"https:\/\/veritasinfo.org\/"},{"@type":"ListItem","position":2,"name":"Dy vjet pa aktakuz\u00eb p\u00ebr Banjsk\u00ebn n\u00eb Serbi, Radoi\u00e7iq me adres\u00eb n\u00eb Beograd"}]},{"@type":"WebSite","@id":"https:\/\/veritasinfo.org\/#website","url":"https:\/\/veritasinfo.org\/","name":"","description":"","potentialAction":[{"@type":"SearchAction","target":{"@type":"EntryPoint","urlTemplate":"https:\/\/veritasinfo.org\/?s={search_term_string}"},"query-input":{"@type":"PropertyValueSpecification","valueRequired":true,"valueName":"search_term_string"}}],"inLanguage":"en-US"},{"@type":"Person","@id":"https:\/\/veritasinfo.org\/#\/schema\/person\/bc442336e35414d04494ab8fb45db4c6","name":"US5","image":{"@type":"ImageObject","inLanguage":"en-US","@id":"https:\/\/veritasinfo.org\/#\/schema\/person\/image\/","url":"https:\/\/secure.gravatar.com\/avatar\/16a61e7272a0c5d001121ebb9e60e925d5816e4ac1e443ed3e640d9a6ae55d0c?s=96&d=mm&r=g","contentUrl":"https:\/\/secure.gravatar.com\/avatar\/16a61e7272a0c5d001121ebb9e60e925d5816e4ac1e443ed3e640d9a6ae55d0c?s=96&d=mm&r=g","caption":"US5"},"url":"https:\/\/veritasinfo.org\/?author=6"}]}},"featured_image_urls":{"full":["https:\/\/veritasinfo.org\/wp-content\/uploads\/2025\/09\/image-5.webp",1245,700,false],"thumbnail":["https:\/\/veritasinfo.org\/wp-content\/uploads\/2025\/09\/image-5-150x150.webp",150,150,true],"medium":["https:\/\/veritasinfo.org\/wp-content\/uploads\/2025\/09\/image-5-300x169.webp",300,169,true],"medium_large":["https:\/\/veritasinfo.org\/wp-content\/uploads\/2025\/09\/image-5-768x432.webp",640,360,true],"large":["https:\/\/veritasinfo.org\/wp-content\/uploads\/2025\/09\/image-5-1024x576.webp",640,360,true],"1536x1536":["https:\/\/veritasinfo.org\/wp-content\/uploads\/2025\/09\/image-5.webp",1245,700,false],"2048x2048":["https:\/\/veritasinfo.org\/wp-content\/uploads\/2025\/09\/image-5.webp",1245,700,false],"kreeti-slider-full":["https:\/\/veritasinfo.org\/wp-content\/uploads\/2025\/09\/image-5.webp",1245,700,false],"kreeti-featured":["https:\/\/veritasinfo.org\/wp-content\/uploads\/2025\/09\/image-5.webp",1024,576,false],"kreeti-medium":["https:\/\/veritasinfo.org\/wp-content\/uploads\/2025\/09\/image-5.webp",720,405,false],"kreeti-medium-square":["https:\/\/veritasinfo.org\/wp-content\/uploads\/2025\/09\/image-5.webp",350,197,false]},"author_info":{"info":["US5"]},"category_info":"<a href=\"https:\/\/veritasinfo.org\/?cat=60\" rel=\"category\">Shoq\u00ebrore<\/a>","tag_info":"Shoq\u00ebrore","comment_count":"0","_links":{"self":[{"href":"https:\/\/veritasinfo.org\/index.php?rest_route=\/wp\/v2\/posts\/13418","targetHints":{"allow":["GET"]}}],"collection":[{"href":"https:\/\/veritasinfo.org\/index.php?rest_route=\/wp\/v2\/posts"}],"about":[{"href":"https:\/\/veritasinfo.org\/index.php?rest_route=\/wp\/v2\/types\/post"}],"author":[{"embeddable":true,"href":"https:\/\/veritasinfo.org\/index.php?rest_route=\/wp\/v2\/users\/6"}],"replies":[{"embeddable":true,"href":"https:\/\/veritasinfo.org\/index.php?rest_route=%2Fwp%2Fv2%2Fcomments&post=13418"}],"version-history":[{"count":1,"href":"https:\/\/veritasinfo.org\/index.php?rest_route=\/wp\/v2\/posts\/13418\/revisions"}],"predecessor-version":[{"id":13420,"href":"https:\/\/veritasinfo.org\/index.php?rest_route=\/wp\/v2\/posts\/13418\/revisions\/13420"}],"wp:featuredmedia":[{"embeddable":true,"href":"https:\/\/veritasinfo.org\/index.php?rest_route=\/wp\/v2\/media\/13419"}],"wp:attachment":[{"href":"https:\/\/veritasinfo.org\/index.php?rest_route=%2Fwp%2Fv2%2Fmedia&parent=13418"}],"wp:term":[{"taxonomy":"category","embeddable":true,"href":"https:\/\/veritasinfo.org\/index.php?rest_route=%2Fwp%2Fv2%2Fcategories&post=13418"},{"taxonomy":"post_tag","embeddable":true,"href":"https:\/\/veritasinfo.org\/index.php?rest_route=%2Fwp%2Fv2%2Ftags&post=13418"}],"curies":[{"name":"wp","href":"https:\/\/api.w.org\/{rel}","templated":true}]}}