{"id":13397,"date":"2025-09-23T20:57:57","date_gmt":"2025-09-23T18:57:57","guid":{"rendered":"https:\/\/veritasinfo.org\/?p=13397"},"modified":"2025-09-23T20:57:57","modified_gmt":"2025-09-23T18:57:57","slug":"pike-uji-i-robert-budines-ne-listen-e-new-york-times","status":"publish","type":"post","link":"https:\/\/veritasinfo.org\/?p=13397","title":{"rendered":"\u201cPik\u00eb Uji\u201d i Robert Budin\u00ebs n\u00eb list\u00ebn e New York Times"},"content":{"rendered":"<div class=\"post-meta\">\n<div id=\"shareIcons\" class=\"jssocials\">\n<div class=\"jssocials-shares\">\n<div class=\"jssocials-share jssocials-share-twitter\">\n<p>Prishtin\u00eb 23 Shtator 2025<\/p>\n<\/div>\n<div class=\"jssocials-share jssocials-share-linkedin\">\n<p><strong>Filmi \u201cPik\u00eb Uji\u201d i regjisorit Robert Budina ka hyr\u00eb n\u00eb v\u00ebmendjen e kinemas\u00eb bot\u00ebrore, pasi \u00ebsht\u00eb p\u00ebrfshir\u00eb nga The New York Times n\u00eb list\u00ebn e \u201c5 filmave nd\u00ebrkomb\u00ebtar q\u00eb duhen par\u00eb\u201d.<\/strong><\/p>\n<p>\u201cKy \u00ebsht\u00eb nj\u00eb sukses i jasht\u00ebzakonsh\u00ebm p\u00ebr mendimin tim jo thjesht p\u00ebr filmin, duhet pasur parasysh se nj\u00eb impakt i till\u00eb n\u00eb p\u00ebrmasa bot\u00ebrore b\u00ebhet fjal\u00eb p\u00ebr industrin\u00eb dhe ndryshon mendimi p\u00ebr Shqip\u00ebrin\u00eb\u2019, u shpreh Budina.<\/p>\n<p>\u201cThe New York Times\u201d vler\u00ebson stilin e regjisorit Budina, i cili \u201ci mb\u00ebshtjell personazhet n\u00eb nj\u00eb atmosfer\u00eb gri e blu, me perspektiva t\u00eb shtremb\u00ebruara, duke theksuar kalb\u00ebzimin e thell\u00eb q\u00eb shtrihet n\u00ebn sip\u00ebrfaqen e jet\u00ebve t\u00eb t\u00eb pasurve e t\u00eb fuqishm\u00ebve.<\/p>\n<p>\u201cKa nj\u00eb balanc\u00eb t\u00eb k\u00ebtyre forcave qoft\u00eb t\u00eb aktor\u00ebve, kameras, t\u00eb m\u00ebnyr\u00ebs si l\u00ebvizet apo edhe regjia kan\u00eb krijuar nj\u00eb unitet dhe nj\u00eb stil\u201d, tha regjisori.<\/p>\n<p>Vet regjisori liston disa arsye p\u00ebr r\u00ebnd\u00ebsin\u00eb e k\u00ebtij vler\u00ebsimi dhe t\u00eb ardhmen e filmit.<\/p>\n<p>\u201cGj\u00ebja e par\u00eb \u00ebsht\u00eb impakti q\u00eb do ta ndjekin dhe po flasim p\u00ebr nj\u00eb treg amerikan, sigurisht q\u00eb t\u00ebrheq edhe v\u00ebmendjen e kritik\u00ebve amerikan apo edhe festivalet\u201d, tha Budina.<\/p>\n<p>Rekomandimi i New York Times p\u00ebr filmin pik\u00eb uji vjen pas nj\u00eb s\u00ebr\u00eb vler\u00ebsimesh t\u00eb tjera nd\u00ebrkomb\u00ebtare, nd\u00ebrsa pas k\u00ebtij sugjerimi New York Times rekomandon shikimin e filmit n\u00eb platform\u00ebn Film Movement Plus, duke e b\u00ebr\u00eb t\u00eb aksesuesh\u00ebm p\u00ebr audienc\u00ebn amerikane dhe nd\u00ebrkomb\u00ebtare.<\/p>\n<\/div>\n<\/div>\n<\/div>\n<\/div>\n<div class=\"post-content-wrapper\">\n<div class=\"post-title\">\n<h2><\/h2>\n<\/div>\n<\/div>\n","protected":false},"excerpt":{"rendered":"<p>Prishtin\u00eb 23 Shtator 2025 Filmi \u201cPik\u00eb Uji\u201d i regjisorit Robert Budina ka hyr\u00eb n\u00eb v\u00ebmendjen e kinemas\u00eb bot\u00ebrore, pasi \u00ebsht\u00eb p\u00ebrfshir\u00eb nga The New York<\/p>\n","protected":false},"author":6,"featured_media":13398,"comment_status":"open","ping_status":"open","sticky":false,"template":"","format":"standard","meta":{"footnotes":""},"categories":[54],"tags":[],"class_list":["post-13397","post","type-post","status-publish","format-standard","has-post-thumbnail","hentry","category-kulture-sq"],"yoast_head":"<!-- This site is optimized with the Yoast SEO plugin v25.3.1 - https:\/\/yoast.com\/wordpress\/plugins\/seo\/ -->\n<title>\u201cPik\u00eb Uji\u201d i Robert Budin\u00ebs n\u00eb list\u00ebn e New York Times -<\/title>\n<meta name=\"robots\" content=\"index, follow, max-snippet:-1, max-image-preview:large, max-video-preview:-1\" \/>\n<link rel=\"canonical\" href=\"https:\/\/veritasinfo.org\/?p=13397\" \/>\n<meta property=\"og:locale\" content=\"en_US\" \/>\n<meta property=\"og:type\" content=\"article\" \/>\n<meta property=\"og:title\" content=\"\u201cPik\u00eb Uji\u201d i Robert Budin\u00ebs n\u00eb list\u00ebn e New York Times -\" \/>\n<meta property=\"og:description\" content=\"Prishtin\u00eb 23 Shtator 2025 Filmi \u201cPik\u00eb Uji\u201d i regjisorit Robert Budina ka hyr\u00eb n\u00eb v\u00ebmendjen e kinemas\u00eb bot\u00ebrore, pasi \u00ebsht\u00eb p\u00ebrfshir\u00eb nga The New York\" \/>\n<meta property=\"og:url\" content=\"https:\/\/veritasinfo.org\/?p=13397\" \/>\n<meta property=\"article:published_time\" content=\"2025-09-23T18:57:57+00:00\" \/>\n<meta property=\"og:image\" content=\"https:\/\/veritasinfo.org\/wp-content\/uploads\/2025\/09\/704731-BOU6224KQG.jpg\" \/>\n\t<meta property=\"og:image:width\" content=\"780\" \/>\n\t<meta property=\"og:image:height\" content=\"500\" \/>\n\t<meta property=\"og:image:type\" content=\"image\/jpeg\" \/>\n<meta name=\"author\" content=\"US5\" \/>\n<meta name=\"twitter:card\" content=\"summary_large_image\" \/>\n<meta name=\"twitter:label1\" content=\"Written by\" \/>\n\t<meta name=\"twitter:data1\" content=\"US5\" \/>\n\t<meta name=\"twitter:label2\" content=\"Est. reading time\" \/>\n\t<meta name=\"twitter:data2\" content=\"2 minutes\" \/>\n<script type=\"application\/ld+json\" class=\"yoast-schema-graph\">{\"@context\":\"https:\/\/schema.org\",\"@graph\":[{\"@type\":\"WebPage\",\"@id\":\"https:\/\/veritasinfo.org\/?p=13397\",\"url\":\"https:\/\/veritasinfo.org\/?p=13397\",\"name\":\"\u201cPik\u00eb Uji\u201d i Robert Budin\u00ebs n\u00eb list\u00ebn e New York Times -\",\"isPartOf\":{\"@id\":\"https:\/\/veritasinfo.org\/#website\"},\"primaryImageOfPage\":{\"@id\":\"https:\/\/veritasinfo.org\/?p=13397#primaryimage\"},\"image\":{\"@id\":\"https:\/\/veritasinfo.org\/?p=13397#primaryimage\"},\"thumbnailUrl\":\"https:\/\/veritasinfo.org\/wp-content\/uploads\/2025\/09\/704731-BOU6224KQG.jpg\",\"datePublished\":\"2025-09-23T18:57:57+00:00\",\"author\":{\"@id\":\"https:\/\/veritasinfo.org\/#\/schema\/person\/bc442336e35414d04494ab8fb45db4c6\"},\"breadcrumb\":{\"@id\":\"https:\/\/veritasinfo.org\/?p=13397#breadcrumb\"},\"inLanguage\":\"en-US\",\"potentialAction\":[{\"@type\":\"ReadAction\",\"target\":[\"https:\/\/veritasinfo.org\/?p=13397\"]}]},{\"@type\":\"ImageObject\",\"inLanguage\":\"en-US\",\"@id\":\"https:\/\/veritasinfo.org\/?p=13397#primaryimage\",\"url\":\"https:\/\/veritasinfo.org\/wp-content\/uploads\/2025\/09\/704731-BOU6224KQG.jpg\",\"contentUrl\":\"https:\/\/veritasinfo.org\/wp-content\/uploads\/2025\/09\/704731-BOU6224KQG.jpg\",\"width\":780,\"height\":500},{\"@type\":\"BreadcrumbList\",\"@id\":\"https:\/\/veritasinfo.org\/?p=13397#breadcrumb\",\"itemListElement\":[{\"@type\":\"ListItem\",\"position\":1,\"name\":\"Home\",\"item\":\"https:\/\/veritasinfo.org\/\"},{\"@type\":\"ListItem\",\"position\":2,\"name\":\"\u201cPik\u00eb Uji\u201d i Robert Budin\u00ebs n\u00eb list\u00ebn e New York Times\"}]},{\"@type\":\"WebSite\",\"@id\":\"https:\/\/veritasinfo.org\/#website\",\"url\":\"https:\/\/veritasinfo.org\/\",\"name\":\"\",\"description\":\"\",\"potentialAction\":[{\"@type\":\"SearchAction\",\"target\":{\"@type\":\"EntryPoint\",\"urlTemplate\":\"https:\/\/veritasinfo.org\/?s={search_term_string}\"},\"query-input\":{\"@type\":\"PropertyValueSpecification\",\"valueRequired\":true,\"valueName\":\"search_term_string\"}}],\"inLanguage\":\"en-US\"},{\"@type\":\"Person\",\"@id\":\"https:\/\/veritasinfo.org\/#\/schema\/person\/bc442336e35414d04494ab8fb45db4c6\",\"name\":\"US5\",\"image\":{\"@type\":\"ImageObject\",\"inLanguage\":\"en-US\",\"@id\":\"https:\/\/veritasinfo.org\/#\/schema\/person\/image\/\",\"url\":\"https:\/\/secure.gravatar.com\/avatar\/16a61e7272a0c5d001121ebb9e60e925d5816e4ac1e443ed3e640d9a6ae55d0c?s=96&d=mm&r=g\",\"contentUrl\":\"https:\/\/secure.gravatar.com\/avatar\/16a61e7272a0c5d001121ebb9e60e925d5816e4ac1e443ed3e640d9a6ae55d0c?s=96&d=mm&r=g\",\"caption\":\"US5\"},\"url\":\"https:\/\/veritasinfo.org\/?author=6\"}]}<\/script>\n<!-- \/ Yoast SEO plugin. -->","yoast_head_json":{"title":"\u201cPik\u00eb Uji\u201d i Robert Budin\u00ebs n\u00eb list\u00ebn e New York Times -","robots":{"index":"index","follow":"follow","max-snippet":"max-snippet:-1","max-image-preview":"max-image-preview:large","max-video-preview":"max-video-preview:-1"},"canonical":"https:\/\/veritasinfo.org\/?p=13397","og_locale":"en_US","og_type":"article","og_title":"\u201cPik\u00eb Uji\u201d i Robert Budin\u00ebs n\u00eb list\u00ebn e New York Times -","og_description":"Prishtin\u00eb 23 Shtator 2025 Filmi \u201cPik\u00eb Uji\u201d i regjisorit Robert Budina ka hyr\u00eb n\u00eb v\u00ebmendjen e kinemas\u00eb bot\u00ebrore, pasi \u00ebsht\u00eb p\u00ebrfshir\u00eb nga The New York","og_url":"https:\/\/veritasinfo.org\/?p=13397","article_published_time":"2025-09-23T18:57:57+00:00","og_image":[{"width":780,"height":500,"url":"https:\/\/veritasinfo.org\/wp-content\/uploads\/2025\/09\/704731-BOU6224KQG.jpg","type":"image\/jpeg"}],"author":"US5","twitter_card":"summary_large_image","twitter_misc":{"Written by":"US5","Est. reading time":"2 minutes"},"schema":{"@context":"https:\/\/schema.org","@graph":[{"@type":"WebPage","@id":"https:\/\/veritasinfo.org\/?p=13397","url":"https:\/\/veritasinfo.org\/?p=13397","name":"\u201cPik\u00eb Uji\u201d i Robert Budin\u00ebs n\u00eb list\u00ebn e New York Times -","isPartOf":{"@id":"https:\/\/veritasinfo.org\/#website"},"primaryImageOfPage":{"@id":"https:\/\/veritasinfo.org\/?p=13397#primaryimage"},"image":{"@id":"https:\/\/veritasinfo.org\/?p=13397#primaryimage"},"thumbnailUrl":"https:\/\/veritasinfo.org\/wp-content\/uploads\/2025\/09\/704731-BOU6224KQG.jpg","datePublished":"2025-09-23T18:57:57+00:00","author":{"@id":"https:\/\/veritasinfo.org\/#\/schema\/person\/bc442336e35414d04494ab8fb45db4c6"},"breadcrumb":{"@id":"https:\/\/veritasinfo.org\/?p=13397#breadcrumb"},"inLanguage":"en-US","potentialAction":[{"@type":"ReadAction","target":["https:\/\/veritasinfo.org\/?p=13397"]}]},{"@type":"ImageObject","inLanguage":"en-US","@id":"https:\/\/veritasinfo.org\/?p=13397#primaryimage","url":"https:\/\/veritasinfo.org\/wp-content\/uploads\/2025\/09\/704731-BOU6224KQG.jpg","contentUrl":"https:\/\/veritasinfo.org\/wp-content\/uploads\/2025\/09\/704731-BOU6224KQG.jpg","width":780,"height":500},{"@type":"BreadcrumbList","@id":"https:\/\/veritasinfo.org\/?p=13397#breadcrumb","itemListElement":[{"@type":"ListItem","position":1,"name":"Home","item":"https:\/\/veritasinfo.org\/"},{"@type":"ListItem","position":2,"name":"\u201cPik\u00eb Uji\u201d i Robert Budin\u00ebs n\u00eb list\u00ebn e New York Times"}]},{"@type":"WebSite","@id":"https:\/\/veritasinfo.org\/#website","url":"https:\/\/veritasinfo.org\/","name":"","description":"","potentialAction":[{"@type":"SearchAction","target":{"@type":"EntryPoint","urlTemplate":"https:\/\/veritasinfo.org\/?s={search_term_string}"},"query-input":{"@type":"PropertyValueSpecification","valueRequired":true,"valueName":"search_term_string"}}],"inLanguage":"en-US"},{"@type":"Person","@id":"https:\/\/veritasinfo.org\/#\/schema\/person\/bc442336e35414d04494ab8fb45db4c6","name":"US5","image":{"@type":"ImageObject","inLanguage":"en-US","@id":"https:\/\/veritasinfo.org\/#\/schema\/person\/image\/","url":"https:\/\/secure.gravatar.com\/avatar\/16a61e7272a0c5d001121ebb9e60e925d5816e4ac1e443ed3e640d9a6ae55d0c?s=96&d=mm&r=g","contentUrl":"https:\/\/secure.gravatar.com\/avatar\/16a61e7272a0c5d001121ebb9e60e925d5816e4ac1e443ed3e640d9a6ae55d0c?s=96&d=mm&r=g","caption":"US5"},"url":"https:\/\/veritasinfo.org\/?author=6"}]}},"featured_image_urls":{"full":["https:\/\/veritasinfo.org\/wp-content\/uploads\/2025\/09\/704731-BOU6224KQG.jpg",780,500,false],"thumbnail":["https:\/\/veritasinfo.org\/wp-content\/uploads\/2025\/09\/704731-BOU6224KQG-150x150.jpg",150,150,true],"medium":["https:\/\/veritasinfo.org\/wp-content\/uploads\/2025\/09\/704731-BOU6224KQG-300x192.jpg",300,192,true],"medium_large":["https:\/\/veritasinfo.org\/wp-content\/uploads\/2025\/09\/704731-BOU6224KQG-768x492.jpg",640,410,true],"large":["https:\/\/veritasinfo.org\/wp-content\/uploads\/2025\/09\/704731-BOU6224KQG.jpg",640,410,false],"1536x1536":["https:\/\/veritasinfo.org\/wp-content\/uploads\/2025\/09\/704731-BOU6224KQG.jpg",780,500,false],"2048x2048":["https:\/\/veritasinfo.org\/wp-content\/uploads\/2025\/09\/704731-BOU6224KQG.jpg",780,500,false],"kreeti-slider-full":["https:\/\/veritasinfo.org\/wp-content\/uploads\/2025\/09\/704731-BOU6224KQG.jpg",780,500,false],"kreeti-featured":["https:\/\/veritasinfo.org\/wp-content\/uploads\/2025\/09\/704731-BOU6224KQG.jpg",780,500,false],"kreeti-medium":["https:\/\/veritasinfo.org\/wp-content\/uploads\/2025\/09\/704731-BOU6224KQG.jpg",720,462,false],"kreeti-medium-square":["https:\/\/veritasinfo.org\/wp-content\/uploads\/2025\/09\/704731-BOU6224KQG.jpg",350,224,false]},"author_info":{"info":["US5"]},"category_info":"<a href=\"https:\/\/veritasinfo.org\/?cat=54\" rel=\"category\">Kultur\u00eb<\/a>","tag_info":"Kultur\u00eb","comment_count":"0","_links":{"self":[{"href":"https:\/\/veritasinfo.org\/index.php?rest_route=\/wp\/v2\/posts\/13397","targetHints":{"allow":["GET"]}}],"collection":[{"href":"https:\/\/veritasinfo.org\/index.php?rest_route=\/wp\/v2\/posts"}],"about":[{"href":"https:\/\/veritasinfo.org\/index.php?rest_route=\/wp\/v2\/types\/post"}],"author":[{"embeddable":true,"href":"https:\/\/veritasinfo.org\/index.php?rest_route=\/wp\/v2\/users\/6"}],"replies":[{"embeddable":true,"href":"https:\/\/veritasinfo.org\/index.php?rest_route=%2Fwp%2Fv2%2Fcomments&post=13397"}],"version-history":[{"count":1,"href":"https:\/\/veritasinfo.org\/index.php?rest_route=\/wp\/v2\/posts\/13397\/revisions"}],"predecessor-version":[{"id":13399,"href":"https:\/\/veritasinfo.org\/index.php?rest_route=\/wp\/v2\/posts\/13397\/revisions\/13399"}],"wp:featuredmedia":[{"embeddable":true,"href":"https:\/\/veritasinfo.org\/index.php?rest_route=\/wp\/v2\/media\/13398"}],"wp:attachment":[{"href":"https:\/\/veritasinfo.org\/index.php?rest_route=%2Fwp%2Fv2%2Fmedia&parent=13397"}],"wp:term":[{"taxonomy":"category","embeddable":true,"href":"https:\/\/veritasinfo.org\/index.php?rest_route=%2Fwp%2Fv2%2Fcategories&post=13397"},{"taxonomy":"post_tag","embeddable":true,"href":"https:\/\/veritasinfo.org\/index.php?rest_route=%2Fwp%2Fv2%2Ftags&post=13397"}],"curies":[{"name":"wp","href":"https:\/\/api.w.org\/{rel}","templated":true}]}}